{"id":158320,"date":"2025-07-27T15:02:16","date_gmt":"2025-07-27T15:02:16","guid":{"rendered":"https:\/\/www.nettali.com\/?p=158320"},"modified":"2025-07-30T19:28:16","modified_gmt":"2025-07-30T19:28:16","slug":"parcelles-assainies-le-brt-percute-un-conducteur-de-moto","status":"publish","type":"post","link":"https:\/\/www.nettali.com\/2025\/07\/27\/parcelles-assainies-le-brt-percute-un-conducteur-de-moto\/","title":{"rendered":"CENTRE A\u00c9R\u00c9 BAS\u00c9 SUR LE SPORT - Ma\u00eetre Latif Mbaye au chevet des personnes vivant avec un handicap"},"content":{"rendered":"<p><strong>NETTALI.COM - Le centre a\u00e9rien bas\u00e9 sur le sport qui avait ouvert ses portes \u00e0 tous les enfants, avec ou sans handicap, a tenu sa c\u00e9r\u00e9monie de cl\u00f4ture ce samedi 26 juillet au centre Bopp. Durant une p\u00e9riode de 21 jours, l'acad\u00e9mie para olympique et d\u00e9ficients auditifs (ASPODA)a permis aux enfants de s'\u00e9panouir dans plusieurs disciplines comme le Taekwondo, Boxe, Basket, Tennis de table, Natation...<\/strong><\/p>\n<p>\"<em>Formation, insertion et inclusion des jeunes surtout ceux qui vivent avec un handicap en<\/em><br \/>\n<em>partenariat avec l'Academie Para Olympique et des D\u00e9ficients Auditifs (ASPODA)<\/em>\", tel est le th\u00e8me de la Coupe du Pr\u00e9sident de l'USE de l'\u00e9dition 2025.<\/p>\n<p>\"<em>Notre mission est simple : offrir un espace de loisirs, de partage et de d\u00e9couverte, o\u00f9 chaque enfant peut s'\u00e9panouir \u00e0 son rythme, dans un environnement bienvellant et respectueux \u00e0 travers des activit\u00e9s sportives comme : taekwondo, boxe, basket, tennis de table, natation. Parce que nous croyons en la richesse de la diversit\u00e9 et en la force de l'sport, nous construisons chaque jour un centre o\u00f9 chacun \u00e0 sa place<\/em>\", a d\u00e9clar\u00e9 ma\u00eetre Latif Mbaye.<\/p>\n<p>\"<em>L'\u00e9v\u00e9nement est une r\u00e9ussite. Je peux prendre l'exemple d'un enfant comme Sokha, handicap\u00e9e des deux bras, qui joue au ping-pong, \u00e7a c'est excellent. On a vu aussi Abdou, on a vu les paras, qui n'ont pas de bras, qui jouent au ping-pong. On a vu aussi la d\u00e9monstration des enfants sur les jeux \u00e9lectroniques. On a vu des discours qui font rentrer dans les c\u0153urs pour redresser encore et encore. Le S\u00e9n\u00e9gal a besoin de \u00e7a<\/em>\", a-t-il ajout\u00e9.<\/p>\n<p>Avec l'Ofnac comme l'un des partenaires de cet \u00e9v\u00e8nement, ma\u00eetre Latif Mbaye n'a pas manqu\u00e9 de d\u00e9noncer la corruption, un mal qui gangr\u00e8ne le sport mondial.<\/p>\n<p>\"<em>Nous sommes des b\u00e9n\u00e9voles, mais il y a un syst\u00e8me qui est l\u00e0, il y'a de la corruption au niveau des f\u00e9d\u00e9rations. Je ne parle pas du S\u00e9n\u00e9gal seulement mais au niveau mondial \u00e9galement. La corruption existe partout et porte un frein au sport. Une m\u00e9daille doit \u00eatre m\u00e9rit\u00e9e. J'\u00e9tais entra\u00eeneur, j'ai voyag\u00e9, j'ai vu beaucoup de choses. Je lance un appel aux plus hautes autorit\u00e9s de ce pays<\/em>\", a d\u00e9plor\u00e9 ma\u00eetre Mbaye.<\/p>\n<p>Pour l'acad\u00e9mie para olympique et d\u00e9ficients auditifs (ASPADO), ce centre a\u00e9r\u00e9 bas\u00e9 sur le sport permet aux enfants souffrant d'un handicap de vivre correctement leurs vies tout en exprimant leurs qualit\u00e9s sportives. Mieux, ce centre est excellent moyen d'occuper les \u00e9l\u00e8ves durant les trois mois de vacances.<\/p>\n<p>Cette c\u00e9r\u00e9monie de cl\u00f4ture des 21 jours d'activit\u00e9s a \u00e9t\u00e9 aussi marqu\u00e9e par une s\u00e9rie de d\u00e9corations. Plusieurs invit\u00e9s dont des anciens \u00e9l\u00e8ves ont \u00e9t\u00e9 honor\u00e9s.<\/p>\n<div class='share-to-whatsapp-wrapper'><div class='share-on-whsp'>PARTAGER SUR : <\/div><a data-text='CENTRE A\u00c9R\u00c9 BAS\u00c9 SUR LE SPORT - Ma\u00eetre Latif Mbaye au chevet des personnes vivant avec un handicap' data-link='https:\/\/www.nettali.com\/2025\/07\/27\/parcelles-assainies-le-brt-percute-un-conducteur-de-moto\/' class='whatsapp-button whatsapp-share'>WhatsApp<\/a><div class='clear '><\/div><\/div>","protected":false},"excerpt":{"rendered":"<p>NETTALI.COM - Le centre a\u00e9rien bas\u00e9 sur le sport qui avait ouvert ses portes \u00e0 tous les enfants, avec ou sans handicap, a tenu sa c\u00e9r\u00e9monie de cl\u00f4ture ce samedi 26 juillet au centre Bopp. Durant une p\u00e9riode de 21 jours, l'acad\u00e9mie para olympique et d\u00e9ficients auditifs (ASPODA)a permis aux enfants de s'\u00e9panouir dans plusieurs [&hellip;]<\/p>\n","protected":false},"author":5,"featured_media":158471,"comment_status":"open","ping_status":"open","sticky":false,"template":"","format":"standard","meta":{"_et_pb_use_builder":"","_et_pb_old_content":""},"categories":[6],"tags":[],"yoast_head":"<!-- This site is optimized with the Yoast SEO Premium plugin v17.8 (Yoast SEO v17.8) - https:\/\/yoast.com\/wordpress\/plugins\/seo\/ -->\n<title>CENTRE A\u00c9R\u00c9 BAS\u00c9 SUR LE SPORT - Ma\u00eetre Latif Mbaye au chevet des personnes vivant avec un handicap | Nettali.com<\/title>\n<meta name=\"robots\" content=\"index, follow, max-snippet:-1, max-image-preview:large, max-video-preview:-1\" \/>\n<link rel=\"canonical\" href=\"https:\/\/www.nettali.com\/2025\/07\/27\/parcelles-assainies-le-brt-percute-un-conducteur-de-moto\/\" \/>\n<meta property=\"og:locale\" content=\"fr_FR\" \/>\n<meta property=\"og:type\" content=\"article\" \/>\n<meta property=\"og:title\" content=\"CENTRE A\u00c9R\u00c9 BAS\u00c9 SUR LE SPORT - Ma\u00eetre Latif Mbaye au chevet des personnes vivant avec un handicap\" \/>\n<meta property=\"og:description\" content=\"NETTALI.COM - Le centre a\u00e9rien bas\u00e9 sur le sport qui avait ouvert ses portes \u00e0 tous les enfants, avec ou sans handicap, a tenu sa c\u00e9r\u00e9monie de cl\u00f4ture ce samedi 26 juillet au centre Bopp. Durant une p\u00e9riode de 21 jours, l&#039;acad\u00e9mie para olympique et d\u00e9ficients auditifs (ASPODA)a permis aux enfants de s&#039;\u00e9panouir dans plusieurs [&hellip;]\" \/>\n<meta property=\"og:url\" content=\"https:\/\/www.nettali.com\/2025\/07\/27\/parcelles-assainies-le-brt-percute-un-conducteur-de-moto\/\" \/>\n<meta property=\"og:site_name\" content=\"Nettali.com\" \/>\n<meta property=\"article:publisher\" content=\"https:\/\/www.facebook.com\/nettalicom\" \/>\n<meta property=\"article:published_time\" content=\"2025-07-27T15:02:16+00:00\" \/>\n<meta property=\"article:modified_time\" content=\"2025-07-30T19:28:16+00:00\" \/>\n<meta property=\"og:image\" content=\"https:\/\/www.nettali.com\/wp-content\/uploads\/2025\/07\/Screenshot_20250729_134906_Gallery.jpg\" \/>\n\t<meta property=\"og:image:width\" content=\"797\" \/>\n\t<meta property=\"og:image:height\" content=\"483\" \/>\n<meta name=\"twitter:card\" content=\"summary_large_image\" \/>\n<meta name=\"twitter:label1\" content=\"\u00c9crit par\" \/>\n\t<meta name=\"twitter:data1\" content=\"Ibrahima\" \/>\n\t<meta name=\"twitter:label2\" content=\"Dur\u00e9e de lecture estim\u00e9e\" \/>\n\t<meta name=\"twitter:data2\" content=\"3 minutes\" \/>\n<script type=\"application\/ld+json\" class=\"yoast-schema-graph\">{\"@context\":\"https:\/\/schema.org\",\"@graph\":[{\"@type\":\"WebSite\",\"@id\":\"https:\/\/www.nettali.com\/#website\",\"url\":\"https:\/\/www.nettali.com\/\",\"name\":\"Nettali.com\",\"description\":\"Le rendez-vous critique du Net\",\"potentialAction\":[{\"@type\":\"SearchAction\",\"target\":{\"@type\":\"EntryPoint\",\"urlTemplate\":\"https:\/\/www.nettali.com\/?s={search_term_string}\"},\"query-input\":\"required name=search_term_string\"}],\"inLanguage\":\"fr-FR\"},{\"@type\":\"ImageObject\",\"@id\":\"https:\/\/www.nettali.com\/2025\/07\/27\/parcelles-assainies-le-brt-percute-un-conducteur-de-moto\/#primaryimage\",\"inLanguage\":\"fr-FR\",\"url\":\"https:\/\/www.nettali.com\/wp-content\/uploads\/2025\/07\/Screenshot_20250729_134906_Gallery.jpg\",\"contentUrl\":\"https:\/\/www.nettali.com\/wp-content\/uploads\/2025\/07\/Screenshot_20250729_134906_Gallery.jpg\",\"width\":797,\"height\":483},{\"@type\":\"WebPage\",\"@id\":\"https:\/\/www.nettali.com\/2025\/07\/27\/parcelles-assainies-le-brt-percute-un-conducteur-de-moto\/#webpage\",\"url\":\"https:\/\/www.nettali.com\/2025\/07\/27\/parcelles-assainies-le-brt-percute-un-conducteur-de-moto\/\",\"name\":\"CENTRE A\\u00c9R\\u00c9 BAS\\u00c9 SUR LE SPORT - Ma\\u00eetre Latif Mbaye au chevet des personnes vivant avec un handicap | Nettali.com\",\"isPartOf\":{\"@id\":\"https:\/\/www.nettali.com\/#website\"},\"primaryImageOfPage\":{\"@id\":\"https:\/\/www.nettali.com\/2025\/07\/27\/parcelles-assainies-le-brt-percute-un-conducteur-de-moto\/#primaryimage\"},\"datePublished\":\"2025-07-27T15:02:16+00:00\",\"dateModified\":\"2025-07-30T19:28:16+00:00\",\"author\":{\"@id\":\"https:\/\/www.nettali.com\/#\/schema\/person\/bb147657c2986240405a608162b9bb23\"},\"breadcrumb\":{\"@id\":\"https:\/\/www.nettali.com\/2025\/07\/27\/parcelles-assainies-le-brt-percute-un-conducteur-de-moto\/#breadcrumb\"},\"inLanguage\":\"fr-FR\",\"potentialAction\":[{\"@type\":\"ReadAction\",\"target\":[\"https:\/\/www.nettali.com\/2025\/07\/27\/parcelles-assainies-le-brt-percute-un-conducteur-de-moto\/\"]}]},{\"@type\":\"BreadcrumbList\",\"@id\":\"https:\/\/www.nettali.com\/2025\/07\/27\/parcelles-assainies-le-brt-percute-un-conducteur-de-moto\/#breadcrumb\",\"itemListElement\":[{\"@type\":\"ListItem\",\"position\":1,\"name\":\"Accueil\",\"item\":\"https:\/\/www.nettali.com\/\"},{\"@type\":\"ListItem\",\"position\":2,\"name\":\"CENTRE A\\u00c9R\\u00c9 BAS\\u00c9 SUR LE SPORT - Ma\\u00eetre Latif Mbaye au chevet des personnes vivant avec un handicap\"}]},{\"@type\":\"Person\",\"@id\":\"https:\/\/www.nettali.com\/#\/schema\/person\/bb147657c2986240405a608162b9bb23\",\"name\":\"Ibrahima\",\"image\":{\"@type\":\"ImageObject\",\"@id\":\"https:\/\/www.nettali.com\/#personlogo\",\"inLanguage\":\"fr-FR\",\"url\":\"https:\/\/secure.gravatar.com\/avatar\/26a8a81f09f0dd7624c9d5c36c9ba3a2?s=96&d=mm&r=g\",\"contentUrl\":\"https:\/\/secure.gravatar.com\/avatar\/26a8a81f09f0dd7624c9d5c36c9ba3a2?s=96&d=mm&r=g\",\"caption\":\"Ibrahima\"},\"sameAs\":[\"https:\/\/www.nettali.com\"]}]}<\/script>\n<!-- \/ Yoast SEO Premium plugin. -->","yoast_head_json":{"title":"CENTRE A\u00c9R\u00c9 BAS\u00c9 SUR LE SPORT - Ma\u00eetre Latif Mbaye au chevet des personnes vivant avec un handicap | Nettali.com","robots":{"index":"index","follow":"follow","max-snippet":"max-snippet:-1","max-image-preview":"max-image-preview:large","max-video-preview":"max-video-preview:-1"},"canonical":"https:\/\/www.nettali.com\/2025\/07\/27\/parcelles-assainies-le-brt-percute-un-conducteur-de-moto\/","og_locale":"fr_FR","og_type":"article","og_title":"CENTRE A\u00c9R\u00c9 BAS\u00c9 SUR LE SPORT - Ma\u00eetre Latif Mbaye au chevet des personnes vivant avec un handicap","og_description":"NETTALI.COM - Le centre a\u00e9rien bas\u00e9 sur le sport qui avait ouvert ses portes \u00e0 tous les enfants, avec ou sans handicap, a tenu sa c\u00e9r\u00e9monie de cl\u00f4ture ce samedi 26 juillet au centre Bopp. Durant une p\u00e9riode de 21 jours, l'acad\u00e9mie para olympique et d\u00e9ficients auditifs (ASPODA)a permis aux enfants de s'\u00e9panouir dans plusieurs [&hellip;]","og_url":"https:\/\/www.nettali.com\/2025\/07\/27\/parcelles-assainies-le-brt-percute-un-conducteur-de-moto\/","og_site_name":"Nettali.com","article_publisher":"https:\/\/www.facebook.com\/nettalicom","article_published_time":"2025-07-27T15:02:16+00:00","article_modified_time":"2025-07-30T19:28:16+00:00","og_image":[{"width":797,"height":483,"url":"https:\/\/www.nettali.com\/wp-content\/uploads\/2025\/07\/Screenshot_20250729_134906_Gallery.jpg","type":"image\/jpeg"}],"twitter_card":"summary_large_image","twitter_misc":{"\u00c9crit par":"Ibrahima","Dur\u00e9e de lecture estim\u00e9e":"3 minutes"},"schema":{"@context":"https:\/\/schema.org","@graph":[{"@type":"WebSite","@id":"https:\/\/www.nettali.com\/#website","url":"https:\/\/www.nettali.com\/","name":"Nettali.com","description":"Le rendez-vous critique du Net","potentialAction":[{"@type":"SearchAction","target":{"@type":"EntryPoint","urlTemplate":"https:\/\/www.nettali.com\/?s={search_term_string}"},"query-input":"required name=search_term_string"}],"inLanguage":"fr-FR"},{"@type":"ImageObject","@id":"https:\/\/www.nettali.com\/2025\/07\/27\/parcelles-assainies-le-brt-percute-un-conducteur-de-moto\/#primaryimage","inLanguage":"fr-FR","url":"https:\/\/www.nettali.com\/wp-content\/uploads\/2025\/07\/Screenshot_20250729_134906_Gallery.jpg","contentUrl":"https:\/\/www.nettali.com\/wp-content\/uploads\/2025\/07\/Screenshot_20250729_134906_Gallery.jpg","width":797,"height":483},{"@type":"WebPage","@id":"https:\/\/www.nettali.com\/2025\/07\/27\/parcelles-assainies-le-brt-percute-un-conducteur-de-moto\/#webpage","url":"https:\/\/www.nettali.com\/2025\/07\/27\/parcelles-assainies-le-brt-percute-un-conducteur-de-moto\/","name":"CENTRE A\u00c9R\u00c9 BAS\u00c9 SUR LE SPORT - Ma\u00eetre Latif Mbaye au chevet des personnes vivant avec un handicap | Nettali.com","isPartOf":{"@id":"https:\/\/www.nettali.com\/#website"},"primaryImageOfPage":{"@id":"https:\/\/www.nettali.com\/2025\/07\/27\/parcelles-assainies-le-brt-percute-un-conducteur-de-moto\/#primaryimage"},"datePublished":"2025-07-27T15:02:16+00:00","dateModified":"2025-07-30T19:28:16+00:00","author":{"@id":"https:\/\/www.nettali.com\/#\/schema\/person\/bb147657c2986240405a608162b9bb23"},"breadcrumb":{"@id":"https:\/\/www.nettali.com\/2025\/07\/27\/parcelles-assainies-le-brt-percute-un-conducteur-de-moto\/#breadcrumb"},"inLanguage":"fr-FR","potentialAction":[{"@type":"ReadAction","target":["https:\/\/www.nettali.com\/2025\/07\/27\/parcelles-assainies-le-brt-percute-un-conducteur-de-moto\/"]}]},{"@type":"BreadcrumbList","@id":"https:\/\/www.nettali.com\/2025\/07\/27\/parcelles-assainies-le-brt-percute-un-conducteur-de-moto\/#breadcrumb","itemListElement":[{"@type":"ListItem","position":1,"name":"Accueil","item":"https:\/\/www.nettali.com\/"},{"@type":"ListItem","position":2,"name":"CENTRE A\u00c9R\u00c9 BAS\u00c9 SUR LE SPORT - Ma\u00eetre Latif Mbaye au chevet des personnes vivant avec un handicap"}]},{"@type":"Person","@id":"https:\/\/www.nettali.com\/#\/schema\/person\/bb147657c2986240405a608162b9bb23","name":"Ibrahima","image":{"@type":"ImageObject","@id":"https:\/\/www.nettali.com\/#personlogo","inLanguage":"fr-FR","url":"https:\/\/secure.gravatar.com\/avatar\/26a8a81f09f0dd7624c9d5c36c9ba3a2?s=96&d=mm&r=g","contentUrl":"https:\/\/secure.gravatar.com\/avatar\/26a8a81f09f0dd7624c9d5c36c9ba3a2?s=96&d=mm&r=g","caption":"Ibrahima"},"sameAs":["https:\/\/www.nettali.com"]}]}},"_links":{"self":[{"href":"https:\/\/www.nettali.com\/rest\/wp\/v2\/posts\/158320"}],"collection":[{"href":"https:\/\/www.nettali.com\/rest\/wp\/v2\/posts"}],"about":[{"href":"https:\/\/www.nettali.com\/rest\/wp\/v2\/types\/post"}],"author":[{"embeddable":true,"href":"https:\/\/www.nettali.com\/rest\/wp\/v2\/users\/5"}],"replies":[{"embeddable":true,"href":"https:\/\/www.nettali.com\/rest\/wp\/v2\/comments?post=158320"}],"version-history":[{"count":3,"href":"https:\/\/www.nettali.com\/rest\/wp\/v2\/posts\/158320\/revisions"}],"predecessor-version":[{"id":158570,"href":"https:\/\/www.nettali.com\/rest\/wp\/v2\/posts\/158320\/revisions\/158570"}],"wp:featuredmedia":[{"embeddable":true,"href":"https:\/\/www.nettali.com\/rest\/wp\/v2\/media\/158471"}],"wp:attachment":[{"href":"https:\/\/www.nettali.com\/rest\/wp\/v2\/media?parent=158320"}],"wp:term":[{"taxonomy":"category","embeddable":true,"href":"https:\/\/www.nettali.com\/rest\/wp\/v2\/categories?post=158320"},{"taxonomy":"post_tag","embeddable":true,"href":"https:\/\/www.nettali.com\/rest\/wp\/v2\/tags?post=158320"}],"curies":[{"name":"wp","href":"https:\/\/api.w.org\/{rel}","templated":true}]}}