{"id":158313,"date":"2025-07-26T19:20:03","date_gmt":"2025-07-26T19:20:03","guid":{"rendered":"https:\/\/www.nettali.com\/?p=158313"},"modified":"2025-07-26T19:20:03","modified_gmt":"2025-07-26T19:20:03","slug":"necrologie-la-levee-du-corps-du-defunt-commissaire-divisionnaire-antoine-mendy-prevue-mercredi","status":"publish","type":"post","link":"https:\/\/www.nettali.com\/2025\/07\/26\/necrologie-la-levee-du-corps-du-defunt-commissaire-divisionnaire-antoine-mendy-prevue-mercredi\/","title":{"rendered":"NECROLOGIE - La lev\u00e9e du corps du d\u00e9funt commissaire divisionnaire Antoine Mendy pr\u00e9vue mercredi"},"content":{"rendered":"<h4 data-start=\"326\" data-end=\"522\">NETTALI.COM - Ancien Directeur g\u00e9n\u00e9ral de la police nationale, Antoine Mendy sera inhum\u00e9 mercredi 30 juillet \u00e0 Dakar. Retour sur le parcours discret mais remarquable d\u2019un homme de rigueur et de conviction.<\/h4>\n<p data-start=\"524\" data-end=\"982\">La lev\u00e9e du corps du commissaire divisionnaire Antoine Mendy, ancien Directeur g\u00e9n\u00e9ral de la police nationale (DGPN), est pr\u00e9vue ce mercredi 30 juillet 2025 \u00e0 9h, \u00e0 l\u2019H\u00f4pital Principal de Dakar. La pri\u00e8re mortuaire se d\u00e9roulera \u00e0 l\u2019\u00e9glise Saint-Pierre de Baobab, avant son inhumation au cimeti\u00e8re Saint-Lazard. Les condol\u00e9ances seront re\u00e7ues \u00e0 son domicile \u00e0 S\u00e9bi-Ponty, selon son ancien secr\u00e9taire, le brigadier-chef Makhoudia Gueye.<\/p>\n<p data-start=\"984\" data-end=\"1662\">\u00c0 l\u2019annonce de sa disparition, un souvenir a ressurgi : \u00ab Je suis s\u00fbr que je ne ferai pas de fautes\u2026 \u00bb, disait-il lors du d\u00e9part \u00e0 la retraite du colonel Malick Mbaye. Une phrase \u00e9tonnante, empreinte de certitude. D\u2019o\u00f9 venait-elle ? Antoine Mendy \u00e9tait professeur de fran\u00e7ais au Prytan\u00e9e militaire de Saint-Louis, avant de r\u00e9ussir au concours direct des commissaires de police. \u00c0 cette \u00e9poque, plusieurs enseignants avaient int\u00e9gr\u00e9 les rangs de la police nationale, apportant rigueur et culture g\u00e9n\u00e9rale \u00e0 l\u2019institution.<\/p>\n<p data-start=\"1664\" data-end=\"1934\">Rigoureux, m\u00e9thodique, discret, Mendy gravit les \u00e9chelons en passant par de nombreux postes : Dieuppeul, Fatick, Tambacounda, Thi\u00e8s, Saint-Louis, Dakar\u2026 Il a ainsi fait le tour du S\u00e9n\u00e9gal, dirigeant \u00e0 la fois des commissariats d\u2019arrondissements et des centrales.<\/p>\n<p data-start=\"1936\" data-end=\"2204\">Avant d\u2019\u00eatre nomm\u00e9 DGPN, il occupait le poste de Directeur de la S\u00e9curit\u00e9 publique, un r\u00f4le strat\u00e9gique qu\u2019il a assum\u00e9 pendant la premi\u00e8re alternance politique du S\u00e9n\u00e9gal, p\u00e9riode particuli\u00e8rement sensible qu\u2019il a su g\u00e9rer avec sang-froid et professionnalisme.<\/p>\n<p data-start=\"2206\" data-end=\"2462\">Sa passation de service \u00e0 la t\u00eate de la police, marqu\u00e9e par la sobri\u00e9t\u00e9 et le respect de ses pairs, avait laiss\u00e9 un souvenir fort \u00e0 ceux qui l\u2019ont c\u00f4toy\u00e9<\/p>\n<div class='share-to-whatsapp-wrapper'><div class='share-on-whsp'>PARTAGER SUR : <\/div><a data-text='NECROLOGIE - La lev\u00e9e du corps du d\u00e9funt commissaire divisionnaire Antoine Mendy pr\u00e9vue mercredi' data-link='https:\/\/www.nettali.com\/2025\/07\/26\/necrologie-la-levee-du-corps-du-defunt-commissaire-divisionnaire-antoine-mendy-prevue-mercredi\/' class='whatsapp-button whatsapp-share'>WhatsApp<\/a><div class='clear '><\/div><\/div>","protected":false},"excerpt":{"rendered":"<p>NETTALI.COM - Ancien Directeur g\u00e9n\u00e9ral de la police nationale, Antoine Mendy sera inhum\u00e9 mercredi 30 juillet \u00e0 Dakar. Retour sur le parcours discret mais remarquable d\u2019un homme de rigueur et de conviction. La lev\u00e9e du corps du commissaire divisionnaire Antoine Mendy, ancien Directeur g\u00e9n\u00e9ral de la police nationale (DGPN), est pr\u00e9vue ce mercredi 30 juillet [&hellip;]<\/p>\n","protected":false},"author":4,"featured_media":158314,"comment_status":"open","ping_status":"open","sticky":false,"template":"","format":"standard","meta":{"_et_pb_use_builder":"","_et_pb_old_content":""},"categories":[3],"tags":[],"yoast_head":"<!-- This site is optimized with the Yoast SEO Premium plugin v17.8 (Yoast SEO v17.8) - https:\/\/yoast.com\/wordpress\/plugins\/seo\/ -->\n<title>NECROLOGIE - La lev\u00e9e du corps du d\u00e9funt commissaire divisionnaire Antoine Mendy pr\u00e9vue mercredi | Nettali.com<\/title>\n<meta name=\"robots\" content=\"index, follow, max-snippet:-1, max-image-preview:large, max-video-preview:-1\" \/>\n<link rel=\"canonical\" href=\"https:\/\/www.nettali.com\/2025\/07\/26\/necrologie-la-levee-du-corps-du-defunt-commissaire-divisionnaire-antoine-mendy-prevue-mercredi\/\" \/>\n<meta property=\"og:locale\" content=\"fr_FR\" \/>\n<meta property=\"og:type\" content=\"article\" \/>\n<meta property=\"og:title\" content=\"NECROLOGIE - La lev\u00e9e du corps du d\u00e9funt commissaire divisionnaire Antoine Mendy pr\u00e9vue mercredi\" \/>\n<meta property=\"og:description\" content=\"NETTALI.COM - Ancien Directeur g\u00e9n\u00e9ral de la police nationale, Antoine Mendy sera inhum\u00e9 mercredi 30 juillet \u00e0 Dakar. Retour sur le parcours discret mais remarquable d\u2019un homme de rigueur et de conviction. La lev\u00e9e du corps du commissaire divisionnaire Antoine Mendy, ancien Directeur g\u00e9n\u00e9ral de la police nationale (DGPN), est pr\u00e9vue ce mercredi 30 juillet [&hellip;]\" \/>\n<meta property=\"og:url\" content=\"https:\/\/www.nettali.com\/2025\/07\/26\/necrologie-la-levee-du-corps-du-defunt-commissaire-divisionnaire-antoine-mendy-prevue-mercredi\/\" \/>\n<meta property=\"og:site_name\" content=\"Nettali.com\" \/>\n<meta property=\"article:publisher\" content=\"https:\/\/www.facebook.com\/nettalicom\" \/>\n<meta property=\"article:published_time\" content=\"2025-07-26T19:20:03+00:00\" \/>\n<meta property=\"og:image\" content=\"https:\/\/www.nettali.com\/wp-content\/uploads\/2025\/07\/Commissaire-Antoine-Mendy-e1753557593200.jpg\" \/>\n\t<meta property=\"og:image:width\" content=\"712\" \/>\n\t<meta property=\"og:image:height\" content=\"607\" \/>\n<meta name=\"twitter:card\" content=\"summary_large_image\" \/>\n<meta name=\"twitter:label1\" content=\"\u00c9crit par\" \/>\n\t<meta name=\"twitter:data1\" content=\"Daouda\" \/>\n\t<meta name=\"twitter:label2\" content=\"Dur\u00e9e de lecture estim\u00e9e\" \/>\n\t<meta name=\"twitter:data2\" content=\"2 minutes\" \/>\n<script type=\"application\/ld+json\" class=\"yoast-schema-graph\">{\"@context\":\"https:\/\/schema.org\",\"@graph\":[{\"@type\":\"WebSite\",\"@id\":\"https:\/\/www.nettali.com\/#website\",\"url\":\"https:\/\/www.nettali.com\/\",\"name\":\"Nettali.com\",\"description\":\"Le rendez-vous critique du Net\",\"potentialAction\":[{\"@type\":\"SearchAction\",\"target\":{\"@type\":\"EntryPoint\",\"urlTemplate\":\"https:\/\/www.nettali.com\/?s={search_term_string}\"},\"query-input\":\"required name=search_term_string\"}],\"inLanguage\":\"fr-FR\"},{\"@type\":\"ImageObject\",\"@id\":\"https:\/\/www.nettali.com\/2025\/07\/26\/necrologie-la-levee-du-corps-du-defunt-commissaire-divisionnaire-antoine-mendy-prevue-mercredi\/#primaryimage\",\"inLanguage\":\"fr-FR\",\"url\":\"https:\/\/www.nettali.com\/wp-content\/uploads\/2025\/07\/Commissaire-Antoine-Mendy-e1753557593200.jpg\",\"contentUrl\":\"https:\/\/www.nettali.com\/wp-content\/uploads\/2025\/07\/Commissaire-Antoine-Mendy-e1753557593200.jpg\",\"width\":712,\"height\":607},{\"@type\":\"WebPage\",\"@id\":\"https:\/\/www.nettali.com\/2025\/07\/26\/necrologie-la-levee-du-corps-du-defunt-commissaire-divisionnaire-antoine-mendy-prevue-mercredi\/#webpage\",\"url\":\"https:\/\/www.nettali.com\/2025\/07\/26\/necrologie-la-levee-du-corps-du-defunt-commissaire-divisionnaire-antoine-mendy-prevue-mercredi\/\",\"name\":\"NECROLOGIE - La lev\\u00e9e du corps du d\\u00e9funt commissaire divisionnaire Antoine Mendy pr\\u00e9vue mercredi | Nettali.com\",\"isPartOf\":{\"@id\":\"https:\/\/www.nettali.com\/#website\"},\"primaryImageOfPage\":{\"@id\":\"https:\/\/www.nettali.com\/2025\/07\/26\/necrologie-la-levee-du-corps-du-defunt-commissaire-divisionnaire-antoine-mendy-prevue-mercredi\/#primaryimage\"},\"datePublished\":\"2025-07-26T19:20:03+00:00\",\"dateModified\":\"2025-07-26T19:20:03+00:00\",\"author\":{\"@id\":\"https:\/\/www.nettali.com\/#\/schema\/person\/3317e0bb3aa1da309fbf7b2780901bf4\"},\"breadcrumb\":{\"@id\":\"https:\/\/www.nettali.com\/2025\/07\/26\/necrologie-la-levee-du-corps-du-defunt-commissaire-divisionnaire-antoine-mendy-prevue-mercredi\/#breadcrumb\"},\"inLanguage\":\"fr-FR\",\"potentialAction\":[{\"@type\":\"ReadAction\",\"target\":[\"https:\/\/www.nettali.com\/2025\/07\/26\/necrologie-la-levee-du-corps-du-defunt-commissaire-divisionnaire-antoine-mendy-prevue-mercredi\/\"]}]},{\"@type\":\"BreadcrumbList\",\"@id\":\"https:\/\/www.nettali.com\/2025\/07\/26\/necrologie-la-levee-du-corps-du-defunt-commissaire-divisionnaire-antoine-mendy-prevue-mercredi\/#breadcrumb\",\"itemListElement\":[{\"@type\":\"ListItem\",\"position\":1,\"name\":\"Accueil\",\"item\":\"https:\/\/www.nettali.com\/\"},{\"@type\":\"ListItem\",\"position\":2,\"name\":\"NECROLOGIE - La lev\\u00e9e du corps du d\\u00e9funt commissaire divisionnaire Antoine Mendy pr\\u00e9vue mercredi\"}]},{\"@type\":\"Person\",\"@id\":\"https:\/\/www.nettali.com\/#\/schema\/person\/3317e0bb3aa1da309fbf7b2780901bf4\",\"name\":\"Daouda\",\"image\":{\"@type\":\"ImageObject\",\"@id\":\"https:\/\/www.nettali.com\/#personlogo\",\"inLanguage\":\"fr-FR\",\"url\":\"https:\/\/secure.gravatar.com\/avatar\/8d143b5a49345098ddcfee1c49c2f47c?s=96&d=mm&r=g\",\"contentUrl\":\"https:\/\/secure.gravatar.com\/avatar\/8d143b5a49345098ddcfee1c49c2f47c?s=96&d=mm&r=g\",\"caption\":\"Daouda\"},\"sameAs\":[\"https:\/\/www.nettali.com\"]}]}<\/script>\n<!-- \/ Yoast SEO Premium plugin. -->","yoast_head_json":{"title":"NECROLOGIE - La lev\u00e9e du corps du d\u00e9funt commissaire divisionnaire Antoine Mendy pr\u00e9vue mercredi | Nettali.com","robots":{"index":"index","follow":"follow","max-snippet":"max-snippet:-1","max-image-preview":"max-image-preview:large","max-video-preview":"max-video-preview:-1"},"canonical":"https:\/\/www.nettali.com\/2025\/07\/26\/necrologie-la-levee-du-corps-du-defunt-commissaire-divisionnaire-antoine-mendy-prevue-mercredi\/","og_locale":"fr_FR","og_type":"article","og_title":"NECROLOGIE - La lev\u00e9e du corps du d\u00e9funt commissaire divisionnaire Antoine Mendy pr\u00e9vue mercredi","og_description":"NETTALI.COM - Ancien Directeur g\u00e9n\u00e9ral de la police nationale, Antoine Mendy sera inhum\u00e9 mercredi 30 juillet \u00e0 Dakar. Retour sur le parcours discret mais remarquable d\u2019un homme de rigueur et de conviction. La lev\u00e9e du corps du commissaire divisionnaire Antoine Mendy, ancien Directeur g\u00e9n\u00e9ral de la police nationale (DGPN), est pr\u00e9vue ce mercredi 30 juillet [&hellip;]","og_url":"https:\/\/www.nettali.com\/2025\/07\/26\/necrologie-la-levee-du-corps-du-defunt-commissaire-divisionnaire-antoine-mendy-prevue-mercredi\/","og_site_name":"Nettali.com","article_publisher":"https:\/\/www.facebook.com\/nettalicom","article_published_time":"2025-07-26T19:20:03+00:00","og_image":[{"width":712,"height":607,"url":"https:\/\/www.nettali.com\/wp-content\/uploads\/2025\/07\/Commissaire-Antoine-Mendy-e1753557593200.jpg","type":"image\/jpeg"}],"twitter_card":"summary_large_image","twitter_misc":{"\u00c9crit par":"Daouda","Dur\u00e9e de lecture estim\u00e9e":"2 minutes"},"schema":{"@context":"https:\/\/schema.org","@graph":[{"@type":"WebSite","@id":"https:\/\/www.nettali.com\/#website","url":"https:\/\/www.nettali.com\/","name":"Nettali.com","description":"Le rendez-vous critique du Net","potentialAction":[{"@type":"SearchAction","target":{"@type":"EntryPoint","urlTemplate":"https:\/\/www.nettali.com\/?s={search_term_string}"},"query-input":"required name=search_term_string"}],"inLanguage":"fr-FR"},{"@type":"ImageObject","@id":"https:\/\/www.nettali.com\/2025\/07\/26\/necrologie-la-levee-du-corps-du-defunt-commissaire-divisionnaire-antoine-mendy-prevue-mercredi\/#primaryimage","inLanguage":"fr-FR","url":"https:\/\/www.nettali.com\/wp-content\/uploads\/2025\/07\/Commissaire-Antoine-Mendy-e1753557593200.jpg","contentUrl":"https:\/\/www.nettali.com\/wp-content\/uploads\/2025\/07\/Commissaire-Antoine-Mendy-e1753557593200.jpg","width":712,"height":607},{"@type":"WebPage","@id":"https:\/\/www.nettali.com\/2025\/07\/26\/necrologie-la-levee-du-corps-du-defunt-commissaire-divisionnaire-antoine-mendy-prevue-mercredi\/#webpage","url":"https:\/\/www.nettali.com\/2025\/07\/26\/necrologie-la-levee-du-corps-du-defunt-commissaire-divisionnaire-antoine-mendy-prevue-mercredi\/","name":"NECROLOGIE - La lev\u00e9e du corps du d\u00e9funt commissaire divisionnaire Antoine Mendy pr\u00e9vue mercredi | Nettali.com","isPartOf":{"@id":"https:\/\/www.nettali.com\/#website"},"primaryImageOfPage":{"@id":"https:\/\/www.nettali.com\/2025\/07\/26\/necrologie-la-levee-du-corps-du-defunt-commissaire-divisionnaire-antoine-mendy-prevue-mercredi\/#primaryimage"},"datePublished":"2025-07-26T19:20:03+00:00","dateModified":"2025-07-26T19:20:03+00:00","author":{"@id":"https:\/\/www.nettali.com\/#\/schema\/person\/3317e0bb3aa1da309fbf7b2780901bf4"},"breadcrumb":{"@id":"https:\/\/www.nettali.com\/2025\/07\/26\/necrologie-la-levee-du-corps-du-defunt-commissaire-divisionnaire-antoine-mendy-prevue-mercredi\/#breadcrumb"},"inLanguage":"fr-FR","potentialAction":[{"@type":"ReadAction","target":["https:\/\/www.nettali.com\/2025\/07\/26\/necrologie-la-levee-du-corps-du-defunt-commissaire-divisionnaire-antoine-mendy-prevue-mercredi\/"]}]},{"@type":"BreadcrumbList","@id":"https:\/\/www.nettali.com\/2025\/07\/26\/necrologie-la-levee-du-corps-du-defunt-commissaire-divisionnaire-antoine-mendy-prevue-mercredi\/#breadcrumb","itemListElement":[{"@type":"ListItem","position":1,"name":"Accueil","item":"https:\/\/www.nettali.com\/"},{"@type":"ListItem","position":2,"name":"NECROLOGIE - La lev\u00e9e du corps du d\u00e9funt commissaire divisionnaire Antoine Mendy pr\u00e9vue mercredi"}]},{"@type":"Person","@id":"https:\/\/www.nettali.com\/#\/schema\/person\/3317e0bb3aa1da309fbf7b2780901bf4","name":"Daouda","image":{"@type":"ImageObject","@id":"https:\/\/www.nettali.com\/#personlogo","inLanguage":"fr-FR","url":"https:\/\/secure.gravatar.com\/avatar\/8d143b5a49345098ddcfee1c49c2f47c?s=96&d=mm&r=g","contentUrl":"https:\/\/secure.gravatar.com\/avatar\/8d143b5a49345098ddcfee1c49c2f47c?s=96&d=mm&r=g","caption":"Daouda"},"sameAs":["https:\/\/www.nettali.com"]}]}},"_links":{"self":[{"href":"https:\/\/www.nettali.com\/rest\/wp\/v2\/posts\/158313"}],"collection":[{"href":"https:\/\/www.nettali.com\/rest\/wp\/v2\/posts"}],"about":[{"href":"https:\/\/www.nettali.com\/rest\/wp\/v2\/types\/post"}],"author":[{"embeddable":true,"href":"https:\/\/www.nettali.com\/rest\/wp\/v2\/users\/4"}],"replies":[{"embeddable":true,"href":"https:\/\/www.nettali.com\/rest\/wp\/v2\/comments?post=158313"}],"version-history":[{"count":1,"href":"https:\/\/www.nettali.com\/rest\/wp\/v2\/posts\/158313\/revisions"}],"predecessor-version":[{"id":158315,"href":"https:\/\/www.nettali.com\/rest\/wp\/v2\/posts\/158313\/revisions\/158315"}],"wp:featuredmedia":[{"embeddable":true,"href":"https:\/\/www.nettali.com\/rest\/wp\/v2\/media\/158314"}],"wp:attachment":[{"href":"https:\/\/www.nettali.com\/rest\/wp\/v2\/media?parent=158313"}],"wp:term":[{"taxonomy":"category","embeddable":true,"href":"https:\/\/www.nettali.com\/rest\/wp\/v2\/categories?post=158313"},{"taxonomy":"post_tag","embeddable":true,"href":"https:\/\/www.nettali.com\/rest\/wp\/v2\/tags?post=158313"}],"curies":[{"name":"wp","href":"https:\/\/api.w.org\/{rel}","templated":true}]}}