{"id":158283,"date":"2025-07-25T23:44:09","date_gmt":"2025-07-25T23:44:09","guid":{"rendered":"https:\/\/www.nettali.com\/?p=158283"},"modified":"2025-07-26T06:53:58","modified_gmt":"2025-07-26T06:53:58","slug":"mercato-pau-victor-file-au-sporting-braga","status":"publish","type":"post","link":"https:\/\/www.nettali.com\/2025\/07\/25\/mercato-pau-victor-file-au-sporting-braga\/","title":{"rendered":"MERCATO - Pau Victor file au Sporting Braga"},"content":{"rendered":"<p><strong>NETTALI.COM - Le joueur de Barcelone Pau Victor a \u00e9t\u00e9 transf\u00e9r\u00e9 au Sporting Braga. L'annonce a \u00e9t\u00e9 faite ce vendredi 25 juillet par les deux clubs.<\/strong><\/p>\n<p>Le joueur de Barcelone Pau Victor a \u00e9t\u00e9 transf\u00e9r\u00e9 au Sporting Braga, ont annonc\u00e9 les deux clubs, ce vendredi 25 juillet. Le club catalan a remerci\u00e9 le joueur de 23 ans pour ses services et le club portugais a indiqu\u00e9 que le nouveau contrat du joueur courait jusqu\u2019en 2030 pour un montant de 12 millions d\u2019euros plus 3 millions d\u2019euros de bonus potentiels. La clause lib\u00e9ratoire du joueur est fix\u00e9e \u00e0 50 millions d\u2019euros.<\/p>\n<p><em><strong>\"C\u2019est un grand honneur\"<\/strong><\/em><\/p>\n<p>\"<em>C\u2019est un grand honneur et une \u00e9tape tr\u00e8s importante dans ma carri\u00e8re. J\u2019arrive dans un club en pleine croissance, avec des objectifs ambitieux, et c\u2019est l\u2019endroit id\u00e9al pour m\u2019\u00e9panouir. J\u2019esp\u00e8re pouvoir t\u00e9moigner, sur le terrain, de la confiance qu\u2019ils m\u2019accordent<\/em>\", a d\u00e9clar\u00e9 le joueur sur le site de sa nouvelle \u00e9quipe.<\/p>\n<p>Pau V\u00edctor a \u00e9t\u00e9 form\u00e9 \u00e0 G\u00e9rone et a rejoint l\u2019\u00e9quipe r\u00e9serve du FC Barcelone pour la saison 2023-2024. Il a pass\u00e9 la saison 2024-2025 avec l\u2019\u00e9quipe premi\u00e8re du Bar\u00e7a, sous la direction d\u2019Hansi Flick, disputant 29 matches avec l\u2019\u00e9quipe qui a r\u00e9alis\u00e9 le tripl\u00e9 la saison derni\u00e8re en remportant la Liga, la Coupe du Roi et la Supercoupe d\u2019Espagne.<\/p>\n<p>Le Sporting Braga a lui termin\u00e9 quatri\u00e8me du dernier championnat portugais et participe au deuxi\u00e8me tour de qualification de la Ligue Europa. Il a fait match nul 0-0 \u00e0 l\u2019aller jeudi contre le Levski Sofia qu\u2019il affrontera au retour jeudi prochain au Portugal.<\/p>\n<div class='share-to-whatsapp-wrapper'><div class='share-on-whsp'>PARTAGER SUR : <\/div><a data-text='MERCATO - Pau Victor file au Sporting Braga' data-link='https:\/\/www.nettali.com\/2025\/07\/25\/mercato-pau-victor-file-au-sporting-braga\/' class='whatsapp-button whatsapp-share'>WhatsApp<\/a><div class='clear '><\/div><\/div>","protected":false},"excerpt":{"rendered":"<p>NETTALI.COM - Le joueur de Barcelone Pau Victor a \u00e9t\u00e9 transf\u00e9r\u00e9 au Sporting Braga. L'annonce a \u00e9t\u00e9 faite ce vendredi 25 juillet par les deux clubs. Le joueur de Barcelone Pau Victor a \u00e9t\u00e9 transf\u00e9r\u00e9 au Sporting Braga, ont annonc\u00e9 les deux clubs, ce vendredi 25 juillet. Le club catalan a remerci\u00e9 le joueur de [&hellip;]<\/p>\n","protected":false},"author":5,"featured_media":158280,"comment_status":"open","ping_status":"open","sticky":false,"template":"","format":"standard","meta":{"_et_pb_use_builder":"","_et_pb_old_content":""},"categories":[6],"tags":[],"yoast_head":"<!-- This site is optimized with the Yoast SEO Premium plugin v17.8 (Yoast SEO v17.8) - https:\/\/yoast.com\/wordpress\/plugins\/seo\/ -->\n<title>MERCATO - Pau Victor file au Sporting Braga | Nettali.com<\/title>\n<meta name=\"robots\" content=\"index, follow, max-snippet:-1, max-image-preview:large, max-video-preview:-1\" \/>\n<link rel=\"canonical\" href=\"https:\/\/www.nettali.com\/2025\/07\/25\/mercato-pau-victor-file-au-sporting-braga\/\" \/>\n<meta property=\"og:locale\" content=\"fr_FR\" \/>\n<meta property=\"og:type\" content=\"article\" \/>\n<meta property=\"og:title\" content=\"MERCATO - Pau Victor file au Sporting Braga\" \/>\n<meta property=\"og:description\" content=\"NETTALI.COM - Le joueur de Barcelone Pau Victor a \u00e9t\u00e9 transf\u00e9r\u00e9 au Sporting Braga. L&#039;annonce a \u00e9t\u00e9 faite ce vendredi 25 juillet par les deux clubs. Le joueur de Barcelone Pau Victor a \u00e9t\u00e9 transf\u00e9r\u00e9 au Sporting Braga, ont annonc\u00e9 les deux clubs, ce vendredi 25 juillet. Le club catalan a remerci\u00e9 le joueur de [&hellip;]\" \/>\n<meta property=\"og:url\" content=\"https:\/\/www.nettali.com\/2025\/07\/25\/mercato-pau-victor-file-au-sporting-braga\/\" \/>\n<meta property=\"og:site_name\" content=\"Nettali.com\" \/>\n<meta property=\"article:publisher\" content=\"https:\/\/www.facebook.com\/nettalicom\" \/>\n<meta property=\"article:published_time\" content=\"2025-07-25T23:44:09+00:00\" \/>\n<meta property=\"article:modified_time\" content=\"2025-07-26T06:53:58+00:00\" \/>\n<meta property=\"og:image\" content=\"https:\/\/www.nettali.com\/wp-content\/uploads\/2025\/07\/5b4361cd-a25a-436d-b141-e563b1542541.jpg\" \/>\n\t<meta property=\"og:image:width\" content=\"1180\" \/>\n\t<meta property=\"og:image:height\" content=\"630\" \/>\n<meta name=\"twitter:card\" content=\"summary_large_image\" \/>\n<meta name=\"twitter:label1\" content=\"\u00c9crit par\" \/>\n\t<meta name=\"twitter:data1\" content=\"Ibrahima\" \/>\n\t<meta name=\"twitter:label2\" content=\"Dur\u00e9e de lecture estim\u00e9e\" \/>\n\t<meta name=\"twitter:data2\" content=\"1 minute\" \/>\n<script type=\"application\/ld+json\" class=\"yoast-schema-graph\">{\"@context\":\"https:\/\/schema.org\",\"@graph\":[{\"@type\":\"WebSite\",\"@id\":\"https:\/\/www.nettali.com\/#website\",\"url\":\"https:\/\/www.nettali.com\/\",\"name\":\"Nettali.com\",\"description\":\"Le rendez-vous critique du Net\",\"potentialAction\":[{\"@type\":\"SearchAction\",\"target\":{\"@type\":\"EntryPoint\",\"urlTemplate\":\"https:\/\/www.nettali.com\/?s={search_term_string}\"},\"query-input\":\"required name=search_term_string\"}],\"inLanguage\":\"fr-FR\"},{\"@type\":\"ImageObject\",\"@id\":\"https:\/\/www.nettali.com\/2025\/07\/25\/mercato-pau-victor-file-au-sporting-braga\/#primaryimage\",\"inLanguage\":\"fr-FR\",\"url\":\"https:\/\/www.nettali.com\/wp-content\/uploads\/2025\/07\/5b4361cd-a25a-436d-b141-e563b1542541.jpg\",\"contentUrl\":\"https:\/\/www.nettali.com\/wp-content\/uploads\/2025\/07\/5b4361cd-a25a-436d-b141-e563b1542541.jpg\",\"width\":1180,\"height\":630},{\"@type\":\"WebPage\",\"@id\":\"https:\/\/www.nettali.com\/2025\/07\/25\/mercato-pau-victor-file-au-sporting-braga\/#webpage\",\"url\":\"https:\/\/www.nettali.com\/2025\/07\/25\/mercato-pau-victor-file-au-sporting-braga\/\",\"name\":\"MERCATO - Pau Victor file au Sporting Braga | Nettali.com\",\"isPartOf\":{\"@id\":\"https:\/\/www.nettali.com\/#website\"},\"primaryImageOfPage\":{\"@id\":\"https:\/\/www.nettali.com\/2025\/07\/25\/mercato-pau-victor-file-au-sporting-braga\/#primaryimage\"},\"datePublished\":\"2025-07-25T23:44:09+00:00\",\"dateModified\":\"2025-07-26T06:53:58+00:00\",\"author\":{\"@id\":\"https:\/\/www.nettali.com\/#\/schema\/person\/bb147657c2986240405a608162b9bb23\"},\"breadcrumb\":{\"@id\":\"https:\/\/www.nettali.com\/2025\/07\/25\/mercato-pau-victor-file-au-sporting-braga\/#breadcrumb\"},\"inLanguage\":\"fr-FR\",\"potentialAction\":[{\"@type\":\"ReadAction\",\"target\":[\"https:\/\/www.nettali.com\/2025\/07\/25\/mercato-pau-victor-file-au-sporting-braga\/\"]}]},{\"@type\":\"BreadcrumbList\",\"@id\":\"https:\/\/www.nettali.com\/2025\/07\/25\/mercato-pau-victor-file-au-sporting-braga\/#breadcrumb\",\"itemListElement\":[{\"@type\":\"ListItem\",\"position\":1,\"name\":\"Accueil\",\"item\":\"https:\/\/www.nettali.com\/\"},{\"@type\":\"ListItem\",\"position\":2,\"name\":\"MERCATO - Pau Victor file au Sporting Braga\"}]},{\"@type\":\"Person\",\"@id\":\"https:\/\/www.nettali.com\/#\/schema\/person\/bb147657c2986240405a608162b9bb23\",\"name\":\"Ibrahima\",\"image\":{\"@type\":\"ImageObject\",\"@id\":\"https:\/\/www.nettali.com\/#personlogo\",\"inLanguage\":\"fr-FR\",\"url\":\"https:\/\/secure.gravatar.com\/avatar\/26a8a81f09f0dd7624c9d5c36c9ba3a2?s=96&d=mm&r=g\",\"contentUrl\":\"https:\/\/secure.gravatar.com\/avatar\/26a8a81f09f0dd7624c9d5c36c9ba3a2?s=96&d=mm&r=g\",\"caption\":\"Ibrahima\"},\"sameAs\":[\"https:\/\/www.nettali.com\"]}]}<\/script>\n<!-- \/ Yoast SEO Premium plugin. -->","yoast_head_json":{"title":"MERCATO - Pau Victor file au Sporting Braga | Nettali.com","robots":{"index":"index","follow":"follow","max-snippet":"max-snippet:-1","max-image-preview":"max-image-preview:large","max-video-preview":"max-video-preview:-1"},"canonical":"https:\/\/www.nettali.com\/2025\/07\/25\/mercato-pau-victor-file-au-sporting-braga\/","og_locale":"fr_FR","og_type":"article","og_title":"MERCATO - Pau Victor file au Sporting Braga","og_description":"NETTALI.COM - Le joueur de Barcelone Pau Victor a \u00e9t\u00e9 transf\u00e9r\u00e9 au Sporting Braga. L'annonce a \u00e9t\u00e9 faite ce vendredi 25 juillet par les deux clubs. Le joueur de Barcelone Pau Victor a \u00e9t\u00e9 transf\u00e9r\u00e9 au Sporting Braga, ont annonc\u00e9 les deux clubs, ce vendredi 25 juillet. Le club catalan a remerci\u00e9 le joueur de [&hellip;]","og_url":"https:\/\/www.nettali.com\/2025\/07\/25\/mercato-pau-victor-file-au-sporting-braga\/","og_site_name":"Nettali.com","article_publisher":"https:\/\/www.facebook.com\/nettalicom","article_published_time":"2025-07-25T23:44:09+00:00","article_modified_time":"2025-07-26T06:53:58+00:00","og_image":[{"width":1180,"height":630,"url":"https:\/\/www.nettali.com\/wp-content\/uploads\/2025\/07\/5b4361cd-a25a-436d-b141-e563b1542541.jpg","type":"image\/jpeg"}],"twitter_card":"summary_large_image","twitter_misc":{"\u00c9crit par":"Ibrahima","Dur\u00e9e de lecture estim\u00e9e":"1 minute"},"schema":{"@context":"https:\/\/schema.org","@graph":[{"@type":"WebSite","@id":"https:\/\/www.nettali.com\/#website","url":"https:\/\/www.nettali.com\/","name":"Nettali.com","description":"Le rendez-vous critique du Net","potentialAction":[{"@type":"SearchAction","target":{"@type":"EntryPoint","urlTemplate":"https:\/\/www.nettali.com\/?s={search_term_string}"},"query-input":"required name=search_term_string"}],"inLanguage":"fr-FR"},{"@type":"ImageObject","@id":"https:\/\/www.nettali.com\/2025\/07\/25\/mercato-pau-victor-file-au-sporting-braga\/#primaryimage","inLanguage":"fr-FR","url":"https:\/\/www.nettali.com\/wp-content\/uploads\/2025\/07\/5b4361cd-a25a-436d-b141-e563b1542541.jpg","contentUrl":"https:\/\/www.nettali.com\/wp-content\/uploads\/2025\/07\/5b4361cd-a25a-436d-b141-e563b1542541.jpg","width":1180,"height":630},{"@type":"WebPage","@id":"https:\/\/www.nettali.com\/2025\/07\/25\/mercato-pau-victor-file-au-sporting-braga\/#webpage","url":"https:\/\/www.nettali.com\/2025\/07\/25\/mercato-pau-victor-file-au-sporting-braga\/","name":"MERCATO - Pau Victor file au Sporting Braga | Nettali.com","isPartOf":{"@id":"https:\/\/www.nettali.com\/#website"},"primaryImageOfPage":{"@id":"https:\/\/www.nettali.com\/2025\/07\/25\/mercato-pau-victor-file-au-sporting-braga\/#primaryimage"},"datePublished":"2025-07-25T23:44:09+00:00","dateModified":"2025-07-26T06:53:58+00:00","author":{"@id":"https:\/\/www.nettali.com\/#\/schema\/person\/bb147657c2986240405a608162b9bb23"},"breadcrumb":{"@id":"https:\/\/www.nettali.com\/2025\/07\/25\/mercato-pau-victor-file-au-sporting-braga\/#breadcrumb"},"inLanguage":"fr-FR","potentialAction":[{"@type":"ReadAction","target":["https:\/\/www.nettali.com\/2025\/07\/25\/mercato-pau-victor-file-au-sporting-braga\/"]}]},{"@type":"BreadcrumbList","@id":"https:\/\/www.nettali.com\/2025\/07\/25\/mercato-pau-victor-file-au-sporting-braga\/#breadcrumb","itemListElement":[{"@type":"ListItem","position":1,"name":"Accueil","item":"https:\/\/www.nettali.com\/"},{"@type":"ListItem","position":2,"name":"MERCATO - Pau Victor file au Sporting Braga"}]},{"@type":"Person","@id":"https:\/\/www.nettali.com\/#\/schema\/person\/bb147657c2986240405a608162b9bb23","name":"Ibrahima","image":{"@type":"ImageObject","@id":"https:\/\/www.nettali.com\/#personlogo","inLanguage":"fr-FR","url":"https:\/\/secure.gravatar.com\/avatar\/26a8a81f09f0dd7624c9d5c36c9ba3a2?s=96&d=mm&r=g","contentUrl":"https:\/\/secure.gravatar.com\/avatar\/26a8a81f09f0dd7624c9d5c36c9ba3a2?s=96&d=mm&r=g","caption":"Ibrahima"},"sameAs":["https:\/\/www.nettali.com"]}]}},"_links":{"self":[{"href":"https:\/\/www.nettali.com\/rest\/wp\/v2\/posts\/158283"}],"collection":[{"href":"https:\/\/www.nettali.com\/rest\/wp\/v2\/posts"}],"about":[{"href":"https:\/\/www.nettali.com\/rest\/wp\/v2\/types\/post"}],"author":[{"embeddable":true,"href":"https:\/\/www.nettali.com\/rest\/wp\/v2\/users\/5"}],"replies":[{"embeddable":true,"href":"https:\/\/www.nettali.com\/rest\/wp\/v2\/comments?post=158283"}],"version-history":[{"count":2,"href":"https:\/\/www.nettali.com\/rest\/wp\/v2\/posts\/158283\/revisions"}],"predecessor-version":[{"id":158285,"href":"https:\/\/www.nettali.com\/rest\/wp\/v2\/posts\/158283\/revisions\/158285"}],"wp:featuredmedia":[{"embeddable":true,"href":"https:\/\/www.nettali.com\/rest\/wp\/v2\/media\/158280"}],"wp:attachment":[{"href":"https:\/\/www.nettali.com\/rest\/wp\/v2\/media?parent=158283"}],"wp:term":[{"taxonomy":"category","embeddable":true,"href":"https:\/\/www.nettali.com\/rest\/wp\/v2\/categories?post=158283"},{"taxonomy":"post_tag","embeddable":true,"href":"https:\/\/www.nettali.com\/rest\/wp\/v2\/tags?post=158283"}],"curies":[{"name":"wp","href":"https:\/\/api.w.org\/{rel}","templated":true}]}}