{"id":158256,"date":"2025-07-25T16:43:24","date_gmt":"2025-07-25T16:43:24","guid":{"rendered":"https:\/\/www.nettali.com\/?p=158256"},"modified":"2025-07-27T15:10:30","modified_gmt":"2025-07-27T15:10:30","slug":"convocation-de-magistrats-a-lassemblee-le-conseil-constitutionnel-dit-niet","status":"publish","type":"post","link":"https:\/\/www.nettali.com\/2025\/07\/25\/convocation-de-magistrats-a-lassemblee-le-conseil-constitutionnel-dit-niet\/","title":{"rendered":"CONVOCATION DE MAGISTRATS A L'ASSEMBLEE - Le Conseil constitutionnel dit niet aux d\u00e9put\u00e9s"},"content":{"rendered":"<p><strong>NETTALI.COM - Le vendredi 27 juin 2025, l'Assembl\u00e9e nationale votait pour la modification de son R\u00e8glement int\u00e9rieur et se donnait le droit de convoquer des magistrats pour les auditionner. Mais l'alin\u00e9a 2 de l'article en question vient d'\u00eatre rejet\u00e9 par le Conseil constitutionnel.\u00a0<\/strong><\/p>\n<p>L'Assembl\u00e9e nationale va devoir revoir sa copie. Pour se rendre \"<em>plus utile<\/em>\", elle avait proc\u00e9d\u00e9, le 27 juin dernier, \u00e0 la modification de son R\u00e8glement int\u00e9rieur. Si tous les articles concern\u00e9s n'avaient pas presque pas fait l'objet de d\u00e9bat, l'article 56 avait, lui, suscit\u00e9 une vive pol\u00e9mique. Et pour cause, ledit arricle, notamment en son alin\u00e9a 2, avait pour objectif de permettre aux d\u00e9put\u00e9s de pouvoir convoquer et entendre des magistrats. Suffisant pour susciter de vives r\u00e9actions. C'\u00e9tait notamment le cas du magistrat Yaxam Ke\u00efta. Pour ce dernier, l\u2019article 56 du nouveau R\u00e8glement int\u00e9rieur de l\u2019Assembl\u00e9e nationale menace l\u2019ind\u00e9pendance du pouvoir judiciaire et cr\u00e9e un d\u00e9s\u00e9quilibre dangereux entre les institutions. Eh bien, le Conseil constitutionnel vient de lui donner raison.<\/p>\n<p>Saisi par le pr\u00e9sident de la R\u00e9publique avant promulgation dudit texte, le Conseil constitutionnel a retoqu\u00e9 une partie du texte adopt\u00e9 par les d\u00e9put\u00e9s lors de la pl\u00e9ni\u00e8re du 27 juin 2025. Et parmi la partie du texte vis\u00e9e, il y a le fameux article 56. Sur l'article premier de la d\u00e9cision du Conseil constitutionnel, il est \u00e9crit : \"<em>La proc\u00e9dure d'adoption de la loi vot\u00e9e par l'Assembl\u00e9e nationale,\u00a0 en sa s\u00e9ance du 27 juin 2025, sous le num\u00e9ro 09\/2025, abrogeant la loi organique num\u00e9ro 78-21 du 28 avril 1978 et la loi organique num\u00e9ro 2002-20 du 15 mai 2002, modifi\u00e9e, portant R\u00e8glement int\u00e9rieur de l\u2019Assembl\u00e9e nationale, est r\u00e9guli\u00e8re<\/em>.\"<\/p>\n<p>Mais, \u00e0 l'article 2 de la m\u00eame d\u00e9cision, il est indiqu\u00e9 : \"<em>Sont contraires \u00e0 la Constitution les dispositions de l'alin\u00e9a 2 de l'article 56, l'alin\u00e9a 6 de l'article 60, l'alin\u00e9a 6 de l'article 111 et l'article 134 de la loi organique portant modification du R\u00e8glement int\u00e9rieur de l\u2019Assembl\u00e9e nationale<\/em>.\" Autrement dit, le Conseil constitutionnel dit niet \u00e0 l'alin\u00e9a 2 de l'article 56 qui autorise l'Assembl\u00e9e \u00e0 convoquer des magistrats. En fait, la disposition en question visait \u00e0 donner au pr\u00e9sident de l'Assembl\u00e9e le pouvoir de faire appel aux forces de l\u2019ordre si un individu convoqu\u00e9 par une commission d\u2019enqu\u00eate refuse de d\u00e9f\u00e9rer.<\/p>\n<p>Il faut, en outre, souligner qu'au consid\u00e9rant 50 de sa d\u00e9cision, le Conseil constitutionnel rappelle que \"<em>l'alin\u00e9a 5 de l'article 56 de la loi d\u00e9f\u00e9r\u00e9e<\/em> (le R\u00e8glement int\u00e9rieur de l\u2019Assembl\u00e9e nationale, <strong>ndlr<\/strong>) <em>peut \u00eatre consid\u00e9r\u00e9 comme conforme \u00e0 la Constitution, sous r\u00e9serve que, d'une part, la comparution du magistrat concern\u00e9 soit volontaire et que, d'autre part, sa convocation et son audition portent sur des fais non couverts par le secret des d\u00e9lib\u00e9rations et de l'instruction ou sur des faits relatifs \u00e0 l'organisation g\u00e9n\u00e9rale du service public de la Justice, \u00e0 l'exclusion de tout \u00e9l\u00e9ment li\u00e9 \u00e0 une affaire en cours ou pass\u00e9e<\/em>\".<\/p>\n<p>Et l'article 3 de conclure : \"<em>Sous les r\u00e9serves d'interpr\u00e9tation \u00e9nonc\u00e9es aux consid\u00e9rants 27, 29, 50 et 55, l'alin\u00e9a 5 de l'article 15, l'article 16, l'alin\u00e9a 5 de l'article 56 et l'alin\u00e9a 4 de l'article 57 de la loi organique portant R\u00e8glement int\u00e9rieur de l\u2019Assembl\u00e9e nationale, ne sont pas contraires \u00e0 la Constitution<\/em>.\"<\/p>\n<div class='share-to-whatsapp-wrapper'><div class='share-on-whsp'>PARTAGER SUR : <\/div><a data-text='CONVOCATION DE MAGISTRATS A L'ASSEMBLEE - Le Conseil constitutionnel dit niet aux d\u00e9put\u00e9s' data-link='https:\/\/www.nettali.com\/2025\/07\/25\/convocation-de-magistrats-a-lassemblee-le-conseil-constitutionnel-dit-niet\/' class='whatsapp-button whatsapp-share'>WhatsApp<\/a><div class='clear '><\/div><\/div>","protected":false},"excerpt":{"rendered":"<p>NETTALI.COM - Le vendredi 27 juin 2025, l'Assembl\u00e9e nationale votait pour la modification de son R\u00e8glement int\u00e9rieur et se donnait le droit de convoquer des magistrats pour les auditionner. Mais l'alin\u00e9a 2 de l'article en question vient d'\u00eatre rejet\u00e9 par le Conseil constitutionnel.\u00a0 L'Assembl\u00e9e nationale va devoir revoir sa copie. Pour se rendre \"plus utile\", [&hellip;]<\/p>\n","protected":false},"author":3,"featured_media":158263,"comment_status":"open","ping_status":"open","sticky":false,"template":"","format":"standard","meta":{"_et_pb_use_builder":"","_et_pb_old_content":""},"categories":[2],"tags":[],"yoast_head":"<!-- This site is optimized with the Yoast SEO Premium plugin v17.8 (Yoast SEO v17.8) - https:\/\/yoast.com\/wordpress\/plugins\/seo\/ -->\n<title>CONVOCATION DE MAGISTRATS A L&#039;ASSEMBLEE - Le Conseil constitutionnel dit niet aux d\u00e9put\u00e9s | Nettali.com<\/title>\n<meta name=\"robots\" content=\"index, follow, max-snippet:-1, max-image-preview:large, max-video-preview:-1\" \/>\n<link rel=\"canonical\" href=\"https:\/\/www.nettali.com\/2025\/07\/25\/convocation-de-magistrats-a-lassemblee-le-conseil-constitutionnel-dit-niet\/\" \/>\n<meta property=\"og:locale\" content=\"fr_FR\" \/>\n<meta property=\"og:type\" content=\"article\" \/>\n<meta property=\"og:title\" content=\"CONVOCATION DE MAGISTRATS A L&#039;ASSEMBLEE - Le Conseil constitutionnel dit niet aux d\u00e9put\u00e9s\" \/>\n<meta property=\"og:description\" content=\"NETTALI.COM - Le vendredi 27 juin 2025, l&#039;Assembl\u00e9e nationale votait pour la modification de son R\u00e8glement int\u00e9rieur et se donnait le droit de convoquer des magistrats pour les auditionner. Mais l&#039;alin\u00e9a 2 de l&#039;article en question vient d&#039;\u00eatre rejet\u00e9 par le Conseil constitutionnel.\u00a0 L&#039;Assembl\u00e9e nationale va devoir revoir sa copie. Pour se rendre &quot;plus utile&quot;, [&hellip;]\" \/>\n<meta property=\"og:url\" content=\"https:\/\/www.nettali.com\/2025\/07\/25\/convocation-de-magistrats-a-lassemblee-le-conseil-constitutionnel-dit-niet\/\" \/>\n<meta property=\"og:site_name\" content=\"Nettali.com\" \/>\n<meta property=\"article:publisher\" content=\"https:\/\/www.facebook.com\/nettalicom\" \/>\n<meta property=\"article:published_time\" content=\"2025-07-25T16:43:24+00:00\" \/>\n<meta property=\"article:modified_time\" content=\"2025-07-27T15:10:30+00:00\" \/>\n<meta property=\"og:image\" content=\"https:\/\/www.nettali.com\/wp-content\/uploads\/2025\/07\/assrmblee_nat_0_0_0.jpg\" \/>\n\t<meta property=\"og:image:width\" content=\"800\" \/>\n\t<meta property=\"og:image:height\" content=\"599\" \/>\n<meta name=\"twitter:card\" content=\"summary_large_image\" \/>\n<meta name=\"twitter:label1\" content=\"\u00c9crit par\" \/>\n\t<meta name=\"twitter:data1\" content=\"Moustapha\" \/>\n\t<meta name=\"twitter:label2\" content=\"Dur\u00e9e de lecture estim\u00e9e\" \/>\n\t<meta name=\"twitter:data2\" content=\"3 minutes\" \/>\n<script type=\"application\/ld+json\" class=\"yoast-schema-graph\">{\"@context\":\"https:\/\/schema.org\",\"@graph\":[{\"@type\":\"WebSite\",\"@id\":\"https:\/\/www.nettali.com\/#website\",\"url\":\"https:\/\/www.nettali.com\/\",\"name\":\"Nettali.com\",\"description\":\"Le rendez-vous critique du Net\",\"potentialAction\":[{\"@type\":\"SearchAction\",\"target\":{\"@type\":\"EntryPoint\",\"urlTemplate\":\"https:\/\/www.nettali.com\/?s={search_term_string}\"},\"query-input\":\"required name=search_term_string\"}],\"inLanguage\":\"fr-FR\"},{\"@type\":\"ImageObject\",\"@id\":\"https:\/\/www.nettali.com\/2025\/07\/25\/convocation-de-magistrats-a-lassemblee-le-conseil-constitutionnel-dit-niet\/#primaryimage\",\"inLanguage\":\"fr-FR\",\"url\":\"https:\/\/www.nettali.com\/wp-content\/uploads\/2025\/07\/assrmblee_nat_0_0_0.jpg\",\"contentUrl\":\"https:\/\/www.nettali.com\/wp-content\/uploads\/2025\/07\/assrmblee_nat_0_0_0.jpg\",\"width\":800,\"height\":599},{\"@type\":\"WebPage\",\"@id\":\"https:\/\/www.nettali.com\/2025\/07\/25\/convocation-de-magistrats-a-lassemblee-le-conseil-constitutionnel-dit-niet\/#webpage\",\"url\":\"https:\/\/www.nettali.com\/2025\/07\/25\/convocation-de-magistrats-a-lassemblee-le-conseil-constitutionnel-dit-niet\/\",\"name\":\"CONVOCATION DE MAGISTRATS A L'ASSEMBLEE - Le Conseil constitutionnel dit niet aux d\\u00e9put\\u00e9s | Nettali.com\",\"isPartOf\":{\"@id\":\"https:\/\/www.nettali.com\/#website\"},\"primaryImageOfPage\":{\"@id\":\"https:\/\/www.nettali.com\/2025\/07\/25\/convocation-de-magistrats-a-lassemblee-le-conseil-constitutionnel-dit-niet\/#primaryimage\"},\"datePublished\":\"2025-07-25T16:43:24+00:00\",\"dateModified\":\"2025-07-27T15:10:30+00:00\",\"author\":{\"@id\":\"https:\/\/www.nettali.com\/#\/schema\/person\/7962a12a6e0267f88f0ffa544c36469a\"},\"breadcrumb\":{\"@id\":\"https:\/\/www.nettali.com\/2025\/07\/25\/convocation-de-magistrats-a-lassemblee-le-conseil-constitutionnel-dit-niet\/#breadcrumb\"},\"inLanguage\":\"fr-FR\",\"potentialAction\":[{\"@type\":\"ReadAction\",\"target\":[\"https:\/\/www.nettali.com\/2025\/07\/25\/convocation-de-magistrats-a-lassemblee-le-conseil-constitutionnel-dit-niet\/\"]}]},{\"@type\":\"BreadcrumbList\",\"@id\":\"https:\/\/www.nettali.com\/2025\/07\/25\/convocation-de-magistrats-a-lassemblee-le-conseil-constitutionnel-dit-niet\/#breadcrumb\",\"itemListElement\":[{\"@type\":\"ListItem\",\"position\":1,\"name\":\"Accueil\",\"item\":\"https:\/\/www.nettali.com\/\"},{\"@type\":\"ListItem\",\"position\":2,\"name\":\"CONVOCATION DE MAGISTRATS A L'ASSEMBLEE - Le Conseil constitutionnel dit niet aux d\\u00e9put\\u00e9s\"}]},{\"@type\":\"Person\",\"@id\":\"https:\/\/www.nettali.com\/#\/schema\/person\/7962a12a6e0267f88f0ffa544c36469a\",\"name\":\"Moustapha\",\"image\":{\"@type\":\"ImageObject\",\"@id\":\"https:\/\/www.nettali.com\/#personlogo\",\"inLanguage\":\"fr-FR\",\"url\":\"https:\/\/secure.gravatar.com\/avatar\/10fdf6a071cccdcf374e3dbe45159590?s=96&d=mm&r=g\",\"contentUrl\":\"https:\/\/secure.gravatar.com\/avatar\/10fdf6a071cccdcf374e3dbe45159590?s=96&d=mm&r=g\",\"caption\":\"Moustapha\"},\"sameAs\":[\"https:\/\/www.nettali.com\"]}]}<\/script>\n<!-- \/ Yoast SEO Premium plugin. -->","yoast_head_json":{"title":"CONVOCATION DE MAGISTRATS A L'ASSEMBLEE - Le Conseil constitutionnel dit niet aux d\u00e9put\u00e9s | Nettali.com","robots":{"index":"index","follow":"follow","max-snippet":"max-snippet:-1","max-image-preview":"max-image-preview:large","max-video-preview":"max-video-preview:-1"},"canonical":"https:\/\/www.nettali.com\/2025\/07\/25\/convocation-de-magistrats-a-lassemblee-le-conseil-constitutionnel-dit-niet\/","og_locale":"fr_FR","og_type":"article","og_title":"CONVOCATION DE MAGISTRATS A L'ASSEMBLEE - Le Conseil constitutionnel dit niet aux d\u00e9put\u00e9s","og_description":"NETTALI.COM - Le vendredi 27 juin 2025, l'Assembl\u00e9e nationale votait pour la modification de son R\u00e8glement int\u00e9rieur et se donnait le droit de convoquer des magistrats pour les auditionner. Mais l'alin\u00e9a 2 de l'article en question vient d'\u00eatre rejet\u00e9 par le Conseil constitutionnel.\u00a0 L'Assembl\u00e9e nationale va devoir revoir sa copie. Pour se rendre \"plus utile\", [&hellip;]","og_url":"https:\/\/www.nettali.com\/2025\/07\/25\/convocation-de-magistrats-a-lassemblee-le-conseil-constitutionnel-dit-niet\/","og_site_name":"Nettali.com","article_publisher":"https:\/\/www.facebook.com\/nettalicom","article_published_time":"2025-07-25T16:43:24+00:00","article_modified_time":"2025-07-27T15:10:30+00:00","og_image":[{"width":800,"height":599,"url":"https:\/\/www.nettali.com\/wp-content\/uploads\/2025\/07\/assrmblee_nat_0_0_0.jpg","type":"image\/jpeg"}],"twitter_card":"summary_large_image","twitter_misc":{"\u00c9crit par":"Moustapha","Dur\u00e9e de lecture estim\u00e9e":"3 minutes"},"schema":{"@context":"https:\/\/schema.org","@graph":[{"@type":"WebSite","@id":"https:\/\/www.nettali.com\/#website","url":"https:\/\/www.nettali.com\/","name":"Nettali.com","description":"Le rendez-vous critique du Net","potentialAction":[{"@type":"SearchAction","target":{"@type":"EntryPoint","urlTemplate":"https:\/\/www.nettali.com\/?s={search_term_string}"},"query-input":"required name=search_term_string"}],"inLanguage":"fr-FR"},{"@type":"ImageObject","@id":"https:\/\/www.nettali.com\/2025\/07\/25\/convocation-de-magistrats-a-lassemblee-le-conseil-constitutionnel-dit-niet\/#primaryimage","inLanguage":"fr-FR","url":"https:\/\/www.nettali.com\/wp-content\/uploads\/2025\/07\/assrmblee_nat_0_0_0.jpg","contentUrl":"https:\/\/www.nettali.com\/wp-content\/uploads\/2025\/07\/assrmblee_nat_0_0_0.jpg","width":800,"height":599},{"@type":"WebPage","@id":"https:\/\/www.nettali.com\/2025\/07\/25\/convocation-de-magistrats-a-lassemblee-le-conseil-constitutionnel-dit-niet\/#webpage","url":"https:\/\/www.nettali.com\/2025\/07\/25\/convocation-de-magistrats-a-lassemblee-le-conseil-constitutionnel-dit-niet\/","name":"CONVOCATION DE MAGISTRATS A L'ASSEMBLEE - Le Conseil constitutionnel dit niet aux d\u00e9put\u00e9s | Nettali.com","isPartOf":{"@id":"https:\/\/www.nettali.com\/#website"},"primaryImageOfPage":{"@id":"https:\/\/www.nettali.com\/2025\/07\/25\/convocation-de-magistrats-a-lassemblee-le-conseil-constitutionnel-dit-niet\/#primaryimage"},"datePublished":"2025-07-25T16:43:24+00:00","dateModified":"2025-07-27T15:10:30+00:00","author":{"@id":"https:\/\/www.nettali.com\/#\/schema\/person\/7962a12a6e0267f88f0ffa544c36469a"},"breadcrumb":{"@id":"https:\/\/www.nettali.com\/2025\/07\/25\/convocation-de-magistrats-a-lassemblee-le-conseil-constitutionnel-dit-niet\/#breadcrumb"},"inLanguage":"fr-FR","potentialAction":[{"@type":"ReadAction","target":["https:\/\/www.nettali.com\/2025\/07\/25\/convocation-de-magistrats-a-lassemblee-le-conseil-constitutionnel-dit-niet\/"]}]},{"@type":"BreadcrumbList","@id":"https:\/\/www.nettali.com\/2025\/07\/25\/convocation-de-magistrats-a-lassemblee-le-conseil-constitutionnel-dit-niet\/#breadcrumb","itemListElement":[{"@type":"ListItem","position":1,"name":"Accueil","item":"https:\/\/www.nettali.com\/"},{"@type":"ListItem","position":2,"name":"CONVOCATION DE MAGISTRATS A L'ASSEMBLEE - Le Conseil constitutionnel dit niet aux d\u00e9put\u00e9s"}]},{"@type":"Person","@id":"https:\/\/www.nettali.com\/#\/schema\/person\/7962a12a6e0267f88f0ffa544c36469a","name":"Moustapha","image":{"@type":"ImageObject","@id":"https:\/\/www.nettali.com\/#personlogo","inLanguage":"fr-FR","url":"https:\/\/secure.gravatar.com\/avatar\/10fdf6a071cccdcf374e3dbe45159590?s=96&d=mm&r=g","contentUrl":"https:\/\/secure.gravatar.com\/avatar\/10fdf6a071cccdcf374e3dbe45159590?s=96&d=mm&r=g","caption":"Moustapha"},"sameAs":["https:\/\/www.nettali.com"]}]}},"_links":{"self":[{"href":"https:\/\/www.nettali.com\/rest\/wp\/v2\/posts\/158256"}],"collection":[{"href":"https:\/\/www.nettali.com\/rest\/wp\/v2\/posts"}],"about":[{"href":"https:\/\/www.nettali.com\/rest\/wp\/v2\/types\/post"}],"author":[{"embeddable":true,"href":"https:\/\/www.nettali.com\/rest\/wp\/v2\/users\/3"}],"replies":[{"embeddable":true,"href":"https:\/\/www.nettali.com\/rest\/wp\/v2\/comments?post=158256"}],"version-history":[{"count":8,"href":"https:\/\/www.nettali.com\/rest\/wp\/v2\/posts\/158256\/revisions"}],"predecessor-version":[{"id":158269,"href":"https:\/\/www.nettali.com\/rest\/wp\/v2\/posts\/158256\/revisions\/158269"}],"wp:featuredmedia":[{"embeddable":true,"href":"https:\/\/www.nettali.com\/rest\/wp\/v2\/media\/158263"}],"wp:attachment":[{"href":"https:\/\/www.nettali.com\/rest\/wp\/v2\/media?parent=158256"}],"wp:term":[{"taxonomy":"category","embeddable":true,"href":"https:\/\/www.nettali.com\/rest\/wp\/v2\/categories?post=158256"},{"taxonomy":"post_tag","embeddable":true,"href":"https:\/\/www.nettali.com\/rest\/wp\/v2\/tags?post=158256"}],"curies":[{"name":"wp","href":"https:\/\/api.w.org\/{rel}","templated":true}]}}