{"id":158254,"date":"2025-07-25T14:27:03","date_gmt":"2025-07-25T14:27:03","guid":{"rendered":"https:\/\/www.nettali.com\/?p=158254"},"modified":"2025-07-25T14:27:03","modified_gmt":"2025-07-25T14:27:03","slug":"journee-mondiale-de-la-prevention-de-la-noyade-61-cas-de-deces-enregistres-pour-lannee-2025","status":"publish","type":"post","link":"https:\/\/www.nettali.com\/2025\/07\/25\/journee-mondiale-de-la-prevention-de-la-noyade-61-cas-de-deces-enregistres-pour-lannee-2025\/","title":{"rendered":"JOURN\u00c9E MONDIALE DE LA PR\u00c9VENTION DE LA NOYADE \u2013 61 cas de d\u00e9c\u00e8s enregistr\u00e9s pour l\u2019ann\u00e9e 2025 \u2026."},"content":{"rendered":"<p><strong>NETTALI.COM-\u00a0Ce 25 juillet est cc\u00e9l\u00e9br\u00e9e la journ\u00e9e mondiale de pr\u00e9vention de la noyade. En 2024, 284 cas de d\u00e9c\u00e8s par noyade ont \u00e9t\u00e9 enregistr\u00e9s au niveau national. Cette ann\u00e9e, 61 d\u00e9c\u00e8s sont not\u00e9s alors que l'\u00e9t\u00e9 vient juste de s'installer. Les sapeurs pompiers alertent. <\/strong><\/p>\n<p>Au S\u00e9n\u00e9gal, les cas de noyade inqui\u00e8tent chaque ann\u00e9e \u00e0 cause des chiffres alarmants. En 2024, 284 cas de d\u00e9c\u00e8s par noyade ont \u00e9t\u00e9 enregistr\u00e9s au niveau national. Et cette ann\u00e9e, 61 cas enregistr\u00e9s sont enregistr\u00e9s. Fort de ce constat, les sapeurs-pompiers alertent et appellent \u00e0 plus de vigilance.<\/p>\n<p>\u00ab <em>Au niveau national, pour 2024, la brigade nationale des sapeurs-pompiers a enregistr\u00e9 311 sorties. Et dans ces 311 sorties, on a eu un total de 431 victimes. Et parmi celles-ci, 147 personnes ont \u00e9t\u00e9 rep\u00each\u00e9es vivant par les sp\u00e9cialistes en intervention subaquatique de la brigade nationale des sapeurs-pompiers. Globalement, le nombre de corps sans vie tourne autour de 284. Et depuis le d\u00e9but de l\u2019ann\u00e9e 2025, nous avons effectu\u00e9 71 sorties et nous avons enregistr\u00e9 86 victimes, dont 25 sauv\u00e9es par les sp\u00e9cialistes en intervention subaquatique<\/em> \u00bb a indiqu\u00e9 le colonel Ange Michel Diatta, chef de la cha\u00eene emploi \u00e0 la brigade nationale des sapeurs-pompiers.<\/p>\n<p>Pour mieux faire face au cas de noyade, M. Diatta renseigne : \u00ab <em>nos sp\u00e9cialistes en intervention subaquatique sont d\u00e9j\u00e0 pr\u00e9positionn\u00e9s sur les 22 plages les plus fr\u00e9quent\u00e9es sur l\u2019ensemble du territoire national. O<\/em><em>n s\u2019est rendu compte quand m\u00eame que d\u00e8s le mois de mai, on commen\u00e7ait \u00e0 enregistrer des victimes. On a commenc\u00e9 par les week-ends, mais depuis la fermeture des classes, les sp\u00e9cialistes en intervention subaquatique sont de 9h \u00e0 19h sur ces plages que je viens de citer<\/em> \u00bb.<\/p>\n<p>Le pr\u00e9sident de l\u2019association des ma\u00eetres nageurs, Ibrahima Fall renseigne que 61 morts sont d\u00e9nombr\u00e9s en 2025 alors que l\u2019\u00e9t\u00e9 d\u00e9marre \u00e0 peine.<\/p>\n<p>Il lance un appel aux autorit\u00e9s. \u00ab N<em>ous demandons aux autorit\u00e9s d\u2019envoyer de la s\u00e9curit\u00e9 au niveau des plages, surtout au niveau de la banlieue. Parce que toutes ces sont class\u00e9es interdites, mais \u00e9galement non surveill\u00e9es mais les jeunes les fr\u00e9quentent , <\/em>dit tout en rappelant que la ville de Dakar a mis en place des dispositifs s\u00e9curitaires dans les 26 plages qui couvrent la r\u00e9gion de Dakar.<\/p>\n<p>&nbsp;<\/p>\n<p>&nbsp;<\/p>\n<p>&nbsp;<\/p>\n<p>&nbsp;<\/p>\n<p>&nbsp;<\/p>\n<p>&nbsp;<\/p>\n<p>&nbsp;<\/p>\n<p>&nbsp;<\/p>\n<p>&nbsp;<\/p>\n<div class='share-to-whatsapp-wrapper'><div class='share-on-whsp'>PARTAGER SUR : <\/div><a data-text='JOURN\u00c9E MONDIALE DE LA PR\u00c9VENTION DE LA NOYADE \u2013 61 cas de d\u00e9c\u00e8s enregistr\u00e9s pour l\u2019ann\u00e9e 2025 \u2026.' data-link='https:\/\/www.nettali.com\/2025\/07\/25\/journee-mondiale-de-la-prevention-de-la-noyade-61-cas-de-deces-enregistres-pour-lannee-2025\/' class='whatsapp-button whatsapp-share'>WhatsApp<\/a><div class='clear '><\/div><\/div>","protected":false},"excerpt":{"rendered":"<p>NETTALI.COM-\u00a0Ce 25 juillet est cc\u00e9l\u00e9br\u00e9e la journ\u00e9e mondiale de pr\u00e9vention de la noyade. En 2024, 284 cas de d\u00e9c\u00e8s par noyade ont \u00e9t\u00e9 enregistr\u00e9s au niveau national. Cette ann\u00e9e, 61 d\u00e9c\u00e8s sont not\u00e9s alors que l'\u00e9t\u00e9 vient juste de s'installer. Les sapeurs pompiers alertent. Au S\u00e9n\u00e9gal, les cas de noyade inqui\u00e8tent chaque ann\u00e9e \u00e0 cause [&hellip;]<\/p>\n","protected":false},"author":6,"featured_media":7710,"comment_status":"open","ping_status":"open","sticky":false,"template":"","format":"standard","meta":{"_et_pb_use_builder":"","_et_pb_old_content":""},"categories":[3],"tags":[],"yoast_head":"<!-- This site is optimized with the Yoast SEO Premium plugin v17.8 (Yoast SEO v17.8) - https:\/\/yoast.com\/wordpress\/plugins\/seo\/ -->\n<title>JOURN\u00c9E MONDIALE DE LA PR\u00c9VENTION DE LA NOYADE \u2013 61 cas de d\u00e9c\u00e8s enregistr\u00e9s pour l\u2019ann\u00e9e 2025 \u2026. | Nettali.com<\/title>\n<meta name=\"robots\" content=\"index, follow, max-snippet:-1, max-image-preview:large, max-video-preview:-1\" \/>\n<link rel=\"canonical\" href=\"https:\/\/www.nettali.com\/2025\/07\/25\/journee-mondiale-de-la-prevention-de-la-noyade-61-cas-de-deces-enregistres-pour-lannee-2025\/\" \/>\n<meta property=\"og:locale\" content=\"fr_FR\" \/>\n<meta property=\"og:type\" content=\"article\" \/>\n<meta property=\"og:title\" content=\"JOURN\u00c9E MONDIALE DE LA PR\u00c9VENTION DE LA NOYADE \u2013 61 cas de d\u00e9c\u00e8s enregistr\u00e9s pour l\u2019ann\u00e9e 2025 \u2026.\" \/>\n<meta property=\"og:description\" content=\"NETTALI.COM-\u00a0Ce 25 juillet est cc\u00e9l\u00e9br\u00e9e la journ\u00e9e mondiale de pr\u00e9vention de la noyade. En 2024, 284 cas de d\u00e9c\u00e8s par noyade ont \u00e9t\u00e9 enregistr\u00e9s au niveau national. Cette ann\u00e9e, 61 d\u00e9c\u00e8s sont not\u00e9s alors que l&#039;\u00e9t\u00e9 vient juste de s&#039;installer. Les sapeurs pompiers alertent. Au S\u00e9n\u00e9gal, les cas de noyade inqui\u00e8tent chaque ann\u00e9e \u00e0 cause [&hellip;]\" \/>\n<meta property=\"og:url\" content=\"https:\/\/www.nettali.com\/2025\/07\/25\/journee-mondiale-de-la-prevention-de-la-noyade-61-cas-de-deces-enregistres-pour-lannee-2025\/\" \/>\n<meta property=\"og:site_name\" content=\"Nettali.com\" \/>\n<meta property=\"article:publisher\" content=\"https:\/\/www.facebook.com\/nettalicom\" \/>\n<meta property=\"article:published_time\" content=\"2025-07-25T14:27:03+00:00\" \/>\n<meta property=\"og:image\" content=\"https:\/\/www.nettali.com\/wp-content\/uploads\/2019\/04\/noyade.jpg\" \/>\n\t<meta property=\"og:image:width\" content=\"849\" \/>\n\t<meta property=\"og:image:height\" content=\"565\" \/>\n<meta name=\"twitter:card\" content=\"summary_large_image\" \/>\n<meta name=\"twitter:label1\" content=\"\u00c9crit par\" \/>\n\t<meta name=\"twitter:data1\" content=\"Fatou\" \/>\n\t<meta name=\"twitter:label2\" content=\"Dur\u00e9e de lecture estim\u00e9e\" \/>\n\t<meta name=\"twitter:data2\" content=\"2 minutes\" \/>\n<script type=\"application\/ld+json\" class=\"yoast-schema-graph\">{\"@context\":\"https:\/\/schema.org\",\"@graph\":[{\"@type\":\"WebSite\",\"@id\":\"https:\/\/www.nettali.com\/#website\",\"url\":\"https:\/\/www.nettali.com\/\",\"name\":\"Nettali.com\",\"description\":\"Le rendez-vous critique du Net\",\"potentialAction\":[{\"@type\":\"SearchAction\",\"target\":{\"@type\":\"EntryPoint\",\"urlTemplate\":\"https:\/\/www.nettali.com\/?s={search_term_string}\"},\"query-input\":\"required name=search_term_string\"}],\"inLanguage\":\"fr-FR\"},{\"@type\":\"ImageObject\",\"@id\":\"https:\/\/www.nettali.com\/2025\/07\/25\/journee-mondiale-de-la-prevention-de-la-noyade-61-cas-de-deces-enregistres-pour-lannee-2025\/#primaryimage\",\"inLanguage\":\"fr-FR\",\"url\":\"https:\/\/www.nettali.com\/wp-content\/uploads\/2019\/04\/noyade.jpg\",\"contentUrl\":\"https:\/\/www.nettali.com\/wp-content\/uploads\/2019\/04\/noyade.jpg\",\"width\":849,\"height\":565},{\"@type\":\"WebPage\",\"@id\":\"https:\/\/www.nettali.com\/2025\/07\/25\/journee-mondiale-de-la-prevention-de-la-noyade-61-cas-de-deces-enregistres-pour-lannee-2025\/#webpage\",\"url\":\"https:\/\/www.nettali.com\/2025\/07\/25\/journee-mondiale-de-la-prevention-de-la-noyade-61-cas-de-deces-enregistres-pour-lannee-2025\/\",\"name\":\"JOURN\\u00c9E MONDIALE DE LA PR\\u00c9VENTION DE LA NOYADE \\u2013 61 cas de d\\u00e9c\\u00e8s enregistr\\u00e9s pour l\\u2019ann\\u00e9e 2025 \\u2026. | Nettali.com\",\"isPartOf\":{\"@id\":\"https:\/\/www.nettali.com\/#website\"},\"primaryImageOfPage\":{\"@id\":\"https:\/\/www.nettali.com\/2025\/07\/25\/journee-mondiale-de-la-prevention-de-la-noyade-61-cas-de-deces-enregistres-pour-lannee-2025\/#primaryimage\"},\"datePublished\":\"2025-07-25T14:27:03+00:00\",\"dateModified\":\"2025-07-25T14:27:03+00:00\",\"author\":{\"@id\":\"https:\/\/www.nettali.com\/#\/schema\/person\/418274a86bdf87caff7a3ef476bd0bbf\"},\"breadcrumb\":{\"@id\":\"https:\/\/www.nettali.com\/2025\/07\/25\/journee-mondiale-de-la-prevention-de-la-noyade-61-cas-de-deces-enregistres-pour-lannee-2025\/#breadcrumb\"},\"inLanguage\":\"fr-FR\",\"potentialAction\":[{\"@type\":\"ReadAction\",\"target\":[\"https:\/\/www.nettali.com\/2025\/07\/25\/journee-mondiale-de-la-prevention-de-la-noyade-61-cas-de-deces-enregistres-pour-lannee-2025\/\"]}]},{\"@type\":\"BreadcrumbList\",\"@id\":\"https:\/\/www.nettali.com\/2025\/07\/25\/journee-mondiale-de-la-prevention-de-la-noyade-61-cas-de-deces-enregistres-pour-lannee-2025\/#breadcrumb\",\"itemListElement\":[{\"@type\":\"ListItem\",\"position\":1,\"name\":\"Accueil\",\"item\":\"https:\/\/www.nettali.com\/\"},{\"@type\":\"ListItem\",\"position\":2,\"name\":\"JOURN\\u00c9E MONDIALE DE LA PR\\u00c9VENTION DE LA NOYADE \\u2013 61 cas de d\\u00e9c\\u00e8s enregistr\\u00e9s pour l\\u2019ann\\u00e9e 2025 \\u2026.\"}]},{\"@type\":\"Person\",\"@id\":\"https:\/\/www.nettali.com\/#\/schema\/person\/418274a86bdf87caff7a3ef476bd0bbf\",\"name\":\"Fatou\",\"image\":{\"@type\":\"ImageObject\",\"@id\":\"https:\/\/www.nettali.com\/#personlogo\",\"inLanguage\":\"fr-FR\",\"url\":\"https:\/\/secure.gravatar.com\/avatar\/5a9442a2bee7b4dcf167cab035858e9a?s=96&d=mm&r=g\",\"contentUrl\":\"https:\/\/secure.gravatar.com\/avatar\/5a9442a2bee7b4dcf167cab035858e9a?s=96&d=mm&r=g\",\"caption\":\"Fatou\"},\"sameAs\":[\"https:\/\/www.nettali.com\"]}]}<\/script>\n<!-- \/ Yoast SEO Premium plugin. -->","yoast_head_json":{"title":"JOURN\u00c9E MONDIALE DE LA PR\u00c9VENTION DE LA NOYADE \u2013 61 cas de d\u00e9c\u00e8s enregistr\u00e9s pour l\u2019ann\u00e9e 2025 \u2026. | Nettali.com","robots":{"index":"index","follow":"follow","max-snippet":"max-snippet:-1","max-image-preview":"max-image-preview:large","max-video-preview":"max-video-preview:-1"},"canonical":"https:\/\/www.nettali.com\/2025\/07\/25\/journee-mondiale-de-la-prevention-de-la-noyade-61-cas-de-deces-enregistres-pour-lannee-2025\/","og_locale":"fr_FR","og_type":"article","og_title":"JOURN\u00c9E MONDIALE DE LA PR\u00c9VENTION DE LA NOYADE \u2013 61 cas de d\u00e9c\u00e8s enregistr\u00e9s pour l\u2019ann\u00e9e 2025 \u2026.","og_description":"NETTALI.COM-\u00a0Ce 25 juillet est cc\u00e9l\u00e9br\u00e9e la journ\u00e9e mondiale de pr\u00e9vention de la noyade. En 2024, 284 cas de d\u00e9c\u00e8s par noyade ont \u00e9t\u00e9 enregistr\u00e9s au niveau national. Cette ann\u00e9e, 61 d\u00e9c\u00e8s sont not\u00e9s alors que l'\u00e9t\u00e9 vient juste de s'installer. Les sapeurs pompiers alertent. Au S\u00e9n\u00e9gal, les cas de noyade inqui\u00e8tent chaque ann\u00e9e \u00e0 cause [&hellip;]","og_url":"https:\/\/www.nettali.com\/2025\/07\/25\/journee-mondiale-de-la-prevention-de-la-noyade-61-cas-de-deces-enregistres-pour-lannee-2025\/","og_site_name":"Nettali.com","article_publisher":"https:\/\/www.facebook.com\/nettalicom","article_published_time":"2025-07-25T14:27:03+00:00","og_image":[{"width":849,"height":565,"url":"https:\/\/www.nettali.com\/wp-content\/uploads\/2019\/04\/noyade.jpg","type":"image\/jpeg"}],"twitter_card":"summary_large_image","twitter_misc":{"\u00c9crit par":"Fatou","Dur\u00e9e de lecture estim\u00e9e":"2 minutes"},"schema":{"@context":"https:\/\/schema.org","@graph":[{"@type":"WebSite","@id":"https:\/\/www.nettali.com\/#website","url":"https:\/\/www.nettali.com\/","name":"Nettali.com","description":"Le rendez-vous critique du Net","potentialAction":[{"@type":"SearchAction","target":{"@type":"EntryPoint","urlTemplate":"https:\/\/www.nettali.com\/?s={search_term_string}"},"query-input":"required name=search_term_string"}],"inLanguage":"fr-FR"},{"@type":"ImageObject","@id":"https:\/\/www.nettali.com\/2025\/07\/25\/journee-mondiale-de-la-prevention-de-la-noyade-61-cas-de-deces-enregistres-pour-lannee-2025\/#primaryimage","inLanguage":"fr-FR","url":"https:\/\/www.nettali.com\/wp-content\/uploads\/2019\/04\/noyade.jpg","contentUrl":"https:\/\/www.nettali.com\/wp-content\/uploads\/2019\/04\/noyade.jpg","width":849,"height":565},{"@type":"WebPage","@id":"https:\/\/www.nettali.com\/2025\/07\/25\/journee-mondiale-de-la-prevention-de-la-noyade-61-cas-de-deces-enregistres-pour-lannee-2025\/#webpage","url":"https:\/\/www.nettali.com\/2025\/07\/25\/journee-mondiale-de-la-prevention-de-la-noyade-61-cas-de-deces-enregistres-pour-lannee-2025\/","name":"JOURN\u00c9E MONDIALE DE LA PR\u00c9VENTION DE LA NOYADE \u2013 61 cas de d\u00e9c\u00e8s enregistr\u00e9s pour l\u2019ann\u00e9e 2025 \u2026. | Nettali.com","isPartOf":{"@id":"https:\/\/www.nettali.com\/#website"},"primaryImageOfPage":{"@id":"https:\/\/www.nettali.com\/2025\/07\/25\/journee-mondiale-de-la-prevention-de-la-noyade-61-cas-de-deces-enregistres-pour-lannee-2025\/#primaryimage"},"datePublished":"2025-07-25T14:27:03+00:00","dateModified":"2025-07-25T14:27:03+00:00","author":{"@id":"https:\/\/www.nettali.com\/#\/schema\/person\/418274a86bdf87caff7a3ef476bd0bbf"},"breadcrumb":{"@id":"https:\/\/www.nettali.com\/2025\/07\/25\/journee-mondiale-de-la-prevention-de-la-noyade-61-cas-de-deces-enregistres-pour-lannee-2025\/#breadcrumb"},"inLanguage":"fr-FR","potentialAction":[{"@type":"ReadAction","target":["https:\/\/www.nettali.com\/2025\/07\/25\/journee-mondiale-de-la-prevention-de-la-noyade-61-cas-de-deces-enregistres-pour-lannee-2025\/"]}]},{"@type":"BreadcrumbList","@id":"https:\/\/www.nettali.com\/2025\/07\/25\/journee-mondiale-de-la-prevention-de-la-noyade-61-cas-de-deces-enregistres-pour-lannee-2025\/#breadcrumb","itemListElement":[{"@type":"ListItem","position":1,"name":"Accueil","item":"https:\/\/www.nettali.com\/"},{"@type":"ListItem","position":2,"name":"JOURN\u00c9E MONDIALE DE LA PR\u00c9VENTION DE LA NOYADE \u2013 61 cas de d\u00e9c\u00e8s enregistr\u00e9s pour l\u2019ann\u00e9e 2025 \u2026."}]},{"@type":"Person","@id":"https:\/\/www.nettali.com\/#\/schema\/person\/418274a86bdf87caff7a3ef476bd0bbf","name":"Fatou","image":{"@type":"ImageObject","@id":"https:\/\/www.nettali.com\/#personlogo","inLanguage":"fr-FR","url":"https:\/\/secure.gravatar.com\/avatar\/5a9442a2bee7b4dcf167cab035858e9a?s=96&d=mm&r=g","contentUrl":"https:\/\/secure.gravatar.com\/avatar\/5a9442a2bee7b4dcf167cab035858e9a?s=96&d=mm&r=g","caption":"Fatou"},"sameAs":["https:\/\/www.nettali.com"]}]}},"_links":{"self":[{"href":"https:\/\/www.nettali.com\/rest\/wp\/v2\/posts\/158254"}],"collection":[{"href":"https:\/\/www.nettali.com\/rest\/wp\/v2\/posts"}],"about":[{"href":"https:\/\/www.nettali.com\/rest\/wp\/v2\/types\/post"}],"author":[{"embeddable":true,"href":"https:\/\/www.nettali.com\/rest\/wp\/v2\/users\/6"}],"replies":[{"embeddable":true,"href":"https:\/\/www.nettali.com\/rest\/wp\/v2\/comments?post=158254"}],"version-history":[{"count":1,"href":"https:\/\/www.nettali.com\/rest\/wp\/v2\/posts\/158254\/revisions"}],"predecessor-version":[{"id":158255,"href":"https:\/\/www.nettali.com\/rest\/wp\/v2\/posts\/158254\/revisions\/158255"}],"wp:featuredmedia":[{"embeddable":true,"href":"https:\/\/www.nettali.com\/rest\/wp\/v2\/media\/7710"}],"wp:attachment":[{"href":"https:\/\/www.nettali.com\/rest\/wp\/v2\/media?parent=158254"}],"wp:term":[{"taxonomy":"category","embeddable":true,"href":"https:\/\/www.nettali.com\/rest\/wp\/v2\/categories?post=158254"},{"taxonomy":"post_tag","embeddable":true,"href":"https:\/\/www.nettali.com\/rest\/wp\/v2\/tags?post=158254"}],"curies":[{"name":"wp","href":"https:\/\/api.w.org\/{rel}","templated":true}]}}