{"id":158245,"date":"2025-07-25T11:47:00","date_gmt":"2025-07-25T11:47:00","guid":{"rendered":"https:\/\/www.nettali.com\/?p=158245"},"modified":"2025-07-25T10:47:36","modified_gmt":"2025-07-25T10:47:36","slug":"joal-deux-talibes-enchaines-dans-un-enclos-a-moutons-se-nourrissaient-des-restes-daliments-de-betail","status":"publish","type":"post","link":"https:\/\/www.nettali.com\/2025\/07\/25\/joal-deux-talibes-enchaines-dans-un-enclos-a-moutons-se-nourrissaient-des-restes-daliments-de-betail\/","title":{"rendered":"JOAL-\u00a0Deux talib\u00e9s encha\u00een\u00e9s dans un enclos \u00e0 moutons , se nourrissaient des restes d'aliments de b\u00e9tail"},"content":{"rendered":"<p><strong>NETTALI.COM-\u00a0\u00c0 Joal, l\u2019horreur a pris le visage de l\u2019inhumain. Deux enfants talib\u00e9s de 9 et 10 ans ont \u00e9t\u00e9 retrouv\u00e9s encha\u00een\u00e9s dans un enclos \u00e0 moutons, affam\u00e9s et livr\u00e9s \u00e0 eux-m\u00eames. Leur ma\u00eetre coranique, Gora F., a \u00e9t\u00e9 arr\u00eat\u00e9 puis d\u00e9f\u00e9r\u00e9 au parquet de Mbour pour maltraitance sur mineurs.<\/strong><\/p>\n<p>Un appel anonyme a mis fin \u00e0 un calvaire insoutenable pour deux jeunes gar\u00e7ons \u00e0 Joal. Ce signalement a conduit les gendarmes \u00e0 une sc\u00e8ne de maltraitance qui choque par sa cruaut\u00e9.<\/p>\n<p>\u00c0 leur arriv\u00e9e sur les lieux, les gendarmes, alert\u00e9s par un coup de fil anonyme d\u00e9couvrent deux enfants encha\u00een\u00e9s dans un enclos servant \u00e0 garder des moutons. Les petits gar\u00e7ons, \u00e2g\u00e9s de 9 et 10 ans, sont amaigris, apeur\u00e9s et visiblement affaiblis par des privations prolong\u00e9es. Leur quotidien se r\u00e9sume \u00e0 des cha\u00eenes, des coups, un seul repas par jour, et parfois\u2026 des restes d\u2019aliments destin\u00e9s aux b\u00eates.<\/p>\n<p>Les autorit\u00e9s sanitaires locales n\u2019ont pas tard\u00e9 \u00e0 intervenir. Les deux enfants ont \u00e9t\u00e9 \u00e9vacu\u00e9s et pris en charge par les services p\u00e9diatriques du centre de sant\u00e9 de Joal. L\u2019\u00e9tat de sant\u00e9 des victimes t\u00e9moigne d\u2019une longue p\u00e9riode de n\u00e9gligence et de s\u00e9vices.<\/p>\n<p>Interrog\u00e9 par les enqu\u00eateurs, le ma\u00eetre coranique Gora F. a reconnu les faits, se justifiant en d\u00e9clarant qu\u2019il voulait \"corriger\" les enfants qui avaient tent\u00e9 de fuguer. Une version vite battue en br\u00e8che par les victimes. Selon leurs t\u00e9moignages, les violences sont li\u00e9es \u00e0 leur incapacit\u00e9 \u00e0 verser quotidiennement la somme de 300 francs CFA exig\u00e9e par leur bourreau. En guise de punition, ils auraient \u00e9t\u00e9 ligot\u00e9s, affam\u00e9s et enferm\u00e9s avec les animaux.<\/p>\n<p>Selon le journal L'Observateur, le mis en cause a \u00e9t\u00e9 plac\u00e9 en garde \u00e0 vue avant d\u2019\u00eatre pr\u00e9sent\u00e9, ce jeudi, au parquet de Mbour. Il sera poursuivi pour maltraitance sur mineurs.<\/p>\n<p>Cette affaire suscite une vague d\u2019indignation dans la commune de Joal et bien au-del\u00e0. Elle relance le d\u00e9bat sur la protection des enfants talib\u00e9s et les conditions de vie indignes dans lesquelles certains vivent dans des daaras. Une situation qui, malgr\u00e9 les alertes r\u00e9p\u00e9t\u00e9es de la soci\u00e9t\u00e9 civile, semble se r\u00e9p\u00e9ter sans que des mesures fortes et syst\u00e9matiques soient prises.<\/p>\n<div class='share-to-whatsapp-wrapper'><div class='share-on-whsp'>PARTAGER SUR : <\/div><a data-text='JOAL-\u00a0Deux talib\u00e9s encha\u00een\u00e9s dans un enclos \u00e0 moutons , se nourrissaient des restes d'aliments de b\u00e9tail' data-link='https:\/\/www.nettali.com\/2025\/07\/25\/joal-deux-talibes-enchaines-dans-un-enclos-a-moutons-se-nourrissaient-des-restes-daliments-de-betail\/' class='whatsapp-button whatsapp-share'>WhatsApp<\/a><div class='clear '><\/div><\/div>","protected":false},"excerpt":{"rendered":"<p>NETTALI.COM-\u00a0\u00c0 Joal, l\u2019horreur a pris le visage de l\u2019inhumain. Deux enfants talib\u00e9s de 9 et 10 ans ont \u00e9t\u00e9 retrouv\u00e9s encha\u00een\u00e9s dans un enclos \u00e0 moutons, affam\u00e9s et livr\u00e9s \u00e0 eux-m\u00eames. Leur ma\u00eetre coranique, Gora F., a \u00e9t\u00e9 arr\u00eat\u00e9 puis d\u00e9f\u00e9r\u00e9 au parquet de Mbour pour maltraitance sur mineurs. Un appel anonyme a mis fin [&hellip;]<\/p>\n","protected":false},"author":6,"featured_media":158247,"comment_status":"open","ping_status":"open","sticky":false,"template":"","format":"standard","meta":{"_et_pb_use_builder":"","_et_pb_old_content":""},"categories":[3],"tags":[],"yoast_head":"<!-- This site is optimized with the Yoast SEO Premium plugin v17.8 (Yoast SEO v17.8) - https:\/\/yoast.com\/wordpress\/plugins\/seo\/ -->\n<title>JOAL-\u00a0Deux talib\u00e9s encha\u00een\u00e9s dans un enclos \u00e0 moutons , se nourrissaient des restes d&#039;aliments de b\u00e9tail | Nettali.com<\/title>\n<meta name=\"robots\" content=\"index, follow, max-snippet:-1, max-image-preview:large, max-video-preview:-1\" \/>\n<link rel=\"canonical\" href=\"https:\/\/www.nettali.com\/2025\/07\/25\/joal-deux-talibes-enchaines-dans-un-enclos-a-moutons-se-nourrissaient-des-restes-daliments-de-betail\/\" \/>\n<meta property=\"og:locale\" content=\"fr_FR\" \/>\n<meta property=\"og:type\" content=\"article\" \/>\n<meta property=\"og:title\" content=\"JOAL-\u00a0Deux talib\u00e9s encha\u00een\u00e9s dans un enclos \u00e0 moutons , se nourrissaient des restes d&#039;aliments de b\u00e9tail\" \/>\n<meta property=\"og:description\" content=\"NETTALI.COM-\u00a0\u00c0 Joal, l\u2019horreur a pris le visage de l\u2019inhumain. Deux enfants talib\u00e9s de 9 et 10 ans ont \u00e9t\u00e9 retrouv\u00e9s encha\u00een\u00e9s dans un enclos \u00e0 moutons, affam\u00e9s et livr\u00e9s \u00e0 eux-m\u00eames. Leur ma\u00eetre coranique, Gora F., a \u00e9t\u00e9 arr\u00eat\u00e9 puis d\u00e9f\u00e9r\u00e9 au parquet de Mbour pour maltraitance sur mineurs. Un appel anonyme a mis fin [&hellip;]\" \/>\n<meta property=\"og:url\" content=\"https:\/\/www.nettali.com\/2025\/07\/25\/joal-deux-talibes-enchaines-dans-un-enclos-a-moutons-se-nourrissaient-des-restes-daliments-de-betail\/\" \/>\n<meta property=\"og:site_name\" content=\"Nettali.com\" \/>\n<meta property=\"article:publisher\" content=\"https:\/\/www.facebook.com\/nettalicom\" \/>\n<meta property=\"article:published_time\" content=\"2025-07-25T11:47:00+00:00\" \/>\n<meta property=\"article:modified_time\" content=\"2025-07-25T10:47:36+00:00\" \/>\n<meta property=\"og:image\" content=\"https:\/\/www.nettali.com\/wp-content\/uploads\/2025\/07\/IMG-20250720-WA0098.jpg\" \/>\n\t<meta property=\"og:image:width\" content=\"591\" \/>\n\t<meta property=\"og:image:height\" content=\"1280\" \/>\n<meta name=\"twitter:card\" content=\"summary_large_image\" \/>\n<meta name=\"twitter:label1\" content=\"\u00c9crit par\" \/>\n\t<meta name=\"twitter:data1\" content=\"Fatou\" \/>\n\t<meta name=\"twitter:label2\" content=\"Dur\u00e9e de lecture estim\u00e9e\" \/>\n\t<meta name=\"twitter:data2\" content=\"2 minutes\" \/>\n<script type=\"application\/ld+json\" class=\"yoast-schema-graph\">{\"@context\":\"https:\/\/schema.org\",\"@graph\":[{\"@type\":\"WebSite\",\"@id\":\"https:\/\/www.nettali.com\/#website\",\"url\":\"https:\/\/www.nettali.com\/\",\"name\":\"Nettali.com\",\"description\":\"Le rendez-vous critique du Net\",\"potentialAction\":[{\"@type\":\"SearchAction\",\"target\":{\"@type\":\"EntryPoint\",\"urlTemplate\":\"https:\/\/www.nettali.com\/?s={search_term_string}\"},\"query-input\":\"required name=search_term_string\"}],\"inLanguage\":\"fr-FR\"},{\"@type\":\"ImageObject\",\"@id\":\"https:\/\/www.nettali.com\/2025\/07\/25\/joal-deux-talibes-enchaines-dans-un-enclos-a-moutons-se-nourrissaient-des-restes-daliments-de-betail\/#primaryimage\",\"inLanguage\":\"fr-FR\",\"url\":\"https:\/\/www.nettali.com\/wp-content\/uploads\/2025\/07\/IMG-20250720-WA0098.jpg\",\"contentUrl\":\"https:\/\/www.nettali.com\/wp-content\/uploads\/2025\/07\/IMG-20250720-WA0098.jpg\",\"width\":591,\"height\":1280},{\"@type\":\"WebPage\",\"@id\":\"https:\/\/www.nettali.com\/2025\/07\/25\/joal-deux-talibes-enchaines-dans-un-enclos-a-moutons-se-nourrissaient-des-restes-daliments-de-betail\/#webpage\",\"url\":\"https:\/\/www.nettali.com\/2025\/07\/25\/joal-deux-talibes-enchaines-dans-un-enclos-a-moutons-se-nourrissaient-des-restes-daliments-de-betail\/\",\"name\":\"JOAL-\\u00a0Deux talib\\u00e9s encha\\u00een\\u00e9s dans un enclos \\u00e0 moutons , se nourrissaient des restes d'aliments de b\\u00e9tail | Nettali.com\",\"isPartOf\":{\"@id\":\"https:\/\/www.nettali.com\/#website\"},\"primaryImageOfPage\":{\"@id\":\"https:\/\/www.nettali.com\/2025\/07\/25\/joal-deux-talibes-enchaines-dans-un-enclos-a-moutons-se-nourrissaient-des-restes-daliments-de-betail\/#primaryimage\"},\"datePublished\":\"2025-07-25T11:47:00+00:00\",\"dateModified\":\"2025-07-25T10:47:36+00:00\",\"author\":{\"@id\":\"https:\/\/www.nettali.com\/#\/schema\/person\/418274a86bdf87caff7a3ef476bd0bbf\"},\"breadcrumb\":{\"@id\":\"https:\/\/www.nettali.com\/2025\/07\/25\/joal-deux-talibes-enchaines-dans-un-enclos-a-moutons-se-nourrissaient-des-restes-daliments-de-betail\/#breadcrumb\"},\"inLanguage\":\"fr-FR\",\"potentialAction\":[{\"@type\":\"ReadAction\",\"target\":[\"https:\/\/www.nettali.com\/2025\/07\/25\/joal-deux-talibes-enchaines-dans-un-enclos-a-moutons-se-nourrissaient-des-restes-daliments-de-betail\/\"]}]},{\"@type\":\"BreadcrumbList\",\"@id\":\"https:\/\/www.nettali.com\/2025\/07\/25\/joal-deux-talibes-enchaines-dans-un-enclos-a-moutons-se-nourrissaient-des-restes-daliments-de-betail\/#breadcrumb\",\"itemListElement\":[{\"@type\":\"ListItem\",\"position\":1,\"name\":\"Accueil\",\"item\":\"https:\/\/www.nettali.com\/\"},{\"@type\":\"ListItem\",\"position\":2,\"name\":\"JOAL-\\u00a0Deux talib\\u00e9s encha\\u00een\\u00e9s dans un enclos \\u00e0 moutons , se nourrissaient des restes d'aliments de b\\u00e9tail\"}]},{\"@type\":\"Person\",\"@id\":\"https:\/\/www.nettali.com\/#\/schema\/person\/418274a86bdf87caff7a3ef476bd0bbf\",\"name\":\"Fatou\",\"image\":{\"@type\":\"ImageObject\",\"@id\":\"https:\/\/www.nettali.com\/#personlogo\",\"inLanguage\":\"fr-FR\",\"url\":\"https:\/\/secure.gravatar.com\/avatar\/5a9442a2bee7b4dcf167cab035858e9a?s=96&d=mm&r=g\",\"contentUrl\":\"https:\/\/secure.gravatar.com\/avatar\/5a9442a2bee7b4dcf167cab035858e9a?s=96&d=mm&r=g\",\"caption\":\"Fatou\"},\"sameAs\":[\"https:\/\/www.nettali.com\"]}]}<\/script>\n<!-- \/ Yoast SEO Premium plugin. -->","yoast_head_json":{"title":"JOAL-\u00a0Deux talib\u00e9s encha\u00een\u00e9s dans un enclos \u00e0 moutons , se nourrissaient des restes d'aliments de b\u00e9tail | Nettali.com","robots":{"index":"index","follow":"follow","max-snippet":"max-snippet:-1","max-image-preview":"max-image-preview:large","max-video-preview":"max-video-preview:-1"},"canonical":"https:\/\/www.nettali.com\/2025\/07\/25\/joal-deux-talibes-enchaines-dans-un-enclos-a-moutons-se-nourrissaient-des-restes-daliments-de-betail\/","og_locale":"fr_FR","og_type":"article","og_title":"JOAL-\u00a0Deux talib\u00e9s encha\u00een\u00e9s dans un enclos \u00e0 moutons , se nourrissaient des restes d'aliments de b\u00e9tail","og_description":"NETTALI.COM-\u00a0\u00c0 Joal, l\u2019horreur a pris le visage de l\u2019inhumain. Deux enfants talib\u00e9s de 9 et 10 ans ont \u00e9t\u00e9 retrouv\u00e9s encha\u00een\u00e9s dans un enclos \u00e0 moutons, affam\u00e9s et livr\u00e9s \u00e0 eux-m\u00eames. Leur ma\u00eetre coranique, Gora F., a \u00e9t\u00e9 arr\u00eat\u00e9 puis d\u00e9f\u00e9r\u00e9 au parquet de Mbour pour maltraitance sur mineurs. Un appel anonyme a mis fin [&hellip;]","og_url":"https:\/\/www.nettali.com\/2025\/07\/25\/joal-deux-talibes-enchaines-dans-un-enclos-a-moutons-se-nourrissaient-des-restes-daliments-de-betail\/","og_site_name":"Nettali.com","article_publisher":"https:\/\/www.facebook.com\/nettalicom","article_published_time":"2025-07-25T11:47:00+00:00","article_modified_time":"2025-07-25T10:47:36+00:00","og_image":[{"width":591,"height":1280,"url":"https:\/\/www.nettali.com\/wp-content\/uploads\/2025\/07\/IMG-20250720-WA0098.jpg","type":"image\/jpeg"}],"twitter_card":"summary_large_image","twitter_misc":{"\u00c9crit par":"Fatou","Dur\u00e9e de lecture estim\u00e9e":"2 minutes"},"schema":{"@context":"https:\/\/schema.org","@graph":[{"@type":"WebSite","@id":"https:\/\/www.nettali.com\/#website","url":"https:\/\/www.nettali.com\/","name":"Nettali.com","description":"Le rendez-vous critique du Net","potentialAction":[{"@type":"SearchAction","target":{"@type":"EntryPoint","urlTemplate":"https:\/\/www.nettali.com\/?s={search_term_string}"},"query-input":"required name=search_term_string"}],"inLanguage":"fr-FR"},{"@type":"ImageObject","@id":"https:\/\/www.nettali.com\/2025\/07\/25\/joal-deux-talibes-enchaines-dans-un-enclos-a-moutons-se-nourrissaient-des-restes-daliments-de-betail\/#primaryimage","inLanguage":"fr-FR","url":"https:\/\/www.nettali.com\/wp-content\/uploads\/2025\/07\/IMG-20250720-WA0098.jpg","contentUrl":"https:\/\/www.nettali.com\/wp-content\/uploads\/2025\/07\/IMG-20250720-WA0098.jpg","width":591,"height":1280},{"@type":"WebPage","@id":"https:\/\/www.nettali.com\/2025\/07\/25\/joal-deux-talibes-enchaines-dans-un-enclos-a-moutons-se-nourrissaient-des-restes-daliments-de-betail\/#webpage","url":"https:\/\/www.nettali.com\/2025\/07\/25\/joal-deux-talibes-enchaines-dans-un-enclos-a-moutons-se-nourrissaient-des-restes-daliments-de-betail\/","name":"JOAL-\u00a0Deux talib\u00e9s encha\u00een\u00e9s dans un enclos \u00e0 moutons , se nourrissaient des restes d'aliments de b\u00e9tail | Nettali.com","isPartOf":{"@id":"https:\/\/www.nettali.com\/#website"},"primaryImageOfPage":{"@id":"https:\/\/www.nettali.com\/2025\/07\/25\/joal-deux-talibes-enchaines-dans-un-enclos-a-moutons-se-nourrissaient-des-restes-daliments-de-betail\/#primaryimage"},"datePublished":"2025-07-25T11:47:00+00:00","dateModified":"2025-07-25T10:47:36+00:00","author":{"@id":"https:\/\/www.nettali.com\/#\/schema\/person\/418274a86bdf87caff7a3ef476bd0bbf"},"breadcrumb":{"@id":"https:\/\/www.nettali.com\/2025\/07\/25\/joal-deux-talibes-enchaines-dans-un-enclos-a-moutons-se-nourrissaient-des-restes-daliments-de-betail\/#breadcrumb"},"inLanguage":"fr-FR","potentialAction":[{"@type":"ReadAction","target":["https:\/\/www.nettali.com\/2025\/07\/25\/joal-deux-talibes-enchaines-dans-un-enclos-a-moutons-se-nourrissaient-des-restes-daliments-de-betail\/"]}]},{"@type":"BreadcrumbList","@id":"https:\/\/www.nettali.com\/2025\/07\/25\/joal-deux-talibes-enchaines-dans-un-enclos-a-moutons-se-nourrissaient-des-restes-daliments-de-betail\/#breadcrumb","itemListElement":[{"@type":"ListItem","position":1,"name":"Accueil","item":"https:\/\/www.nettali.com\/"},{"@type":"ListItem","position":2,"name":"JOAL-\u00a0Deux talib\u00e9s encha\u00een\u00e9s dans un enclos \u00e0 moutons , se nourrissaient des restes d'aliments de b\u00e9tail"}]},{"@type":"Person","@id":"https:\/\/www.nettali.com\/#\/schema\/person\/418274a86bdf87caff7a3ef476bd0bbf","name":"Fatou","image":{"@type":"ImageObject","@id":"https:\/\/www.nettali.com\/#personlogo","inLanguage":"fr-FR","url":"https:\/\/secure.gravatar.com\/avatar\/5a9442a2bee7b4dcf167cab035858e9a?s=96&d=mm&r=g","contentUrl":"https:\/\/secure.gravatar.com\/avatar\/5a9442a2bee7b4dcf167cab035858e9a?s=96&d=mm&r=g","caption":"Fatou"},"sameAs":["https:\/\/www.nettali.com"]}]}},"_links":{"self":[{"href":"https:\/\/www.nettali.com\/rest\/wp\/v2\/posts\/158245"}],"collection":[{"href":"https:\/\/www.nettali.com\/rest\/wp\/v2\/posts"}],"about":[{"href":"https:\/\/www.nettali.com\/rest\/wp\/v2\/types\/post"}],"author":[{"embeddable":true,"href":"https:\/\/www.nettali.com\/rest\/wp\/v2\/users\/6"}],"replies":[{"embeddable":true,"href":"https:\/\/www.nettali.com\/rest\/wp\/v2\/comments?post=158245"}],"version-history":[{"count":1,"href":"https:\/\/www.nettali.com\/rest\/wp\/v2\/posts\/158245\/revisions"}],"predecessor-version":[{"id":158246,"href":"https:\/\/www.nettali.com\/rest\/wp\/v2\/posts\/158245\/revisions\/158246"}],"wp:featuredmedia":[{"embeddable":true,"href":"https:\/\/www.nettali.com\/rest\/wp\/v2\/media\/158247"}],"wp:attachment":[{"href":"https:\/\/www.nettali.com\/rest\/wp\/v2\/media?parent=158245"}],"wp:term":[{"taxonomy":"category","embeddable":true,"href":"https:\/\/www.nettali.com\/rest\/wp\/v2\/categories?post=158245"},{"taxonomy":"post_tag","embeddable":true,"href":"https:\/\/www.nettali.com\/rest\/wp\/v2\/tags?post=158245"}],"curies":[{"name":"wp","href":"https:\/\/api.w.org\/{rel}","templated":true}]}}