{"id":158242,"date":"2025-07-25T10:46:40","date_gmt":"2025-07-25T10:46:40","guid":{"rendered":"https:\/\/www.nettali.com\/?p=158242"},"modified":"2025-07-25T10:46:40","modified_gmt":"2025-07-25T10:46:40","slug":"mercato-papa-amadou-diallo-debarque-a-norwich","status":"publish","type":"post","link":"https:\/\/www.nettali.com\/2025\/07\/25\/mercato-papa-amadou-diallo-debarque-a-norwich\/","title":{"rendered":"MERCATO - Papa Amadou Diallo d\u00e9barque \u00e0 Norwich"},"content":{"rendered":"<p><strong>NETTALI.COM - Le FC Metz a officialis\u00e9 ce jeudi le d\u00e9part de Papa Amadou Diallo. Apr\u00e8s un peu plus de deux ans sous les couleurs messines, l\u2019attaquant international s\u00e9n\u00e9galais de 21 ans rejoint Norwich, o\u00f9 il \u00e9voluera en deuxi\u00e8me division anglaise. Son transfert est estim\u00e9 \u00e0 4,5 millions d\u2019euros au FC Metz.<\/strong><\/p>\n<p>Papa Amadou Diallo change d'air et d\u00e9couvre l'Angleterre. Au total, le vainqueur du CHAN 2023 aura disput\u00e9 plus d\u2019une cinquantaine de matchs depuis son arriv\u00e9e en Moselle en provenance de G\u00e9n\u00e9ration Foot. Avec 7 buts inscrits et 5 passes d\u00e9cisives d\u00e9livr\u00e9es la saison derni\u00e8re, dont une lors des barrages, il aura sans conteste \u00e9t\u00e9 l\u2019un des artisans de la remont\u00e9e du FC Metz en Ligue 1.<\/p>\n<p>Courtis\u00e9 par plusieurs clubs europ\u00e9en, le joueur form\u00e9 \u00e0 G\u00e9n\u00e9ration Foot voulait d\u00e9couvrir les pelouses anglaises. \"<em>J\u2019ai toujours r\u00eav\u00e9 de jouer en Angleterre. C\u2019est une nouvelle exp\u00e9rience pour moi, mais je suis pr\u00eat et pr\u00e9par\u00e9 \u00e0 relever le d\u00e9fi qui m\u2019attend<\/em>\", explique-t-il, \u00e0 la suite de sa signature.<\/p>\n<p>Papa Amadou Diallo a sign\u00e9 un contrat de 4 ans avec une option pour une 5\u00e8me et portera le num\u00e9ro 19.<\/p>\n<p>\"<em>Le transfert est soumis \u00e0 l\u2019approbation de la FA et de l\u2019EFL, ainsi qu\u2019\u00e0 l\u2019obtention par le joueur de son visa de travail et de son certificat de transfert international<\/em>\", pr\u00e9cise son nouveau club.<\/p>\n<div class='share-to-whatsapp-wrapper'><div class='share-on-whsp'>PARTAGER SUR : <\/div><a data-text='MERCATO - Papa Amadou Diallo d\u00e9barque \u00e0 Norwich' data-link='https:\/\/www.nettali.com\/2025\/07\/25\/mercato-papa-amadou-diallo-debarque-a-norwich\/' class='whatsapp-button whatsapp-share'>WhatsApp<\/a><div class='clear '><\/div><\/div>","protected":false},"excerpt":{"rendered":"<p>NETTALI.COM - Le FC Metz a officialis\u00e9 ce jeudi le d\u00e9part de Papa Amadou Diallo. Apr\u00e8s un peu plus de deux ans sous les couleurs messines, l\u2019attaquant international s\u00e9n\u00e9galais de 21 ans rejoint Norwich, o\u00f9 il \u00e9voluera en deuxi\u00e8me division anglaise. Son transfert est estim\u00e9 \u00e0 4,5 millions d\u2019euros au FC Metz. Papa Amadou Diallo [&hellip;]<\/p>\n","protected":false},"author":5,"featured_media":158243,"comment_status":"open","ping_status":"open","sticky":false,"template":"","format":"standard","meta":{"_et_pb_use_builder":"","_et_pb_old_content":""},"categories":[6],"tags":[],"yoast_head":"<!-- This site is optimized with the Yoast SEO Premium plugin v17.8 (Yoast SEO v17.8) - https:\/\/yoast.com\/wordpress\/plugins\/seo\/ -->\n<title>MERCATO - Papa Amadou Diallo d\u00e9barque \u00e0 Norwich | Nettali.com<\/title>\n<meta name=\"robots\" content=\"index, follow, max-snippet:-1, max-image-preview:large, max-video-preview:-1\" \/>\n<link rel=\"canonical\" href=\"https:\/\/www.nettali.com\/2025\/07\/25\/mercato-papa-amadou-diallo-debarque-a-norwich\/\" \/>\n<meta property=\"og:locale\" content=\"fr_FR\" \/>\n<meta property=\"og:type\" content=\"article\" \/>\n<meta property=\"og:title\" content=\"MERCATO - Papa Amadou Diallo d\u00e9barque \u00e0 Norwich\" \/>\n<meta property=\"og:description\" content=\"NETTALI.COM - Le FC Metz a officialis\u00e9 ce jeudi le d\u00e9part de Papa Amadou Diallo. Apr\u00e8s un peu plus de deux ans sous les couleurs messines, l\u2019attaquant international s\u00e9n\u00e9galais de 21 ans rejoint Norwich, o\u00f9 il \u00e9voluera en deuxi\u00e8me division anglaise. Son transfert est estim\u00e9 \u00e0 4,5 millions d\u2019euros au FC Metz. Papa Amadou Diallo [&hellip;]\" \/>\n<meta property=\"og:url\" content=\"https:\/\/www.nettali.com\/2025\/07\/25\/mercato-papa-amadou-diallo-debarque-a-norwich\/\" \/>\n<meta property=\"og:site_name\" content=\"Nettali.com\" \/>\n<meta property=\"article:publisher\" content=\"https:\/\/www.facebook.com\/nettalicom\" \/>\n<meta property=\"article:published_time\" content=\"2025-07-25T10:46:40+00:00\" \/>\n<meta property=\"og:image\" content=\"https:\/\/www.nettali.com\/wp-content\/uploads\/2025\/07\/pape-amadou-diallo-depart-2025-8fc82846-66cc-4a33-a685-74376863caed-1200x675-1.jpg\" \/>\n\t<meta property=\"og:image:width\" content=\"1200\" \/>\n\t<meta property=\"og:image:height\" content=\"675\" \/>\n<meta name=\"twitter:card\" content=\"summary_large_image\" \/>\n<meta name=\"twitter:label1\" content=\"\u00c9crit par\" \/>\n\t<meta name=\"twitter:data1\" content=\"Ibrahima\" \/>\n\t<meta name=\"twitter:label2\" content=\"Dur\u00e9e de lecture estim\u00e9e\" \/>\n\t<meta name=\"twitter:data2\" content=\"2 minutes\" \/>\n<script type=\"application\/ld+json\" class=\"yoast-schema-graph\">{\"@context\":\"https:\/\/schema.org\",\"@graph\":[{\"@type\":\"WebSite\",\"@id\":\"https:\/\/www.nettali.com\/#website\",\"url\":\"https:\/\/www.nettali.com\/\",\"name\":\"Nettali.com\",\"description\":\"Le rendez-vous critique du Net\",\"potentialAction\":[{\"@type\":\"SearchAction\",\"target\":{\"@type\":\"EntryPoint\",\"urlTemplate\":\"https:\/\/www.nettali.com\/?s={search_term_string}\"},\"query-input\":\"required name=search_term_string\"}],\"inLanguage\":\"fr-FR\"},{\"@type\":\"ImageObject\",\"@id\":\"https:\/\/www.nettali.com\/2025\/07\/25\/mercato-papa-amadou-diallo-debarque-a-norwich\/#primaryimage\",\"inLanguage\":\"fr-FR\",\"url\":\"https:\/\/www.nettali.com\/wp-content\/uploads\/2025\/07\/pape-amadou-diallo-depart-2025-8fc82846-66cc-4a33-a685-74376863caed-1200x675-1.jpg\",\"contentUrl\":\"https:\/\/www.nettali.com\/wp-content\/uploads\/2025\/07\/pape-amadou-diallo-depart-2025-8fc82846-66cc-4a33-a685-74376863caed-1200x675-1.jpg\",\"width\":1200,\"height\":675},{\"@type\":\"WebPage\",\"@id\":\"https:\/\/www.nettali.com\/2025\/07\/25\/mercato-papa-amadou-diallo-debarque-a-norwich\/#webpage\",\"url\":\"https:\/\/www.nettali.com\/2025\/07\/25\/mercato-papa-amadou-diallo-debarque-a-norwich\/\",\"name\":\"MERCATO - Papa Amadou Diallo d\\u00e9barque \\u00e0 Norwich | Nettali.com\",\"isPartOf\":{\"@id\":\"https:\/\/www.nettali.com\/#website\"},\"primaryImageOfPage\":{\"@id\":\"https:\/\/www.nettali.com\/2025\/07\/25\/mercato-papa-amadou-diallo-debarque-a-norwich\/#primaryimage\"},\"datePublished\":\"2025-07-25T10:46:40+00:00\",\"dateModified\":\"2025-07-25T10:46:40+00:00\",\"author\":{\"@id\":\"https:\/\/www.nettali.com\/#\/schema\/person\/bb147657c2986240405a608162b9bb23\"},\"breadcrumb\":{\"@id\":\"https:\/\/www.nettali.com\/2025\/07\/25\/mercato-papa-amadou-diallo-debarque-a-norwich\/#breadcrumb\"},\"inLanguage\":\"fr-FR\",\"potentialAction\":[{\"@type\":\"ReadAction\",\"target\":[\"https:\/\/www.nettali.com\/2025\/07\/25\/mercato-papa-amadou-diallo-debarque-a-norwich\/\"]}]},{\"@type\":\"BreadcrumbList\",\"@id\":\"https:\/\/www.nettali.com\/2025\/07\/25\/mercato-papa-amadou-diallo-debarque-a-norwich\/#breadcrumb\",\"itemListElement\":[{\"@type\":\"ListItem\",\"position\":1,\"name\":\"Accueil\",\"item\":\"https:\/\/www.nettali.com\/\"},{\"@type\":\"ListItem\",\"position\":2,\"name\":\"MERCATO - Papa Amadou Diallo d\\u00e9barque \\u00e0 Norwich\"}]},{\"@type\":\"Person\",\"@id\":\"https:\/\/www.nettali.com\/#\/schema\/person\/bb147657c2986240405a608162b9bb23\",\"name\":\"Ibrahima\",\"image\":{\"@type\":\"ImageObject\",\"@id\":\"https:\/\/www.nettali.com\/#personlogo\",\"inLanguage\":\"fr-FR\",\"url\":\"https:\/\/secure.gravatar.com\/avatar\/26a8a81f09f0dd7624c9d5c36c9ba3a2?s=96&d=mm&r=g\",\"contentUrl\":\"https:\/\/secure.gravatar.com\/avatar\/26a8a81f09f0dd7624c9d5c36c9ba3a2?s=96&d=mm&r=g\",\"caption\":\"Ibrahima\"},\"sameAs\":[\"https:\/\/www.nettali.com\"]}]}<\/script>\n<!-- \/ Yoast SEO Premium plugin. -->","yoast_head_json":{"title":"MERCATO - Papa Amadou Diallo d\u00e9barque \u00e0 Norwich | Nettali.com","robots":{"index":"index","follow":"follow","max-snippet":"max-snippet:-1","max-image-preview":"max-image-preview:large","max-video-preview":"max-video-preview:-1"},"canonical":"https:\/\/www.nettali.com\/2025\/07\/25\/mercato-papa-amadou-diallo-debarque-a-norwich\/","og_locale":"fr_FR","og_type":"article","og_title":"MERCATO - Papa Amadou Diallo d\u00e9barque \u00e0 Norwich","og_description":"NETTALI.COM - Le FC Metz a officialis\u00e9 ce jeudi le d\u00e9part de Papa Amadou Diallo. Apr\u00e8s un peu plus de deux ans sous les couleurs messines, l\u2019attaquant international s\u00e9n\u00e9galais de 21 ans rejoint Norwich, o\u00f9 il \u00e9voluera en deuxi\u00e8me division anglaise. Son transfert est estim\u00e9 \u00e0 4,5 millions d\u2019euros au FC Metz. Papa Amadou Diallo [&hellip;]","og_url":"https:\/\/www.nettali.com\/2025\/07\/25\/mercato-papa-amadou-diallo-debarque-a-norwich\/","og_site_name":"Nettali.com","article_publisher":"https:\/\/www.facebook.com\/nettalicom","article_published_time":"2025-07-25T10:46:40+00:00","og_image":[{"width":1200,"height":675,"url":"https:\/\/www.nettali.com\/wp-content\/uploads\/2025\/07\/pape-amadou-diallo-depart-2025-8fc82846-66cc-4a33-a685-74376863caed-1200x675-1.jpg","type":"image\/jpeg"}],"twitter_card":"summary_large_image","twitter_misc":{"\u00c9crit par":"Ibrahima","Dur\u00e9e de lecture estim\u00e9e":"2 minutes"},"schema":{"@context":"https:\/\/schema.org","@graph":[{"@type":"WebSite","@id":"https:\/\/www.nettali.com\/#website","url":"https:\/\/www.nettali.com\/","name":"Nettali.com","description":"Le rendez-vous critique du Net","potentialAction":[{"@type":"SearchAction","target":{"@type":"EntryPoint","urlTemplate":"https:\/\/www.nettali.com\/?s={search_term_string}"},"query-input":"required name=search_term_string"}],"inLanguage":"fr-FR"},{"@type":"ImageObject","@id":"https:\/\/www.nettali.com\/2025\/07\/25\/mercato-papa-amadou-diallo-debarque-a-norwich\/#primaryimage","inLanguage":"fr-FR","url":"https:\/\/www.nettali.com\/wp-content\/uploads\/2025\/07\/pape-amadou-diallo-depart-2025-8fc82846-66cc-4a33-a685-74376863caed-1200x675-1.jpg","contentUrl":"https:\/\/www.nettali.com\/wp-content\/uploads\/2025\/07\/pape-amadou-diallo-depart-2025-8fc82846-66cc-4a33-a685-74376863caed-1200x675-1.jpg","width":1200,"height":675},{"@type":"WebPage","@id":"https:\/\/www.nettali.com\/2025\/07\/25\/mercato-papa-amadou-diallo-debarque-a-norwich\/#webpage","url":"https:\/\/www.nettali.com\/2025\/07\/25\/mercato-papa-amadou-diallo-debarque-a-norwich\/","name":"MERCATO - Papa Amadou Diallo d\u00e9barque \u00e0 Norwich | Nettali.com","isPartOf":{"@id":"https:\/\/www.nettali.com\/#website"},"primaryImageOfPage":{"@id":"https:\/\/www.nettali.com\/2025\/07\/25\/mercato-papa-amadou-diallo-debarque-a-norwich\/#primaryimage"},"datePublished":"2025-07-25T10:46:40+00:00","dateModified":"2025-07-25T10:46:40+00:00","author":{"@id":"https:\/\/www.nettali.com\/#\/schema\/person\/bb147657c2986240405a608162b9bb23"},"breadcrumb":{"@id":"https:\/\/www.nettali.com\/2025\/07\/25\/mercato-papa-amadou-diallo-debarque-a-norwich\/#breadcrumb"},"inLanguage":"fr-FR","potentialAction":[{"@type":"ReadAction","target":["https:\/\/www.nettali.com\/2025\/07\/25\/mercato-papa-amadou-diallo-debarque-a-norwich\/"]}]},{"@type":"BreadcrumbList","@id":"https:\/\/www.nettali.com\/2025\/07\/25\/mercato-papa-amadou-diallo-debarque-a-norwich\/#breadcrumb","itemListElement":[{"@type":"ListItem","position":1,"name":"Accueil","item":"https:\/\/www.nettali.com\/"},{"@type":"ListItem","position":2,"name":"MERCATO - Papa Amadou Diallo d\u00e9barque \u00e0 Norwich"}]},{"@type":"Person","@id":"https:\/\/www.nettali.com\/#\/schema\/person\/bb147657c2986240405a608162b9bb23","name":"Ibrahima","image":{"@type":"ImageObject","@id":"https:\/\/www.nettali.com\/#personlogo","inLanguage":"fr-FR","url":"https:\/\/secure.gravatar.com\/avatar\/26a8a81f09f0dd7624c9d5c36c9ba3a2?s=96&d=mm&r=g","contentUrl":"https:\/\/secure.gravatar.com\/avatar\/26a8a81f09f0dd7624c9d5c36c9ba3a2?s=96&d=mm&r=g","caption":"Ibrahima"},"sameAs":["https:\/\/www.nettali.com"]}]}},"_links":{"self":[{"href":"https:\/\/www.nettali.com\/rest\/wp\/v2\/posts\/158242"}],"collection":[{"href":"https:\/\/www.nettali.com\/rest\/wp\/v2\/posts"}],"about":[{"href":"https:\/\/www.nettali.com\/rest\/wp\/v2\/types\/post"}],"author":[{"embeddable":true,"href":"https:\/\/www.nettali.com\/rest\/wp\/v2\/users\/5"}],"replies":[{"embeddable":true,"href":"https:\/\/www.nettali.com\/rest\/wp\/v2\/comments?post=158242"}],"version-history":[{"count":1,"href":"https:\/\/www.nettali.com\/rest\/wp\/v2\/posts\/158242\/revisions"}],"predecessor-version":[{"id":158244,"href":"https:\/\/www.nettali.com\/rest\/wp\/v2\/posts\/158242\/revisions\/158244"}],"wp:featuredmedia":[{"embeddable":true,"href":"https:\/\/www.nettali.com\/rest\/wp\/v2\/media\/158243"}],"wp:attachment":[{"href":"https:\/\/www.nettali.com\/rest\/wp\/v2\/media?parent=158242"}],"wp:term":[{"taxonomy":"category","embeddable":true,"href":"https:\/\/www.nettali.com\/rest\/wp\/v2\/categories?post=158242"},{"taxonomy":"post_tag","embeddable":true,"href":"https:\/\/www.nettali.com\/rest\/wp\/v2\/tags?post=158242"}],"curies":[{"name":"wp","href":"https:\/\/api.w.org\/{rel}","templated":true}]}}