{"id":158240,"date":"2025-07-25T06:39:00","date_gmt":"2025-07-25T06:39:00","guid":{"rendered":"https:\/\/www.nettali.com\/?p=158240"},"modified":"2025-07-25T06:39:00","modified_gmt":"2025-07-25T06:39:00","slug":"poursuite-des-anciens-dignitaires-du-regime-devant-la-cpi-juan-branco-deplore-linaction-de-diomaye-et-sonko","status":"publish","type":"post","link":"https:\/\/www.nettali.com\/2025\/07\/25\/poursuite-des-anciens-dignitaires-du-regime-devant-la-cpi-juan-branco-deplore-linaction-de-diomaye-et-sonko\/","title":{"rendered":"POURSUITE DES ANCIENS DIGNITAIRES DU R\u00c9GIME DEVANT LA CPI -Juan Branco d\u00e9plore l'inaction de Diomaye et Sonko"},"content":{"rendered":"<p data-start=\"244\" data-end=\"546\"><strong data-start=\"244\" data-end=\"546\">NETTALI.COM - Apr\u00e8s l\u2019annonce historique d\u2019Emmanuel Macron sur la reconnaissance de l\u2019\u00c9tat palestinien, l\u2019avocat franco-espagnol Juan Branco a profit\u00e9 de l\u2019occasion pour critiquer la posture diplomatique du S\u00e9n\u00e9gal. Il d\u00e9plore notamment l\u2019inaction des nouvelles autorit\u00e9s sur les dossiers pendants devant la CPI.<\/strong><\/p>\n<p data-start=\"553\" data-end=\"828\">C\u2019est une d\u00e9claration qui r\u00e9sonne fortement sur la sc\u00e8ne internationale. Ce jeudi, le pr\u00e9sident fran\u00e7ais Emmanuel Macron a annonc\u00e9 que la France reconna\u00eetra officiellement l\u2019\u00c9tat palestinien. Une prise de position in\u00e9dite pour Paris qui suscite r\u00e9actions et commentaires.<\/p>\n<p data-start=\"830\" data-end=\"1039\">L\u2019avocat Juan Branco n\u2019a pas tard\u00e9 \u00e0 rebondir sur l\u2019annonce. Dans un message publi\u00e9 sur sa page Facebook, il interpelle directement les autorit\u00e9s s\u00e9n\u00e9galaises en leur rappelant leur r\u00f4le historique : <em>\u00ab Le S\u00e9n\u00e9gal, qui pr\u00e9side pourtant le Comit\u00e9 pour les droits inali\u00e9nables du peuple palestinien \u00e0 l\u2019ONU depuis sa cr\u00e9ation, n\u2019a toujours pas rejoint la proc\u00e9dure devant la Cour internationale de justice concernant la situation \u00e0 Gaza \u00bb<\/em>, \u00e9crit-il.<\/p>\n<p data-start=\"1351\" data-end=\"1646\">L\u2019ex-conseiller juridique d\u2019Ousmane Sonko n\u2019a pas limit\u00e9 sa critique \u00e0 la question palestinienne. Il a \u00e9galement saisi l\u2019occasion pour rappeler l\u2019absence de r\u00e9action des nouvelles autorit\u00e9s s\u00e9n\u00e9galaises sur les proc\u00e9dures en cours devant la Cour p\u00e9nale internationale (CPI) et en France. <em>\u00ab Les nouvelles autorit\u00e9s s\u00e9n\u00e9galaises, sollicit\u00e9es, n'ont enfin jamais donn\u00e9 d'instructions concernant les proc\u00e9dures initi\u00e9es devant la CPI et en France concernant les soixante meurtres et plusieurs milliers de crimes commis par l'administration pr\u00e9c\u00e9dente contre leur propre peuple \u00bb<\/em>, a-t-il d\u00e9nonc\u00e9.<\/p>\n<p data-start=\"2016\" data-end=\"2404\">En effet, depuis l\u2019alternance politique ayant port\u00e9 Bassirou Diomaye Faye au pouvoir, les attentes sont fortes sur le terrain de la justice et de la r\u00e9paration des violences pass\u00e9es. Juan Branco, qui avait d\u00e9pos\u00e9 plusieurs plaintes visant l\u2019ancien pr\u00e9sident Macky Sall et ses proches, d\u00e9plore l'absence de suite ou de volont\u00e9 politique affich\u00e9e pour appuyer ces d\u00e9marches.<\/p>\n<p><iframe loading=\"lazy\" src=\"https:\/\/www.facebook.com\/plugins\/post.php?href=https%3A%2F%2Fwww.facebook.com%2Fjuan.branco.98%2Fposts%2F2457861651252473&show_text=true&width=500\" width=\"500\" height=\"277\" style=\"border:none;overflow:hidden\" scrolling=\"no\" frameborder=\"0\" allowfullscreen=\"true\" allow=\"autoplay; clipboard-write; encrypted-media; picture-in-picture; web-share\"><\/iframe><\/p>\n<div class='share-to-whatsapp-wrapper'><div class='share-on-whsp'>PARTAGER SUR : <\/div><a data-text='POURSUITE DES ANCIENS DIGNITAIRES DU R\u00c9GIME DEVANT LA CPI -Juan Branco d\u00e9plore l'inaction de Diomaye et Sonko' data-link='https:\/\/www.nettali.com\/2025\/07\/25\/poursuite-des-anciens-dignitaires-du-regime-devant-la-cpi-juan-branco-deplore-linaction-de-diomaye-et-sonko\/' class='whatsapp-button whatsapp-share'>WhatsApp<\/a><div class='clear '><\/div><\/div>","protected":false},"excerpt":{"rendered":"<p>NETTALI.COM - Apr\u00e8s l\u2019annonce historique d\u2019Emmanuel Macron sur la reconnaissance de l\u2019\u00c9tat palestinien, l\u2019avocat franco-espagnol Juan Branco a profit\u00e9 de l\u2019occasion pour critiquer la posture diplomatique du S\u00e9n\u00e9gal. Il d\u00e9plore notamment l\u2019inaction des nouvelles autorit\u00e9s sur les dossiers pendants devant la CPI. C\u2019est une d\u00e9claration qui r\u00e9sonne fortement sur la sc\u00e8ne internationale. Ce jeudi, le [&hellip;]<\/p>\n","protected":false},"author":4,"featured_media":107180,"comment_status":"open","ping_status":"open","sticky":false,"template":"","format":"standard","meta":{"_et_pb_use_builder":"","_et_pb_old_content":""},"categories":[2],"tags":[],"yoast_head":"<!-- This site is optimized with the Yoast SEO Premium plugin v17.8 (Yoast SEO v17.8) - https:\/\/yoast.com\/wordpress\/plugins\/seo\/ -->\n<title>POURSUITE DES ANCIENS DIGNITAIRES DU R\u00c9GIME DEVANT LA CPI -Juan Branco d\u00e9plore l&#039;inaction de Diomaye et Sonko | Nettali.com<\/title>\n<meta name=\"robots\" content=\"index, follow, max-snippet:-1, max-image-preview:large, max-video-preview:-1\" \/>\n<link rel=\"canonical\" href=\"https:\/\/www.nettali.com\/2025\/07\/25\/poursuite-des-anciens-dignitaires-du-regime-devant-la-cpi-juan-branco-deplore-linaction-de-diomaye-et-sonko\/\" \/>\n<meta property=\"og:locale\" content=\"fr_FR\" \/>\n<meta property=\"og:type\" content=\"article\" \/>\n<meta property=\"og:title\" content=\"POURSUITE DES ANCIENS DIGNITAIRES DU R\u00c9GIME DEVANT LA CPI -Juan Branco d\u00e9plore l&#039;inaction de Diomaye et Sonko\" \/>\n<meta property=\"og:description\" content=\"NETTALI.COM - Apr\u00e8s l\u2019annonce historique d\u2019Emmanuel Macron sur la reconnaissance de l\u2019\u00c9tat palestinien, l\u2019avocat franco-espagnol Juan Branco a profit\u00e9 de l\u2019occasion pour critiquer la posture diplomatique du S\u00e9n\u00e9gal. Il d\u00e9plore notamment l\u2019inaction des nouvelles autorit\u00e9s sur les dossiers pendants devant la CPI. C\u2019est une d\u00e9claration qui r\u00e9sonne fortement sur la sc\u00e8ne internationale. Ce jeudi, le [&hellip;]\" \/>\n<meta property=\"og:url\" content=\"https:\/\/www.nettali.com\/2025\/07\/25\/poursuite-des-anciens-dignitaires-du-regime-devant-la-cpi-juan-branco-deplore-linaction-de-diomaye-et-sonko\/\" \/>\n<meta property=\"og:site_name\" content=\"Nettali.com\" \/>\n<meta property=\"article:publisher\" content=\"https:\/\/www.facebook.com\/nettalicom\" \/>\n<meta property=\"article:published_time\" content=\"2025-07-25T06:39:00+00:00\" \/>\n<meta property=\"og:image\" content=\"https:\/\/www.nettali.com\/wp-content\/uploads\/2023\/03\/jad20230322-pol-juan-branco-1256x628-1679504204.jpg\" \/>\n\t<meta property=\"og:image:width\" content=\"1256\" \/>\n\t<meta property=\"og:image:height\" content=\"628\" \/>\n<meta name=\"twitter:card\" content=\"summary_large_image\" \/>\n<meta name=\"twitter:label1\" content=\"\u00c9crit par\" \/>\n\t<meta name=\"twitter:data1\" content=\"Daouda\" \/>\n\t<meta name=\"twitter:label2\" content=\"Dur\u00e9e de lecture estim\u00e9e\" \/>\n\t<meta name=\"twitter:data2\" content=\"2 minutes\" \/>\n<script type=\"application\/ld+json\" class=\"yoast-schema-graph\">{\"@context\":\"https:\/\/schema.org\",\"@graph\":[{\"@type\":\"WebSite\",\"@id\":\"https:\/\/www.nettali.com\/#website\",\"url\":\"https:\/\/www.nettali.com\/\",\"name\":\"Nettali.com\",\"description\":\"Le rendez-vous critique du Net\",\"potentialAction\":[{\"@type\":\"SearchAction\",\"target\":{\"@type\":\"EntryPoint\",\"urlTemplate\":\"https:\/\/www.nettali.com\/?s={search_term_string}\"},\"query-input\":\"required name=search_term_string\"}],\"inLanguage\":\"fr-FR\"},{\"@type\":\"ImageObject\",\"@id\":\"https:\/\/www.nettali.com\/2025\/07\/25\/poursuite-des-anciens-dignitaires-du-regime-devant-la-cpi-juan-branco-deplore-linaction-de-diomaye-et-sonko\/#primaryimage\",\"inLanguage\":\"fr-FR\",\"url\":\"https:\/\/www.nettali.com\/wp-content\/uploads\/2023\/03\/jad20230322-pol-juan-branco-1256x628-1679504204.jpg\",\"contentUrl\":\"https:\/\/www.nettali.com\/wp-content\/uploads\/2023\/03\/jad20230322-pol-juan-branco-1256x628-1679504204.jpg\",\"width\":1256,\"height\":628},{\"@type\":\"WebPage\",\"@id\":\"https:\/\/www.nettali.com\/2025\/07\/25\/poursuite-des-anciens-dignitaires-du-regime-devant-la-cpi-juan-branco-deplore-linaction-de-diomaye-et-sonko\/#webpage\",\"url\":\"https:\/\/www.nettali.com\/2025\/07\/25\/poursuite-des-anciens-dignitaires-du-regime-devant-la-cpi-juan-branco-deplore-linaction-de-diomaye-et-sonko\/\",\"name\":\"POURSUITE DES ANCIENS DIGNITAIRES DU R\\u00c9GIME DEVANT LA CPI -Juan Branco d\\u00e9plore l'inaction de Diomaye et Sonko | Nettali.com\",\"isPartOf\":{\"@id\":\"https:\/\/www.nettali.com\/#website\"},\"primaryImageOfPage\":{\"@id\":\"https:\/\/www.nettali.com\/2025\/07\/25\/poursuite-des-anciens-dignitaires-du-regime-devant-la-cpi-juan-branco-deplore-linaction-de-diomaye-et-sonko\/#primaryimage\"},\"datePublished\":\"2025-07-25T06:39:00+00:00\",\"dateModified\":\"2025-07-25T06:39:00+00:00\",\"author\":{\"@id\":\"https:\/\/www.nettali.com\/#\/schema\/person\/3317e0bb3aa1da309fbf7b2780901bf4\"},\"breadcrumb\":{\"@id\":\"https:\/\/www.nettali.com\/2025\/07\/25\/poursuite-des-anciens-dignitaires-du-regime-devant-la-cpi-juan-branco-deplore-linaction-de-diomaye-et-sonko\/#breadcrumb\"},\"inLanguage\":\"fr-FR\",\"potentialAction\":[{\"@type\":\"ReadAction\",\"target\":[\"https:\/\/www.nettali.com\/2025\/07\/25\/poursuite-des-anciens-dignitaires-du-regime-devant-la-cpi-juan-branco-deplore-linaction-de-diomaye-et-sonko\/\"]}]},{\"@type\":\"BreadcrumbList\",\"@id\":\"https:\/\/www.nettali.com\/2025\/07\/25\/poursuite-des-anciens-dignitaires-du-regime-devant-la-cpi-juan-branco-deplore-linaction-de-diomaye-et-sonko\/#breadcrumb\",\"itemListElement\":[{\"@type\":\"ListItem\",\"position\":1,\"name\":\"Accueil\",\"item\":\"https:\/\/www.nettali.com\/\"},{\"@type\":\"ListItem\",\"position\":2,\"name\":\"POURSUITE DES ANCIENS DIGNITAIRES DU R\\u00c9GIME DEVANT LA CPI -Juan Branco d\\u00e9plore l'inaction de Diomaye et Sonko\"}]},{\"@type\":\"Person\",\"@id\":\"https:\/\/www.nettali.com\/#\/schema\/person\/3317e0bb3aa1da309fbf7b2780901bf4\",\"name\":\"Daouda\",\"image\":{\"@type\":\"ImageObject\",\"@id\":\"https:\/\/www.nettali.com\/#personlogo\",\"inLanguage\":\"fr-FR\",\"url\":\"https:\/\/secure.gravatar.com\/avatar\/8d143b5a49345098ddcfee1c49c2f47c?s=96&d=mm&r=g\",\"contentUrl\":\"https:\/\/secure.gravatar.com\/avatar\/8d143b5a49345098ddcfee1c49c2f47c?s=96&d=mm&r=g\",\"caption\":\"Daouda\"},\"sameAs\":[\"https:\/\/www.nettali.com\"]}]}<\/script>\n<!-- \/ Yoast SEO Premium plugin. -->","yoast_head_json":{"title":"POURSUITE DES ANCIENS DIGNITAIRES DU R\u00c9GIME DEVANT LA CPI -Juan Branco d\u00e9plore l'inaction de Diomaye et Sonko | Nettali.com","robots":{"index":"index","follow":"follow","max-snippet":"max-snippet:-1","max-image-preview":"max-image-preview:large","max-video-preview":"max-video-preview:-1"},"canonical":"https:\/\/www.nettali.com\/2025\/07\/25\/poursuite-des-anciens-dignitaires-du-regime-devant-la-cpi-juan-branco-deplore-linaction-de-diomaye-et-sonko\/","og_locale":"fr_FR","og_type":"article","og_title":"POURSUITE DES ANCIENS DIGNITAIRES DU R\u00c9GIME DEVANT LA CPI -Juan Branco d\u00e9plore l'inaction de Diomaye et Sonko","og_description":"NETTALI.COM - Apr\u00e8s l\u2019annonce historique d\u2019Emmanuel Macron sur la reconnaissance de l\u2019\u00c9tat palestinien, l\u2019avocat franco-espagnol Juan Branco a profit\u00e9 de l\u2019occasion pour critiquer la posture diplomatique du S\u00e9n\u00e9gal. Il d\u00e9plore notamment l\u2019inaction des nouvelles autorit\u00e9s sur les dossiers pendants devant la CPI. C\u2019est une d\u00e9claration qui r\u00e9sonne fortement sur la sc\u00e8ne internationale. Ce jeudi, le [&hellip;]","og_url":"https:\/\/www.nettali.com\/2025\/07\/25\/poursuite-des-anciens-dignitaires-du-regime-devant-la-cpi-juan-branco-deplore-linaction-de-diomaye-et-sonko\/","og_site_name":"Nettali.com","article_publisher":"https:\/\/www.facebook.com\/nettalicom","article_published_time":"2025-07-25T06:39:00+00:00","og_image":[{"width":1256,"height":628,"url":"https:\/\/www.nettali.com\/wp-content\/uploads\/2023\/03\/jad20230322-pol-juan-branco-1256x628-1679504204.jpg","type":"image\/jpeg"}],"twitter_card":"summary_large_image","twitter_misc":{"\u00c9crit par":"Daouda","Dur\u00e9e de lecture estim\u00e9e":"2 minutes"},"schema":{"@context":"https:\/\/schema.org","@graph":[{"@type":"WebSite","@id":"https:\/\/www.nettali.com\/#website","url":"https:\/\/www.nettali.com\/","name":"Nettali.com","description":"Le rendez-vous critique du Net","potentialAction":[{"@type":"SearchAction","target":{"@type":"EntryPoint","urlTemplate":"https:\/\/www.nettali.com\/?s={search_term_string}"},"query-input":"required name=search_term_string"}],"inLanguage":"fr-FR"},{"@type":"ImageObject","@id":"https:\/\/www.nettali.com\/2025\/07\/25\/poursuite-des-anciens-dignitaires-du-regime-devant-la-cpi-juan-branco-deplore-linaction-de-diomaye-et-sonko\/#primaryimage","inLanguage":"fr-FR","url":"https:\/\/www.nettali.com\/wp-content\/uploads\/2023\/03\/jad20230322-pol-juan-branco-1256x628-1679504204.jpg","contentUrl":"https:\/\/www.nettali.com\/wp-content\/uploads\/2023\/03\/jad20230322-pol-juan-branco-1256x628-1679504204.jpg","width":1256,"height":628},{"@type":"WebPage","@id":"https:\/\/www.nettali.com\/2025\/07\/25\/poursuite-des-anciens-dignitaires-du-regime-devant-la-cpi-juan-branco-deplore-linaction-de-diomaye-et-sonko\/#webpage","url":"https:\/\/www.nettali.com\/2025\/07\/25\/poursuite-des-anciens-dignitaires-du-regime-devant-la-cpi-juan-branco-deplore-linaction-de-diomaye-et-sonko\/","name":"POURSUITE DES ANCIENS DIGNITAIRES DU R\u00c9GIME DEVANT LA CPI -Juan Branco d\u00e9plore l'inaction de Diomaye et Sonko | Nettali.com","isPartOf":{"@id":"https:\/\/www.nettali.com\/#website"},"primaryImageOfPage":{"@id":"https:\/\/www.nettali.com\/2025\/07\/25\/poursuite-des-anciens-dignitaires-du-regime-devant-la-cpi-juan-branco-deplore-linaction-de-diomaye-et-sonko\/#primaryimage"},"datePublished":"2025-07-25T06:39:00+00:00","dateModified":"2025-07-25T06:39:00+00:00","author":{"@id":"https:\/\/www.nettali.com\/#\/schema\/person\/3317e0bb3aa1da309fbf7b2780901bf4"},"breadcrumb":{"@id":"https:\/\/www.nettali.com\/2025\/07\/25\/poursuite-des-anciens-dignitaires-du-regime-devant-la-cpi-juan-branco-deplore-linaction-de-diomaye-et-sonko\/#breadcrumb"},"inLanguage":"fr-FR","potentialAction":[{"@type":"ReadAction","target":["https:\/\/www.nettali.com\/2025\/07\/25\/poursuite-des-anciens-dignitaires-du-regime-devant-la-cpi-juan-branco-deplore-linaction-de-diomaye-et-sonko\/"]}]},{"@type":"BreadcrumbList","@id":"https:\/\/www.nettali.com\/2025\/07\/25\/poursuite-des-anciens-dignitaires-du-regime-devant-la-cpi-juan-branco-deplore-linaction-de-diomaye-et-sonko\/#breadcrumb","itemListElement":[{"@type":"ListItem","position":1,"name":"Accueil","item":"https:\/\/www.nettali.com\/"},{"@type":"ListItem","position":2,"name":"POURSUITE DES ANCIENS DIGNITAIRES DU R\u00c9GIME DEVANT LA CPI -Juan Branco d\u00e9plore l'inaction de Diomaye et Sonko"}]},{"@type":"Person","@id":"https:\/\/www.nettali.com\/#\/schema\/person\/3317e0bb3aa1da309fbf7b2780901bf4","name":"Daouda","image":{"@type":"ImageObject","@id":"https:\/\/www.nettali.com\/#personlogo","inLanguage":"fr-FR","url":"https:\/\/secure.gravatar.com\/avatar\/8d143b5a49345098ddcfee1c49c2f47c?s=96&d=mm&r=g","contentUrl":"https:\/\/secure.gravatar.com\/avatar\/8d143b5a49345098ddcfee1c49c2f47c?s=96&d=mm&r=g","caption":"Daouda"},"sameAs":["https:\/\/www.nettali.com"]}]}},"_links":{"self":[{"href":"https:\/\/www.nettali.com\/rest\/wp\/v2\/posts\/158240"}],"collection":[{"href":"https:\/\/www.nettali.com\/rest\/wp\/v2\/posts"}],"about":[{"href":"https:\/\/www.nettali.com\/rest\/wp\/v2\/types\/post"}],"author":[{"embeddable":true,"href":"https:\/\/www.nettali.com\/rest\/wp\/v2\/users\/4"}],"replies":[{"embeddable":true,"href":"https:\/\/www.nettali.com\/rest\/wp\/v2\/comments?post=158240"}],"version-history":[{"count":1,"href":"https:\/\/www.nettali.com\/rest\/wp\/v2\/posts\/158240\/revisions"}],"predecessor-version":[{"id":158241,"href":"https:\/\/www.nettali.com\/rest\/wp\/v2\/posts\/158240\/revisions\/158241"}],"wp:featuredmedia":[{"embeddable":true,"href":"https:\/\/www.nettali.com\/rest\/wp\/v2\/media\/107180"}],"wp:attachment":[{"href":"https:\/\/www.nettali.com\/rest\/wp\/v2\/media?parent=158240"}],"wp:term":[{"taxonomy":"category","embeddable":true,"href":"https:\/\/www.nettali.com\/rest\/wp\/v2\/categories?post=158240"},{"taxonomy":"post_tag","embeddable":true,"href":"https:\/\/www.nettali.com\/rest\/wp\/v2\/tags?post=158240"}],"curies":[{"name":"wp","href":"https:\/\/api.w.org\/{rel}","templated":true}]}}