{"id":158237,"date":"2025-07-25T10:06:03","date_gmt":"2025-07-25T10:06:03","guid":{"rendered":"https:\/\/www.nettali.com\/?p=158237"},"modified":"2025-07-25T10:46:09","modified_gmt":"2025-07-25T10:46:09","slug":"psg-aucun-lateral-recrute-cet-ete","status":"publish","type":"post","link":"https:\/\/www.nettali.com\/2025\/07\/25\/psg-aucun-lateral-recrute-cet-ete\/","title":{"rendered":"PSG - Aucun lat\u00e9ral recrut\u00e9 cet \u00e9t\u00e9 ?"},"content":{"rendered":"<p><strong>NETTALI.COM -\u00a0<\/strong> Tr\u00e8s calme depuis le d\u00e9but du mercato, le Paris Saint-Germain n\u2019entend pas chambouler son effectif cet \u00e9t\u00e9. Le d\u00e9fenseur central Illia Zabarnyi (Bournemouth) pourrait d\u2019ailleurs \u00eatre la seule recrue d\u00e9fensive estivale du champion d'Europe. En effet, le club de la capitale ne compterait pas recruter d\u2019\u00e9l\u00e9ments suppl\u00e9mentaires au poste de lat\u00e9ral.<\/p>\n<p>Selon L\u2019Equipe, le PSG semble consid\u00e9rer que Lucas Hernandez, Warren Za\u00efre-Emery et Joao Neves repr\u00e9sentent des options suffisantes pour remplacer Nuno Mendes et Achraf Hakimi en cas de besoin.<\/p>\n<div class='share-to-whatsapp-wrapper'><div class='share-on-whsp'>PARTAGER SUR : <\/div><a data-text='PSG - Aucun lat\u00e9ral recrut\u00e9 cet \u00e9t\u00e9 ?' data-link='https:\/\/www.nettali.com\/2025\/07\/25\/psg-aucun-lateral-recrute-cet-ete\/' class='whatsapp-button whatsapp-share'>WhatsApp<\/a><div class='clear '><\/div><\/div>","protected":false},"excerpt":{"rendered":"<p>NETTALI.COM -\u00a0 Tr\u00e8s calme depuis le d\u00e9but du mercato, le Paris Saint-Germain n\u2019entend pas chambouler son effectif cet \u00e9t\u00e9. Le d\u00e9fenseur central Illia Zabarnyi (Bournemouth) pourrait d\u2019ailleurs \u00eatre la seule recrue d\u00e9fensive estivale du champion d'Europe. En effet, le club de la capitale ne compterait pas recruter d\u2019\u00e9l\u00e9ments suppl\u00e9mentaires au poste de lat\u00e9ral. Selon L\u2019Equipe, [&hellip;]<\/p>\n","protected":false},"author":2,"featured_media":158238,"comment_status":"open","ping_status":"open","sticky":false,"template":"","format":"standard","meta":{"_et_pb_use_builder":"","_et_pb_old_content":""},"categories":[6],"tags":[],"yoast_head":"<!-- This site is optimized with the Yoast SEO Premium plugin v17.8 (Yoast SEO v17.8) - https:\/\/yoast.com\/wordpress\/plugins\/seo\/ -->\n<title>PSG - Aucun lat\u00e9ral recrut\u00e9 cet \u00e9t\u00e9 ? | Nettali.com<\/title>\n<meta name=\"robots\" content=\"index, follow, max-snippet:-1, max-image-preview:large, max-video-preview:-1\" \/>\n<link rel=\"canonical\" href=\"https:\/\/www.nettali.com\/2025\/07\/25\/psg-aucun-lateral-recrute-cet-ete\/\" \/>\n<meta property=\"og:locale\" content=\"fr_FR\" \/>\n<meta property=\"og:type\" content=\"article\" \/>\n<meta property=\"og:title\" content=\"PSG - Aucun lat\u00e9ral recrut\u00e9 cet \u00e9t\u00e9 ?\" \/>\n<meta property=\"og:description\" content=\"NETTALI.COM -\u00a0 Tr\u00e8s calme depuis le d\u00e9but du mercato, le Paris Saint-Germain n\u2019entend pas chambouler son effectif cet \u00e9t\u00e9. Le d\u00e9fenseur central Illia Zabarnyi (Bournemouth) pourrait d\u2019ailleurs \u00eatre la seule recrue d\u00e9fensive estivale du champion d&#039;Europe. En effet, le club de la capitale ne compterait pas recruter d\u2019\u00e9l\u00e9ments suppl\u00e9mentaires au poste de lat\u00e9ral. Selon L\u2019Equipe, [&hellip;]\" \/>\n<meta property=\"og:url\" content=\"https:\/\/www.nettali.com\/2025\/07\/25\/psg-aucun-lateral-recrute-cet-ete\/\" \/>\n<meta property=\"og:site_name\" content=\"Nettali.com\" \/>\n<meta property=\"article:publisher\" content=\"https:\/\/www.facebook.com\/nettalicom\" \/>\n<meta property=\"article:published_time\" content=\"2025-07-25T10:06:03+00:00\" \/>\n<meta property=\"article:modified_time\" content=\"2025-07-25T10:46:09+00:00\" \/>\n<meta property=\"og:image\" content=\"https:\/\/www.nettali.com\/wp-content\/uploads\/2025\/07\/7c7319a1f84e66e1d7ac01aeeae1c15ee9296d44-480x360-1.jpg\" \/>\n\t<meta property=\"og:image:width\" content=\"480\" \/>\n\t<meta property=\"og:image:height\" content=\"360\" \/>\n<meta name=\"twitter:card\" content=\"summary_large_image\" \/>\n<meta name=\"twitter:label1\" content=\"\u00c9crit par\" \/>\n\t<meta name=\"twitter:data1\" content=\"CK\" \/>\n<script type=\"application\/ld+json\" class=\"yoast-schema-graph\">{\"@context\":\"https:\/\/schema.org\",\"@graph\":[{\"@type\":\"WebSite\",\"@id\":\"https:\/\/www.nettali.com\/#website\",\"url\":\"https:\/\/www.nettali.com\/\",\"name\":\"Nettali.com\",\"description\":\"Le rendez-vous critique du Net\",\"potentialAction\":[{\"@type\":\"SearchAction\",\"target\":{\"@type\":\"EntryPoint\",\"urlTemplate\":\"https:\/\/www.nettali.com\/?s={search_term_string}\"},\"query-input\":\"required name=search_term_string\"}],\"inLanguage\":\"fr-FR\"},{\"@type\":\"ImageObject\",\"@id\":\"https:\/\/www.nettali.com\/2025\/07\/25\/psg-aucun-lateral-recrute-cet-ete\/#primaryimage\",\"inLanguage\":\"fr-FR\",\"url\":\"https:\/\/www.nettali.com\/wp-content\/uploads\/2025\/07\/7c7319a1f84e66e1d7ac01aeeae1c15ee9296d44-480x360-1.jpg\",\"contentUrl\":\"https:\/\/www.nettali.com\/wp-content\/uploads\/2025\/07\/7c7319a1f84e66e1d7ac01aeeae1c15ee9296d44-480x360-1.jpg\",\"width\":480,\"height\":360},{\"@type\":\"WebPage\",\"@id\":\"https:\/\/www.nettali.com\/2025\/07\/25\/psg-aucun-lateral-recrute-cet-ete\/#webpage\",\"url\":\"https:\/\/www.nettali.com\/2025\/07\/25\/psg-aucun-lateral-recrute-cet-ete\/\",\"name\":\"PSG - Aucun lat\\u00e9ral recrut\\u00e9 cet \\u00e9t\\u00e9 ? | Nettali.com\",\"isPartOf\":{\"@id\":\"https:\/\/www.nettali.com\/#website\"},\"primaryImageOfPage\":{\"@id\":\"https:\/\/www.nettali.com\/2025\/07\/25\/psg-aucun-lateral-recrute-cet-ete\/#primaryimage\"},\"datePublished\":\"2025-07-25T10:06:03+00:00\",\"dateModified\":\"2025-07-25T10:46:09+00:00\",\"author\":{\"@id\":\"https:\/\/www.nettali.com\/#\/schema\/person\/d8ac7b7e27ddad43f1c0d2ef090d7f71\"},\"breadcrumb\":{\"@id\":\"https:\/\/www.nettali.com\/2025\/07\/25\/psg-aucun-lateral-recrute-cet-ete\/#breadcrumb\"},\"inLanguage\":\"fr-FR\",\"potentialAction\":[{\"@type\":\"ReadAction\",\"target\":[\"https:\/\/www.nettali.com\/2025\/07\/25\/psg-aucun-lateral-recrute-cet-ete\/\"]}]},{\"@type\":\"BreadcrumbList\",\"@id\":\"https:\/\/www.nettali.com\/2025\/07\/25\/psg-aucun-lateral-recrute-cet-ete\/#breadcrumb\",\"itemListElement\":[{\"@type\":\"ListItem\",\"position\":1,\"name\":\"Accueil\",\"item\":\"https:\/\/www.nettali.com\/\"},{\"@type\":\"ListItem\",\"position\":2,\"name\":\"PSG - Aucun lat\\u00e9ral recrut\\u00e9 cet \\u00e9t\\u00e9 ?\"}]},{\"@type\":\"Person\",\"@id\":\"https:\/\/www.nettali.com\/#\/schema\/person\/d8ac7b7e27ddad43f1c0d2ef090d7f71\",\"name\":\"CK\",\"image\":{\"@type\":\"ImageObject\",\"@id\":\"https:\/\/www.nettali.com\/#personlogo\",\"inLanguage\":\"fr-FR\",\"url\":\"https:\/\/secure.gravatar.com\/avatar\/1d8d5118b9327d94da7cd4ce7f17fec2?s=96&d=mm&r=g\",\"contentUrl\":\"https:\/\/secure.gravatar.com\/avatar\/1d8d5118b9327d94da7cd4ce7f17fec2?s=96&d=mm&r=g\",\"caption\":\"CK\"},\"sameAs\":[\"https:\/\/www.nettali.com\"]}]}<\/script>\n<!-- \/ Yoast SEO Premium plugin. -->","yoast_head_json":{"title":"PSG - Aucun lat\u00e9ral recrut\u00e9 cet \u00e9t\u00e9 ? | Nettali.com","robots":{"index":"index","follow":"follow","max-snippet":"max-snippet:-1","max-image-preview":"max-image-preview:large","max-video-preview":"max-video-preview:-1"},"canonical":"https:\/\/www.nettali.com\/2025\/07\/25\/psg-aucun-lateral-recrute-cet-ete\/","og_locale":"fr_FR","og_type":"article","og_title":"PSG - Aucun lat\u00e9ral recrut\u00e9 cet \u00e9t\u00e9 ?","og_description":"NETTALI.COM -\u00a0 Tr\u00e8s calme depuis le d\u00e9but du mercato, le Paris Saint-Germain n\u2019entend pas chambouler son effectif cet \u00e9t\u00e9. Le d\u00e9fenseur central Illia Zabarnyi (Bournemouth) pourrait d\u2019ailleurs \u00eatre la seule recrue d\u00e9fensive estivale du champion d'Europe. En effet, le club de la capitale ne compterait pas recruter d\u2019\u00e9l\u00e9ments suppl\u00e9mentaires au poste de lat\u00e9ral. Selon L\u2019Equipe, [&hellip;]","og_url":"https:\/\/www.nettali.com\/2025\/07\/25\/psg-aucun-lateral-recrute-cet-ete\/","og_site_name":"Nettali.com","article_publisher":"https:\/\/www.facebook.com\/nettalicom","article_published_time":"2025-07-25T10:06:03+00:00","article_modified_time":"2025-07-25T10:46:09+00:00","og_image":[{"width":480,"height":360,"url":"https:\/\/www.nettali.com\/wp-content\/uploads\/2025\/07\/7c7319a1f84e66e1d7ac01aeeae1c15ee9296d44-480x360-1.jpg","type":"image\/jpeg"}],"twitter_card":"summary_large_image","twitter_misc":{"\u00c9crit par":"CK"},"schema":{"@context":"https:\/\/schema.org","@graph":[{"@type":"WebSite","@id":"https:\/\/www.nettali.com\/#website","url":"https:\/\/www.nettali.com\/","name":"Nettali.com","description":"Le rendez-vous critique du Net","potentialAction":[{"@type":"SearchAction","target":{"@type":"EntryPoint","urlTemplate":"https:\/\/www.nettali.com\/?s={search_term_string}"},"query-input":"required name=search_term_string"}],"inLanguage":"fr-FR"},{"@type":"ImageObject","@id":"https:\/\/www.nettali.com\/2025\/07\/25\/psg-aucun-lateral-recrute-cet-ete\/#primaryimage","inLanguage":"fr-FR","url":"https:\/\/www.nettali.com\/wp-content\/uploads\/2025\/07\/7c7319a1f84e66e1d7ac01aeeae1c15ee9296d44-480x360-1.jpg","contentUrl":"https:\/\/www.nettali.com\/wp-content\/uploads\/2025\/07\/7c7319a1f84e66e1d7ac01aeeae1c15ee9296d44-480x360-1.jpg","width":480,"height":360},{"@type":"WebPage","@id":"https:\/\/www.nettali.com\/2025\/07\/25\/psg-aucun-lateral-recrute-cet-ete\/#webpage","url":"https:\/\/www.nettali.com\/2025\/07\/25\/psg-aucun-lateral-recrute-cet-ete\/","name":"PSG - Aucun lat\u00e9ral recrut\u00e9 cet \u00e9t\u00e9 ? | Nettali.com","isPartOf":{"@id":"https:\/\/www.nettali.com\/#website"},"primaryImageOfPage":{"@id":"https:\/\/www.nettali.com\/2025\/07\/25\/psg-aucun-lateral-recrute-cet-ete\/#primaryimage"},"datePublished":"2025-07-25T10:06:03+00:00","dateModified":"2025-07-25T10:46:09+00:00","author":{"@id":"https:\/\/www.nettali.com\/#\/schema\/person\/d8ac7b7e27ddad43f1c0d2ef090d7f71"},"breadcrumb":{"@id":"https:\/\/www.nettali.com\/2025\/07\/25\/psg-aucun-lateral-recrute-cet-ete\/#breadcrumb"},"inLanguage":"fr-FR","potentialAction":[{"@type":"ReadAction","target":["https:\/\/www.nettali.com\/2025\/07\/25\/psg-aucun-lateral-recrute-cet-ete\/"]}]},{"@type":"BreadcrumbList","@id":"https:\/\/www.nettali.com\/2025\/07\/25\/psg-aucun-lateral-recrute-cet-ete\/#breadcrumb","itemListElement":[{"@type":"ListItem","position":1,"name":"Accueil","item":"https:\/\/www.nettali.com\/"},{"@type":"ListItem","position":2,"name":"PSG - Aucun lat\u00e9ral recrut\u00e9 cet \u00e9t\u00e9 ?"}]},{"@type":"Person","@id":"https:\/\/www.nettali.com\/#\/schema\/person\/d8ac7b7e27ddad43f1c0d2ef090d7f71","name":"CK","image":{"@type":"ImageObject","@id":"https:\/\/www.nettali.com\/#personlogo","inLanguage":"fr-FR","url":"https:\/\/secure.gravatar.com\/avatar\/1d8d5118b9327d94da7cd4ce7f17fec2?s=96&d=mm&r=g","contentUrl":"https:\/\/secure.gravatar.com\/avatar\/1d8d5118b9327d94da7cd4ce7f17fec2?s=96&d=mm&r=g","caption":"CK"},"sameAs":["https:\/\/www.nettali.com"]}]}},"_links":{"self":[{"href":"https:\/\/www.nettali.com\/rest\/wp\/v2\/posts\/158237"}],"collection":[{"href":"https:\/\/www.nettali.com\/rest\/wp\/v2\/posts"}],"about":[{"href":"https:\/\/www.nettali.com\/rest\/wp\/v2\/types\/post"}],"author":[{"embeddable":true,"href":"https:\/\/www.nettali.com\/rest\/wp\/v2\/users\/2"}],"replies":[{"embeddable":true,"href":"https:\/\/www.nettali.com\/rest\/wp\/v2\/comments?post=158237"}],"version-history":[{"count":1,"href":"https:\/\/www.nettali.com\/rest\/wp\/v2\/posts\/158237\/revisions"}],"predecessor-version":[{"id":158239,"href":"https:\/\/www.nettali.com\/rest\/wp\/v2\/posts\/158237\/revisions\/158239"}],"wp:featuredmedia":[{"embeddable":true,"href":"https:\/\/www.nettali.com\/rest\/wp\/v2\/media\/158238"}],"wp:attachment":[{"href":"https:\/\/www.nettali.com\/rest\/wp\/v2\/media?parent=158237"}],"wp:term":[{"taxonomy":"category","embeddable":true,"href":"https:\/\/www.nettali.com\/rest\/wp\/v2\/categories?post=158237"},{"taxonomy":"post_tag","embeddable":true,"href":"https:\/\/www.nettali.com\/rest\/wp\/v2\/tags?post=158237"}],"curies":[{"name":"wp","href":"https:\/\/api.w.org\/{rel}","templated":true}]}}