{"id":158231,"date":"2025-07-25T02:02:34","date_gmt":"2025-07-25T02:02:34","guid":{"rendered":"https:\/\/www.nettali.com\/?p=158231"},"modified":"2025-07-25T02:02:34","modified_gmt":"2025-07-25T02:02:34","slug":"barca-ter-stegen-absent-environ-3-mois","status":"publish","type":"post","link":"https:\/\/www.nettali.com\/2025\/07\/25\/barca-ter-stegen-absent-environ-3-mois\/","title":{"rendered":"BAR\u00c7A - Ter Stegen absent environ 3 mois"},"content":{"rendered":"<p><strong>NETTALI.COM -<\/strong> C'\u00e9tait pressenti, c'est d\u00e9sormais officiel : Marc-Andr\u00e9 ter Stegen (33 ans, 9 matchs toutes comp\u00e9titions pour la saison 2024- 2025) a annonc\u00e9 ce jeudi sur ses r\u00e9seaux sociaux qu'il allait subir une op\u00e9ration du dos \u201c<em>apr\u00e8s des discussions approfondies avec l\u2019\u00e9quipe m\u00e9dicale du FC Barcelone et des experts externes<\/em>\u201d.<\/p>\n<p>L'international allemand annonce une indisponibilit\u00e9 \u201cd'environ trois mois\u201d, ce qui le privera d'une bonne partie de la premi\u00e8re moiti\u00e9 de saison avec le club catalan.<\/p>\n<p>En son absence, le Bar\u00e7a peut compter sur sa recrue Joan Garcia, arriv\u00e9 en provenance de l'Espanyol cet \u00e9t\u00e9, et Wojciech Szczesny, prolong\u00e9 jusqu'en 2027.<\/p>\n<div class='share-to-whatsapp-wrapper'><div class='share-on-whsp'>PARTAGER SUR : <\/div><a data-text='BAR\u00c7A - Ter Stegen absent environ 3 mois' data-link='https:\/\/www.nettali.com\/2025\/07\/25\/barca-ter-stegen-absent-environ-3-mois\/' class='whatsapp-button whatsapp-share'>WhatsApp<\/a><div class='clear '><\/div><\/div>","protected":false},"excerpt":{"rendered":"<p>NETTALI.COM - C'\u00e9tait pressenti, c'est d\u00e9sormais officiel : Marc-Andr\u00e9 ter Stegen (33 ans, 9 matchs toutes comp\u00e9titions pour la saison 2024- 2025) a annonc\u00e9 ce jeudi sur ses r\u00e9seaux sociaux qu'il allait subir une op\u00e9ration du dos \u201capr\u00e8s des discussions approfondies avec l\u2019\u00e9quipe m\u00e9dicale du FC Barcelone et des experts externes\u201d. L'international allemand annonce une [&hellip;]<\/p>\n","protected":false},"author":2,"featured_media":158232,"comment_status":"open","ping_status":"open","sticky":false,"template":"","format":"standard","meta":{"_et_pb_use_builder":"","_et_pb_old_content":""},"categories":[6],"tags":[],"yoast_head":"<!-- This site is optimized with the Yoast SEO Premium plugin v17.8 (Yoast SEO v17.8) - https:\/\/yoast.com\/wordpress\/plugins\/seo\/ -->\n<title>BAR\u00c7A - Ter Stegen absent environ 3 mois | Nettali.com<\/title>\n<meta name=\"robots\" content=\"index, follow, max-snippet:-1, max-image-preview:large, max-video-preview:-1\" \/>\n<link rel=\"canonical\" href=\"https:\/\/www.nettali.com\/2025\/07\/25\/barca-ter-stegen-absent-environ-3-mois\/\" \/>\n<meta property=\"og:locale\" content=\"fr_FR\" \/>\n<meta property=\"og:type\" content=\"article\" \/>\n<meta property=\"og:title\" content=\"BAR\u00c7A - Ter Stegen absent environ 3 mois\" \/>\n<meta property=\"og:description\" content=\"NETTALI.COM - C&#039;\u00e9tait pressenti, c&#039;est d\u00e9sormais officiel : Marc-Andr\u00e9 ter Stegen (33 ans, 9 matchs toutes comp\u00e9titions pour la saison 2024- 2025) a annonc\u00e9 ce jeudi sur ses r\u00e9seaux sociaux qu&#039;il allait subir une op\u00e9ration du dos \u201capr\u00e8s des discussions approfondies avec l\u2019\u00e9quipe m\u00e9dicale du FC Barcelone et des experts externes\u201d. L&#039;international allemand annonce une [&hellip;]\" \/>\n<meta property=\"og:url\" content=\"https:\/\/www.nettali.com\/2025\/07\/25\/barca-ter-stegen-absent-environ-3-mois\/\" \/>\n<meta property=\"og:site_name\" content=\"Nettali.com\" \/>\n<meta property=\"article:publisher\" content=\"https:\/\/www.facebook.com\/nettalicom\" \/>\n<meta property=\"article:published_time\" content=\"2025-07-25T02:02:34+00:00\" \/>\n<meta property=\"og:image\" content=\"https:\/\/www.nettali.com\/wp-content\/uploads\/2025\/07\/e8c82.jpg\" \/>\n\t<meta property=\"og:image:width\" content=\"1200\" \/>\n\t<meta property=\"og:image:height\" content=\"800\" \/>\n<meta name=\"twitter:card\" content=\"summary_large_image\" \/>\n<meta name=\"twitter:label1\" content=\"\u00c9crit par\" \/>\n\t<meta name=\"twitter:data1\" content=\"CK\" \/>\n\t<meta name=\"twitter:label2\" content=\"Dur\u00e9e de lecture estim\u00e9e\" \/>\n\t<meta name=\"twitter:data2\" content=\"1 minute\" \/>\n<script type=\"application\/ld+json\" class=\"yoast-schema-graph\">{\"@context\":\"https:\/\/schema.org\",\"@graph\":[{\"@type\":\"WebSite\",\"@id\":\"https:\/\/www.nettali.com\/#website\",\"url\":\"https:\/\/www.nettali.com\/\",\"name\":\"Nettali.com\",\"description\":\"Le rendez-vous critique du Net\",\"potentialAction\":[{\"@type\":\"SearchAction\",\"target\":{\"@type\":\"EntryPoint\",\"urlTemplate\":\"https:\/\/www.nettali.com\/?s={search_term_string}\"},\"query-input\":\"required name=search_term_string\"}],\"inLanguage\":\"fr-FR\"},{\"@type\":\"ImageObject\",\"@id\":\"https:\/\/www.nettali.com\/2025\/07\/25\/barca-ter-stegen-absent-environ-3-mois\/#primaryimage\",\"inLanguage\":\"fr-FR\",\"url\":\"https:\/\/www.nettali.com\/wp-content\/uploads\/2025\/07\/e8c82.jpg\",\"contentUrl\":\"https:\/\/www.nettali.com\/wp-content\/uploads\/2025\/07\/e8c82.jpg\",\"width\":1200,\"height\":800},{\"@type\":\"WebPage\",\"@id\":\"https:\/\/www.nettali.com\/2025\/07\/25\/barca-ter-stegen-absent-environ-3-mois\/#webpage\",\"url\":\"https:\/\/www.nettali.com\/2025\/07\/25\/barca-ter-stegen-absent-environ-3-mois\/\",\"name\":\"BAR\\u00c7A - Ter Stegen absent environ 3 mois | Nettali.com\",\"isPartOf\":{\"@id\":\"https:\/\/www.nettali.com\/#website\"},\"primaryImageOfPage\":{\"@id\":\"https:\/\/www.nettali.com\/2025\/07\/25\/barca-ter-stegen-absent-environ-3-mois\/#primaryimage\"},\"datePublished\":\"2025-07-25T02:02:34+00:00\",\"dateModified\":\"2025-07-25T02:02:34+00:00\",\"author\":{\"@id\":\"https:\/\/www.nettali.com\/#\/schema\/person\/d8ac7b7e27ddad43f1c0d2ef090d7f71\"},\"breadcrumb\":{\"@id\":\"https:\/\/www.nettali.com\/2025\/07\/25\/barca-ter-stegen-absent-environ-3-mois\/#breadcrumb\"},\"inLanguage\":\"fr-FR\",\"potentialAction\":[{\"@type\":\"ReadAction\",\"target\":[\"https:\/\/www.nettali.com\/2025\/07\/25\/barca-ter-stegen-absent-environ-3-mois\/\"]}]},{\"@type\":\"BreadcrumbList\",\"@id\":\"https:\/\/www.nettali.com\/2025\/07\/25\/barca-ter-stegen-absent-environ-3-mois\/#breadcrumb\",\"itemListElement\":[{\"@type\":\"ListItem\",\"position\":1,\"name\":\"Accueil\",\"item\":\"https:\/\/www.nettali.com\/\"},{\"@type\":\"ListItem\",\"position\":2,\"name\":\"BAR\\u00c7A - Ter Stegen absent environ 3 mois\"}]},{\"@type\":\"Person\",\"@id\":\"https:\/\/www.nettali.com\/#\/schema\/person\/d8ac7b7e27ddad43f1c0d2ef090d7f71\",\"name\":\"CK\",\"image\":{\"@type\":\"ImageObject\",\"@id\":\"https:\/\/www.nettali.com\/#personlogo\",\"inLanguage\":\"fr-FR\",\"url\":\"https:\/\/secure.gravatar.com\/avatar\/1d8d5118b9327d94da7cd4ce7f17fec2?s=96&d=mm&r=g\",\"contentUrl\":\"https:\/\/secure.gravatar.com\/avatar\/1d8d5118b9327d94da7cd4ce7f17fec2?s=96&d=mm&r=g\",\"caption\":\"CK\"},\"sameAs\":[\"https:\/\/www.nettali.com\"]}]}<\/script>\n<!-- \/ Yoast SEO Premium plugin. -->","yoast_head_json":{"title":"BAR\u00c7A - Ter Stegen absent environ 3 mois | Nettali.com","robots":{"index":"index","follow":"follow","max-snippet":"max-snippet:-1","max-image-preview":"max-image-preview:large","max-video-preview":"max-video-preview:-1"},"canonical":"https:\/\/www.nettali.com\/2025\/07\/25\/barca-ter-stegen-absent-environ-3-mois\/","og_locale":"fr_FR","og_type":"article","og_title":"BAR\u00c7A - Ter Stegen absent environ 3 mois","og_description":"NETTALI.COM - C'\u00e9tait pressenti, c'est d\u00e9sormais officiel : Marc-Andr\u00e9 ter Stegen (33 ans, 9 matchs toutes comp\u00e9titions pour la saison 2024- 2025) a annonc\u00e9 ce jeudi sur ses r\u00e9seaux sociaux qu'il allait subir une op\u00e9ration du dos \u201capr\u00e8s des discussions approfondies avec l\u2019\u00e9quipe m\u00e9dicale du FC Barcelone et des experts externes\u201d. L'international allemand annonce une [&hellip;]","og_url":"https:\/\/www.nettali.com\/2025\/07\/25\/barca-ter-stegen-absent-environ-3-mois\/","og_site_name":"Nettali.com","article_publisher":"https:\/\/www.facebook.com\/nettalicom","article_published_time":"2025-07-25T02:02:34+00:00","og_image":[{"width":1200,"height":800,"url":"https:\/\/www.nettali.com\/wp-content\/uploads\/2025\/07\/e8c82.jpg","type":"image\/jpeg"}],"twitter_card":"summary_large_image","twitter_misc":{"\u00c9crit par":"CK","Dur\u00e9e de lecture estim\u00e9e":"1 minute"},"schema":{"@context":"https:\/\/schema.org","@graph":[{"@type":"WebSite","@id":"https:\/\/www.nettali.com\/#website","url":"https:\/\/www.nettali.com\/","name":"Nettali.com","description":"Le rendez-vous critique du Net","potentialAction":[{"@type":"SearchAction","target":{"@type":"EntryPoint","urlTemplate":"https:\/\/www.nettali.com\/?s={search_term_string}"},"query-input":"required name=search_term_string"}],"inLanguage":"fr-FR"},{"@type":"ImageObject","@id":"https:\/\/www.nettali.com\/2025\/07\/25\/barca-ter-stegen-absent-environ-3-mois\/#primaryimage","inLanguage":"fr-FR","url":"https:\/\/www.nettali.com\/wp-content\/uploads\/2025\/07\/e8c82.jpg","contentUrl":"https:\/\/www.nettali.com\/wp-content\/uploads\/2025\/07\/e8c82.jpg","width":1200,"height":800},{"@type":"WebPage","@id":"https:\/\/www.nettali.com\/2025\/07\/25\/barca-ter-stegen-absent-environ-3-mois\/#webpage","url":"https:\/\/www.nettali.com\/2025\/07\/25\/barca-ter-stegen-absent-environ-3-mois\/","name":"BAR\u00c7A - Ter Stegen absent environ 3 mois | Nettali.com","isPartOf":{"@id":"https:\/\/www.nettali.com\/#website"},"primaryImageOfPage":{"@id":"https:\/\/www.nettali.com\/2025\/07\/25\/barca-ter-stegen-absent-environ-3-mois\/#primaryimage"},"datePublished":"2025-07-25T02:02:34+00:00","dateModified":"2025-07-25T02:02:34+00:00","author":{"@id":"https:\/\/www.nettali.com\/#\/schema\/person\/d8ac7b7e27ddad43f1c0d2ef090d7f71"},"breadcrumb":{"@id":"https:\/\/www.nettali.com\/2025\/07\/25\/barca-ter-stegen-absent-environ-3-mois\/#breadcrumb"},"inLanguage":"fr-FR","potentialAction":[{"@type":"ReadAction","target":["https:\/\/www.nettali.com\/2025\/07\/25\/barca-ter-stegen-absent-environ-3-mois\/"]}]},{"@type":"BreadcrumbList","@id":"https:\/\/www.nettali.com\/2025\/07\/25\/barca-ter-stegen-absent-environ-3-mois\/#breadcrumb","itemListElement":[{"@type":"ListItem","position":1,"name":"Accueil","item":"https:\/\/www.nettali.com\/"},{"@type":"ListItem","position":2,"name":"BAR\u00c7A - Ter Stegen absent environ 3 mois"}]},{"@type":"Person","@id":"https:\/\/www.nettali.com\/#\/schema\/person\/d8ac7b7e27ddad43f1c0d2ef090d7f71","name":"CK","image":{"@type":"ImageObject","@id":"https:\/\/www.nettali.com\/#personlogo","inLanguage":"fr-FR","url":"https:\/\/secure.gravatar.com\/avatar\/1d8d5118b9327d94da7cd4ce7f17fec2?s=96&d=mm&r=g","contentUrl":"https:\/\/secure.gravatar.com\/avatar\/1d8d5118b9327d94da7cd4ce7f17fec2?s=96&d=mm&r=g","caption":"CK"},"sameAs":["https:\/\/www.nettali.com"]}]}},"_links":{"self":[{"href":"https:\/\/www.nettali.com\/rest\/wp\/v2\/posts\/158231"}],"collection":[{"href":"https:\/\/www.nettali.com\/rest\/wp\/v2\/posts"}],"about":[{"href":"https:\/\/www.nettali.com\/rest\/wp\/v2\/types\/post"}],"author":[{"embeddable":true,"href":"https:\/\/www.nettali.com\/rest\/wp\/v2\/users\/2"}],"replies":[{"embeddable":true,"href":"https:\/\/www.nettali.com\/rest\/wp\/v2\/comments?post=158231"}],"version-history":[{"count":1,"href":"https:\/\/www.nettali.com\/rest\/wp\/v2\/posts\/158231\/revisions"}],"predecessor-version":[{"id":158233,"href":"https:\/\/www.nettali.com\/rest\/wp\/v2\/posts\/158231\/revisions\/158233"}],"wp:featuredmedia":[{"embeddable":true,"href":"https:\/\/www.nettali.com\/rest\/wp\/v2\/media\/158232"}],"wp:attachment":[{"href":"https:\/\/www.nettali.com\/rest\/wp\/v2\/media?parent=158231"}],"wp:term":[{"taxonomy":"category","embeddable":true,"href":"https:\/\/www.nettali.com\/rest\/wp\/v2\/categories?post=158231"},{"taxonomy":"post_tag","embeddable":true,"href":"https:\/\/www.nettali.com\/rest\/wp\/v2\/tags?post=158231"}],"curies":[{"name":"wp","href":"https:\/\/api.w.org\/{rel}","templated":true}]}}