{"id":158224,"date":"2025-07-25T01:48:02","date_gmt":"2025-07-25T01:48:02","guid":{"rendered":"https:\/\/www.nettali.com\/?p=158224"},"modified":"2025-07-25T01:48:02","modified_gmt":"2025-07-25T01:48:02","slug":"pour-faire-respecter-les-accords-residuels-and-gueusseum-lance-un-troisieme-plan-daction","status":"publish","type":"post","link":"https:\/\/www.nettali.com\/2025\/07\/25\/pour-faire-respecter-les-accords-residuels-and-gueusseum-lance-un-troisieme-plan-daction\/","title":{"rendered":"POUR FAIRE RESPECTER LES ACCORDS RESIDUELS - And Gueusseum lance un troisi\u00e8me plan d\u2019action"},"content":{"rendered":"<p><strong>NETTALI.COM -<\/strong> L\u2019 organisation syndicale Asas And Gueusseum durcit le ton. Apr\u00e8s un sit-in national en demi-teinte le 17 juillet dernier, le Directoire national annonce un troisi\u00e8me plan d\u2019action, tout en saluant certaines avanc\u00e9es dans la mise en oeuvre des accords avec le gouvernement. Le sit-in national du 17 juillet, inscrit dans le deuxi\u00e8me plan d\u2019action de l\u2019Asas And Gueusseum, n\u2019a pas connu un succ\u00e8s uniforme sur tout le territoire. En cause, selon les responsables syndicaux, l\u2019absent\u00e9isme de certains membres, qui ont pr\u00e9f\u00e9r\u00e9 observer une gr\u00e8ve d\u00e9guis\u00e9e de quatre heures plut\u00f4t que de participer au rassemblement, selon un communiqu\u00e9 d\u2019And Gueusseum.<\/p>\n<p>Malgr\u00e9 ces \u00e9carts, le Directoire national salue \u201c<em>l\u2019engagement des camarades<\/em>\u201d tout en rappelant que le sit-in est une forme d\u2019ext\u00e9riorisation du m\u00e9contentement par un arr\u00eat de travail limit\u00e9 dans le temps et non une gr\u00e8ve dissimul\u00e9e. Il appelle ainsi \u00e0 plus de rigueur et de discipline dans l\u2019ex\u00e9cution des mots d\u2019ordre syndicaux, condition essentielle pour \u201c<em>des combats efficaces en faveur de l\u2019\u00e9quit\u00e9, de la justice et de la paix sociale<\/em>\u201d.<\/p>\n<p>L\u2019Asas And Gueusseum salue la pr\u00e9sence du pr\u00e9sident de l\u2019organisation au grand sit-in organis\u00e9 \u00e0 Ourossogui et se r\u00e9jouit du retour dans les rangs de deux figures syndicales, Amadou Lamine Sano et Youssou Diop, apr\u00e8s trois ann\u00e9es de lutte.<\/p>\n<p>Cependant, le syndicat fustige le \u201cprotocole de compromission\u201d du ministre Moussa Bala Fofana, charg\u00e9 des Collectivit\u00e9s territoriales, qu\u2019il accuse de vouloir enterrer le passif social au d\u00e9triment du dialogue.<\/p>\n<p>Sur le plan des acquis, And Gueusseum reconna\u00eet des avanc\u00e9es notables, notamment \u00e0 travers la tenue d\u2019ateliers visant la mise en oeuvre des accords r\u00e9siduels. Parmi eux, un atelier sur la mont\u00e9e en comp\u00e9tences des aides sociales en vue de leur int\u00e9gration dans le corps des assistants sociaux, deux sessions annonc\u00e9es ; l\u2019une sur la nomenclature des actes professionnels, l\u2019autre sur la r\u00e9vision de la formation des assistants- infirmiers, une prochaine session consacr\u00e9e au statut des centres r\u00e9gionaux de formation sanitaire (CRFS).<\/p>\n<p>Toutefois, des points d\u2019achoppement subsistent, en particulier le retard de signature du d\u00e9cret int\u00e9grant les techniciens sup\u00e9rieurs de la sant\u00e9 dans la hi\u00e9rarchie A2, ainsi que la r\u00e9tention d\u2019informations financi\u00e8res concernant les rallonges budg\u00e9taires inscrites dans la loi de finances rectificative 2025. Ces fonds sont cens\u00e9s financer les augmentations de salaire pour les agents contractuels des h\u00f4pitaux et les travailleurs des collectivit\u00e9s territoriales relevant du secteur sant\u00e9action sociale.<\/p>\n<p>Fid\u00e8le \u00e0 sa ligne de conduite, And Gueusseum affirme ne pas verser dans le nihilisme ni le jusqu\u2019au-boutisme. Le syndicat adopte une posture d\u2019attente active et engage, \u00e0 partir du 31 juillet, un troisi\u00e8me plan d\u2019action prenant en compte la tenue des ateliers pr\u00e9cit\u00e9s et l\u2019organisation prochaine du grand Magal de Touba.<\/p>\n<p>Le nouveau programme s\u2019\u00e9tale du 31 juillet au 23 ao\u00fbt. Ainsi, du 31 juillet au 20 ao\u00fbt, il est pr\u00e9vu des assembl\u00e9es g\u00e9n\u00e9rales r\u00e9gionales et points de presse de vulgarisation. Il est \u00e9galement programm\u00e9 des marches r\u00e9gionales \u00e0 la carte. Le 21 ao\u00fbt se tiendra une marche nationale et le samedi 23 ao\u00fbt sera faite une \u00e9valuation de la mobilisation. L\u2019Asas And Gueusseum entend ainsi maintenir la pression sur les autorit\u00e9s tout en gardant ouverte la voie du dialogue.<\/p>\n<div class='share-to-whatsapp-wrapper'><div class='share-on-whsp'>PARTAGER SUR : <\/div><a data-text='POUR FAIRE RESPECTER LES ACCORDS RESIDUELS - And Gueusseum lance un troisi\u00e8me plan d\u2019action' data-link='https:\/\/www.nettali.com\/2025\/07\/25\/pour-faire-respecter-les-accords-residuels-and-gueusseum-lance-un-troisieme-plan-daction\/' class='whatsapp-button whatsapp-share'>WhatsApp<\/a><div class='clear '><\/div><\/div>","protected":false},"excerpt":{"rendered":"<p>NETTALI.COM - L\u2019 organisation syndicale Asas And Gueusseum durcit le ton. Apr\u00e8s un sit-in national en demi-teinte le 17 juillet dernier, le Directoire national annonce un troisi\u00e8me plan d\u2019action, tout en saluant certaines avanc\u00e9es dans la mise en oeuvre des accords avec le gouvernement. Le sit-in national du 17 juillet, inscrit dans le deuxi\u00e8me plan [&hellip;]<\/p>\n","protected":false},"author":2,"featured_media":158225,"comment_status":"open","ping_status":"open","sticky":false,"template":"","format":"standard","meta":{"_et_pb_use_builder":"","_et_pb_old_content":""},"categories":[34945],"tags":[],"yoast_head":"<!-- This site is optimized with the Yoast SEO Premium plugin v17.8 (Yoast SEO v17.8) - https:\/\/yoast.com\/wordpress\/plugins\/seo\/ -->\n<title>POUR FAIRE RESPECTER LES ACCORDS RESIDUELS - And Gueusseum lance un troisi\u00e8me plan d\u2019action | Nettali.com<\/title>\n<meta name=\"robots\" content=\"index, follow, max-snippet:-1, max-image-preview:large, max-video-preview:-1\" \/>\n<link rel=\"canonical\" href=\"https:\/\/www.nettali.com\/2025\/07\/25\/pour-faire-respecter-les-accords-residuels-and-gueusseum-lance-un-troisieme-plan-daction\/\" \/>\n<meta property=\"og:locale\" content=\"fr_FR\" \/>\n<meta property=\"og:type\" content=\"article\" \/>\n<meta property=\"og:title\" content=\"POUR FAIRE RESPECTER LES ACCORDS RESIDUELS - And Gueusseum lance un troisi\u00e8me plan d\u2019action\" \/>\n<meta property=\"og:description\" content=\"NETTALI.COM - L\u2019 organisation syndicale Asas And Gueusseum durcit le ton. Apr\u00e8s un sit-in national en demi-teinte le 17 juillet dernier, le Directoire national annonce un troisi\u00e8me plan d\u2019action, tout en saluant certaines avanc\u00e9es dans la mise en oeuvre des accords avec le gouvernement. Le sit-in national du 17 juillet, inscrit dans le deuxi\u00e8me plan [&hellip;]\" \/>\n<meta property=\"og:url\" content=\"https:\/\/www.nettali.com\/2025\/07\/25\/pour-faire-respecter-les-accords-residuels-and-gueusseum-lance-un-troisieme-plan-daction\/\" \/>\n<meta property=\"og:site_name\" content=\"Nettali.com\" \/>\n<meta property=\"article:publisher\" content=\"https:\/\/www.facebook.com\/nettalicom\" \/>\n<meta property=\"article:published_time\" content=\"2025-07-25T01:48:02+00:00\" \/>\n<meta property=\"og:image\" content=\"https:\/\/www.nettali.com\/wp-content\/uploads\/2025\/07\/82867578-59388184.jpg\" \/>\n\t<meta property=\"og:image:width\" content=\"580\" \/>\n\t<meta property=\"og:image:height\" content=\"370\" \/>\n<meta name=\"twitter:card\" content=\"summary_large_image\" \/>\n<meta name=\"twitter:label1\" content=\"\u00c9crit par\" \/>\n\t<meta name=\"twitter:data1\" content=\"CK\" \/>\n\t<meta name=\"twitter:label2\" content=\"Dur\u00e9e de lecture estim\u00e9e\" \/>\n\t<meta name=\"twitter:data2\" content=\"3 minutes\" \/>\n<script type=\"application\/ld+json\" class=\"yoast-schema-graph\">{\"@context\":\"https:\/\/schema.org\",\"@graph\":[{\"@type\":\"WebSite\",\"@id\":\"https:\/\/www.nettali.com\/#website\",\"url\":\"https:\/\/www.nettali.com\/\",\"name\":\"Nettali.com\",\"description\":\"Le rendez-vous critique du Net\",\"potentialAction\":[{\"@type\":\"SearchAction\",\"target\":{\"@type\":\"EntryPoint\",\"urlTemplate\":\"https:\/\/www.nettali.com\/?s={search_term_string}\"},\"query-input\":\"required name=search_term_string\"}],\"inLanguage\":\"fr-FR\"},{\"@type\":\"ImageObject\",\"@id\":\"https:\/\/www.nettali.com\/2025\/07\/25\/pour-faire-respecter-les-accords-residuels-and-gueusseum-lance-un-troisieme-plan-daction\/#primaryimage\",\"inLanguage\":\"fr-FR\",\"url\":\"https:\/\/www.nettali.com\/wp-content\/uploads\/2025\/07\/82867578-59388184.jpg\",\"contentUrl\":\"https:\/\/www.nettali.com\/wp-content\/uploads\/2025\/07\/82867578-59388184.jpg\",\"width\":580,\"height\":370},{\"@type\":\"WebPage\",\"@id\":\"https:\/\/www.nettali.com\/2025\/07\/25\/pour-faire-respecter-les-accords-residuels-and-gueusseum-lance-un-troisieme-plan-daction\/#webpage\",\"url\":\"https:\/\/www.nettali.com\/2025\/07\/25\/pour-faire-respecter-les-accords-residuels-and-gueusseum-lance-un-troisieme-plan-daction\/\",\"name\":\"POUR FAIRE RESPECTER LES ACCORDS RESIDUELS - And Gueusseum lance un troisi\\u00e8me plan d\\u2019action | Nettali.com\",\"isPartOf\":{\"@id\":\"https:\/\/www.nettali.com\/#website\"},\"primaryImageOfPage\":{\"@id\":\"https:\/\/www.nettali.com\/2025\/07\/25\/pour-faire-respecter-les-accords-residuels-and-gueusseum-lance-un-troisieme-plan-daction\/#primaryimage\"},\"datePublished\":\"2025-07-25T01:48:02+00:00\",\"dateModified\":\"2025-07-25T01:48:02+00:00\",\"author\":{\"@id\":\"https:\/\/www.nettali.com\/#\/schema\/person\/d8ac7b7e27ddad43f1c0d2ef090d7f71\"},\"breadcrumb\":{\"@id\":\"https:\/\/www.nettali.com\/2025\/07\/25\/pour-faire-respecter-les-accords-residuels-and-gueusseum-lance-un-troisieme-plan-daction\/#breadcrumb\"},\"inLanguage\":\"fr-FR\",\"potentialAction\":[{\"@type\":\"ReadAction\",\"target\":[\"https:\/\/www.nettali.com\/2025\/07\/25\/pour-faire-respecter-les-accords-residuels-and-gueusseum-lance-un-troisieme-plan-daction\/\"]}]},{\"@type\":\"BreadcrumbList\",\"@id\":\"https:\/\/www.nettali.com\/2025\/07\/25\/pour-faire-respecter-les-accords-residuels-and-gueusseum-lance-un-troisieme-plan-daction\/#breadcrumb\",\"itemListElement\":[{\"@type\":\"ListItem\",\"position\":1,\"name\":\"Accueil\",\"item\":\"https:\/\/www.nettali.com\/\"},{\"@type\":\"ListItem\",\"position\":2,\"name\":\"POUR FAIRE RESPECTER LES ACCORDS RESIDUELS - And Gueusseum lance un troisi\\u00e8me plan d\\u2019action\"}]},{\"@type\":\"Person\",\"@id\":\"https:\/\/www.nettali.com\/#\/schema\/person\/d8ac7b7e27ddad43f1c0d2ef090d7f71\",\"name\":\"CK\",\"image\":{\"@type\":\"ImageObject\",\"@id\":\"https:\/\/www.nettali.com\/#personlogo\",\"inLanguage\":\"fr-FR\",\"url\":\"https:\/\/secure.gravatar.com\/avatar\/1d8d5118b9327d94da7cd4ce7f17fec2?s=96&d=mm&r=g\",\"contentUrl\":\"https:\/\/secure.gravatar.com\/avatar\/1d8d5118b9327d94da7cd4ce7f17fec2?s=96&d=mm&r=g\",\"caption\":\"CK\"},\"sameAs\":[\"https:\/\/www.nettali.com\"]}]}<\/script>\n<!-- \/ Yoast SEO Premium plugin. -->","yoast_head_json":{"title":"POUR FAIRE RESPECTER LES ACCORDS RESIDUELS - And Gueusseum lance un troisi\u00e8me plan d\u2019action | Nettali.com","robots":{"index":"index","follow":"follow","max-snippet":"max-snippet:-1","max-image-preview":"max-image-preview:large","max-video-preview":"max-video-preview:-1"},"canonical":"https:\/\/www.nettali.com\/2025\/07\/25\/pour-faire-respecter-les-accords-residuels-and-gueusseum-lance-un-troisieme-plan-daction\/","og_locale":"fr_FR","og_type":"article","og_title":"POUR FAIRE RESPECTER LES ACCORDS RESIDUELS - And Gueusseum lance un troisi\u00e8me plan d\u2019action","og_description":"NETTALI.COM - L\u2019 organisation syndicale Asas And Gueusseum durcit le ton. Apr\u00e8s un sit-in national en demi-teinte le 17 juillet dernier, le Directoire national annonce un troisi\u00e8me plan d\u2019action, tout en saluant certaines avanc\u00e9es dans la mise en oeuvre des accords avec le gouvernement. Le sit-in national du 17 juillet, inscrit dans le deuxi\u00e8me plan [&hellip;]","og_url":"https:\/\/www.nettali.com\/2025\/07\/25\/pour-faire-respecter-les-accords-residuels-and-gueusseum-lance-un-troisieme-plan-daction\/","og_site_name":"Nettali.com","article_publisher":"https:\/\/www.facebook.com\/nettalicom","article_published_time":"2025-07-25T01:48:02+00:00","og_image":[{"width":580,"height":370,"url":"https:\/\/www.nettali.com\/wp-content\/uploads\/2025\/07\/82867578-59388184.jpg","type":"image\/jpeg"}],"twitter_card":"summary_large_image","twitter_misc":{"\u00c9crit par":"CK","Dur\u00e9e de lecture estim\u00e9e":"3 minutes"},"schema":{"@context":"https:\/\/schema.org","@graph":[{"@type":"WebSite","@id":"https:\/\/www.nettali.com\/#website","url":"https:\/\/www.nettali.com\/","name":"Nettali.com","description":"Le rendez-vous critique du Net","potentialAction":[{"@type":"SearchAction","target":{"@type":"EntryPoint","urlTemplate":"https:\/\/www.nettali.com\/?s={search_term_string}"},"query-input":"required name=search_term_string"}],"inLanguage":"fr-FR"},{"@type":"ImageObject","@id":"https:\/\/www.nettali.com\/2025\/07\/25\/pour-faire-respecter-les-accords-residuels-and-gueusseum-lance-un-troisieme-plan-daction\/#primaryimage","inLanguage":"fr-FR","url":"https:\/\/www.nettali.com\/wp-content\/uploads\/2025\/07\/82867578-59388184.jpg","contentUrl":"https:\/\/www.nettali.com\/wp-content\/uploads\/2025\/07\/82867578-59388184.jpg","width":580,"height":370},{"@type":"WebPage","@id":"https:\/\/www.nettali.com\/2025\/07\/25\/pour-faire-respecter-les-accords-residuels-and-gueusseum-lance-un-troisieme-plan-daction\/#webpage","url":"https:\/\/www.nettali.com\/2025\/07\/25\/pour-faire-respecter-les-accords-residuels-and-gueusseum-lance-un-troisieme-plan-daction\/","name":"POUR FAIRE RESPECTER LES ACCORDS RESIDUELS - And Gueusseum lance un troisi\u00e8me plan d\u2019action | Nettali.com","isPartOf":{"@id":"https:\/\/www.nettali.com\/#website"},"primaryImageOfPage":{"@id":"https:\/\/www.nettali.com\/2025\/07\/25\/pour-faire-respecter-les-accords-residuels-and-gueusseum-lance-un-troisieme-plan-daction\/#primaryimage"},"datePublished":"2025-07-25T01:48:02+00:00","dateModified":"2025-07-25T01:48:02+00:00","author":{"@id":"https:\/\/www.nettali.com\/#\/schema\/person\/d8ac7b7e27ddad43f1c0d2ef090d7f71"},"breadcrumb":{"@id":"https:\/\/www.nettali.com\/2025\/07\/25\/pour-faire-respecter-les-accords-residuels-and-gueusseum-lance-un-troisieme-plan-daction\/#breadcrumb"},"inLanguage":"fr-FR","potentialAction":[{"@type":"ReadAction","target":["https:\/\/www.nettali.com\/2025\/07\/25\/pour-faire-respecter-les-accords-residuels-and-gueusseum-lance-un-troisieme-plan-daction\/"]}]},{"@type":"BreadcrumbList","@id":"https:\/\/www.nettali.com\/2025\/07\/25\/pour-faire-respecter-les-accords-residuels-and-gueusseum-lance-un-troisieme-plan-daction\/#breadcrumb","itemListElement":[{"@type":"ListItem","position":1,"name":"Accueil","item":"https:\/\/www.nettali.com\/"},{"@type":"ListItem","position":2,"name":"POUR FAIRE RESPECTER LES ACCORDS RESIDUELS - And Gueusseum lance un troisi\u00e8me plan d\u2019action"}]},{"@type":"Person","@id":"https:\/\/www.nettali.com\/#\/schema\/person\/d8ac7b7e27ddad43f1c0d2ef090d7f71","name":"CK","image":{"@type":"ImageObject","@id":"https:\/\/www.nettali.com\/#personlogo","inLanguage":"fr-FR","url":"https:\/\/secure.gravatar.com\/avatar\/1d8d5118b9327d94da7cd4ce7f17fec2?s=96&d=mm&r=g","contentUrl":"https:\/\/secure.gravatar.com\/avatar\/1d8d5118b9327d94da7cd4ce7f17fec2?s=96&d=mm&r=g","caption":"CK"},"sameAs":["https:\/\/www.nettali.com"]}]}},"_links":{"self":[{"href":"https:\/\/www.nettali.com\/rest\/wp\/v2\/posts\/158224"}],"collection":[{"href":"https:\/\/www.nettali.com\/rest\/wp\/v2\/posts"}],"about":[{"href":"https:\/\/www.nettali.com\/rest\/wp\/v2\/types\/post"}],"author":[{"embeddable":true,"href":"https:\/\/www.nettali.com\/rest\/wp\/v2\/users\/2"}],"replies":[{"embeddable":true,"href":"https:\/\/www.nettali.com\/rest\/wp\/v2\/comments?post=158224"}],"version-history":[{"count":1,"href":"https:\/\/www.nettali.com\/rest\/wp\/v2\/posts\/158224\/revisions"}],"predecessor-version":[{"id":158226,"href":"https:\/\/www.nettali.com\/rest\/wp\/v2\/posts\/158224\/revisions\/158226"}],"wp:featuredmedia":[{"embeddable":true,"href":"https:\/\/www.nettali.com\/rest\/wp\/v2\/media\/158225"}],"wp:attachment":[{"href":"https:\/\/www.nettali.com\/rest\/wp\/v2\/media?parent=158224"}],"wp:term":[{"taxonomy":"category","embeddable":true,"href":"https:\/\/www.nettali.com\/rest\/wp\/v2\/categories?post=158224"},{"taxonomy":"post_tag","embeddable":true,"href":"https:\/\/www.nettali.com\/rest\/wp\/v2\/tags?post=158224"}],"curies":[{"name":"wp","href":"https:\/\/api.w.org\/{rel}","templated":true}]}}