{"id":158220,"date":"2025-07-24T23:58:59","date_gmt":"2025-07-24T23:58:59","guid":{"rendered":"https:\/\/www.nettali.com\/?p=158220"},"modified":"2025-07-25T17:08:29","modified_gmt":"2025-07-25T17:08:29","slug":"reamenagement-a-lapr-macky-sall-nomme-de-nouveaux-visages-pour-relancer-la-machine-du-parti","status":"publish","type":"post","link":"https:\/\/www.nettali.com\/2025\/07\/24\/reamenagement-a-lapr-macky-sall-nomme-de-nouveaux-visages-pour-relancer-la-machine-du-parti\/","title":{"rendered":"REAMENAGEMENT \u00c0 L\u2019APR - Macky Sall nomme de nouveaux visages pour relancer la machine du parti"},"content":{"rendered":"<p data-start=\"258\" data-end=\"569\"><strong data-start=\"258\" data-end=\"569\">NETTALI.COM - L\u2019ancien pr\u00e9sident Macky Sall, toujours \u00e0 la t\u00eate de l\u2019Alliance pour la R\u00e9publique (APR), a proc\u00e9d\u00e9 le jeudi 24 juillet, \u00e0 une s\u00e9rie de nominations au sein de sa formation. Ce r\u00e9ajustement vise \u00e0 pr\u00e9parer le parti aux d\u00e9fis futurs, en attendant la mise en place d\u2019un Secr\u00e9tariat ex\u00e9cutif national \u00e9largi.<\/strong><\/p>\n<p data-start=\"576\" data-end=\"868\">L\u2019Alliance pour la R\u00e9publique (APR) veut visiblement se r\u00e9organiser pour mieux aborder la nouvelle phase politique qui s\u2019ouvre apr\u00e8s la pr\u00e9sidentielle de 2024. Dans un communiqu\u00e9 rendu public ce jeudi, le pr\u00e9sident du parti, Macky Sall, a proc\u00e9d\u00e9 \u00e0 plusieurs nominations strat\u00e9giques.<\/p>\n<p data-start=\"870\" data-end=\"1042\">Objectif affich\u00e9 : pr\u00e9parer le parti aux \u00e9ch\u00e9ances futures et renforcer ses structures en amont de l\u2019installation d\u2019un nouveau Secr\u00e9tariat ex\u00e9cutif national \u00e9largi.<\/p>\n<p data-start=\"1044\" data-end=\"1076\">Parmi les changements annonc\u00e9s :<\/p>\n<ul data-start=\"1077\" data-end=\"1594\">\n<li data-start=\"1077\" data-end=\"1298\">\n<p data-start=\"1079\" data-end=\"1298\">Pape Malick Ndour devient Coordinateur national de la Convergence des Cadres r\u00e9publicains (CCR), l\u2019une des principales instances du parti charg\u00e9e de la r\u00e9flexion strat\u00e9gique et de la mobilisation intellectuelle.<\/p>\n<\/li>\n<li data-start=\"1299\" data-end=\"1407\">\n<p data-start=\"1301\" data-end=\"1407\">Aminata Gu\u00e8ye prend les r\u00eanes de la Chambre des \u00c9lus r\u00e9publicains en qualit\u00e9 de Coordinatrice.<\/p>\n<\/li>\n<li data-start=\"1408\" data-end=\"1594\">\n<p data-start=\"1410\" data-end=\"1594\">Hamidou Anne est nomm\u00e9 Coordinateur national de la Cellule Analyses et Prospective (CAP), cellule charg\u00e9e de la production d\u2019analyses politiques et de sc\u00e9narios d\u2019anticipation.<\/p>\n<\/li>\n<\/ul>\n<p data-start=\"1633\" data-end=\"1720\">C\u00f4t\u00e9 communication, quatre personnalit\u00e9s ont \u00e9t\u00e9 nomm\u00e9es Porte-paroles adjoints :<\/p>\n<ul data-start=\"1721\" data-end=\"1829\">\n<li data-start=\"1721\" data-end=\"1747\">\n<p data-start=\"1723\" data-end=\"1747\">Papa Mahawa Diouf,<\/p>\n<\/li>\n<li data-start=\"1748\" data-end=\"1781\">\n<p data-start=\"1750\" data-end=\"1781\">Mame Mari\u00e8me Thiam Babou,<\/p>\n<\/li>\n<li data-start=\"1782\" data-end=\"1806\">\n<p data-start=\"1784\" data-end=\"1806\">Mame Gu\u00e8ye Diop,<\/p>\n<\/li>\n<li data-start=\"1807\" data-end=\"1829\">\n<p data-start=\"1809\" data-end=\"1829\">et Saourou S\u00e8ne.<\/p>\n<\/li>\n<\/ul>\n<p data-start=\"1831\" data-end=\"2087\">Cette redistribution des cartes vise \u00e0 redynamiser l'appareil communicationnel de l\u2019APR, \u00e0 un moment o\u00f9 le parti cherche \u00e0 se repositionner dans un nouvel environnement politique, marqu\u00e9 par l\u2019alternance incarn\u00e9e par le pr\u00e9sident Bassirou Diomaye Faye.<\/p>\n<p data-start=\"2137\" data-end=\"2500\">Bien qu\u2019il ait quitt\u00e9 la magistrature supr\u00eame, Macky Sall conserve les r\u00eanes de son parti et semble vouloir peser dans le d\u00e9bat politique national \u00e0 travers une r\u00e9organisation strat\u00e9gique. Ce remaniement interne appara\u00eet donc comme une op\u00e9ration de red\u00e9ploiement, voire de reconqu\u00eate, en perspective d\u2019un futur repositionnement \u00e9lectoral ou politique.<\/p>\n<div class='share-to-whatsapp-wrapper'><div class='share-on-whsp'>PARTAGER SUR : <\/div><a data-text='REAMENAGEMENT \u00c0 L\u2019APR - Macky Sall nomme de nouveaux visages pour relancer la machine du parti' data-link='https:\/\/www.nettali.com\/2025\/07\/24\/reamenagement-a-lapr-macky-sall-nomme-de-nouveaux-visages-pour-relancer-la-machine-du-parti\/' class='whatsapp-button whatsapp-share'>WhatsApp<\/a><div class='clear '><\/div><\/div>","protected":false},"excerpt":{"rendered":"<p>NETTALI.COM - L\u2019ancien pr\u00e9sident Macky Sall, toujours \u00e0 la t\u00eate de l\u2019Alliance pour la R\u00e9publique (APR), a proc\u00e9d\u00e9 le jeudi 24 juillet, \u00e0 une s\u00e9rie de nominations au sein de sa formation. Ce r\u00e9ajustement vise \u00e0 pr\u00e9parer le parti aux d\u00e9fis futurs, en attendant la mise en place d\u2019un Secr\u00e9tariat ex\u00e9cutif national \u00e9largi. L\u2019Alliance pour [&hellip;]<\/p>\n","protected":false},"author":4,"featured_media":123075,"comment_status":"open","ping_status":"open","sticky":false,"template":"","format":"standard","meta":{"_et_pb_use_builder":"","_et_pb_old_content":""},"categories":[2],"tags":[],"yoast_head":"<!-- This site is optimized with the Yoast SEO Premium plugin v17.8 (Yoast SEO v17.8) - https:\/\/yoast.com\/wordpress\/plugins\/seo\/ -->\n<title>REAMENAGEMENT \u00c0 L\u2019APR - Macky Sall nomme de nouveaux visages pour relancer la machine du parti | Nettali.com<\/title>\n<meta name=\"robots\" content=\"index, follow, max-snippet:-1, max-image-preview:large, max-video-preview:-1\" \/>\n<link rel=\"canonical\" href=\"https:\/\/www.nettali.com\/2025\/07\/24\/reamenagement-a-lapr-macky-sall-nomme-de-nouveaux-visages-pour-relancer-la-machine-du-parti\/\" \/>\n<meta property=\"og:locale\" content=\"fr_FR\" \/>\n<meta property=\"og:type\" content=\"article\" \/>\n<meta property=\"og:title\" content=\"REAMENAGEMENT \u00c0 L\u2019APR - Macky Sall nomme de nouveaux visages pour relancer la machine du parti\" \/>\n<meta property=\"og:description\" content=\"NETTALI.COM - L\u2019ancien pr\u00e9sident Macky Sall, toujours \u00e0 la t\u00eate de l\u2019Alliance pour la R\u00e9publique (APR), a proc\u00e9d\u00e9 le jeudi 24 juillet, \u00e0 une s\u00e9rie de nominations au sein de sa formation. Ce r\u00e9ajustement vise \u00e0 pr\u00e9parer le parti aux d\u00e9fis futurs, en attendant la mise en place d\u2019un Secr\u00e9tariat ex\u00e9cutif national \u00e9largi. L\u2019Alliance pour [&hellip;]\" \/>\n<meta property=\"og:url\" content=\"https:\/\/www.nettali.com\/2025\/07\/24\/reamenagement-a-lapr-macky-sall-nomme-de-nouveaux-visages-pour-relancer-la-machine-du-parti\/\" \/>\n<meta property=\"og:site_name\" content=\"Nettali.com\" \/>\n<meta property=\"article:publisher\" content=\"https:\/\/www.facebook.com\/nettalicom\" \/>\n<meta property=\"article:published_time\" content=\"2025-07-24T23:58:59+00:00\" \/>\n<meta property=\"article:modified_time\" content=\"2025-07-25T17:08:29+00:00\" \/>\n<meta property=\"og:image\" content=\"https:\/\/www.nettali.com\/wp-content\/uploads\/2023\/12\/Macky-Sall.jpg\" \/>\n\t<meta property=\"og:image:width\" content=\"647\" \/>\n\t<meta property=\"og:image:height\" content=\"432\" \/>\n<meta name=\"twitter:card\" content=\"summary_large_image\" \/>\n<meta name=\"twitter:label1\" content=\"\u00c9crit par\" \/>\n\t<meta name=\"twitter:data1\" content=\"Daouda\" \/>\n\t<meta name=\"twitter:label2\" content=\"Dur\u00e9e de lecture estim\u00e9e\" \/>\n\t<meta name=\"twitter:data2\" content=\"2 minutes\" \/>\n<script type=\"application\/ld+json\" class=\"yoast-schema-graph\">{\"@context\":\"https:\/\/schema.org\",\"@graph\":[{\"@type\":\"WebSite\",\"@id\":\"https:\/\/www.nettali.com\/#website\",\"url\":\"https:\/\/www.nettali.com\/\",\"name\":\"Nettali.com\",\"description\":\"Le rendez-vous critique du Net\",\"potentialAction\":[{\"@type\":\"SearchAction\",\"target\":{\"@type\":\"EntryPoint\",\"urlTemplate\":\"https:\/\/www.nettali.com\/?s={search_term_string}\"},\"query-input\":\"required name=search_term_string\"}],\"inLanguage\":\"fr-FR\"},{\"@type\":\"ImageObject\",\"@id\":\"https:\/\/www.nettali.com\/2025\/07\/24\/reamenagement-a-lapr-macky-sall-nomme-de-nouveaux-visages-pour-relancer-la-machine-du-parti\/#primaryimage\",\"inLanguage\":\"fr-FR\",\"url\":\"https:\/\/www.nettali.com\/wp-content\/uploads\/2023\/12\/Macky-Sall.jpg\",\"contentUrl\":\"https:\/\/www.nettali.com\/wp-content\/uploads\/2023\/12\/Macky-Sall.jpg\",\"width\":647,\"height\":432},{\"@type\":\"WebPage\",\"@id\":\"https:\/\/www.nettali.com\/2025\/07\/24\/reamenagement-a-lapr-macky-sall-nomme-de-nouveaux-visages-pour-relancer-la-machine-du-parti\/#webpage\",\"url\":\"https:\/\/www.nettali.com\/2025\/07\/24\/reamenagement-a-lapr-macky-sall-nomme-de-nouveaux-visages-pour-relancer-la-machine-du-parti\/\",\"name\":\"REAMENAGEMENT \\u00c0 L\\u2019APR - Macky Sall nomme de nouveaux visages pour relancer la machine du parti | Nettali.com\",\"isPartOf\":{\"@id\":\"https:\/\/www.nettali.com\/#website\"},\"primaryImageOfPage\":{\"@id\":\"https:\/\/www.nettali.com\/2025\/07\/24\/reamenagement-a-lapr-macky-sall-nomme-de-nouveaux-visages-pour-relancer-la-machine-du-parti\/#primaryimage\"},\"datePublished\":\"2025-07-24T23:58:59+00:00\",\"dateModified\":\"2025-07-25T17:08:29+00:00\",\"author\":{\"@id\":\"https:\/\/www.nettali.com\/#\/schema\/person\/3317e0bb3aa1da309fbf7b2780901bf4\"},\"breadcrumb\":{\"@id\":\"https:\/\/www.nettali.com\/2025\/07\/24\/reamenagement-a-lapr-macky-sall-nomme-de-nouveaux-visages-pour-relancer-la-machine-du-parti\/#breadcrumb\"},\"inLanguage\":\"fr-FR\",\"potentialAction\":[{\"@type\":\"ReadAction\",\"target\":[\"https:\/\/www.nettali.com\/2025\/07\/24\/reamenagement-a-lapr-macky-sall-nomme-de-nouveaux-visages-pour-relancer-la-machine-du-parti\/\"]}]},{\"@type\":\"BreadcrumbList\",\"@id\":\"https:\/\/www.nettali.com\/2025\/07\/24\/reamenagement-a-lapr-macky-sall-nomme-de-nouveaux-visages-pour-relancer-la-machine-du-parti\/#breadcrumb\",\"itemListElement\":[{\"@type\":\"ListItem\",\"position\":1,\"name\":\"Accueil\",\"item\":\"https:\/\/www.nettali.com\/\"},{\"@type\":\"ListItem\",\"position\":2,\"name\":\"REAMENAGEMENT \\u00c0 L\\u2019APR - Macky Sall nomme de nouveaux visages pour relancer la machine du parti\"}]},{\"@type\":\"Person\",\"@id\":\"https:\/\/www.nettali.com\/#\/schema\/person\/3317e0bb3aa1da309fbf7b2780901bf4\",\"name\":\"Daouda\",\"image\":{\"@type\":\"ImageObject\",\"@id\":\"https:\/\/www.nettali.com\/#personlogo\",\"inLanguage\":\"fr-FR\",\"url\":\"https:\/\/secure.gravatar.com\/avatar\/8d143b5a49345098ddcfee1c49c2f47c?s=96&d=mm&r=g\",\"contentUrl\":\"https:\/\/secure.gravatar.com\/avatar\/8d143b5a49345098ddcfee1c49c2f47c?s=96&d=mm&r=g\",\"caption\":\"Daouda\"},\"sameAs\":[\"https:\/\/www.nettali.com\"]}]}<\/script>\n<!-- \/ Yoast SEO Premium plugin. -->","yoast_head_json":{"title":"REAMENAGEMENT \u00c0 L\u2019APR - Macky Sall nomme de nouveaux visages pour relancer la machine du parti | Nettali.com","robots":{"index":"index","follow":"follow","max-snippet":"max-snippet:-1","max-image-preview":"max-image-preview:large","max-video-preview":"max-video-preview:-1"},"canonical":"https:\/\/www.nettali.com\/2025\/07\/24\/reamenagement-a-lapr-macky-sall-nomme-de-nouveaux-visages-pour-relancer-la-machine-du-parti\/","og_locale":"fr_FR","og_type":"article","og_title":"REAMENAGEMENT \u00c0 L\u2019APR - Macky Sall nomme de nouveaux visages pour relancer la machine du parti","og_description":"NETTALI.COM - L\u2019ancien pr\u00e9sident Macky Sall, toujours \u00e0 la t\u00eate de l\u2019Alliance pour la R\u00e9publique (APR), a proc\u00e9d\u00e9 le jeudi 24 juillet, \u00e0 une s\u00e9rie de nominations au sein de sa formation. Ce r\u00e9ajustement vise \u00e0 pr\u00e9parer le parti aux d\u00e9fis futurs, en attendant la mise en place d\u2019un Secr\u00e9tariat ex\u00e9cutif national \u00e9largi. L\u2019Alliance pour [&hellip;]","og_url":"https:\/\/www.nettali.com\/2025\/07\/24\/reamenagement-a-lapr-macky-sall-nomme-de-nouveaux-visages-pour-relancer-la-machine-du-parti\/","og_site_name":"Nettali.com","article_publisher":"https:\/\/www.facebook.com\/nettalicom","article_published_time":"2025-07-24T23:58:59+00:00","article_modified_time":"2025-07-25T17:08:29+00:00","og_image":[{"width":647,"height":432,"url":"https:\/\/www.nettali.com\/wp-content\/uploads\/2023\/12\/Macky-Sall.jpg","type":"image\/jpeg"}],"twitter_card":"summary_large_image","twitter_misc":{"\u00c9crit par":"Daouda","Dur\u00e9e de lecture estim\u00e9e":"2 minutes"},"schema":{"@context":"https:\/\/schema.org","@graph":[{"@type":"WebSite","@id":"https:\/\/www.nettali.com\/#website","url":"https:\/\/www.nettali.com\/","name":"Nettali.com","description":"Le rendez-vous critique du Net","potentialAction":[{"@type":"SearchAction","target":{"@type":"EntryPoint","urlTemplate":"https:\/\/www.nettali.com\/?s={search_term_string}"},"query-input":"required name=search_term_string"}],"inLanguage":"fr-FR"},{"@type":"ImageObject","@id":"https:\/\/www.nettali.com\/2025\/07\/24\/reamenagement-a-lapr-macky-sall-nomme-de-nouveaux-visages-pour-relancer-la-machine-du-parti\/#primaryimage","inLanguage":"fr-FR","url":"https:\/\/www.nettali.com\/wp-content\/uploads\/2023\/12\/Macky-Sall.jpg","contentUrl":"https:\/\/www.nettali.com\/wp-content\/uploads\/2023\/12\/Macky-Sall.jpg","width":647,"height":432},{"@type":"WebPage","@id":"https:\/\/www.nettali.com\/2025\/07\/24\/reamenagement-a-lapr-macky-sall-nomme-de-nouveaux-visages-pour-relancer-la-machine-du-parti\/#webpage","url":"https:\/\/www.nettali.com\/2025\/07\/24\/reamenagement-a-lapr-macky-sall-nomme-de-nouveaux-visages-pour-relancer-la-machine-du-parti\/","name":"REAMENAGEMENT \u00c0 L\u2019APR - Macky Sall nomme de nouveaux visages pour relancer la machine du parti | Nettali.com","isPartOf":{"@id":"https:\/\/www.nettali.com\/#website"},"primaryImageOfPage":{"@id":"https:\/\/www.nettali.com\/2025\/07\/24\/reamenagement-a-lapr-macky-sall-nomme-de-nouveaux-visages-pour-relancer-la-machine-du-parti\/#primaryimage"},"datePublished":"2025-07-24T23:58:59+00:00","dateModified":"2025-07-25T17:08:29+00:00","author":{"@id":"https:\/\/www.nettali.com\/#\/schema\/person\/3317e0bb3aa1da309fbf7b2780901bf4"},"breadcrumb":{"@id":"https:\/\/www.nettali.com\/2025\/07\/24\/reamenagement-a-lapr-macky-sall-nomme-de-nouveaux-visages-pour-relancer-la-machine-du-parti\/#breadcrumb"},"inLanguage":"fr-FR","potentialAction":[{"@type":"ReadAction","target":["https:\/\/www.nettali.com\/2025\/07\/24\/reamenagement-a-lapr-macky-sall-nomme-de-nouveaux-visages-pour-relancer-la-machine-du-parti\/"]}]},{"@type":"BreadcrumbList","@id":"https:\/\/www.nettali.com\/2025\/07\/24\/reamenagement-a-lapr-macky-sall-nomme-de-nouveaux-visages-pour-relancer-la-machine-du-parti\/#breadcrumb","itemListElement":[{"@type":"ListItem","position":1,"name":"Accueil","item":"https:\/\/www.nettali.com\/"},{"@type":"ListItem","position":2,"name":"REAMENAGEMENT \u00c0 L\u2019APR - Macky Sall nomme de nouveaux visages pour relancer la machine du parti"}]},{"@type":"Person","@id":"https:\/\/www.nettali.com\/#\/schema\/person\/3317e0bb3aa1da309fbf7b2780901bf4","name":"Daouda","image":{"@type":"ImageObject","@id":"https:\/\/www.nettali.com\/#personlogo","inLanguage":"fr-FR","url":"https:\/\/secure.gravatar.com\/avatar\/8d143b5a49345098ddcfee1c49c2f47c?s=96&d=mm&r=g","contentUrl":"https:\/\/secure.gravatar.com\/avatar\/8d143b5a49345098ddcfee1c49c2f47c?s=96&d=mm&r=g","caption":"Daouda"},"sameAs":["https:\/\/www.nettali.com"]}]}},"_links":{"self":[{"href":"https:\/\/www.nettali.com\/rest\/wp\/v2\/posts\/158220"}],"collection":[{"href":"https:\/\/www.nettali.com\/rest\/wp\/v2\/posts"}],"about":[{"href":"https:\/\/www.nettali.com\/rest\/wp\/v2\/types\/post"}],"author":[{"embeddable":true,"href":"https:\/\/www.nettali.com\/rest\/wp\/v2\/users\/4"}],"replies":[{"embeddable":true,"href":"https:\/\/www.nettali.com\/rest\/wp\/v2\/comments?post=158220"}],"version-history":[{"count":3,"href":"https:\/\/www.nettali.com\/rest\/wp\/v2\/posts\/158220\/revisions"}],"predecessor-version":[{"id":158223,"href":"https:\/\/www.nettali.com\/rest\/wp\/v2\/posts\/158220\/revisions\/158223"}],"wp:featuredmedia":[{"embeddable":true,"href":"https:\/\/www.nettali.com\/rest\/wp\/v2\/media\/123075"}],"wp:attachment":[{"href":"https:\/\/www.nettali.com\/rest\/wp\/v2\/media?parent=158220"}],"wp:term":[{"taxonomy":"category","embeddable":true,"href":"https:\/\/www.nettali.com\/rest\/wp\/v2\/categories?post=158220"},{"taxonomy":"post_tag","embeddable":true,"href":"https:\/\/www.nettali.com\/rest\/wp\/v2\/tags?post=158220"}],"curies":[{"name":"wp","href":"https:\/\/api.w.org\/{rel}","templated":true}]}}