{"id":158214,"date":"2025-07-24T23:51:08","date_gmt":"2025-07-24T23:51:08","guid":{"rendered":"https:\/\/www.nettali.com\/?p=158214"},"modified":"2025-07-24T23:51:08","modified_gmt":"2025-07-24T23:51:08","slug":"afrobasket-feminin-fatou-babou-diagne-et-aminata-tall-ecartees-de-la-liste-definitive","status":"publish","type":"post","link":"https:\/\/www.nettali.com\/2025\/07\/24\/afrobasket-feminin-fatou-babou-diagne-et-aminata-tall-ecartees-de-la-liste-definitive\/","title":{"rendered":"AFROBASKET F\u00c9MININ - Fatou Babou Diagne et Aminata Tall \u00e9cart\u00e9es de la liste d\u00e9finitive"},"content":{"rendered":"<p><strong>NETTALI.COM - La F\u00e9d\u00e9ration s\u00e9n\u00e9galaise de basket a d\u00e9voil\u00e9 ce jeudi apr\u00e8s-midi sa liste officielle pour l\u2019Afrobasket f\u00e9minin (26 juillet-3 ao\u00fbt) en C\u00f4te d\u2019Ivoire. Sans grande surprise, le groupe a \u00e9t\u00e9 r\u00e9duit \u00e0 12 avec deux recal\u00e9es de la derni\u00e8re pr\u00e9-liste.<\/strong><\/p>\n<p>On conna\u00eet d\u00e9sormais les douze joueuses de l\u2019Equipe Nationale f\u00e9minine de basket du S\u00e9n\u00e9gal qui vont tenter de mettre fin \u00e0 dix ans de disette et briguer une douzi\u00e8me couronne africaine. \u00c9largi \u00e0 23 joueuses au moment d\u2019aborder le d\u00e9but de la pr\u00e9paration en juin, le groupe avait\u00a0peu \u00e0 peu \u00e9t\u00e9 r\u00e9duit \u00e0 quatorze apr\u00e8s la premi\u00e8re phase de pr\u00e9paration, initialement pr\u00e9vu aux Etats-Unis mais qui s\u2019est finalement d\u00e9roul\u00e9e au S\u00e9n\u00e9gal.<\/p>\n<p>Fatou Diagne, pr\u00e9sente en 2023, et Aminata Tall sont ainsi les derni\u00e8res \u00e0 quitter le groupe pour arriver une escouade de 12 joueuses. Seules cinq joueuses \u00e9taient du dernier rendez-vous au Rwanda. Il s\u2019agit de Cierra Dillard, Yacine Diop, Fatou Pouye, Madjigu\u00e8ne S\u00e8ne et Mathilde Diop. Battu par le Nigeria en finale lors de trois des quatre derni\u00e8res \u00e9ditions, le S\u00e9n\u00e9gal entamera sa reconqu\u00eate dans le groupe C qu\u2019il partage avec la Guin\u00e9e et l\u2019Ouganda.<\/p>\n<p><strong>La liste des 12 Lionnes :<\/strong><\/p>\n<p><strong>Meneuses<\/strong>\u00a0: Cierra Janay Dillard, Victorine Thiaw<\/p>\n<p><strong>Arri\u00e8res<\/strong>\u00a0: Ndioma Kane, Yacine Diop, Lena Timera<\/p>\n<p><strong>Aili\u00e8res<\/strong>\u00a0: Fatou Pouye, N\u00e9n\u00e9 Awa Ndiaye<\/p>\n<p><strong>Aili\u00e8res fortes<\/strong>\u00a0: Khadidiatou Bigu\u00e9 Sarr, Mathilde Aicha Diop,<\/p>\n<p><strong>Pivots<\/strong>\u00a0: Madjigu\u00e8ne S\u00e8ne, Sokhna Ndiaye, Khadija Faye.<\/p>\n<div class='share-to-whatsapp-wrapper'><div class='share-on-whsp'>PARTAGER SUR : <\/div><a data-text='AFROBASKET F\u00c9MININ - Fatou Babou Diagne et Aminata Tall \u00e9cart\u00e9es de la liste d\u00e9finitive' data-link='https:\/\/www.nettali.com\/2025\/07\/24\/afrobasket-feminin-fatou-babou-diagne-et-aminata-tall-ecartees-de-la-liste-definitive\/' class='whatsapp-button whatsapp-share'>WhatsApp<\/a><div class='clear '><\/div><\/div>","protected":false},"excerpt":{"rendered":"<p>NETTALI.COM - La F\u00e9d\u00e9ration s\u00e9n\u00e9galaise de basket a d\u00e9voil\u00e9 ce jeudi apr\u00e8s-midi sa liste officielle pour l\u2019Afrobasket f\u00e9minin (26 juillet-3 ao\u00fbt) en C\u00f4te d\u2019Ivoire. Sans grande surprise, le groupe a \u00e9t\u00e9 r\u00e9duit \u00e0 12 avec deux recal\u00e9es de la derni\u00e8re pr\u00e9-liste. On conna\u00eet d\u00e9sormais les douze joueuses de l\u2019Equipe Nationale f\u00e9minine de basket du S\u00e9n\u00e9gal [&hellip;]<\/p>\n","protected":false},"author":5,"featured_media":158215,"comment_status":"open","ping_status":"open","sticky":false,"template":"","format":"standard","meta":{"_et_pb_use_builder":"","_et_pb_old_content":""},"categories":[6],"tags":[],"yoast_head":"<!-- This site is optimized with the Yoast SEO Premium plugin v17.8 (Yoast SEO v17.8) - https:\/\/yoast.com\/wordpress\/plugins\/seo\/ -->\n<title>AFROBASKET F\u00c9MININ - Fatou Babou Diagne et Aminata Tall \u00e9cart\u00e9es de la liste d\u00e9finitive | Nettali.com<\/title>\n<meta name=\"robots\" content=\"index, follow, max-snippet:-1, max-image-preview:large, max-video-preview:-1\" \/>\n<link rel=\"canonical\" href=\"https:\/\/www.nettali.com\/2025\/07\/24\/afrobasket-feminin-fatou-babou-diagne-et-aminata-tall-ecartees-de-la-liste-definitive\/\" \/>\n<meta property=\"og:locale\" content=\"fr_FR\" \/>\n<meta property=\"og:type\" content=\"article\" \/>\n<meta property=\"og:title\" content=\"AFROBASKET F\u00c9MININ - Fatou Babou Diagne et Aminata Tall \u00e9cart\u00e9es de la liste d\u00e9finitive\" \/>\n<meta property=\"og:description\" content=\"NETTALI.COM - La F\u00e9d\u00e9ration s\u00e9n\u00e9galaise de basket a d\u00e9voil\u00e9 ce jeudi apr\u00e8s-midi sa liste officielle pour l\u2019Afrobasket f\u00e9minin (26 juillet-3 ao\u00fbt) en C\u00f4te d\u2019Ivoire. Sans grande surprise, le groupe a \u00e9t\u00e9 r\u00e9duit \u00e0 12 avec deux recal\u00e9es de la derni\u00e8re pr\u00e9-liste. On conna\u00eet d\u00e9sormais les douze joueuses de l\u2019Equipe Nationale f\u00e9minine de basket du S\u00e9n\u00e9gal [&hellip;]\" \/>\n<meta property=\"og:url\" content=\"https:\/\/www.nettali.com\/2025\/07\/24\/afrobasket-feminin-fatou-babou-diagne-et-aminata-tall-ecartees-de-la-liste-definitive\/\" \/>\n<meta property=\"og:site_name\" content=\"Nettali.com\" \/>\n<meta property=\"article:publisher\" content=\"https:\/\/www.facebook.com\/nettalicom\" \/>\n<meta property=\"article:published_time\" content=\"2025-07-24T23:51:08+00:00\" \/>\n<meta property=\"og:image\" content=\"https:\/\/www.nettali.com\/wp-content\/uploads\/2025\/07\/FB_IMG_1753397000541.jpg\" \/>\n\t<meta property=\"og:image:width\" content=\"960\" \/>\n\t<meta property=\"og:image:height\" content=\"580\" \/>\n<meta name=\"twitter:card\" content=\"summary_large_image\" \/>\n<meta name=\"twitter:label1\" content=\"\u00c9crit par\" \/>\n\t<meta name=\"twitter:data1\" content=\"Ibrahima\" \/>\n\t<meta name=\"twitter:label2\" content=\"Dur\u00e9e de lecture estim\u00e9e\" \/>\n\t<meta name=\"twitter:data2\" content=\"2 minutes\" \/>\n<script type=\"application\/ld+json\" class=\"yoast-schema-graph\">{\"@context\":\"https:\/\/schema.org\",\"@graph\":[{\"@type\":\"WebSite\",\"@id\":\"https:\/\/www.nettali.com\/#website\",\"url\":\"https:\/\/www.nettali.com\/\",\"name\":\"Nettali.com\",\"description\":\"Le rendez-vous critique du Net\",\"potentialAction\":[{\"@type\":\"SearchAction\",\"target\":{\"@type\":\"EntryPoint\",\"urlTemplate\":\"https:\/\/www.nettali.com\/?s={search_term_string}\"},\"query-input\":\"required name=search_term_string\"}],\"inLanguage\":\"fr-FR\"},{\"@type\":\"ImageObject\",\"@id\":\"https:\/\/www.nettali.com\/2025\/07\/24\/afrobasket-feminin-fatou-babou-diagne-et-aminata-tall-ecartees-de-la-liste-definitive\/#primaryimage\",\"inLanguage\":\"fr-FR\",\"url\":\"https:\/\/www.nettali.com\/wp-content\/uploads\/2025\/07\/FB_IMG_1753397000541.jpg\",\"contentUrl\":\"https:\/\/www.nettali.com\/wp-content\/uploads\/2025\/07\/FB_IMG_1753397000541.jpg\",\"width\":960,\"height\":580},{\"@type\":\"WebPage\",\"@id\":\"https:\/\/www.nettali.com\/2025\/07\/24\/afrobasket-feminin-fatou-babou-diagne-et-aminata-tall-ecartees-de-la-liste-definitive\/#webpage\",\"url\":\"https:\/\/www.nettali.com\/2025\/07\/24\/afrobasket-feminin-fatou-babou-diagne-et-aminata-tall-ecartees-de-la-liste-definitive\/\",\"name\":\"AFROBASKET F\\u00c9MININ - Fatou Babou Diagne et Aminata Tall \\u00e9cart\\u00e9es de la liste d\\u00e9finitive | Nettali.com\",\"isPartOf\":{\"@id\":\"https:\/\/www.nettali.com\/#website\"},\"primaryImageOfPage\":{\"@id\":\"https:\/\/www.nettali.com\/2025\/07\/24\/afrobasket-feminin-fatou-babou-diagne-et-aminata-tall-ecartees-de-la-liste-definitive\/#primaryimage\"},\"datePublished\":\"2025-07-24T23:51:08+00:00\",\"dateModified\":\"2025-07-24T23:51:08+00:00\",\"author\":{\"@id\":\"https:\/\/www.nettali.com\/#\/schema\/person\/bb147657c2986240405a608162b9bb23\"},\"breadcrumb\":{\"@id\":\"https:\/\/www.nettali.com\/2025\/07\/24\/afrobasket-feminin-fatou-babou-diagne-et-aminata-tall-ecartees-de-la-liste-definitive\/#breadcrumb\"},\"inLanguage\":\"fr-FR\",\"potentialAction\":[{\"@type\":\"ReadAction\",\"target\":[\"https:\/\/www.nettali.com\/2025\/07\/24\/afrobasket-feminin-fatou-babou-diagne-et-aminata-tall-ecartees-de-la-liste-definitive\/\"]}]},{\"@type\":\"BreadcrumbList\",\"@id\":\"https:\/\/www.nettali.com\/2025\/07\/24\/afrobasket-feminin-fatou-babou-diagne-et-aminata-tall-ecartees-de-la-liste-definitive\/#breadcrumb\",\"itemListElement\":[{\"@type\":\"ListItem\",\"position\":1,\"name\":\"Accueil\",\"item\":\"https:\/\/www.nettali.com\/\"},{\"@type\":\"ListItem\",\"position\":2,\"name\":\"AFROBASKET F\\u00c9MININ - Fatou Babou Diagne et Aminata Tall \\u00e9cart\\u00e9es de la liste d\\u00e9finitive\"}]},{\"@type\":\"Person\",\"@id\":\"https:\/\/www.nettali.com\/#\/schema\/person\/bb147657c2986240405a608162b9bb23\",\"name\":\"Ibrahima\",\"image\":{\"@type\":\"ImageObject\",\"@id\":\"https:\/\/www.nettali.com\/#personlogo\",\"inLanguage\":\"fr-FR\",\"url\":\"https:\/\/secure.gravatar.com\/avatar\/26a8a81f09f0dd7624c9d5c36c9ba3a2?s=96&d=mm&r=g\",\"contentUrl\":\"https:\/\/secure.gravatar.com\/avatar\/26a8a81f09f0dd7624c9d5c36c9ba3a2?s=96&d=mm&r=g\",\"caption\":\"Ibrahima\"},\"sameAs\":[\"https:\/\/www.nettali.com\"]}]}<\/script>\n<!-- \/ Yoast SEO Premium plugin. -->","yoast_head_json":{"title":"AFROBASKET F\u00c9MININ - Fatou Babou Diagne et Aminata Tall \u00e9cart\u00e9es de la liste d\u00e9finitive | Nettali.com","robots":{"index":"index","follow":"follow","max-snippet":"max-snippet:-1","max-image-preview":"max-image-preview:large","max-video-preview":"max-video-preview:-1"},"canonical":"https:\/\/www.nettali.com\/2025\/07\/24\/afrobasket-feminin-fatou-babou-diagne-et-aminata-tall-ecartees-de-la-liste-definitive\/","og_locale":"fr_FR","og_type":"article","og_title":"AFROBASKET F\u00c9MININ - Fatou Babou Diagne et Aminata Tall \u00e9cart\u00e9es de la liste d\u00e9finitive","og_description":"NETTALI.COM - La F\u00e9d\u00e9ration s\u00e9n\u00e9galaise de basket a d\u00e9voil\u00e9 ce jeudi apr\u00e8s-midi sa liste officielle pour l\u2019Afrobasket f\u00e9minin (26 juillet-3 ao\u00fbt) en C\u00f4te d\u2019Ivoire. Sans grande surprise, le groupe a \u00e9t\u00e9 r\u00e9duit \u00e0 12 avec deux recal\u00e9es de la derni\u00e8re pr\u00e9-liste. On conna\u00eet d\u00e9sormais les douze joueuses de l\u2019Equipe Nationale f\u00e9minine de basket du S\u00e9n\u00e9gal [&hellip;]","og_url":"https:\/\/www.nettali.com\/2025\/07\/24\/afrobasket-feminin-fatou-babou-diagne-et-aminata-tall-ecartees-de-la-liste-definitive\/","og_site_name":"Nettali.com","article_publisher":"https:\/\/www.facebook.com\/nettalicom","article_published_time":"2025-07-24T23:51:08+00:00","og_image":[{"width":960,"height":580,"url":"https:\/\/www.nettali.com\/wp-content\/uploads\/2025\/07\/FB_IMG_1753397000541.jpg","type":"image\/jpeg"}],"twitter_card":"summary_large_image","twitter_misc":{"\u00c9crit par":"Ibrahima","Dur\u00e9e de lecture estim\u00e9e":"2 minutes"},"schema":{"@context":"https:\/\/schema.org","@graph":[{"@type":"WebSite","@id":"https:\/\/www.nettali.com\/#website","url":"https:\/\/www.nettali.com\/","name":"Nettali.com","description":"Le rendez-vous critique du Net","potentialAction":[{"@type":"SearchAction","target":{"@type":"EntryPoint","urlTemplate":"https:\/\/www.nettali.com\/?s={search_term_string}"},"query-input":"required name=search_term_string"}],"inLanguage":"fr-FR"},{"@type":"ImageObject","@id":"https:\/\/www.nettali.com\/2025\/07\/24\/afrobasket-feminin-fatou-babou-diagne-et-aminata-tall-ecartees-de-la-liste-definitive\/#primaryimage","inLanguage":"fr-FR","url":"https:\/\/www.nettali.com\/wp-content\/uploads\/2025\/07\/FB_IMG_1753397000541.jpg","contentUrl":"https:\/\/www.nettali.com\/wp-content\/uploads\/2025\/07\/FB_IMG_1753397000541.jpg","width":960,"height":580},{"@type":"WebPage","@id":"https:\/\/www.nettali.com\/2025\/07\/24\/afrobasket-feminin-fatou-babou-diagne-et-aminata-tall-ecartees-de-la-liste-definitive\/#webpage","url":"https:\/\/www.nettali.com\/2025\/07\/24\/afrobasket-feminin-fatou-babou-diagne-et-aminata-tall-ecartees-de-la-liste-definitive\/","name":"AFROBASKET F\u00c9MININ - Fatou Babou Diagne et Aminata Tall \u00e9cart\u00e9es de la liste d\u00e9finitive | Nettali.com","isPartOf":{"@id":"https:\/\/www.nettali.com\/#website"},"primaryImageOfPage":{"@id":"https:\/\/www.nettali.com\/2025\/07\/24\/afrobasket-feminin-fatou-babou-diagne-et-aminata-tall-ecartees-de-la-liste-definitive\/#primaryimage"},"datePublished":"2025-07-24T23:51:08+00:00","dateModified":"2025-07-24T23:51:08+00:00","author":{"@id":"https:\/\/www.nettali.com\/#\/schema\/person\/bb147657c2986240405a608162b9bb23"},"breadcrumb":{"@id":"https:\/\/www.nettali.com\/2025\/07\/24\/afrobasket-feminin-fatou-babou-diagne-et-aminata-tall-ecartees-de-la-liste-definitive\/#breadcrumb"},"inLanguage":"fr-FR","potentialAction":[{"@type":"ReadAction","target":["https:\/\/www.nettali.com\/2025\/07\/24\/afrobasket-feminin-fatou-babou-diagne-et-aminata-tall-ecartees-de-la-liste-definitive\/"]}]},{"@type":"BreadcrumbList","@id":"https:\/\/www.nettali.com\/2025\/07\/24\/afrobasket-feminin-fatou-babou-diagne-et-aminata-tall-ecartees-de-la-liste-definitive\/#breadcrumb","itemListElement":[{"@type":"ListItem","position":1,"name":"Accueil","item":"https:\/\/www.nettali.com\/"},{"@type":"ListItem","position":2,"name":"AFROBASKET F\u00c9MININ - Fatou Babou Diagne et Aminata Tall \u00e9cart\u00e9es de la liste d\u00e9finitive"}]},{"@type":"Person","@id":"https:\/\/www.nettali.com\/#\/schema\/person\/bb147657c2986240405a608162b9bb23","name":"Ibrahima","image":{"@type":"ImageObject","@id":"https:\/\/www.nettali.com\/#personlogo","inLanguage":"fr-FR","url":"https:\/\/secure.gravatar.com\/avatar\/26a8a81f09f0dd7624c9d5c36c9ba3a2?s=96&d=mm&r=g","contentUrl":"https:\/\/secure.gravatar.com\/avatar\/26a8a81f09f0dd7624c9d5c36c9ba3a2?s=96&d=mm&r=g","caption":"Ibrahima"},"sameAs":["https:\/\/www.nettali.com"]}]}},"_links":{"self":[{"href":"https:\/\/www.nettali.com\/rest\/wp\/v2\/posts\/158214"}],"collection":[{"href":"https:\/\/www.nettali.com\/rest\/wp\/v2\/posts"}],"about":[{"href":"https:\/\/www.nettali.com\/rest\/wp\/v2\/types\/post"}],"author":[{"embeddable":true,"href":"https:\/\/www.nettali.com\/rest\/wp\/v2\/users\/5"}],"replies":[{"embeddable":true,"href":"https:\/\/www.nettali.com\/rest\/wp\/v2\/comments?post=158214"}],"version-history":[{"count":1,"href":"https:\/\/www.nettali.com\/rest\/wp\/v2\/posts\/158214\/revisions"}],"predecessor-version":[{"id":158216,"href":"https:\/\/www.nettali.com\/rest\/wp\/v2\/posts\/158214\/revisions\/158216"}],"wp:featuredmedia":[{"embeddable":true,"href":"https:\/\/www.nettali.com\/rest\/wp\/v2\/media\/158215"}],"wp:attachment":[{"href":"https:\/\/www.nettali.com\/rest\/wp\/v2\/media?parent=158214"}],"wp:term":[{"taxonomy":"category","embeddable":true,"href":"https:\/\/www.nettali.com\/rest\/wp\/v2\/categories?post=158214"},{"taxonomy":"post_tag","embeddable":true,"href":"https:\/\/www.nettali.com\/rest\/wp\/v2\/tags?post=158214"}],"curies":[{"name":"wp","href":"https:\/\/api.w.org\/{rel}","templated":true}]}}