{"id":158211,"date":"2025-07-24T22:39:43","date_gmt":"2025-07-24T22:39:43","guid":{"rendered":"https:\/\/www.nettali.com\/?p=158211"},"modified":"2025-07-24T22:39:43","modified_gmt":"2025-07-24T22:39:43","slug":"proche-orient-la-france-va-officiellement-reconnaitre-letat-de-palestine","status":"publish","type":"post","link":"https:\/\/www.nettali.com\/2025\/07\/24\/proche-orient-la-france-va-officiellement-reconnaitre-letat-de-palestine\/","title":{"rendered":"PROCHE-ORIENT - La France va officiellement reconna\u00eetre l'Etat de Palestine"},"content":{"rendered":"<p><strong>NETTALI.COM - Un soutien de taille dans le combat pour la reconnaissance de l'Etat de Palestine. Emmanuel Macron a annonc\u00e9 ce jeudi que la France va officiellement reconna\u00eetre la Palestine comme Etat.\u00a0<\/strong><\/p>\n<p>L'annonce est loin d'\u00eatre fortuite. Elle intervient dans un contexte marqu\u00e9 par l'occupation de la bande de Gaza par l'arm\u00e9e isra\u00e9lienne. Et la violence que subit le peuple palestinien fait tous les jours le tour des m\u00e9dias du monde et des r\u00e9seaux. C'est justement le contexte choisi par Emmanuel Macron pour faire une annonce de taille.<\/p>\n<p>\"<em>Fid\u00e8le \u00e0 son engagement historique pour une paix juste et durable au Proche-Orient, j'ai d\u00e9cid\u00e9 que la France reconna\u00eetra l'Etat de Palestine<\/em>\", a post\u00e9 le pr\u00e9sident fran\u00e7ais sur ses r\u00e9seaux sociaux. Emmanuel Macron ajoute : \"<em>J'en ferai l'annonce solennelle \u00e0 l'assembl\u00e9e g\u00e9n\u00e9rale des Nations unies, au mois de septembre prochain<\/em>.\"<\/p>\n<p>Pour le num\u00e9ro fran\u00e7ais, \"<em>l'urgence est aujourd'hui que cesse la guerre \u00e0 Gaza et que la population civile soit secourue<\/em>\".<\/p>\n<div class='share-to-whatsapp-wrapper'><div class='share-on-whsp'>PARTAGER SUR : <\/div><a data-text='PROCHE-ORIENT - La France va officiellement reconna\u00eetre l'Etat de Palestine' data-link='https:\/\/www.nettali.com\/2025\/07\/24\/proche-orient-la-france-va-officiellement-reconnaitre-letat-de-palestine\/' class='whatsapp-button whatsapp-share'>WhatsApp<\/a><div class='clear '><\/div><\/div>","protected":false},"excerpt":{"rendered":"<p>NETTALI.COM - Un soutien de taille dans le combat pour la reconnaissance de l'Etat de Palestine. Emmanuel Macron a annonc\u00e9 ce jeudi que la France va officiellement reconna\u00eetre la Palestine comme Etat.\u00a0 L'annonce est loin d'\u00eatre fortuite. Elle intervient dans un contexte marqu\u00e9 par l'occupation de la bande de Gaza par l'arm\u00e9e isra\u00e9lienne. Et la [&hellip;]<\/p>\n","protected":false},"author":3,"featured_media":158212,"comment_status":"open","ping_status":"open","sticky":false,"template":"","format":"standard","meta":{"_et_pb_use_builder":"","_et_pb_old_content":""},"categories":[8],"tags":[],"yoast_head":"<!-- This site is optimized with the Yoast SEO Premium plugin v17.8 (Yoast SEO v17.8) - https:\/\/yoast.com\/wordpress\/plugins\/seo\/ -->\n<title>PROCHE-ORIENT - La France va officiellement reconna\u00eetre l&#039;Etat de Palestine | Nettali.com<\/title>\n<meta name=\"robots\" content=\"index, follow, max-snippet:-1, max-image-preview:large, max-video-preview:-1\" \/>\n<link rel=\"canonical\" href=\"https:\/\/www.nettali.com\/2025\/07\/24\/proche-orient-la-france-va-officiellement-reconnaitre-letat-de-palestine\/\" \/>\n<meta property=\"og:locale\" content=\"fr_FR\" \/>\n<meta property=\"og:type\" content=\"article\" \/>\n<meta property=\"og:title\" content=\"PROCHE-ORIENT - La France va officiellement reconna\u00eetre l&#039;Etat de Palestine\" \/>\n<meta property=\"og:description\" content=\"NETTALI.COM - Un soutien de taille dans le combat pour la reconnaissance de l&#039;Etat de Palestine. Emmanuel Macron a annonc\u00e9 ce jeudi que la France va officiellement reconna\u00eetre la Palestine comme Etat.\u00a0 L&#039;annonce est loin d&#039;\u00eatre fortuite. Elle intervient dans un contexte marqu\u00e9 par l&#039;occupation de la bande de Gaza par l&#039;arm\u00e9e isra\u00e9lienne. Et la [&hellip;]\" \/>\n<meta property=\"og:url\" content=\"https:\/\/www.nettali.com\/2025\/07\/24\/proche-orient-la-france-va-officiellement-reconnaitre-letat-de-palestine\/\" \/>\n<meta property=\"og:site_name\" content=\"Nettali.com\" \/>\n<meta property=\"article:publisher\" content=\"https:\/\/www.facebook.com\/nettalicom\" \/>\n<meta property=\"article:published_time\" content=\"2025-07-24T22:39:43+00:00\" \/>\n<meta property=\"og:image\" content=\"https:\/\/www.nettali.com\/wp-content\/uploads\/2025\/07\/01401468517345-web-tete.jpg\" \/>\n\t<meta property=\"og:image:width\" content=\"1280\" \/>\n\t<meta property=\"og:image:height\" content=\"720\" \/>\n<meta name=\"twitter:card\" content=\"summary_large_image\" \/>\n<meta name=\"twitter:label1\" content=\"\u00c9crit par\" \/>\n\t<meta name=\"twitter:data1\" content=\"Moustapha\" \/>\n\t<meta name=\"twitter:label2\" content=\"Dur\u00e9e de lecture estim\u00e9e\" \/>\n\t<meta name=\"twitter:data2\" content=\"1 minute\" \/>\n<script type=\"application\/ld+json\" class=\"yoast-schema-graph\">{\"@context\":\"https:\/\/schema.org\",\"@graph\":[{\"@type\":\"WebSite\",\"@id\":\"https:\/\/www.nettali.com\/#website\",\"url\":\"https:\/\/www.nettali.com\/\",\"name\":\"Nettali.com\",\"description\":\"Le rendez-vous critique du Net\",\"potentialAction\":[{\"@type\":\"SearchAction\",\"target\":{\"@type\":\"EntryPoint\",\"urlTemplate\":\"https:\/\/www.nettali.com\/?s={search_term_string}\"},\"query-input\":\"required name=search_term_string\"}],\"inLanguage\":\"fr-FR\"},{\"@type\":\"ImageObject\",\"@id\":\"https:\/\/www.nettali.com\/2025\/07\/24\/proche-orient-la-france-va-officiellement-reconnaitre-letat-de-palestine\/#primaryimage\",\"inLanguage\":\"fr-FR\",\"url\":\"https:\/\/www.nettali.com\/wp-content\/uploads\/2025\/07\/01401468517345-web-tete.jpg\",\"contentUrl\":\"https:\/\/www.nettali.com\/wp-content\/uploads\/2025\/07\/01401468517345-web-tete.jpg\",\"width\":1280,\"height\":720,\"caption\":\"This photograph taken on March 5, 2025, shows a television screen broadcasting France's President Emmanuel Macron addressing a live interview on French TV at the Elysee Presidential Palace in Paris. Emmanuel Macron announced on March 5, 2025, that France will gather next week in Paris the chiefs of staff from countries ready to guarantee a future peace in Ukraine. (Photo by Ludovic MARIN \/ AFP)\"},{\"@type\":\"WebPage\",\"@id\":\"https:\/\/www.nettali.com\/2025\/07\/24\/proche-orient-la-france-va-officiellement-reconnaitre-letat-de-palestine\/#webpage\",\"url\":\"https:\/\/www.nettali.com\/2025\/07\/24\/proche-orient-la-france-va-officiellement-reconnaitre-letat-de-palestine\/\",\"name\":\"PROCHE-ORIENT - La France va officiellement reconna\\u00eetre l'Etat de Palestine | Nettali.com\",\"isPartOf\":{\"@id\":\"https:\/\/www.nettali.com\/#website\"},\"primaryImageOfPage\":{\"@id\":\"https:\/\/www.nettali.com\/2025\/07\/24\/proche-orient-la-france-va-officiellement-reconnaitre-letat-de-palestine\/#primaryimage\"},\"datePublished\":\"2025-07-24T22:39:43+00:00\",\"dateModified\":\"2025-07-24T22:39:43+00:00\",\"author\":{\"@id\":\"https:\/\/www.nettali.com\/#\/schema\/person\/7962a12a6e0267f88f0ffa544c36469a\"},\"breadcrumb\":{\"@id\":\"https:\/\/www.nettali.com\/2025\/07\/24\/proche-orient-la-france-va-officiellement-reconnaitre-letat-de-palestine\/#breadcrumb\"},\"inLanguage\":\"fr-FR\",\"potentialAction\":[{\"@type\":\"ReadAction\",\"target\":[\"https:\/\/www.nettali.com\/2025\/07\/24\/proche-orient-la-france-va-officiellement-reconnaitre-letat-de-palestine\/\"]}]},{\"@type\":\"BreadcrumbList\",\"@id\":\"https:\/\/www.nettali.com\/2025\/07\/24\/proche-orient-la-france-va-officiellement-reconnaitre-letat-de-palestine\/#breadcrumb\",\"itemListElement\":[{\"@type\":\"ListItem\",\"position\":1,\"name\":\"Accueil\",\"item\":\"https:\/\/www.nettali.com\/\"},{\"@type\":\"ListItem\",\"position\":2,\"name\":\"PROCHE-ORIENT - La France va officiellement reconna\\u00eetre l'Etat de Palestine\"}]},{\"@type\":\"Person\",\"@id\":\"https:\/\/www.nettali.com\/#\/schema\/person\/7962a12a6e0267f88f0ffa544c36469a\",\"name\":\"Moustapha\",\"image\":{\"@type\":\"ImageObject\",\"@id\":\"https:\/\/www.nettali.com\/#personlogo\",\"inLanguage\":\"fr-FR\",\"url\":\"https:\/\/secure.gravatar.com\/avatar\/10fdf6a071cccdcf374e3dbe45159590?s=96&d=mm&r=g\",\"contentUrl\":\"https:\/\/secure.gravatar.com\/avatar\/10fdf6a071cccdcf374e3dbe45159590?s=96&d=mm&r=g\",\"caption\":\"Moustapha\"},\"sameAs\":[\"https:\/\/www.nettali.com\"]}]}<\/script>\n<!-- \/ Yoast SEO Premium plugin. -->","yoast_head_json":{"title":"PROCHE-ORIENT - La France va officiellement reconna\u00eetre l'Etat de Palestine | Nettali.com","robots":{"index":"index","follow":"follow","max-snippet":"max-snippet:-1","max-image-preview":"max-image-preview:large","max-video-preview":"max-video-preview:-1"},"canonical":"https:\/\/www.nettali.com\/2025\/07\/24\/proche-orient-la-france-va-officiellement-reconnaitre-letat-de-palestine\/","og_locale":"fr_FR","og_type":"article","og_title":"PROCHE-ORIENT - La France va officiellement reconna\u00eetre l'Etat de Palestine","og_description":"NETTALI.COM - Un soutien de taille dans le combat pour la reconnaissance de l'Etat de Palestine. Emmanuel Macron a annonc\u00e9 ce jeudi que la France va officiellement reconna\u00eetre la Palestine comme Etat.\u00a0 L'annonce est loin d'\u00eatre fortuite. Elle intervient dans un contexte marqu\u00e9 par l'occupation de la bande de Gaza par l'arm\u00e9e isra\u00e9lienne. Et la [&hellip;]","og_url":"https:\/\/www.nettali.com\/2025\/07\/24\/proche-orient-la-france-va-officiellement-reconnaitre-letat-de-palestine\/","og_site_name":"Nettali.com","article_publisher":"https:\/\/www.facebook.com\/nettalicom","article_published_time":"2025-07-24T22:39:43+00:00","og_image":[{"width":1280,"height":720,"url":"https:\/\/www.nettali.com\/wp-content\/uploads\/2025\/07\/01401468517345-web-tete.jpg","type":"image\/jpeg"}],"twitter_card":"summary_large_image","twitter_misc":{"\u00c9crit par":"Moustapha","Dur\u00e9e de lecture estim\u00e9e":"1 minute"},"schema":{"@context":"https:\/\/schema.org","@graph":[{"@type":"WebSite","@id":"https:\/\/www.nettali.com\/#website","url":"https:\/\/www.nettali.com\/","name":"Nettali.com","description":"Le rendez-vous critique du Net","potentialAction":[{"@type":"SearchAction","target":{"@type":"EntryPoint","urlTemplate":"https:\/\/www.nettali.com\/?s={search_term_string}"},"query-input":"required name=search_term_string"}],"inLanguage":"fr-FR"},{"@type":"ImageObject","@id":"https:\/\/www.nettali.com\/2025\/07\/24\/proche-orient-la-france-va-officiellement-reconnaitre-letat-de-palestine\/#primaryimage","inLanguage":"fr-FR","url":"https:\/\/www.nettali.com\/wp-content\/uploads\/2025\/07\/01401468517345-web-tete.jpg","contentUrl":"https:\/\/www.nettali.com\/wp-content\/uploads\/2025\/07\/01401468517345-web-tete.jpg","width":1280,"height":720,"caption":"This photograph taken on March 5, 2025, shows a television screen broadcasting France's President Emmanuel Macron addressing a live interview on French TV at the Elysee Presidential Palace in Paris. Emmanuel Macron announced on March 5, 2025, that France will gather next week in Paris the chiefs of staff from countries ready to guarantee a future peace in Ukraine. (Photo by Ludovic MARIN \/ AFP)"},{"@type":"WebPage","@id":"https:\/\/www.nettali.com\/2025\/07\/24\/proche-orient-la-france-va-officiellement-reconnaitre-letat-de-palestine\/#webpage","url":"https:\/\/www.nettali.com\/2025\/07\/24\/proche-orient-la-france-va-officiellement-reconnaitre-letat-de-palestine\/","name":"PROCHE-ORIENT - La France va officiellement reconna\u00eetre l'Etat de Palestine | Nettali.com","isPartOf":{"@id":"https:\/\/www.nettali.com\/#website"},"primaryImageOfPage":{"@id":"https:\/\/www.nettali.com\/2025\/07\/24\/proche-orient-la-france-va-officiellement-reconnaitre-letat-de-palestine\/#primaryimage"},"datePublished":"2025-07-24T22:39:43+00:00","dateModified":"2025-07-24T22:39:43+00:00","author":{"@id":"https:\/\/www.nettali.com\/#\/schema\/person\/7962a12a6e0267f88f0ffa544c36469a"},"breadcrumb":{"@id":"https:\/\/www.nettali.com\/2025\/07\/24\/proche-orient-la-france-va-officiellement-reconnaitre-letat-de-palestine\/#breadcrumb"},"inLanguage":"fr-FR","potentialAction":[{"@type":"ReadAction","target":["https:\/\/www.nettali.com\/2025\/07\/24\/proche-orient-la-france-va-officiellement-reconnaitre-letat-de-palestine\/"]}]},{"@type":"BreadcrumbList","@id":"https:\/\/www.nettali.com\/2025\/07\/24\/proche-orient-la-france-va-officiellement-reconnaitre-letat-de-palestine\/#breadcrumb","itemListElement":[{"@type":"ListItem","position":1,"name":"Accueil","item":"https:\/\/www.nettali.com\/"},{"@type":"ListItem","position":2,"name":"PROCHE-ORIENT - La France va officiellement reconna\u00eetre l'Etat de Palestine"}]},{"@type":"Person","@id":"https:\/\/www.nettali.com\/#\/schema\/person\/7962a12a6e0267f88f0ffa544c36469a","name":"Moustapha","image":{"@type":"ImageObject","@id":"https:\/\/www.nettali.com\/#personlogo","inLanguage":"fr-FR","url":"https:\/\/secure.gravatar.com\/avatar\/10fdf6a071cccdcf374e3dbe45159590?s=96&d=mm&r=g","contentUrl":"https:\/\/secure.gravatar.com\/avatar\/10fdf6a071cccdcf374e3dbe45159590?s=96&d=mm&r=g","caption":"Moustapha"},"sameAs":["https:\/\/www.nettali.com"]}]}},"_links":{"self":[{"href":"https:\/\/www.nettali.com\/rest\/wp\/v2\/posts\/158211"}],"collection":[{"href":"https:\/\/www.nettali.com\/rest\/wp\/v2\/posts"}],"about":[{"href":"https:\/\/www.nettali.com\/rest\/wp\/v2\/types\/post"}],"author":[{"embeddable":true,"href":"https:\/\/www.nettali.com\/rest\/wp\/v2\/users\/3"}],"replies":[{"embeddable":true,"href":"https:\/\/www.nettali.com\/rest\/wp\/v2\/comments?post=158211"}],"version-history":[{"count":1,"href":"https:\/\/www.nettali.com\/rest\/wp\/v2\/posts\/158211\/revisions"}],"predecessor-version":[{"id":158213,"href":"https:\/\/www.nettali.com\/rest\/wp\/v2\/posts\/158211\/revisions\/158213"}],"wp:featuredmedia":[{"embeddable":true,"href":"https:\/\/www.nettali.com\/rest\/wp\/v2\/media\/158212"}],"wp:attachment":[{"href":"https:\/\/www.nettali.com\/rest\/wp\/v2\/media?parent=158211"}],"wp:term":[{"taxonomy":"category","embeddable":true,"href":"https:\/\/www.nettali.com\/rest\/wp\/v2\/categories?post=158211"},{"taxonomy":"post_tag","embeddable":true,"href":"https:\/\/www.nettali.com\/rest\/wp\/v2\/tags?post=158211"}],"curies":[{"name":"wp","href":"https:\/\/api.w.org\/{rel}","templated":true}]}}