{"id":158189,"date":"2025-07-24T14:37:57","date_gmt":"2025-07-24T14:37:57","guid":{"rendered":"https:\/\/www.nettali.com\/?p=158189"},"modified":"2025-07-25T01:38:25","modified_gmt":"2025-07-25T01:38:25","slug":"direction-generale-de-la-sonatel-brelotte-ba-remplace-sekou-drame","status":"publish","type":"post","link":"https:\/\/www.nettali.com\/2025\/07\/24\/direction-generale-de-la-sonatel-brelotte-ba-remplace-sekou-drame\/","title":{"rendered":"DIRECTION GENERALE DE LA SONATEL  - Brelotte Ba remplace S\u00e9kou Dram\u00e9"},"content":{"rendered":"<p><strong>NETTALI.COM - Le groupe Sonatel a un nouveau Directeur g\u00e9n\u00e9ral. Brelotte Ba a \u00e9t\u00e9 choisi pour succ\u00e9der \u00e0 S\u00e9kou Dram\u00e9 dont le mandat se termine le 31 juillet 2025.\u00a0<\/strong><\/p>\n<p>Brelotte Ba, un homme \u00e0 retenir. C'est cet homme qui va pr\u00e9sider aux destin\u00e9es de la Sonatel \u00e0 partir du 1er ao\u00fbt prochain. Le Conseil d'administration du groupe Sonatel vient donc de porter son choix sur M. Ba pour succ\u00e9der \u00e0 S\u00e9kou Dram\u00e9 dont le mandat prend fin le 31 juillet. Dans un communiqu\u00e9, le Conseil d'administration du groupe Sonatel a tenu \u00e0 remercier S\u00e9kou Dram\u00e9 \"<em>pour son engagement, ses contributions appr\u00e9ciables au d\u00e9veloppement de l'entreprise depuis sa nomination en 2018 comme Directeur g\u00e9n\u00e9ral<\/em>\". Le DG sortant de la Sonatel aura donc passer 7 ans \u00e0 la t\u00eate de ce fleuron de l'\u00e9conomie s\u00e9n\u00e9galaise.<\/p>\n<p>Quant \u00e0 Brelotte Ba qui entrera en fonction le 1er ao\u00fbt 2025, il est cr\u00e9dit\u00e9, selon un communiqu\u00e9 de presse de la Sonatel, d'une exp\u00e9rience professionnelle de 24 ans dans le secteur des t\u00e9l\u00e9communications. \"<em>Il \u00e9tait, depuis 2022, Directeur g\u00e9n\u00e9ral adjoint d'Orange Moyen-Orient Afrique. Il a fait l'essentiel de son parcours professionnel au sein du groupe Sonatel dans lequel il a eu \u00e0 occuper d'importantes fonctions<\/em>\", lit-on dans le communiqu\u00e9.<\/p>\n<p>Brelotte Ba a en effet \u00e9t\u00e9 contr\u00f4leur de gestion du groupe Sonatel, Directeur marketing et communication d'Orange Guin\u00e9e, Directeur g\u00e9n\u00e9ral d'Orange Bissau, Directeur des op\u00e9rateurs et relations internationales Sonatel,\u00a0 Directeur g\u00e9n\u00e9ral d'Orange Guin\u00e9e et Directeur g\u00e9n\u00e9ral d'Orange Mali. Il a aussi \u00e9t\u00e9 Directeur g\u00e9n\u00e9ral d'Orange Niger, poste qu'il a occup\u00e9 entre 2012 et 2017.<\/p>\n<p>Le nouveau patron de la Sonatel est ing\u00e9nieur dipl\u00f4m\u00e9 de l'\u00e9cole Polytechnique de Paris,\u00a0 et de l'Ecole nationale des Ponts et Chauss\u00e9es.<\/p>\n<div class='share-to-whatsapp-wrapper'><div class='share-on-whsp'>PARTAGER SUR : <\/div><a data-text='DIRECTION GENERALE DE LA SONATEL  - Brelotte Ba remplace S\u00e9kou Dram\u00e9' data-link='https:\/\/www.nettali.com\/2025\/07\/24\/direction-generale-de-la-sonatel-brelotte-ba-remplace-sekou-drame\/' class='whatsapp-button whatsapp-share'>WhatsApp<\/a><div class='clear '><\/div><\/div>","protected":false},"excerpt":{"rendered":"<p>NETTALI.COM - Le groupe Sonatel a un nouveau Directeur g\u00e9n\u00e9ral. Brelotte Ba a \u00e9t\u00e9 choisi pour succ\u00e9der \u00e0 S\u00e9kou Dram\u00e9 dont le mandat se termine le 31 juillet 2025.\u00a0 Brelotte Ba, un homme \u00e0 retenir. C'est cet homme qui va pr\u00e9sider aux destin\u00e9es de la Sonatel \u00e0 partir du 1er ao\u00fbt prochain. Le Conseil d'administration [&hellip;]<\/p>\n","protected":false},"author":3,"featured_media":158190,"comment_status":"open","ping_status":"open","sticky":false,"template":"","format":"standard","meta":{"_et_pb_use_builder":"","_et_pb_old_content":""},"categories":[4],"tags":[],"yoast_head":"<!-- This site is optimized with the Yoast SEO Premium plugin v17.8 (Yoast SEO v17.8) - https:\/\/yoast.com\/wordpress\/plugins\/seo\/ -->\n<title>DIRECTION GENERALE DE LA SONATEL - Brelotte Ba remplace S\u00e9kou Dram\u00e9 | Nettali.com<\/title>\n<meta name=\"robots\" content=\"index, follow, max-snippet:-1, max-image-preview:large, max-video-preview:-1\" \/>\n<link rel=\"canonical\" href=\"https:\/\/www.nettali.com\/2025\/07\/24\/direction-generale-de-la-sonatel-brelotte-ba-remplace-sekou-drame\/\" \/>\n<meta property=\"og:locale\" content=\"fr_FR\" \/>\n<meta property=\"og:type\" content=\"article\" \/>\n<meta property=\"og:title\" content=\"DIRECTION GENERALE DE LA SONATEL - Brelotte Ba remplace S\u00e9kou Dram\u00e9\" \/>\n<meta property=\"og:description\" content=\"NETTALI.COM - Le groupe Sonatel a un nouveau Directeur g\u00e9n\u00e9ral. Brelotte Ba a \u00e9t\u00e9 choisi pour succ\u00e9der \u00e0 S\u00e9kou Dram\u00e9 dont le mandat se termine le 31 juillet 2025.\u00a0 Brelotte Ba, un homme \u00e0 retenir. C&#039;est cet homme qui va pr\u00e9sider aux destin\u00e9es de la Sonatel \u00e0 partir du 1er ao\u00fbt prochain. Le Conseil d&#039;administration [&hellip;]\" \/>\n<meta property=\"og:url\" content=\"https:\/\/www.nettali.com\/2025\/07\/24\/direction-generale-de-la-sonatel-brelotte-ba-remplace-sekou-drame\/\" \/>\n<meta property=\"og:site_name\" content=\"Nettali.com\" \/>\n<meta property=\"article:publisher\" content=\"https:\/\/www.facebook.com\/nettalicom\" \/>\n<meta property=\"article:published_time\" content=\"2025-07-24T14:37:57+00:00\" \/>\n<meta property=\"article:modified_time\" content=\"2025-07-25T01:38:25+00:00\" \/>\n<meta property=\"og:image\" content=\"https:\/\/www.nettali.com\/wp-content\/uploads\/2025\/07\/img_1813.jpg\" \/>\n\t<meta property=\"og:image:width\" content=\"430\" \/>\n\t<meta property=\"og:image:height\" content=\"438\" \/>\n<meta name=\"twitter:card\" content=\"summary_large_image\" \/>\n<meta name=\"twitter:label1\" content=\"\u00c9crit par\" \/>\n\t<meta name=\"twitter:data1\" content=\"Moustapha\" \/>\n\t<meta name=\"twitter:label2\" content=\"Dur\u00e9e de lecture estim\u00e9e\" \/>\n\t<meta name=\"twitter:data2\" content=\"2 minutes\" \/>\n<script type=\"application\/ld+json\" class=\"yoast-schema-graph\">{\"@context\":\"https:\/\/schema.org\",\"@graph\":[{\"@type\":\"WebSite\",\"@id\":\"https:\/\/www.nettali.com\/#website\",\"url\":\"https:\/\/www.nettali.com\/\",\"name\":\"Nettali.com\",\"description\":\"Le rendez-vous critique du Net\",\"potentialAction\":[{\"@type\":\"SearchAction\",\"target\":{\"@type\":\"EntryPoint\",\"urlTemplate\":\"https:\/\/www.nettali.com\/?s={search_term_string}\"},\"query-input\":\"required name=search_term_string\"}],\"inLanguage\":\"fr-FR\"},{\"@type\":\"ImageObject\",\"@id\":\"https:\/\/www.nettali.com\/2025\/07\/24\/direction-generale-de-la-sonatel-brelotte-ba-remplace-sekou-drame\/#primaryimage\",\"inLanguage\":\"fr-FR\",\"url\":\"https:\/\/www.nettali.com\/wp-content\/uploads\/2025\/07\/img_1813.jpg\",\"contentUrl\":\"https:\/\/www.nettali.com\/wp-content\/uploads\/2025\/07\/img_1813.jpg\",\"width\":430,\"height\":438},{\"@type\":\"WebPage\",\"@id\":\"https:\/\/www.nettali.com\/2025\/07\/24\/direction-generale-de-la-sonatel-brelotte-ba-remplace-sekou-drame\/#webpage\",\"url\":\"https:\/\/www.nettali.com\/2025\/07\/24\/direction-generale-de-la-sonatel-brelotte-ba-remplace-sekou-drame\/\",\"name\":\"DIRECTION GENERALE DE LA SONATEL - Brelotte Ba remplace S\\u00e9kou Dram\\u00e9 | Nettali.com\",\"isPartOf\":{\"@id\":\"https:\/\/www.nettali.com\/#website\"},\"primaryImageOfPage\":{\"@id\":\"https:\/\/www.nettali.com\/2025\/07\/24\/direction-generale-de-la-sonatel-brelotte-ba-remplace-sekou-drame\/#primaryimage\"},\"datePublished\":\"2025-07-24T14:37:57+00:00\",\"dateModified\":\"2025-07-25T01:38:25+00:00\",\"author\":{\"@id\":\"https:\/\/www.nettali.com\/#\/schema\/person\/7962a12a6e0267f88f0ffa544c36469a\"},\"breadcrumb\":{\"@id\":\"https:\/\/www.nettali.com\/2025\/07\/24\/direction-generale-de-la-sonatel-brelotte-ba-remplace-sekou-drame\/#breadcrumb\"},\"inLanguage\":\"fr-FR\",\"potentialAction\":[{\"@type\":\"ReadAction\",\"target\":[\"https:\/\/www.nettali.com\/2025\/07\/24\/direction-generale-de-la-sonatel-brelotte-ba-remplace-sekou-drame\/\"]}]},{\"@type\":\"BreadcrumbList\",\"@id\":\"https:\/\/www.nettali.com\/2025\/07\/24\/direction-generale-de-la-sonatel-brelotte-ba-remplace-sekou-drame\/#breadcrumb\",\"itemListElement\":[{\"@type\":\"ListItem\",\"position\":1,\"name\":\"Accueil\",\"item\":\"https:\/\/www.nettali.com\/\"},{\"@type\":\"ListItem\",\"position\":2,\"name\":\"DIRECTION GENERALE DE LA SONATEL - Brelotte Ba remplace S\\u00e9kou Dram\\u00e9\"}]},{\"@type\":\"Person\",\"@id\":\"https:\/\/www.nettali.com\/#\/schema\/person\/7962a12a6e0267f88f0ffa544c36469a\",\"name\":\"Moustapha\",\"image\":{\"@type\":\"ImageObject\",\"@id\":\"https:\/\/www.nettali.com\/#personlogo\",\"inLanguage\":\"fr-FR\",\"url\":\"https:\/\/secure.gravatar.com\/avatar\/10fdf6a071cccdcf374e3dbe45159590?s=96&d=mm&r=g\",\"contentUrl\":\"https:\/\/secure.gravatar.com\/avatar\/10fdf6a071cccdcf374e3dbe45159590?s=96&d=mm&r=g\",\"caption\":\"Moustapha\"},\"sameAs\":[\"https:\/\/www.nettali.com\"]}]}<\/script>\n<!-- \/ Yoast SEO Premium plugin. -->","yoast_head_json":{"title":"DIRECTION GENERALE DE LA SONATEL - Brelotte Ba remplace S\u00e9kou Dram\u00e9 | Nettali.com","robots":{"index":"index","follow":"follow","max-snippet":"max-snippet:-1","max-image-preview":"max-image-preview:large","max-video-preview":"max-video-preview:-1"},"canonical":"https:\/\/www.nettali.com\/2025\/07\/24\/direction-generale-de-la-sonatel-brelotte-ba-remplace-sekou-drame\/","og_locale":"fr_FR","og_type":"article","og_title":"DIRECTION GENERALE DE LA SONATEL - Brelotte Ba remplace S\u00e9kou Dram\u00e9","og_description":"NETTALI.COM - Le groupe Sonatel a un nouveau Directeur g\u00e9n\u00e9ral. Brelotte Ba a \u00e9t\u00e9 choisi pour succ\u00e9der \u00e0 S\u00e9kou Dram\u00e9 dont le mandat se termine le 31 juillet 2025.\u00a0 Brelotte Ba, un homme \u00e0 retenir. C'est cet homme qui va pr\u00e9sider aux destin\u00e9es de la Sonatel \u00e0 partir du 1er ao\u00fbt prochain. Le Conseil d'administration [&hellip;]","og_url":"https:\/\/www.nettali.com\/2025\/07\/24\/direction-generale-de-la-sonatel-brelotte-ba-remplace-sekou-drame\/","og_site_name":"Nettali.com","article_publisher":"https:\/\/www.facebook.com\/nettalicom","article_published_time":"2025-07-24T14:37:57+00:00","article_modified_time":"2025-07-25T01:38:25+00:00","og_image":[{"width":430,"height":438,"url":"https:\/\/www.nettali.com\/wp-content\/uploads\/2025\/07\/img_1813.jpg","type":"image\/jpeg"}],"twitter_card":"summary_large_image","twitter_misc":{"\u00c9crit par":"Moustapha","Dur\u00e9e de lecture estim\u00e9e":"2 minutes"},"schema":{"@context":"https:\/\/schema.org","@graph":[{"@type":"WebSite","@id":"https:\/\/www.nettali.com\/#website","url":"https:\/\/www.nettali.com\/","name":"Nettali.com","description":"Le rendez-vous critique du Net","potentialAction":[{"@type":"SearchAction","target":{"@type":"EntryPoint","urlTemplate":"https:\/\/www.nettali.com\/?s={search_term_string}"},"query-input":"required name=search_term_string"}],"inLanguage":"fr-FR"},{"@type":"ImageObject","@id":"https:\/\/www.nettali.com\/2025\/07\/24\/direction-generale-de-la-sonatel-brelotte-ba-remplace-sekou-drame\/#primaryimage","inLanguage":"fr-FR","url":"https:\/\/www.nettali.com\/wp-content\/uploads\/2025\/07\/img_1813.jpg","contentUrl":"https:\/\/www.nettali.com\/wp-content\/uploads\/2025\/07\/img_1813.jpg","width":430,"height":438},{"@type":"WebPage","@id":"https:\/\/www.nettali.com\/2025\/07\/24\/direction-generale-de-la-sonatel-brelotte-ba-remplace-sekou-drame\/#webpage","url":"https:\/\/www.nettali.com\/2025\/07\/24\/direction-generale-de-la-sonatel-brelotte-ba-remplace-sekou-drame\/","name":"DIRECTION GENERALE DE LA SONATEL - Brelotte Ba remplace S\u00e9kou Dram\u00e9 | Nettali.com","isPartOf":{"@id":"https:\/\/www.nettali.com\/#website"},"primaryImageOfPage":{"@id":"https:\/\/www.nettali.com\/2025\/07\/24\/direction-generale-de-la-sonatel-brelotte-ba-remplace-sekou-drame\/#primaryimage"},"datePublished":"2025-07-24T14:37:57+00:00","dateModified":"2025-07-25T01:38:25+00:00","author":{"@id":"https:\/\/www.nettali.com\/#\/schema\/person\/7962a12a6e0267f88f0ffa544c36469a"},"breadcrumb":{"@id":"https:\/\/www.nettali.com\/2025\/07\/24\/direction-generale-de-la-sonatel-brelotte-ba-remplace-sekou-drame\/#breadcrumb"},"inLanguage":"fr-FR","potentialAction":[{"@type":"ReadAction","target":["https:\/\/www.nettali.com\/2025\/07\/24\/direction-generale-de-la-sonatel-brelotte-ba-remplace-sekou-drame\/"]}]},{"@type":"BreadcrumbList","@id":"https:\/\/www.nettali.com\/2025\/07\/24\/direction-generale-de-la-sonatel-brelotte-ba-remplace-sekou-drame\/#breadcrumb","itemListElement":[{"@type":"ListItem","position":1,"name":"Accueil","item":"https:\/\/www.nettali.com\/"},{"@type":"ListItem","position":2,"name":"DIRECTION GENERALE DE LA SONATEL - Brelotte Ba remplace S\u00e9kou Dram\u00e9"}]},{"@type":"Person","@id":"https:\/\/www.nettali.com\/#\/schema\/person\/7962a12a6e0267f88f0ffa544c36469a","name":"Moustapha","image":{"@type":"ImageObject","@id":"https:\/\/www.nettali.com\/#personlogo","inLanguage":"fr-FR","url":"https:\/\/secure.gravatar.com\/avatar\/10fdf6a071cccdcf374e3dbe45159590?s=96&d=mm&r=g","contentUrl":"https:\/\/secure.gravatar.com\/avatar\/10fdf6a071cccdcf374e3dbe45159590?s=96&d=mm&r=g","caption":"Moustapha"},"sameAs":["https:\/\/www.nettali.com"]}]}},"_links":{"self":[{"href":"https:\/\/www.nettali.com\/rest\/wp\/v2\/posts\/158189"}],"collection":[{"href":"https:\/\/www.nettali.com\/rest\/wp\/v2\/posts"}],"about":[{"href":"https:\/\/www.nettali.com\/rest\/wp\/v2\/types\/post"}],"author":[{"embeddable":true,"href":"https:\/\/www.nettali.com\/rest\/wp\/v2\/users\/3"}],"replies":[{"embeddable":true,"href":"https:\/\/www.nettali.com\/rest\/wp\/v2\/comments?post=158189"}],"version-history":[{"count":4,"href":"https:\/\/www.nettali.com\/rest\/wp\/v2\/posts\/158189\/revisions"}],"predecessor-version":[{"id":158194,"href":"https:\/\/www.nettali.com\/rest\/wp\/v2\/posts\/158189\/revisions\/158194"}],"wp:featuredmedia":[{"embeddable":true,"href":"https:\/\/www.nettali.com\/rest\/wp\/v2\/media\/158190"}],"wp:attachment":[{"href":"https:\/\/www.nettali.com\/rest\/wp\/v2\/media?parent=158189"}],"wp:term":[{"taxonomy":"category","embeddable":true,"href":"https:\/\/www.nettali.com\/rest\/wp\/v2\/categories?post=158189"},{"taxonomy":"post_tag","embeddable":true,"href":"https:\/\/www.nettali.com\/rest\/wp\/v2\/tags?post=158189"}],"curies":[{"name":"wp","href":"https:\/\/api.w.org\/{rel}","templated":true}]}}