{"id":158156,"date":"2025-07-24T06:30:45","date_gmt":"2025-07-24T06:30:45","guid":{"rendered":"https:\/\/www.nettali.com\/?p=158156"},"modified":"2025-07-24T06:30:45","modified_gmt":"2025-07-24T06:30:45","slug":"diplomatie-le-president-diomaye-faye-attendu-au-togo-et-au-liberia","status":"publish","type":"post","link":"https:\/\/www.nettali.com\/2025\/07\/24\/diplomatie-le-president-diomaye-faye-attendu-au-togo-et-au-liberia\/","title":{"rendered":"DIPLOMATIE - Le Pr\u00e9sident Diomaye Faye attendu au Togo et au Lib\u00e9ria"},"content":{"rendered":"<p data-start=\"221\" data-end=\"495\"><strong>NETTALI.COM - Dans le cadre de son agenda diplomatique et du renforcement des relations bilat\u00e9rales entre le S\u00e9n\u00e9gal et ses partenaires africains, le Pr\u00e9sident de la R\u00e9publique, Bassirou Diomaye Diakhar Faye, s'appr\u00eate \u00e0 effectuer deux d\u00e9placements officiels sur le continent.<\/strong><\/p>\n<p data-start=\"497\" data-end=\"774\">Selon le communiqu\u00e9 du Conseil des ministres de ce mercredi 23 juillet, le chef de l\u2019\u00c9tat \u00ab a inform\u00e9 le Conseil qu\u2019il effectuera une visite de travail au Togo le 25 juillet 2025, \u00e0 l\u2019invitation du Pr\u00e9sident du Conseil des ministres, Faure Gnassingb\u00e9 Eyad\u00e9ma \u00bb.<\/p>\n<p data-start=\"776\" data-end=\"1046\">Le lendemain, samedi 26 juillet 2025, le pr\u00e9sident Diomaye Faye se rendra \u00e0 Monrovia, capitale du Lib\u00e9ria, pour prendre part \u00e0 la c\u00e9l\u00e9bration de la f\u00eate nationale du pays. Il y r\u00e9pond \u00e0 l'invitation du pr\u00e9sident Joseph Boakai, \u00e9lu en janvier dernier.<\/p>\n<p data-start=\"1082\" data-end=\"1536\">Ces d\u00e9placements confirment la dynamique proactive du S\u00e9n\u00e9gal sur la sc\u00e8ne diplomatique africaine, marqu\u00e9e par une volont\u00e9 de renforcer les liens historiques, politiques et \u00e9conomiques avec ses voisins du continent. Le Togo, acteur cl\u00e9 dans la r\u00e9gion ouest-africaine, et le Lib\u00e9ria, en phase de consolidation d\u00e9mocratique, figurent parmi les partenaires strat\u00e9giques que le pr\u00e9sident Faye entend conforter dans une logique de coop\u00e9ration sud-sud.<\/p>\n<p data-start=\"1538\" data-end=\"1801\">Ces visites interviennent \u00e9galement dans un contexte de repositionnement g\u00e9opolitique du S\u00e9n\u00e9gal, d\u00e9sireux d\u2019\u00e9largir son influence tout en consolidant une diplomatie bas\u00e9e sur la solidarit\u00e9 africaine, la stabilit\u00e9 r\u00e9gionale et le d\u00e9veloppement commun.<\/p>\n<div class='share-to-whatsapp-wrapper'><div class='share-on-whsp'>PARTAGER SUR : <\/div><a data-text='DIPLOMATIE - Le Pr\u00e9sident Diomaye Faye attendu au Togo et au Lib\u00e9ria' data-link='https:\/\/www.nettali.com\/2025\/07\/24\/diplomatie-le-president-diomaye-faye-attendu-au-togo-et-au-liberia\/' class='whatsapp-button whatsapp-share'>WhatsApp<\/a><div class='clear '><\/div><\/div>","protected":false},"excerpt":{"rendered":"<p>NETTALI.COM - Dans le cadre de son agenda diplomatique et du renforcement des relations bilat\u00e9rales entre le S\u00e9n\u00e9gal et ses partenaires africains, le Pr\u00e9sident de la R\u00e9publique, Bassirou Diomaye Diakhar Faye, s'appr\u00eate \u00e0 effectuer deux d\u00e9placements officiels sur le continent. Selon le communiqu\u00e9 du Conseil des ministres de ce mercredi 23 juillet, le chef de [&hellip;]<\/p>\n","protected":false},"author":4,"featured_media":132553,"comment_status":"open","ping_status":"open","sticky":false,"template":"","format":"standard","meta":{"_et_pb_use_builder":"","_et_pb_old_content":""},"categories":[2],"tags":[],"yoast_head":"<!-- This site is optimized with the Yoast SEO Premium plugin v17.8 (Yoast SEO v17.8) - https:\/\/yoast.com\/wordpress\/plugins\/seo\/ -->\n<title>DIPLOMATIE - Le Pr\u00e9sident Diomaye Faye attendu au Togo et au Lib\u00e9ria | Nettali.com<\/title>\n<meta name=\"robots\" content=\"index, follow, max-snippet:-1, max-image-preview:large, max-video-preview:-1\" \/>\n<link rel=\"canonical\" href=\"https:\/\/www.nettali.com\/2025\/07\/24\/diplomatie-le-president-diomaye-faye-attendu-au-togo-et-au-liberia\/\" \/>\n<meta property=\"og:locale\" content=\"fr_FR\" \/>\n<meta property=\"og:type\" content=\"article\" \/>\n<meta property=\"og:title\" content=\"DIPLOMATIE - Le Pr\u00e9sident Diomaye Faye attendu au Togo et au Lib\u00e9ria\" \/>\n<meta property=\"og:description\" content=\"NETTALI.COM - Dans le cadre de son agenda diplomatique et du renforcement des relations bilat\u00e9rales entre le S\u00e9n\u00e9gal et ses partenaires africains, le Pr\u00e9sident de la R\u00e9publique, Bassirou Diomaye Diakhar Faye, s&#039;appr\u00eate \u00e0 effectuer deux d\u00e9placements officiels sur le continent. Selon le communiqu\u00e9 du Conseil des ministres de ce mercredi 23 juillet, le chef de [&hellip;]\" \/>\n<meta property=\"og:url\" content=\"https:\/\/www.nettali.com\/2025\/07\/24\/diplomatie-le-president-diomaye-faye-attendu-au-togo-et-au-liberia\/\" \/>\n<meta property=\"og:site_name\" content=\"Nettali.com\" \/>\n<meta property=\"article:publisher\" content=\"https:\/\/www.facebook.com\/nettalicom\" \/>\n<meta property=\"article:published_time\" content=\"2025-07-24T06:30:45+00:00\" \/>\n<meta property=\"og:image\" content=\"https:\/\/www.nettali.com\/wp-content\/uploads\/2024\/04\/diomaye-voyage-4.jpg\" \/>\n\t<meta property=\"og:image:width\" content=\"2048\" \/>\n\t<meta property=\"og:image:height\" content=\"1364\" \/>\n<meta name=\"twitter:card\" content=\"summary_large_image\" \/>\n<meta name=\"twitter:label1\" content=\"\u00c9crit par\" \/>\n\t<meta name=\"twitter:data1\" content=\"Daouda\" \/>\n\t<meta name=\"twitter:label2\" content=\"Dur\u00e9e de lecture estim\u00e9e\" \/>\n\t<meta name=\"twitter:data2\" content=\"2 minutes\" \/>\n<script type=\"application\/ld+json\" class=\"yoast-schema-graph\">{\"@context\":\"https:\/\/schema.org\",\"@graph\":[{\"@type\":\"WebSite\",\"@id\":\"https:\/\/www.nettali.com\/#website\",\"url\":\"https:\/\/www.nettali.com\/\",\"name\":\"Nettali.com\",\"description\":\"Le rendez-vous critique du Net\",\"potentialAction\":[{\"@type\":\"SearchAction\",\"target\":{\"@type\":\"EntryPoint\",\"urlTemplate\":\"https:\/\/www.nettali.com\/?s={search_term_string}\"},\"query-input\":\"required name=search_term_string\"}],\"inLanguage\":\"fr-FR\"},{\"@type\":\"ImageObject\",\"@id\":\"https:\/\/www.nettali.com\/2025\/07\/24\/diplomatie-le-president-diomaye-faye-attendu-au-togo-et-au-liberia\/#primaryimage\",\"inLanguage\":\"fr-FR\",\"url\":\"https:\/\/www.nettali.com\/wp-content\/uploads\/2024\/04\/diomaye-voyage-4.jpg\",\"contentUrl\":\"https:\/\/www.nettali.com\/wp-content\/uploads\/2024\/04\/diomaye-voyage-4.jpg\",\"width\":2048,\"height\":1364},{\"@type\":\"WebPage\",\"@id\":\"https:\/\/www.nettali.com\/2025\/07\/24\/diplomatie-le-president-diomaye-faye-attendu-au-togo-et-au-liberia\/#webpage\",\"url\":\"https:\/\/www.nettali.com\/2025\/07\/24\/diplomatie-le-president-diomaye-faye-attendu-au-togo-et-au-liberia\/\",\"name\":\"DIPLOMATIE - Le Pr\\u00e9sident Diomaye Faye attendu au Togo et au Lib\\u00e9ria | Nettali.com\",\"isPartOf\":{\"@id\":\"https:\/\/www.nettali.com\/#website\"},\"primaryImageOfPage\":{\"@id\":\"https:\/\/www.nettali.com\/2025\/07\/24\/diplomatie-le-president-diomaye-faye-attendu-au-togo-et-au-liberia\/#primaryimage\"},\"datePublished\":\"2025-07-24T06:30:45+00:00\",\"dateModified\":\"2025-07-24T06:30:45+00:00\",\"author\":{\"@id\":\"https:\/\/www.nettali.com\/#\/schema\/person\/3317e0bb3aa1da309fbf7b2780901bf4\"},\"breadcrumb\":{\"@id\":\"https:\/\/www.nettali.com\/2025\/07\/24\/diplomatie-le-president-diomaye-faye-attendu-au-togo-et-au-liberia\/#breadcrumb\"},\"inLanguage\":\"fr-FR\",\"potentialAction\":[{\"@type\":\"ReadAction\",\"target\":[\"https:\/\/www.nettali.com\/2025\/07\/24\/diplomatie-le-president-diomaye-faye-attendu-au-togo-et-au-liberia\/\"]}]},{\"@type\":\"BreadcrumbList\",\"@id\":\"https:\/\/www.nettali.com\/2025\/07\/24\/diplomatie-le-president-diomaye-faye-attendu-au-togo-et-au-liberia\/#breadcrumb\",\"itemListElement\":[{\"@type\":\"ListItem\",\"position\":1,\"name\":\"Accueil\",\"item\":\"https:\/\/www.nettali.com\/\"},{\"@type\":\"ListItem\",\"position\":2,\"name\":\"DIPLOMATIE - Le Pr\\u00e9sident Diomaye Faye attendu au Togo et au Lib\\u00e9ria\"}]},{\"@type\":\"Person\",\"@id\":\"https:\/\/www.nettali.com\/#\/schema\/person\/3317e0bb3aa1da309fbf7b2780901bf4\",\"name\":\"Daouda\",\"image\":{\"@type\":\"ImageObject\",\"@id\":\"https:\/\/www.nettali.com\/#personlogo\",\"inLanguage\":\"fr-FR\",\"url\":\"https:\/\/secure.gravatar.com\/avatar\/8d143b5a49345098ddcfee1c49c2f47c?s=96&d=mm&r=g\",\"contentUrl\":\"https:\/\/secure.gravatar.com\/avatar\/8d143b5a49345098ddcfee1c49c2f47c?s=96&d=mm&r=g\",\"caption\":\"Daouda\"},\"sameAs\":[\"https:\/\/www.nettali.com\"]}]}<\/script>\n<!-- \/ Yoast SEO Premium plugin. -->","yoast_head_json":{"title":"DIPLOMATIE - Le Pr\u00e9sident Diomaye Faye attendu au Togo et au Lib\u00e9ria | Nettali.com","robots":{"index":"index","follow":"follow","max-snippet":"max-snippet:-1","max-image-preview":"max-image-preview:large","max-video-preview":"max-video-preview:-1"},"canonical":"https:\/\/www.nettali.com\/2025\/07\/24\/diplomatie-le-president-diomaye-faye-attendu-au-togo-et-au-liberia\/","og_locale":"fr_FR","og_type":"article","og_title":"DIPLOMATIE - Le Pr\u00e9sident Diomaye Faye attendu au Togo et au Lib\u00e9ria","og_description":"NETTALI.COM - Dans le cadre de son agenda diplomatique et du renforcement des relations bilat\u00e9rales entre le S\u00e9n\u00e9gal et ses partenaires africains, le Pr\u00e9sident de la R\u00e9publique, Bassirou Diomaye Diakhar Faye, s'appr\u00eate \u00e0 effectuer deux d\u00e9placements officiels sur le continent. Selon le communiqu\u00e9 du Conseil des ministres de ce mercredi 23 juillet, le chef de [&hellip;]","og_url":"https:\/\/www.nettali.com\/2025\/07\/24\/diplomatie-le-president-diomaye-faye-attendu-au-togo-et-au-liberia\/","og_site_name":"Nettali.com","article_publisher":"https:\/\/www.facebook.com\/nettalicom","article_published_time":"2025-07-24T06:30:45+00:00","og_image":[{"width":2048,"height":1364,"url":"https:\/\/www.nettali.com\/wp-content\/uploads\/2024\/04\/diomaye-voyage-4.jpg","type":"image\/jpeg"}],"twitter_card":"summary_large_image","twitter_misc":{"\u00c9crit par":"Daouda","Dur\u00e9e de lecture estim\u00e9e":"2 minutes"},"schema":{"@context":"https:\/\/schema.org","@graph":[{"@type":"WebSite","@id":"https:\/\/www.nettali.com\/#website","url":"https:\/\/www.nettali.com\/","name":"Nettali.com","description":"Le rendez-vous critique du Net","potentialAction":[{"@type":"SearchAction","target":{"@type":"EntryPoint","urlTemplate":"https:\/\/www.nettali.com\/?s={search_term_string}"},"query-input":"required name=search_term_string"}],"inLanguage":"fr-FR"},{"@type":"ImageObject","@id":"https:\/\/www.nettali.com\/2025\/07\/24\/diplomatie-le-president-diomaye-faye-attendu-au-togo-et-au-liberia\/#primaryimage","inLanguage":"fr-FR","url":"https:\/\/www.nettali.com\/wp-content\/uploads\/2024\/04\/diomaye-voyage-4.jpg","contentUrl":"https:\/\/www.nettali.com\/wp-content\/uploads\/2024\/04\/diomaye-voyage-4.jpg","width":2048,"height":1364},{"@type":"WebPage","@id":"https:\/\/www.nettali.com\/2025\/07\/24\/diplomatie-le-president-diomaye-faye-attendu-au-togo-et-au-liberia\/#webpage","url":"https:\/\/www.nettali.com\/2025\/07\/24\/diplomatie-le-president-diomaye-faye-attendu-au-togo-et-au-liberia\/","name":"DIPLOMATIE - Le Pr\u00e9sident Diomaye Faye attendu au Togo et au Lib\u00e9ria | Nettali.com","isPartOf":{"@id":"https:\/\/www.nettali.com\/#website"},"primaryImageOfPage":{"@id":"https:\/\/www.nettali.com\/2025\/07\/24\/diplomatie-le-president-diomaye-faye-attendu-au-togo-et-au-liberia\/#primaryimage"},"datePublished":"2025-07-24T06:30:45+00:00","dateModified":"2025-07-24T06:30:45+00:00","author":{"@id":"https:\/\/www.nettali.com\/#\/schema\/person\/3317e0bb3aa1da309fbf7b2780901bf4"},"breadcrumb":{"@id":"https:\/\/www.nettali.com\/2025\/07\/24\/diplomatie-le-president-diomaye-faye-attendu-au-togo-et-au-liberia\/#breadcrumb"},"inLanguage":"fr-FR","potentialAction":[{"@type":"ReadAction","target":["https:\/\/www.nettali.com\/2025\/07\/24\/diplomatie-le-president-diomaye-faye-attendu-au-togo-et-au-liberia\/"]}]},{"@type":"BreadcrumbList","@id":"https:\/\/www.nettali.com\/2025\/07\/24\/diplomatie-le-president-diomaye-faye-attendu-au-togo-et-au-liberia\/#breadcrumb","itemListElement":[{"@type":"ListItem","position":1,"name":"Accueil","item":"https:\/\/www.nettali.com\/"},{"@type":"ListItem","position":2,"name":"DIPLOMATIE - Le Pr\u00e9sident Diomaye Faye attendu au Togo et au Lib\u00e9ria"}]},{"@type":"Person","@id":"https:\/\/www.nettali.com\/#\/schema\/person\/3317e0bb3aa1da309fbf7b2780901bf4","name":"Daouda","image":{"@type":"ImageObject","@id":"https:\/\/www.nettali.com\/#personlogo","inLanguage":"fr-FR","url":"https:\/\/secure.gravatar.com\/avatar\/8d143b5a49345098ddcfee1c49c2f47c?s=96&d=mm&r=g","contentUrl":"https:\/\/secure.gravatar.com\/avatar\/8d143b5a49345098ddcfee1c49c2f47c?s=96&d=mm&r=g","caption":"Daouda"},"sameAs":["https:\/\/www.nettali.com"]}]}},"_links":{"self":[{"href":"https:\/\/www.nettali.com\/rest\/wp\/v2\/posts\/158156"}],"collection":[{"href":"https:\/\/www.nettali.com\/rest\/wp\/v2\/posts"}],"about":[{"href":"https:\/\/www.nettali.com\/rest\/wp\/v2\/types\/post"}],"author":[{"embeddable":true,"href":"https:\/\/www.nettali.com\/rest\/wp\/v2\/users\/4"}],"replies":[{"embeddable":true,"href":"https:\/\/www.nettali.com\/rest\/wp\/v2\/comments?post=158156"}],"version-history":[{"count":1,"href":"https:\/\/www.nettali.com\/rest\/wp\/v2\/posts\/158156\/revisions"}],"predecessor-version":[{"id":158157,"href":"https:\/\/www.nettali.com\/rest\/wp\/v2\/posts\/158156\/revisions\/158157"}],"wp:featuredmedia":[{"embeddable":true,"href":"https:\/\/www.nettali.com\/rest\/wp\/v2\/media\/132553"}],"wp:attachment":[{"href":"https:\/\/www.nettali.com\/rest\/wp\/v2\/media?parent=158156"}],"wp:term":[{"taxonomy":"category","embeddable":true,"href":"https:\/\/www.nettali.com\/rest\/wp\/v2\/categories?post=158156"},{"taxonomy":"post_tag","embeddable":true,"href":"https:\/\/www.nettali.com\/rest\/wp\/v2\/tags?post=158156"}],"curies":[{"name":"wp","href":"https:\/\/api.w.org\/{rel}","templated":true}]}}