{"id":158150,"date":"2025-07-24T06:20:55","date_gmt":"2025-07-24T06:20:55","guid":{"rendered":"https:\/\/www.nettali.com\/?p=158150"},"modified":"2025-07-24T06:20:55","modified_gmt":"2025-07-24T06:20:55","slug":"conseil-des-ministres-la-liste-des-nominations","status":"publish","type":"post","link":"https:\/\/www.nettali.com\/2025\/07\/24\/conseil-des-ministres-la-liste-des-nominations\/","title":{"rendered":"CONSEIL DES MINISTRES- La liste des nominations"},"content":{"rendered":"<p><strong>NETTALI.COM- A l\u2019issue du Conseil des ministres de ce mercredi 23 juillet 2025, le pr\u00e9sident de la R\u00e9publique a pris plusieurs d\u00e9cisions de nomination.<\/strong><\/p>\n<p><strong>Au titre du Minist\u00e8re de l\u2019Environnement et de la Transition \u00c9cologique :<\/strong><\/p>\n<p><strong>Colonel Momar SOW<\/strong>, Conservateur des Parcs nationaux, matricule de solde n\u00b0614 827\/D, est nomm\u00e9 Directeur des Aires marines communautaires prot\u00e9g\u00e9es, en remplacement du Colonel Mamadou SIDIBE.<\/p>\n<p><strong>Au titre du Minist\u00e8re de la Communication, des T\u00e9l\u00e9communications et du Num\u00e9rique :<\/strong><\/p>\n<p><strong>\u00a0Abdoul Aziz ZOUMAROU<\/strong>, Expert en gestion de projets internationaux et en innovation technologique, est nomm\u00e9 Pr\u00e9sident du Conseil d\u2019Administration de T\u00e9l\u00e9diffusion du S\u00e9n\u00e9gal (TDS), en remplacement de Monsieur El Hadji Ibrahima Ndiaye.<\/p>\n<p><strong>Au titre du Minist\u00e8re de la Sant\u00e9 et de l\u2019Action sociale<\/strong><\/p>\n<p><strong>Monsieur Alassane DIALLO<\/strong>, expert en finances, est nomm\u00e9 Directeur de l\u2019Administration g\u00e9n\u00e9rale et de l\u2019Equipement au minist\u00e8re de la Sant\u00e9 et de l\u2019Action sociale, en remplacement de Monsieur Ousseynou Ngom.<\/p>\n<p><strong>Au titre du Minist\u00e8re du Travail, de l\u2019Emploi et des Relations avec les Institutions<\/strong><\/p>\n<p><strong>\u00a0Madame Ramatoulaye NIANG<\/strong>, Inspecteur du Travail et de la S\u00e9curit\u00e9 sociale, matricule de solde no 606 931\/E, pr\u00e9c\u00e9demment Directeur des Relations de Travail et des Organisations Professionnelles, est nomm\u00e9e Directeur g\u00e9n\u00e9ral du Travail et de la S\u00e9curit\u00e9 sociale, en remplacement de Monsieur Karim CISSE, appel\u00e9 \u00e0 d\u2019autres fonctions.<\/p>\n<p><strong>Monsieur Mouhamed Mactar LOUM<\/strong>, Inspecteur du Travail et de la S\u00e9curit\u00e9 sociale, matricule de solde no 604 462\/J, pr\u00e9c\u00e9demment Coordonnateur de la Cellule de Coordination des Inspections du Travail et de la S\u00e9curit\u00e9 sociale \u00e0 la Direction g\u00e9n\u00e9rale du Travail et de la S\u00e9curit\u00e9 sociale, est nomm\u00e9 Directeur des Relations de Travail et des Organisations Professionnelles, en remplacement de Madame Ramatoulaye NIANG.<\/p>\n<p><strong>Au titre du Minist\u00e8re de l'Education nationale :<\/strong><\/p>\n<p><strong>Monsieur Papa Malick NDAO<\/strong>, Administrateur civil principal de classe exceptionnelle, matricule de solde 516 360\/M, est nomm\u00e9 Secr\u00e9taire g\u00e9n\u00e9ral du Minist\u00e8re de l'Education nationale en remplacement de Madame Khady Diop MBODJ, admise \u00e0 faire valoir ses droits \u00e0 une pension de retraite.<\/p>\n<p><strong>Monsieur Omar BA,<\/strong> Conseiller des Affaires \u00e9trang\u00e8res, pr\u00e9c\u00e9demment, chef de la division Moyen-Orient \u00e0 la Direction Asie, Pacifique et Moyen-Orient au Minist\u00e8re de l'Int\u00e9gration africaine et des Affaires \u00e9trang\u00e8res est nomm\u00e9 Secr\u00e9taire g\u00e9n\u00e9ral de l'Institut Islamique de Dakar, poste vacant.<\/p>\n<p><strong>Au titre du Minist\u00e8re de la Microfinance et de l'Economie sociale et solidaire<\/strong><\/p>\n<p><strong>Madame Nd\u00e8ye D\u00e9gu\u00e8ne SOW<\/strong>, Administrateur Civil, matricule de solde 722 203\/B pr\u00e9c\u00e9demment Conseill\u00e8re technique \u00e0 la direction de la Programmation budg\u00e9taire, est nomm\u00e9 Secr\u00e9taire g\u00e9n\u00e9ral du Minist\u00e8re de la Microfinance et de l'Economie sociale et solidaire en remplacement de Monsieur Gorgui NDIAYE.<\/p>\n<p><strong>Monsieur Amadou Tidiane DIALLO<\/strong>, Ing\u00e9nieur agronome, Dipl\u00f4m\u00e9 de l'ENSA de Thi\u00e8s, pr\u00e9c\u00e9demment Directeur des Investissements, du Financement et du suivi des portefeuilles au FONAMIF, est nomm\u00e9 Directeur g\u00e9n\u00e9ral du Fonds National de Microfinance (FONAMIF), en remplacement de Madame Nicole Olga Edith MANSIS appel\u00e9 \u00e0 d'autres fonctions.<\/p>\n<p><strong>Monsieur Papa Layti NDIAYE,<\/strong> Conseiller en Planification, matricule n\u00b0 601 494\/H, est nomm\u00e9 Pr\u00e9sident du Conseil de Surveillance du Fonds de D\u00e9veloppement de la Microfinance Islamique (FDMI).<\/p>\n<p><strong>Au titre du Minist\u00e8re de l'Urbanisme des Collectivit\u00e9s territoriales et de <\/strong><strong>l'Am\u00e9nagement des Territoires<\/strong><\/p>\n<p><strong>Monsieur Seydou TOUNKARA<\/strong>, greffier, est nomm\u00e9e Pr\u00e9sident du Conseil de Surveillance de l'Agence nationale de l'\u00e9tat civil (ANEC) au Minist\u00e8re de l'Urbanisme, des Collectivit\u00e9s territoriales et de l'Am\u00e9nagement des Territoires, en remplacement de Monsieur Samba SALL.<\/p>\n<p><strong>Monsieur Matar NDAO,<\/strong> ing\u00e9nieur informatique, expert en management de projets, est nomm\u00e9 directeur g\u00e9n\u00e9ral de l'Agence nationale de l'\u00e9tat civil (ANEC) au Minist\u00e8re de l'Urbanisme, des Collectivit\u00e9s territoriales et de l'Am\u00e9nagement des Territoires, en remplacement de Monsieur Aliou Ousmane SALL.<\/p>\n<p><strong>Monsieur Papa Alioune DIOUF<\/strong>, inspecteur des imp\u00f4ts et domaines, matricule de solde n o 696.269\/B, est nomm\u00e9 Secr\u00e9taire g\u00e9n\u00e9ral au Minist\u00e8re de l'Urbanisme, des Collectivit\u00e9s territoriales et de l'Am\u00e9nagement des Territoires, poste vacant.<\/p>\n<p><strong>Monsieur Leyti NDIAYE<\/strong>, Ing\u00e9nieur territorial, expert en syst\u00e8mes d'information, am\u00e9nagement et urbanisme, est nomm\u00e9 Secr\u00e9taire g\u00e9n\u00e9ral de l'Agence nationale de l'Am\u00e9nagement des Territoires (ANAT) au Minist\u00e8re de l'Urbanisme, des Collectivit\u00e9s territoriales et de l'Am\u00e9nagement des Territoires, en remplacement de Monsieur Ousmane SECK.<\/p>\n<p><strong>Monsieur Habib KANE<\/strong>, juriste, est nomm\u00e9 Pr\u00e9sident du Conseil d'administration du Centre National de la Fonction publique locale et de la formation au Minist\u00e8re de l'Urbanisme, des Collectivit\u00e9s territoriales et de l'Am\u00e9nagement des Territoires, en remplacement de Madame Maatham BA.<\/p>\n<div class='share-to-whatsapp-wrapper'><div class='share-on-whsp'>PARTAGER SUR : <\/div><a data-text='CONSEIL DES MINISTRES- La liste des nominations' data-link='https:\/\/www.nettali.com\/2025\/07\/24\/conseil-des-ministres-la-liste-des-nominations\/' class='whatsapp-button whatsapp-share'>WhatsApp<\/a><div class='clear '><\/div><\/div>","protected":false},"excerpt":{"rendered":"<p>NETTALI.COM- A l\u2019issue du Conseil des ministres de ce mercredi 23 juillet 2025, le pr\u00e9sident de la R\u00e9publique a pris plusieurs d\u00e9cisions de nomination. Au titre du Minist\u00e8re de l\u2019Environnement et de la Transition \u00c9cologique : Colonel Momar SOW, Conservateur des Parcs nationaux, matricule de solde n\u00b0614 827\/D, est nomm\u00e9 Directeur des Aires marines communautaires [&hellip;]<\/p>\n","protected":false},"author":6,"featured_media":139805,"comment_status":"open","ping_status":"open","sticky":false,"template":"","format":"standard","meta":{"_et_pb_use_builder":"","_et_pb_old_content":""},"categories":[2],"tags":[],"yoast_head":"<!-- This site is optimized with the Yoast SEO Premium plugin v17.8 (Yoast SEO v17.8) - https:\/\/yoast.com\/wordpress\/plugins\/seo\/ -->\n<title>CONSEIL DES MINISTRES- La liste des nominations | Nettali.com<\/title>\n<meta name=\"robots\" content=\"index, follow, max-snippet:-1, max-image-preview:large, max-video-preview:-1\" \/>\n<link rel=\"canonical\" href=\"https:\/\/www.nettali.com\/2025\/07\/24\/conseil-des-ministres-la-liste-des-nominations\/\" \/>\n<meta property=\"og:locale\" content=\"fr_FR\" \/>\n<meta property=\"og:type\" content=\"article\" \/>\n<meta property=\"og:title\" content=\"CONSEIL DES MINISTRES- La liste des nominations\" \/>\n<meta property=\"og:description\" content=\"NETTALI.COM- A l\u2019issue du Conseil des ministres de ce mercredi 23 juillet 2025, le pr\u00e9sident de la R\u00e9publique a pris plusieurs d\u00e9cisions de nomination. Au titre du Minist\u00e8re de l\u2019Environnement et de la Transition \u00c9cologique : Colonel Momar SOW, Conservateur des Parcs nationaux, matricule de solde n\u00b0614 827\/D, est nomm\u00e9 Directeur des Aires marines communautaires [&hellip;]\" \/>\n<meta property=\"og:url\" content=\"https:\/\/www.nettali.com\/2025\/07\/24\/conseil-des-ministres-la-liste-des-nominations\/\" \/>\n<meta property=\"og:site_name\" content=\"Nettali.com\" \/>\n<meta property=\"article:publisher\" content=\"https:\/\/www.facebook.com\/nettalicom\" \/>\n<meta property=\"article:published_time\" content=\"2025-07-24T06:20:55+00:00\" \/>\n<meta property=\"og:image\" content=\"https:\/\/www.nettali.com\/wp-content\/uploads\/2024\/09\/President-Bassirou-Diomaye-Faye-Signature.jpg\" \/>\n\t<meta property=\"og:image:width\" content=\"1280\" \/>\n\t<meta property=\"og:image:height\" content=\"903\" \/>\n<meta name=\"twitter:card\" content=\"summary_large_image\" \/>\n<meta name=\"twitter:label1\" content=\"\u00c9crit par\" \/>\n\t<meta name=\"twitter:data1\" content=\"Fatou\" \/>\n\t<meta name=\"twitter:label2\" content=\"Dur\u00e9e de lecture estim\u00e9e\" \/>\n\t<meta name=\"twitter:data2\" content=\"4 minutes\" \/>\n<script type=\"application\/ld+json\" class=\"yoast-schema-graph\">{\"@context\":\"https:\/\/schema.org\",\"@graph\":[{\"@type\":\"WebSite\",\"@id\":\"https:\/\/www.nettali.com\/#website\",\"url\":\"https:\/\/www.nettali.com\/\",\"name\":\"Nettali.com\",\"description\":\"Le rendez-vous critique du Net\",\"potentialAction\":[{\"@type\":\"SearchAction\",\"target\":{\"@type\":\"EntryPoint\",\"urlTemplate\":\"https:\/\/www.nettali.com\/?s={search_term_string}\"},\"query-input\":\"required name=search_term_string\"}],\"inLanguage\":\"fr-FR\"},{\"@type\":\"ImageObject\",\"@id\":\"https:\/\/www.nettali.com\/2025\/07\/24\/conseil-des-ministres-la-liste-des-nominations\/#primaryimage\",\"inLanguage\":\"fr-FR\",\"url\":\"https:\/\/www.nettali.com\/wp-content\/uploads\/2024\/09\/President-Bassirou-Diomaye-Faye-Signature.jpg\",\"contentUrl\":\"https:\/\/www.nettali.com\/wp-content\/uploads\/2024\/09\/President-Bassirou-Diomaye-Faye-Signature.jpg\",\"width\":1280,\"height\":903},{\"@type\":\"WebPage\",\"@id\":\"https:\/\/www.nettali.com\/2025\/07\/24\/conseil-des-ministres-la-liste-des-nominations\/#webpage\",\"url\":\"https:\/\/www.nettali.com\/2025\/07\/24\/conseil-des-ministres-la-liste-des-nominations\/\",\"name\":\"CONSEIL DES MINISTRES- La liste des nominations | Nettali.com\",\"isPartOf\":{\"@id\":\"https:\/\/www.nettali.com\/#website\"},\"primaryImageOfPage\":{\"@id\":\"https:\/\/www.nettali.com\/2025\/07\/24\/conseil-des-ministres-la-liste-des-nominations\/#primaryimage\"},\"datePublished\":\"2025-07-24T06:20:55+00:00\",\"dateModified\":\"2025-07-24T06:20:55+00:00\",\"author\":{\"@id\":\"https:\/\/www.nettali.com\/#\/schema\/person\/418274a86bdf87caff7a3ef476bd0bbf\"},\"breadcrumb\":{\"@id\":\"https:\/\/www.nettali.com\/2025\/07\/24\/conseil-des-ministres-la-liste-des-nominations\/#breadcrumb\"},\"inLanguage\":\"fr-FR\",\"potentialAction\":[{\"@type\":\"ReadAction\",\"target\":[\"https:\/\/www.nettali.com\/2025\/07\/24\/conseil-des-ministres-la-liste-des-nominations\/\"]}]},{\"@type\":\"BreadcrumbList\",\"@id\":\"https:\/\/www.nettali.com\/2025\/07\/24\/conseil-des-ministres-la-liste-des-nominations\/#breadcrumb\",\"itemListElement\":[{\"@type\":\"ListItem\",\"position\":1,\"name\":\"Accueil\",\"item\":\"https:\/\/www.nettali.com\/\"},{\"@type\":\"ListItem\",\"position\":2,\"name\":\"CONSEIL DES MINISTRES- La liste des nominations\"}]},{\"@type\":\"Person\",\"@id\":\"https:\/\/www.nettali.com\/#\/schema\/person\/418274a86bdf87caff7a3ef476bd0bbf\",\"name\":\"Fatou\",\"image\":{\"@type\":\"ImageObject\",\"@id\":\"https:\/\/www.nettali.com\/#personlogo\",\"inLanguage\":\"fr-FR\",\"url\":\"https:\/\/secure.gravatar.com\/avatar\/5a9442a2bee7b4dcf167cab035858e9a?s=96&d=mm&r=g\",\"contentUrl\":\"https:\/\/secure.gravatar.com\/avatar\/5a9442a2bee7b4dcf167cab035858e9a?s=96&d=mm&r=g\",\"caption\":\"Fatou\"},\"sameAs\":[\"https:\/\/www.nettali.com\"]}]}<\/script>\n<!-- \/ Yoast SEO Premium plugin. -->","yoast_head_json":{"title":"CONSEIL DES MINISTRES- La liste des nominations | Nettali.com","robots":{"index":"index","follow":"follow","max-snippet":"max-snippet:-1","max-image-preview":"max-image-preview:large","max-video-preview":"max-video-preview:-1"},"canonical":"https:\/\/www.nettali.com\/2025\/07\/24\/conseil-des-ministres-la-liste-des-nominations\/","og_locale":"fr_FR","og_type":"article","og_title":"CONSEIL DES MINISTRES- La liste des nominations","og_description":"NETTALI.COM- A l\u2019issue du Conseil des ministres de ce mercredi 23 juillet 2025, le pr\u00e9sident de la R\u00e9publique a pris plusieurs d\u00e9cisions de nomination. Au titre du Minist\u00e8re de l\u2019Environnement et de la Transition \u00c9cologique : Colonel Momar SOW, Conservateur des Parcs nationaux, matricule de solde n\u00b0614 827\/D, est nomm\u00e9 Directeur des Aires marines communautaires [&hellip;]","og_url":"https:\/\/www.nettali.com\/2025\/07\/24\/conseil-des-ministres-la-liste-des-nominations\/","og_site_name":"Nettali.com","article_publisher":"https:\/\/www.facebook.com\/nettalicom","article_published_time":"2025-07-24T06:20:55+00:00","og_image":[{"width":1280,"height":903,"url":"https:\/\/www.nettali.com\/wp-content\/uploads\/2024\/09\/President-Bassirou-Diomaye-Faye-Signature.jpg","type":"image\/jpeg"}],"twitter_card":"summary_large_image","twitter_misc":{"\u00c9crit par":"Fatou","Dur\u00e9e de lecture estim\u00e9e":"4 minutes"},"schema":{"@context":"https:\/\/schema.org","@graph":[{"@type":"WebSite","@id":"https:\/\/www.nettali.com\/#website","url":"https:\/\/www.nettali.com\/","name":"Nettali.com","description":"Le rendez-vous critique du Net","potentialAction":[{"@type":"SearchAction","target":{"@type":"EntryPoint","urlTemplate":"https:\/\/www.nettali.com\/?s={search_term_string}"},"query-input":"required name=search_term_string"}],"inLanguage":"fr-FR"},{"@type":"ImageObject","@id":"https:\/\/www.nettali.com\/2025\/07\/24\/conseil-des-ministres-la-liste-des-nominations\/#primaryimage","inLanguage":"fr-FR","url":"https:\/\/www.nettali.com\/wp-content\/uploads\/2024\/09\/President-Bassirou-Diomaye-Faye-Signature.jpg","contentUrl":"https:\/\/www.nettali.com\/wp-content\/uploads\/2024\/09\/President-Bassirou-Diomaye-Faye-Signature.jpg","width":1280,"height":903},{"@type":"WebPage","@id":"https:\/\/www.nettali.com\/2025\/07\/24\/conseil-des-ministres-la-liste-des-nominations\/#webpage","url":"https:\/\/www.nettali.com\/2025\/07\/24\/conseil-des-ministres-la-liste-des-nominations\/","name":"CONSEIL DES MINISTRES- La liste des nominations | Nettali.com","isPartOf":{"@id":"https:\/\/www.nettali.com\/#website"},"primaryImageOfPage":{"@id":"https:\/\/www.nettali.com\/2025\/07\/24\/conseil-des-ministres-la-liste-des-nominations\/#primaryimage"},"datePublished":"2025-07-24T06:20:55+00:00","dateModified":"2025-07-24T06:20:55+00:00","author":{"@id":"https:\/\/www.nettali.com\/#\/schema\/person\/418274a86bdf87caff7a3ef476bd0bbf"},"breadcrumb":{"@id":"https:\/\/www.nettali.com\/2025\/07\/24\/conseil-des-ministres-la-liste-des-nominations\/#breadcrumb"},"inLanguage":"fr-FR","potentialAction":[{"@type":"ReadAction","target":["https:\/\/www.nettali.com\/2025\/07\/24\/conseil-des-ministres-la-liste-des-nominations\/"]}]},{"@type":"BreadcrumbList","@id":"https:\/\/www.nettali.com\/2025\/07\/24\/conseil-des-ministres-la-liste-des-nominations\/#breadcrumb","itemListElement":[{"@type":"ListItem","position":1,"name":"Accueil","item":"https:\/\/www.nettali.com\/"},{"@type":"ListItem","position":2,"name":"CONSEIL DES MINISTRES- La liste des nominations"}]},{"@type":"Person","@id":"https:\/\/www.nettali.com\/#\/schema\/person\/418274a86bdf87caff7a3ef476bd0bbf","name":"Fatou","image":{"@type":"ImageObject","@id":"https:\/\/www.nettali.com\/#personlogo","inLanguage":"fr-FR","url":"https:\/\/secure.gravatar.com\/avatar\/5a9442a2bee7b4dcf167cab035858e9a?s=96&d=mm&r=g","contentUrl":"https:\/\/secure.gravatar.com\/avatar\/5a9442a2bee7b4dcf167cab035858e9a?s=96&d=mm&r=g","caption":"Fatou"},"sameAs":["https:\/\/www.nettali.com"]}]}},"_links":{"self":[{"href":"https:\/\/www.nettali.com\/rest\/wp\/v2\/posts\/158150"}],"collection":[{"href":"https:\/\/www.nettali.com\/rest\/wp\/v2\/posts"}],"about":[{"href":"https:\/\/www.nettali.com\/rest\/wp\/v2\/types\/post"}],"author":[{"embeddable":true,"href":"https:\/\/www.nettali.com\/rest\/wp\/v2\/users\/6"}],"replies":[{"embeddable":true,"href":"https:\/\/www.nettali.com\/rest\/wp\/v2\/comments?post=158150"}],"version-history":[{"count":1,"href":"https:\/\/www.nettali.com\/rest\/wp\/v2\/posts\/158150\/revisions"}],"predecessor-version":[{"id":158151,"href":"https:\/\/www.nettali.com\/rest\/wp\/v2\/posts\/158150\/revisions\/158151"}],"wp:featuredmedia":[{"embeddable":true,"href":"https:\/\/www.nettali.com\/rest\/wp\/v2\/media\/139805"}],"wp:attachment":[{"href":"https:\/\/www.nettali.com\/rest\/wp\/v2\/media?parent=158150"}],"wp:term":[{"taxonomy":"category","embeddable":true,"href":"https:\/\/www.nettali.com\/rest\/wp\/v2\/categories?post=158150"},{"taxonomy":"post_tag","embeddable":true,"href":"https:\/\/www.nettali.com\/rest\/wp\/v2\/tags?post=158150"}],"curies":[{"name":"wp","href":"https:\/\/api.w.org\/{rel}","templated":true}]}}