{"id":158147,"date":"2025-07-24T01:23:58","date_gmt":"2025-07-24T01:23:58","guid":{"rendered":"https:\/\/www.nettali.com\/?p=158147"},"modified":"2025-07-24T06:24:12","modified_gmt":"2025-07-24T06:24:12","slug":"agropole-eau-et-energie-ousmane-sonko-presse-lexecution-des-projets-structurants","status":"publish","type":"post","link":"https:\/\/www.nettali.com\/2025\/07\/24\/agropole-eau-et-energie-ousmane-sonko-presse-lexecution-des-projets-structurants\/","title":{"rendered":"AGROPOLE, EAU ET \u00c9NERGIE -\u00a0Ousmane Sonko presse l\u2019ex\u00e9cution des projets structurants"},"content":{"rendered":"<p><strong>NETTALI.COM-\u00a0Devant le Conseil des ministres, le Premier ministre a mis l\u2019accent sur l\u2019urgence d\u2019acc\u00e9l\u00e9rer plusieurs projets cl\u00e9s dans les secteurs de l\u2019agriculture, de l\u2019eau et de l\u2019\u00e9nergie. Il en appelle \u00e0 une gouvernance plus efficace et \u00e0 une lev\u00e9e rapide des blocages, notamment pour le d\u00e9marrage de l\u2019Agropole Nord.<\/strong><\/p>\n<p>Le d\u00e9veloppement territorial et la souverainet\u00e9 \u00e9conomique passent par des infrastructures solides et des cha\u00eenes de valeur fonctionnelles. C\u2019est le message d\u00e9livr\u00e9 par le Premier ministre, qui a rappel\u00e9 l\u2019importance strat\u00e9gique du Programme national des agropoles, ainsi que de deux projets phares dans les secteurs vitaux de l\u2019eau et de l\u2019\u00e9nergie.<\/p>\n<p>S\u2019exprimant sur l\u2019acc\u00e9l\u00e9ration des projets structurants, le Premier ministre a soulign\u00e9 que l\u2019ambition du gouvernement est claire : \u00ab <em>renforcer notre souverainet\u00e9 \u00e9conomique, s\u00e9curiser l\u2019acc\u00e8s \u00e0 des services essentiels et offrir de nouvelles perspectives d\u2019emplois et d\u2019industrialisation sur l\u2019ensemble du territoire<\/em> \u00bb.<\/p>\n<p>Dans cette dynamique, il a mis en avant le Programme national des agropoles du S\u00e9n\u00e9gal (PNDAS), con\u00e7u pour d\u00e9velopper cinq p\u00f4les agro-industriels \u00e0 fort potentiel. Ce programme articule production agricole, transformation locale et cr\u00e9ation d\u2019emplois, avec une couverture \u00e9quilibr\u00e9e du territoire. \u00c0 ce jour, les Agropoles Sud (Ziguinchor, Kolda) et Centre (Kaolack, Fatick, Kaffrine) sont en cours d\u2019ex\u00e9cution, gr\u00e2ce \u00e0 plus de 160 milliards de FCFA d\u2019investissements mobilis\u00e9s aupr\u00e8s de l\u2019\u00c9tat et de plusieurs partenaires techniques et financiers tels que la BAD, la BID, l\u2019Union europ\u00e9enne et ENABEL. Ces projets visent la cr\u00e9ation de plus de 350 000 emplois directs et indirects.<\/p>\n<p>Concernant l\u2019Agropole Nord, estim\u00e9e \u00e0 184 milliards de FCFA, le Premier ministre a signal\u00e9 que malgr\u00e9 un premier engagement de la BAD, la convention compl\u00e9mentaire avec la BID (57 milliards FCFA) reste non sign\u00e9e depuis 2024, ce qui retarde consid\u00e9rablement le d\u00e9marrage des travaux. Il a \u00e9galement \u00e9voqu\u00e9 d\u2019autres freins \u00e0 lever, li\u00e9s \u00e0 la gouvernance, au recrutement de partenaires strat\u00e9giques et \u00e0 l\u2019approvisionnement agricole.<\/p>\n<p>Au-del\u00e0 du secteur agricole, le chef du gouvernement a \u00e9voqu\u00e9 deux grandes infrastructures vitales : l\u2019unit\u00e9 de dessalement des Mamelles et le barrage hydro\u00e9lectrique de Sambangalou, qui participent \u00e9galement \u00e0 la consolidation de la souverainet\u00e9 nationale dans les secteurs de l\u2019eau et de l\u2019\u00e9nergie.<\/p>\n<p>Pour relancer la dynamique, le Premier ministre a demand\u00e9 aux ministres en charge de l\u2019Industrie et de l\u2019Agriculture de r\u00e9aliser une revue compl\u00e8te de l\u2019\u00e9tat d\u2019avancement des agropoles, en identifiant clairement les contraintes op\u00e9rationnelles. Un rapport d\u00e9taill\u00e9 est attendu au plus tard le 25 ao\u00fbt 2025.<\/p>\n<div class='share-to-whatsapp-wrapper'><div class='share-on-whsp'>PARTAGER SUR : <\/div><a data-text='AGROPOLE, EAU ET \u00c9NERGIE -\u00a0Ousmane Sonko presse l\u2019ex\u00e9cution des projets structurants' data-link='https:\/\/www.nettali.com\/2025\/07\/24\/agropole-eau-et-energie-ousmane-sonko-presse-lexecution-des-projets-structurants\/' class='whatsapp-button whatsapp-share'>WhatsApp<\/a><div class='clear '><\/div><\/div>","protected":false},"excerpt":{"rendered":"<p>NETTALI.COM-\u00a0Devant le Conseil des ministres, le Premier ministre a mis l\u2019accent sur l\u2019urgence d\u2019acc\u00e9l\u00e9rer plusieurs projets cl\u00e9s dans les secteurs de l\u2019agriculture, de l\u2019eau et de l\u2019\u00e9nergie. Il en appelle \u00e0 une gouvernance plus efficace et \u00e0 une lev\u00e9e rapide des blocages, notamment pour le d\u00e9marrage de l\u2019Agropole Nord. Le d\u00e9veloppement territorial et la souverainet\u00e9 [&hellip;]<\/p>\n","protected":false},"author":6,"featured_media":157634,"comment_status":"open","ping_status":"open","sticky":false,"template":"","format":"standard","meta":{"_et_pb_use_builder":"","_et_pb_old_content":""},"categories":[3],"tags":[],"yoast_head":"<!-- This site is optimized with the Yoast SEO Premium plugin v17.8 (Yoast SEO v17.8) - https:\/\/yoast.com\/wordpress\/plugins\/seo\/ -->\n<title>AGROPOLE, EAU ET \u00c9NERGIE -\u00a0Ousmane Sonko presse l\u2019ex\u00e9cution des projets structurants | Nettali.com<\/title>\n<meta name=\"robots\" content=\"index, follow, max-snippet:-1, max-image-preview:large, max-video-preview:-1\" \/>\n<link rel=\"canonical\" href=\"https:\/\/www.nettali.com\/2025\/07\/24\/agropole-eau-et-energie-ousmane-sonko-presse-lexecution-des-projets-structurants\/\" \/>\n<meta property=\"og:locale\" content=\"fr_FR\" \/>\n<meta property=\"og:type\" content=\"article\" \/>\n<meta property=\"og:title\" content=\"AGROPOLE, EAU ET \u00c9NERGIE -\u00a0Ousmane Sonko presse l\u2019ex\u00e9cution des projets structurants\" \/>\n<meta property=\"og:description\" content=\"NETTALI.COM-\u00a0Devant le Conseil des ministres, le Premier ministre a mis l\u2019accent sur l\u2019urgence d\u2019acc\u00e9l\u00e9rer plusieurs projets cl\u00e9s dans les secteurs de l\u2019agriculture, de l\u2019eau et de l\u2019\u00e9nergie. Il en appelle \u00e0 une gouvernance plus efficace et \u00e0 une lev\u00e9e rapide des blocages, notamment pour le d\u00e9marrage de l\u2019Agropole Nord. Le d\u00e9veloppement territorial et la souverainet\u00e9 [&hellip;]\" \/>\n<meta property=\"og:url\" content=\"https:\/\/www.nettali.com\/2025\/07\/24\/agropole-eau-et-energie-ousmane-sonko-presse-lexecution-des-projets-structurants\/\" \/>\n<meta property=\"og:site_name\" content=\"Nettali.com\" \/>\n<meta property=\"article:publisher\" content=\"https:\/\/www.facebook.com\/nettalicom\" \/>\n<meta property=\"article:published_time\" content=\"2025-07-24T01:23:58+00:00\" \/>\n<meta property=\"article:modified_time\" content=\"2025-07-24T06:24:12+00:00\" \/>\n<meta property=\"og:image\" content=\"https:\/\/www.nettali.com\/wp-content\/uploads\/2025\/07\/ousmane-sonko-primature-point-presse-gouvernement.jpg\" \/>\n\t<meta property=\"og:image:width\" content=\"1280\" \/>\n\t<meta property=\"og:image:height\" content=\"960\" \/>\n<meta name=\"twitter:card\" content=\"summary_large_image\" \/>\n<meta name=\"twitter:label1\" content=\"\u00c9crit par\" \/>\n\t<meta name=\"twitter:data1\" content=\"Fatou\" \/>\n\t<meta name=\"twitter:label2\" content=\"Dur\u00e9e de lecture estim\u00e9e\" \/>\n\t<meta name=\"twitter:data2\" content=\"3 minutes\" \/>\n<script type=\"application\/ld+json\" class=\"yoast-schema-graph\">{\"@context\":\"https:\/\/schema.org\",\"@graph\":[{\"@type\":\"WebSite\",\"@id\":\"https:\/\/www.nettali.com\/#website\",\"url\":\"https:\/\/www.nettali.com\/\",\"name\":\"Nettali.com\",\"description\":\"Le rendez-vous critique du Net\",\"potentialAction\":[{\"@type\":\"SearchAction\",\"target\":{\"@type\":\"EntryPoint\",\"urlTemplate\":\"https:\/\/www.nettali.com\/?s={search_term_string}\"},\"query-input\":\"required name=search_term_string\"}],\"inLanguage\":\"fr-FR\"},{\"@type\":\"ImageObject\",\"@id\":\"https:\/\/www.nettali.com\/2025\/07\/24\/agropole-eau-et-energie-ousmane-sonko-presse-lexecution-des-projets-structurants\/#primaryimage\",\"inLanguage\":\"fr-FR\",\"url\":\"https:\/\/www.nettali.com\/wp-content\/uploads\/2025\/07\/ousmane-sonko-primature-point-presse-gouvernement.jpg\",\"contentUrl\":\"https:\/\/www.nettali.com\/wp-content\/uploads\/2025\/07\/ousmane-sonko-primature-point-presse-gouvernement.jpg\",\"width\":1280,\"height\":960},{\"@type\":\"WebPage\",\"@id\":\"https:\/\/www.nettali.com\/2025\/07\/24\/agropole-eau-et-energie-ousmane-sonko-presse-lexecution-des-projets-structurants\/#webpage\",\"url\":\"https:\/\/www.nettali.com\/2025\/07\/24\/agropole-eau-et-energie-ousmane-sonko-presse-lexecution-des-projets-structurants\/\",\"name\":\"AGROPOLE, EAU ET \\u00c9NERGIE -\\u00a0Ousmane Sonko presse l\\u2019ex\\u00e9cution des projets structurants | Nettali.com\",\"isPartOf\":{\"@id\":\"https:\/\/www.nettali.com\/#website\"},\"primaryImageOfPage\":{\"@id\":\"https:\/\/www.nettali.com\/2025\/07\/24\/agropole-eau-et-energie-ousmane-sonko-presse-lexecution-des-projets-structurants\/#primaryimage\"},\"datePublished\":\"2025-07-24T01:23:58+00:00\",\"dateModified\":\"2025-07-24T06:24:12+00:00\",\"author\":{\"@id\":\"https:\/\/www.nettali.com\/#\/schema\/person\/418274a86bdf87caff7a3ef476bd0bbf\"},\"breadcrumb\":{\"@id\":\"https:\/\/www.nettali.com\/2025\/07\/24\/agropole-eau-et-energie-ousmane-sonko-presse-lexecution-des-projets-structurants\/#breadcrumb\"},\"inLanguage\":\"fr-FR\",\"potentialAction\":[{\"@type\":\"ReadAction\",\"target\":[\"https:\/\/www.nettali.com\/2025\/07\/24\/agropole-eau-et-energie-ousmane-sonko-presse-lexecution-des-projets-structurants\/\"]}]},{\"@type\":\"BreadcrumbList\",\"@id\":\"https:\/\/www.nettali.com\/2025\/07\/24\/agropole-eau-et-energie-ousmane-sonko-presse-lexecution-des-projets-structurants\/#breadcrumb\",\"itemListElement\":[{\"@type\":\"ListItem\",\"position\":1,\"name\":\"Accueil\",\"item\":\"https:\/\/www.nettali.com\/\"},{\"@type\":\"ListItem\",\"position\":2,\"name\":\"AGROPOLE, EAU ET \\u00c9NERGIE -\\u00a0Ousmane Sonko presse l\\u2019ex\\u00e9cution des projets structurants\"}]},{\"@type\":\"Person\",\"@id\":\"https:\/\/www.nettali.com\/#\/schema\/person\/418274a86bdf87caff7a3ef476bd0bbf\",\"name\":\"Fatou\",\"image\":{\"@type\":\"ImageObject\",\"@id\":\"https:\/\/www.nettali.com\/#personlogo\",\"inLanguage\":\"fr-FR\",\"url\":\"https:\/\/secure.gravatar.com\/avatar\/5a9442a2bee7b4dcf167cab035858e9a?s=96&d=mm&r=g\",\"contentUrl\":\"https:\/\/secure.gravatar.com\/avatar\/5a9442a2bee7b4dcf167cab035858e9a?s=96&d=mm&r=g\",\"caption\":\"Fatou\"},\"sameAs\":[\"https:\/\/www.nettali.com\"]}]}<\/script>\n<!-- \/ Yoast SEO Premium plugin. -->","yoast_head_json":{"title":"AGROPOLE, EAU ET \u00c9NERGIE -\u00a0Ousmane Sonko presse l\u2019ex\u00e9cution des projets structurants | Nettali.com","robots":{"index":"index","follow":"follow","max-snippet":"max-snippet:-1","max-image-preview":"max-image-preview:large","max-video-preview":"max-video-preview:-1"},"canonical":"https:\/\/www.nettali.com\/2025\/07\/24\/agropole-eau-et-energie-ousmane-sonko-presse-lexecution-des-projets-structurants\/","og_locale":"fr_FR","og_type":"article","og_title":"AGROPOLE, EAU ET \u00c9NERGIE -\u00a0Ousmane Sonko presse l\u2019ex\u00e9cution des projets structurants","og_description":"NETTALI.COM-\u00a0Devant le Conseil des ministres, le Premier ministre a mis l\u2019accent sur l\u2019urgence d\u2019acc\u00e9l\u00e9rer plusieurs projets cl\u00e9s dans les secteurs de l\u2019agriculture, de l\u2019eau et de l\u2019\u00e9nergie. Il en appelle \u00e0 une gouvernance plus efficace et \u00e0 une lev\u00e9e rapide des blocages, notamment pour le d\u00e9marrage de l\u2019Agropole Nord. Le d\u00e9veloppement territorial et la souverainet\u00e9 [&hellip;]","og_url":"https:\/\/www.nettali.com\/2025\/07\/24\/agropole-eau-et-energie-ousmane-sonko-presse-lexecution-des-projets-structurants\/","og_site_name":"Nettali.com","article_publisher":"https:\/\/www.facebook.com\/nettalicom","article_published_time":"2025-07-24T01:23:58+00:00","article_modified_time":"2025-07-24T06:24:12+00:00","og_image":[{"width":1280,"height":960,"url":"https:\/\/www.nettali.com\/wp-content\/uploads\/2025\/07\/ousmane-sonko-primature-point-presse-gouvernement.jpg","type":"image\/jpeg"}],"twitter_card":"summary_large_image","twitter_misc":{"\u00c9crit par":"Fatou","Dur\u00e9e de lecture estim\u00e9e":"3 minutes"},"schema":{"@context":"https:\/\/schema.org","@graph":[{"@type":"WebSite","@id":"https:\/\/www.nettali.com\/#website","url":"https:\/\/www.nettali.com\/","name":"Nettali.com","description":"Le rendez-vous critique du Net","potentialAction":[{"@type":"SearchAction","target":{"@type":"EntryPoint","urlTemplate":"https:\/\/www.nettali.com\/?s={search_term_string}"},"query-input":"required name=search_term_string"}],"inLanguage":"fr-FR"},{"@type":"ImageObject","@id":"https:\/\/www.nettali.com\/2025\/07\/24\/agropole-eau-et-energie-ousmane-sonko-presse-lexecution-des-projets-structurants\/#primaryimage","inLanguage":"fr-FR","url":"https:\/\/www.nettali.com\/wp-content\/uploads\/2025\/07\/ousmane-sonko-primature-point-presse-gouvernement.jpg","contentUrl":"https:\/\/www.nettali.com\/wp-content\/uploads\/2025\/07\/ousmane-sonko-primature-point-presse-gouvernement.jpg","width":1280,"height":960},{"@type":"WebPage","@id":"https:\/\/www.nettali.com\/2025\/07\/24\/agropole-eau-et-energie-ousmane-sonko-presse-lexecution-des-projets-structurants\/#webpage","url":"https:\/\/www.nettali.com\/2025\/07\/24\/agropole-eau-et-energie-ousmane-sonko-presse-lexecution-des-projets-structurants\/","name":"AGROPOLE, EAU ET \u00c9NERGIE -\u00a0Ousmane Sonko presse l\u2019ex\u00e9cution des projets structurants | Nettali.com","isPartOf":{"@id":"https:\/\/www.nettali.com\/#website"},"primaryImageOfPage":{"@id":"https:\/\/www.nettali.com\/2025\/07\/24\/agropole-eau-et-energie-ousmane-sonko-presse-lexecution-des-projets-structurants\/#primaryimage"},"datePublished":"2025-07-24T01:23:58+00:00","dateModified":"2025-07-24T06:24:12+00:00","author":{"@id":"https:\/\/www.nettali.com\/#\/schema\/person\/418274a86bdf87caff7a3ef476bd0bbf"},"breadcrumb":{"@id":"https:\/\/www.nettali.com\/2025\/07\/24\/agropole-eau-et-energie-ousmane-sonko-presse-lexecution-des-projets-structurants\/#breadcrumb"},"inLanguage":"fr-FR","potentialAction":[{"@type":"ReadAction","target":["https:\/\/www.nettali.com\/2025\/07\/24\/agropole-eau-et-energie-ousmane-sonko-presse-lexecution-des-projets-structurants\/"]}]},{"@type":"BreadcrumbList","@id":"https:\/\/www.nettali.com\/2025\/07\/24\/agropole-eau-et-energie-ousmane-sonko-presse-lexecution-des-projets-structurants\/#breadcrumb","itemListElement":[{"@type":"ListItem","position":1,"name":"Accueil","item":"https:\/\/www.nettali.com\/"},{"@type":"ListItem","position":2,"name":"AGROPOLE, EAU ET \u00c9NERGIE -\u00a0Ousmane Sonko presse l\u2019ex\u00e9cution des projets structurants"}]},{"@type":"Person","@id":"https:\/\/www.nettali.com\/#\/schema\/person\/418274a86bdf87caff7a3ef476bd0bbf","name":"Fatou","image":{"@type":"ImageObject","@id":"https:\/\/www.nettali.com\/#personlogo","inLanguage":"fr-FR","url":"https:\/\/secure.gravatar.com\/avatar\/5a9442a2bee7b4dcf167cab035858e9a?s=96&d=mm&r=g","contentUrl":"https:\/\/secure.gravatar.com\/avatar\/5a9442a2bee7b4dcf167cab035858e9a?s=96&d=mm&r=g","caption":"Fatou"},"sameAs":["https:\/\/www.nettali.com"]}]}},"_links":{"self":[{"href":"https:\/\/www.nettali.com\/rest\/wp\/v2\/posts\/158147"}],"collection":[{"href":"https:\/\/www.nettali.com\/rest\/wp\/v2\/posts"}],"about":[{"href":"https:\/\/www.nettali.com\/rest\/wp\/v2\/types\/post"}],"author":[{"embeddable":true,"href":"https:\/\/www.nettali.com\/rest\/wp\/v2\/users\/6"}],"replies":[{"embeddable":true,"href":"https:\/\/www.nettali.com\/rest\/wp\/v2\/comments?post=158147"}],"version-history":[{"count":1,"href":"https:\/\/www.nettali.com\/rest\/wp\/v2\/posts\/158147\/revisions"}],"predecessor-version":[{"id":158148,"href":"https:\/\/www.nettali.com\/rest\/wp\/v2\/posts\/158147\/revisions\/158148"}],"wp:featuredmedia":[{"embeddable":true,"href":"https:\/\/www.nettali.com\/rest\/wp\/v2\/media\/157634"}],"wp:attachment":[{"href":"https:\/\/www.nettali.com\/rest\/wp\/v2\/media?parent=158147"}],"wp:term":[{"taxonomy":"category","embeddable":true,"href":"https:\/\/www.nettali.com\/rest\/wp\/v2\/categories?post=158147"},{"taxonomy":"post_tag","embeddable":true,"href":"https:\/\/www.nettali.com\/rest\/wp\/v2\/tags?post=158147"}],"curies":[{"name":"wp","href":"https:\/\/api.w.org\/{rel}","templated":true}]}}