{"id":158145,"date":"2025-07-24T05:42:23","date_gmt":"2025-07-24T05:42:23","guid":{"rendered":"https:\/\/www.nettali.com\/?p=158145"},"modified":"2025-07-24T06:22:53","modified_gmt":"2025-07-24T06:22:53","slug":"marches-et-commerce-le-president-diomaye-ordonne-lacceleration-de-la-modernisation-des-infrastructures","status":"publish","type":"post","link":"https:\/\/www.nettali.com\/2025\/07\/24\/marches-et-commerce-le-president-diomaye-ordonne-lacceleration-de-la-modernisation-des-infrastructures\/","title":{"rendered":"MARCH\u00c9S ET COMMERCE-\u00a0Le Pr\u00e9sident Diomaye ordonne l\u2019acc\u00e9l\u00e9ration de la modernisation des infrastructures"},"content":{"rendered":"<p><strong>NETTALI.COM-\u00a0En Conseil des ministres, le chef de l\u2019\u00c9tat a r\u00e9affirm\u00e9 sa volont\u00e9 de moderniser les march\u00e9s et les espaces commerciaux du pays. Il appelle \u00e0 la mise en \u0153uvre rapide des recommandations issues des \u00c9tats g\u00e9n\u00e9raux de l\u2019industrie et du commerce, ainsi qu\u2019\u00e0 la valorisation des infrastructures d\u00e9j\u00e0 construites.<\/strong><\/p>\n<p>La modernisation du commerce de d\u00e9tail entre dans une phase d\u2019urgence. Face \u00e0 la lenteur constat\u00e9e dans l\u2019activation de certains projets, le pr\u00e9sident de la R\u00e9publique a exig\u00e9 du gouvernement des actions concr\u00e8tes et rapides pour structurer l\u2019activit\u00e9 commerciale \u00e0 travers tout le pays.<\/p>\n<p>En revenant sur la question de la modernisation des march\u00e9s et des espaces commerciaux, le chef de l\u2019\u00c9tat a soulign\u00e9 que \u00ab <em>l\u2019am\u00e9lioration des conditions d\u2019organisation et d\u2019exercice des activit\u00e9s commerciales doit rester une priorit\u00e9<\/em> \u00bb. Il a instruit les ministres charg\u00e9s du Commerce et des Collectivit\u00e9s territoriales \u00e0 acc\u00e9l\u00e9rer la mise en \u0153uvre des programmes de modernisation, en insistant sur l\u2019importance d\u2019une couverture nationale.<\/p>\n<p>Le pr\u00e9sident a particuli\u00e8rement insist\u00e9 sur la n\u00e9cessit\u00e9 d\u2019ouvrir sans d\u00e9lai les march\u00e9s d\u00e9j\u00e0 r\u00e9alis\u00e9s, comme celui de Til\u00e8ne \u00e0 Ziguinchor, tout en s\u2019assurant que toutes les prescriptions en mati\u00e8re de s\u00e9curit\u00e9 civile et de mise aux normes \u00e9lectriques soient rigoureusement respect\u00e9es. Pour lui, ces projets doivent \u00eatre pens\u00e9s dans une logique de durabilit\u00e9 et de s\u00e9curit\u00e9.<\/p>\n<p>Il a \u00e9galement demand\u00e9 l\u2019application imm\u00e9diate des recommandations issues des \u00c9tats g\u00e9n\u00e9raux de l\u2019industrie, du commerce et des PME-PMI, notamment celles qui concernent la modernisation des installations commerciales. Ce chantier constitue, selon lui, une \u00e9tape incontournable pour mieux structurer l\u2019\u00e9conomie locale et prot\u00e9ger les acteurs \u00e9conomiques de proximit\u00e9.<\/p>\n<p>Enfin, dans un souci de souverainet\u00e9 alimentaire et de r\u00e9duction des pertes post-r\u00e9colte, le pr\u00e9sident a donn\u00e9 des instructions pour acc\u00e9l\u00e9rer la mise en \u0153uvre du Programme national de r\u00e9alisation d\u2019infrastructures de stockage et de conservation, un projet qui devra \u00eatre co-d\u00e9velopp\u00e9 avec le secteur priv\u00e9 national.<\/p>\n<div class='share-to-whatsapp-wrapper'><div class='share-on-whsp'>PARTAGER SUR : <\/div><a data-text='MARCH\u00c9S ET COMMERCE-\u00a0Le Pr\u00e9sident Diomaye ordonne l\u2019acc\u00e9l\u00e9ration de la modernisation des infrastructures' data-link='https:\/\/www.nettali.com\/2025\/07\/24\/marches-et-commerce-le-president-diomaye-ordonne-lacceleration-de-la-modernisation-des-infrastructures\/' class='whatsapp-button whatsapp-share'>WhatsApp<\/a><div class='clear '><\/div><\/div>","protected":false},"excerpt":{"rendered":"<p>NETTALI.COM-\u00a0En Conseil des ministres, le chef de l\u2019\u00c9tat a r\u00e9affirm\u00e9 sa volont\u00e9 de moderniser les march\u00e9s et les espaces commerciaux du pays. Il appelle \u00e0 la mise en \u0153uvre rapide des recommandations issues des \u00c9tats g\u00e9n\u00e9raux de l\u2019industrie et du commerce, ainsi qu\u2019\u00e0 la valorisation des infrastructures d\u00e9j\u00e0 construites. La modernisation du commerce de d\u00e9tail [&hellip;]<\/p>\n","protected":false},"author":6,"featured_media":130603,"comment_status":"open","ping_status":"open","sticky":false,"template":"","format":"standard","meta":{"_et_pb_use_builder":"","_et_pb_old_content":""},"categories":[3],"tags":[],"yoast_head":"<!-- This site is optimized with the Yoast SEO Premium plugin v17.8 (Yoast SEO v17.8) - https:\/\/yoast.com\/wordpress\/plugins\/seo\/ -->\n<title>MARCH\u00c9S ET COMMERCE-\u00a0Le Pr\u00e9sident Diomaye ordonne l\u2019acc\u00e9l\u00e9ration de la modernisation des infrastructures | Nettali.com<\/title>\n<meta name=\"robots\" content=\"index, follow, max-snippet:-1, max-image-preview:large, max-video-preview:-1\" \/>\n<link rel=\"canonical\" href=\"https:\/\/www.nettali.com\/2025\/07\/24\/marches-et-commerce-le-president-diomaye-ordonne-lacceleration-de-la-modernisation-des-infrastructures\/\" \/>\n<meta property=\"og:locale\" content=\"fr_FR\" \/>\n<meta property=\"og:type\" content=\"article\" \/>\n<meta property=\"og:title\" content=\"MARCH\u00c9S ET COMMERCE-\u00a0Le Pr\u00e9sident Diomaye ordonne l\u2019acc\u00e9l\u00e9ration de la modernisation des infrastructures\" \/>\n<meta property=\"og:description\" content=\"NETTALI.COM-\u00a0En Conseil des ministres, le chef de l\u2019\u00c9tat a r\u00e9affirm\u00e9 sa volont\u00e9 de moderniser les march\u00e9s et les espaces commerciaux du pays. Il appelle \u00e0 la mise en \u0153uvre rapide des recommandations issues des \u00c9tats g\u00e9n\u00e9raux de l\u2019industrie et du commerce, ainsi qu\u2019\u00e0 la valorisation des infrastructures d\u00e9j\u00e0 construites. La modernisation du commerce de d\u00e9tail [&hellip;]\" \/>\n<meta property=\"og:url\" content=\"https:\/\/www.nettali.com\/2025\/07\/24\/marches-et-commerce-le-president-diomaye-ordonne-lacceleration-de-la-modernisation-des-infrastructures\/\" \/>\n<meta property=\"og:site_name\" content=\"Nettali.com\" \/>\n<meta property=\"article:publisher\" content=\"https:\/\/www.facebook.com\/nettalicom\" \/>\n<meta property=\"article:published_time\" content=\"2025-07-24T05:42:23+00:00\" \/>\n<meta property=\"article:modified_time\" content=\"2025-07-24T06:22:53+00:00\" \/>\n<meta property=\"og:image\" content=\"https:\/\/www.nettali.com\/wp-content\/uploads\/2024\/03\/w980-p16x9-Bassirou-Diomaye-Faye..jpg\" \/>\n\t<meta property=\"og:image:width\" content=\"980\" \/>\n\t<meta property=\"og:image:height\" content=\"551\" \/>\n<meta name=\"twitter:card\" content=\"summary_large_image\" \/>\n<meta name=\"twitter:label1\" content=\"\u00c9crit par\" \/>\n\t<meta name=\"twitter:data1\" content=\"Fatou\" \/>\n\t<meta name=\"twitter:label2\" content=\"Dur\u00e9e de lecture estim\u00e9e\" \/>\n\t<meta name=\"twitter:data2\" content=\"2 minutes\" \/>\n<script type=\"application\/ld+json\" class=\"yoast-schema-graph\">{\"@context\":\"https:\/\/schema.org\",\"@graph\":[{\"@type\":\"WebSite\",\"@id\":\"https:\/\/www.nettali.com\/#website\",\"url\":\"https:\/\/www.nettali.com\/\",\"name\":\"Nettali.com\",\"description\":\"Le rendez-vous critique du Net\",\"potentialAction\":[{\"@type\":\"SearchAction\",\"target\":{\"@type\":\"EntryPoint\",\"urlTemplate\":\"https:\/\/www.nettali.com\/?s={search_term_string}\"},\"query-input\":\"required name=search_term_string\"}],\"inLanguage\":\"fr-FR\"},{\"@type\":\"ImageObject\",\"@id\":\"https:\/\/www.nettali.com\/2025\/07\/24\/marches-et-commerce-le-president-diomaye-ordonne-lacceleration-de-la-modernisation-des-infrastructures\/#primaryimage\",\"inLanguage\":\"fr-FR\",\"url\":\"https:\/\/www.nettali.com\/wp-content\/uploads\/2024\/03\/w980-p16x9-Bassirou-Diomaye-Faye..jpg\",\"contentUrl\":\"https:\/\/www.nettali.com\/wp-content\/uploads\/2024\/03\/w980-p16x9-Bassirou-Diomaye-Faye..jpg\",\"width\":980,\"height\":551},{\"@type\":\"WebPage\",\"@id\":\"https:\/\/www.nettali.com\/2025\/07\/24\/marches-et-commerce-le-president-diomaye-ordonne-lacceleration-de-la-modernisation-des-infrastructures\/#webpage\",\"url\":\"https:\/\/www.nettali.com\/2025\/07\/24\/marches-et-commerce-le-president-diomaye-ordonne-lacceleration-de-la-modernisation-des-infrastructures\/\",\"name\":\"MARCH\\u00c9S ET COMMERCE-\\u00a0Le Pr\\u00e9sident Diomaye ordonne l\\u2019acc\\u00e9l\\u00e9ration de la modernisation des infrastructures | Nettali.com\",\"isPartOf\":{\"@id\":\"https:\/\/www.nettali.com\/#website\"},\"primaryImageOfPage\":{\"@id\":\"https:\/\/www.nettali.com\/2025\/07\/24\/marches-et-commerce-le-president-diomaye-ordonne-lacceleration-de-la-modernisation-des-infrastructures\/#primaryimage\"},\"datePublished\":\"2025-07-24T05:42:23+00:00\",\"dateModified\":\"2025-07-24T06:22:53+00:00\",\"author\":{\"@id\":\"https:\/\/www.nettali.com\/#\/schema\/person\/418274a86bdf87caff7a3ef476bd0bbf\"},\"breadcrumb\":{\"@id\":\"https:\/\/www.nettali.com\/2025\/07\/24\/marches-et-commerce-le-president-diomaye-ordonne-lacceleration-de-la-modernisation-des-infrastructures\/#breadcrumb\"},\"inLanguage\":\"fr-FR\",\"potentialAction\":[{\"@type\":\"ReadAction\",\"target\":[\"https:\/\/www.nettali.com\/2025\/07\/24\/marches-et-commerce-le-president-diomaye-ordonne-lacceleration-de-la-modernisation-des-infrastructures\/\"]}]},{\"@type\":\"BreadcrumbList\",\"@id\":\"https:\/\/www.nettali.com\/2025\/07\/24\/marches-et-commerce-le-president-diomaye-ordonne-lacceleration-de-la-modernisation-des-infrastructures\/#breadcrumb\",\"itemListElement\":[{\"@type\":\"ListItem\",\"position\":1,\"name\":\"Accueil\",\"item\":\"https:\/\/www.nettali.com\/\"},{\"@type\":\"ListItem\",\"position\":2,\"name\":\"MARCH\\u00c9S ET COMMERCE-\\u00a0Le Pr\\u00e9sident Diomaye ordonne l\\u2019acc\\u00e9l\\u00e9ration de la modernisation des infrastructures\"}]},{\"@type\":\"Person\",\"@id\":\"https:\/\/www.nettali.com\/#\/schema\/person\/418274a86bdf87caff7a3ef476bd0bbf\",\"name\":\"Fatou\",\"image\":{\"@type\":\"ImageObject\",\"@id\":\"https:\/\/www.nettali.com\/#personlogo\",\"inLanguage\":\"fr-FR\",\"url\":\"https:\/\/secure.gravatar.com\/avatar\/5a9442a2bee7b4dcf167cab035858e9a?s=96&d=mm&r=g\",\"contentUrl\":\"https:\/\/secure.gravatar.com\/avatar\/5a9442a2bee7b4dcf167cab035858e9a?s=96&d=mm&r=g\",\"caption\":\"Fatou\"},\"sameAs\":[\"https:\/\/www.nettali.com\"]}]}<\/script>\n<!-- \/ Yoast SEO Premium plugin. -->","yoast_head_json":{"title":"MARCH\u00c9S ET COMMERCE-\u00a0Le Pr\u00e9sident Diomaye ordonne l\u2019acc\u00e9l\u00e9ration de la modernisation des infrastructures | Nettali.com","robots":{"index":"index","follow":"follow","max-snippet":"max-snippet:-1","max-image-preview":"max-image-preview:large","max-video-preview":"max-video-preview:-1"},"canonical":"https:\/\/www.nettali.com\/2025\/07\/24\/marches-et-commerce-le-president-diomaye-ordonne-lacceleration-de-la-modernisation-des-infrastructures\/","og_locale":"fr_FR","og_type":"article","og_title":"MARCH\u00c9S ET COMMERCE-\u00a0Le Pr\u00e9sident Diomaye ordonne l\u2019acc\u00e9l\u00e9ration de la modernisation des infrastructures","og_description":"NETTALI.COM-\u00a0En Conseil des ministres, le chef de l\u2019\u00c9tat a r\u00e9affirm\u00e9 sa volont\u00e9 de moderniser les march\u00e9s et les espaces commerciaux du pays. Il appelle \u00e0 la mise en \u0153uvre rapide des recommandations issues des \u00c9tats g\u00e9n\u00e9raux de l\u2019industrie et du commerce, ainsi qu\u2019\u00e0 la valorisation des infrastructures d\u00e9j\u00e0 construites. La modernisation du commerce de d\u00e9tail [&hellip;]","og_url":"https:\/\/www.nettali.com\/2025\/07\/24\/marches-et-commerce-le-president-diomaye-ordonne-lacceleration-de-la-modernisation-des-infrastructures\/","og_site_name":"Nettali.com","article_publisher":"https:\/\/www.facebook.com\/nettalicom","article_published_time":"2025-07-24T05:42:23+00:00","article_modified_time":"2025-07-24T06:22:53+00:00","og_image":[{"width":980,"height":551,"url":"https:\/\/www.nettali.com\/wp-content\/uploads\/2024\/03\/w980-p16x9-Bassirou-Diomaye-Faye..jpg","type":"image\/jpeg"}],"twitter_card":"summary_large_image","twitter_misc":{"\u00c9crit par":"Fatou","Dur\u00e9e de lecture estim\u00e9e":"2 minutes"},"schema":{"@context":"https:\/\/schema.org","@graph":[{"@type":"WebSite","@id":"https:\/\/www.nettali.com\/#website","url":"https:\/\/www.nettali.com\/","name":"Nettali.com","description":"Le rendez-vous critique du Net","potentialAction":[{"@type":"SearchAction","target":{"@type":"EntryPoint","urlTemplate":"https:\/\/www.nettali.com\/?s={search_term_string}"},"query-input":"required name=search_term_string"}],"inLanguage":"fr-FR"},{"@type":"ImageObject","@id":"https:\/\/www.nettali.com\/2025\/07\/24\/marches-et-commerce-le-president-diomaye-ordonne-lacceleration-de-la-modernisation-des-infrastructures\/#primaryimage","inLanguage":"fr-FR","url":"https:\/\/www.nettali.com\/wp-content\/uploads\/2024\/03\/w980-p16x9-Bassirou-Diomaye-Faye..jpg","contentUrl":"https:\/\/www.nettali.com\/wp-content\/uploads\/2024\/03\/w980-p16x9-Bassirou-Diomaye-Faye..jpg","width":980,"height":551},{"@type":"WebPage","@id":"https:\/\/www.nettali.com\/2025\/07\/24\/marches-et-commerce-le-president-diomaye-ordonne-lacceleration-de-la-modernisation-des-infrastructures\/#webpage","url":"https:\/\/www.nettali.com\/2025\/07\/24\/marches-et-commerce-le-president-diomaye-ordonne-lacceleration-de-la-modernisation-des-infrastructures\/","name":"MARCH\u00c9S ET COMMERCE-\u00a0Le Pr\u00e9sident Diomaye ordonne l\u2019acc\u00e9l\u00e9ration de la modernisation des infrastructures | Nettali.com","isPartOf":{"@id":"https:\/\/www.nettali.com\/#website"},"primaryImageOfPage":{"@id":"https:\/\/www.nettali.com\/2025\/07\/24\/marches-et-commerce-le-president-diomaye-ordonne-lacceleration-de-la-modernisation-des-infrastructures\/#primaryimage"},"datePublished":"2025-07-24T05:42:23+00:00","dateModified":"2025-07-24T06:22:53+00:00","author":{"@id":"https:\/\/www.nettali.com\/#\/schema\/person\/418274a86bdf87caff7a3ef476bd0bbf"},"breadcrumb":{"@id":"https:\/\/www.nettali.com\/2025\/07\/24\/marches-et-commerce-le-president-diomaye-ordonne-lacceleration-de-la-modernisation-des-infrastructures\/#breadcrumb"},"inLanguage":"fr-FR","potentialAction":[{"@type":"ReadAction","target":["https:\/\/www.nettali.com\/2025\/07\/24\/marches-et-commerce-le-president-diomaye-ordonne-lacceleration-de-la-modernisation-des-infrastructures\/"]}]},{"@type":"BreadcrumbList","@id":"https:\/\/www.nettali.com\/2025\/07\/24\/marches-et-commerce-le-president-diomaye-ordonne-lacceleration-de-la-modernisation-des-infrastructures\/#breadcrumb","itemListElement":[{"@type":"ListItem","position":1,"name":"Accueil","item":"https:\/\/www.nettali.com\/"},{"@type":"ListItem","position":2,"name":"MARCH\u00c9S ET COMMERCE-\u00a0Le Pr\u00e9sident Diomaye ordonne l\u2019acc\u00e9l\u00e9ration de la modernisation des infrastructures"}]},{"@type":"Person","@id":"https:\/\/www.nettali.com\/#\/schema\/person\/418274a86bdf87caff7a3ef476bd0bbf","name":"Fatou","image":{"@type":"ImageObject","@id":"https:\/\/www.nettali.com\/#personlogo","inLanguage":"fr-FR","url":"https:\/\/secure.gravatar.com\/avatar\/5a9442a2bee7b4dcf167cab035858e9a?s=96&d=mm&r=g","contentUrl":"https:\/\/secure.gravatar.com\/avatar\/5a9442a2bee7b4dcf167cab035858e9a?s=96&d=mm&r=g","caption":"Fatou"},"sameAs":["https:\/\/www.nettali.com"]}]}},"_links":{"self":[{"href":"https:\/\/www.nettali.com\/rest\/wp\/v2\/posts\/158145"}],"collection":[{"href":"https:\/\/www.nettali.com\/rest\/wp\/v2\/posts"}],"about":[{"href":"https:\/\/www.nettali.com\/rest\/wp\/v2\/types\/post"}],"author":[{"embeddable":true,"href":"https:\/\/www.nettali.com\/rest\/wp\/v2\/users\/6"}],"replies":[{"embeddable":true,"href":"https:\/\/www.nettali.com\/rest\/wp\/v2\/comments?post=158145"}],"version-history":[{"count":1,"href":"https:\/\/www.nettali.com\/rest\/wp\/v2\/posts\/158145\/revisions"}],"predecessor-version":[{"id":158146,"href":"https:\/\/www.nettali.com\/rest\/wp\/v2\/posts\/158145\/revisions\/158146"}],"wp:featuredmedia":[{"embeddable":true,"href":"https:\/\/www.nettali.com\/rest\/wp\/v2\/media\/130603"}],"wp:attachment":[{"href":"https:\/\/www.nettali.com\/rest\/wp\/v2\/media?parent=158145"}],"wp:term":[{"taxonomy":"category","embeddable":true,"href":"https:\/\/www.nettali.com\/rest\/wp\/v2\/categories?post=158145"},{"taxonomy":"post_tag","embeddable":true,"href":"https:\/\/www.nettali.com\/rest\/wp\/v2\/tags?post=158145"}],"curies":[{"name":"wp","href":"https:\/\/api.w.org\/{rel}","templated":true}]}}