{"id":158140,"date":"2025-07-24T05:21:47","date_gmt":"2025-07-24T05:21:47","guid":{"rendered":"https:\/\/www.nettali.com\/?p=158140"},"modified":"2025-07-24T06:22:03","modified_gmt":"2025-07-24T06:22:03","slug":"enseignement-superieur-le-chef-de-letat-lance-une-reforme-ambitieuse-et-exige-un-plan-durgence","status":"publish","type":"post","link":"https:\/\/www.nettali.com\/2025\/07\/24\/enseignement-superieur-le-chef-de-letat-lance-une-reforme-ambitieuse-et-exige-un-plan-durgence\/","title":{"rendered":"ENSEIGNEMENT SUP\u00c9RIEUR- Le Chef de l\u2019\u00c9tat lance une r\u00e9forme ambitieuse et exige un plan d\u2019urgence"},"content":{"rendered":"<p><strong>NETTALI.COM-\u00a0Lors du Conseil des ministres de ce mercredi 23 juillet 2025,\u00a0 le pr\u00e9sident de la R\u00e9publique a r\u00e9affirm\u00e9 sa volont\u00e9 de transformer profond\u00e9ment l\u2019enseignement sup\u00e9rieur, la recherche et l\u2019innovation au S\u00e9n\u00e9gal. Il a donn\u00e9 des directives claires pour acc\u00e9l\u00e9rer les chantiers, recruter massivement des enseignants-chercheurs et stabiliser durablement l\u2019espace universitaire.<\/strong><\/p>\n<p>Le Chef de l\u2019\u00c9tat veut marquer un tournant d\u00e9cisif dans le d\u00e9veloppement de l\u2019enseignement sup\u00e9rieur s\u00e9n\u00e9galais. En pr\u00e9sidant la c\u00e9r\u00e9monie de lancement de l\u2019Agenda national de transformation, il a pos\u00e9 les bases d\u2019une r\u00e9forme qu\u2019il qualifie de \u00ab redressement inclusif \u00bb au service de la souverainet\u00e9 nationale et de l\u2019\u00e9conomie.<\/p>\n<p>Lors de sa communication en Conseil des ministres, le pr\u00e9sident de la R\u00e9publique a salu\u00e9 l\u2019\u00e9lan collectif port\u00e9 par le minist\u00e8re de l\u2019Enseignement sup\u00e9rieur, de la Recherche et de l\u2019Innovation, le Comit\u00e9 d\u2019appui ainsi que l\u2019ensemble de la communaut\u00e9 universitaire. Il leur a adress\u00e9 ses \u00ab <em>chaleureuses f\u00e9licitations et encouragements<\/em> \u00bb pour leur implication dans la refondation du secteur.<\/p>\n<p>Pour le chef de l\u2019\u00c9tat, cette r\u00e9forme vise \u00e0 b\u00e2tir \u00ab <em>une Universit\u00e9 d\u2019Excellence, un syst\u00e8me d\u2019enseignement sup\u00e9rieur, de recherche et d\u2019innovation r\u00e9nov\u00e9 et moderne<\/em> \u00bb, adoss\u00e9 \u00e0 notre potentiel culturel et aux imp\u00e9ratifs de d\u00e9veloppement du pays. Dans cette dynamique, il a ordonn\u00e9 au Premier ministre de mettre en \u0153uvre sans d\u00e9lai un Plan d\u2019urgence centr\u00e9 sur la finition des chantiers, la r\u00e9alisation d\u2019infrastructures universitaires et le recrutement de 500 enseignants-chercheurs d\u00e8s 2025, dans un cadre pluriannuel sur trois ans.<\/p>\n<p>Le Pr\u00e9sident insiste sur l\u2019importance de l\u2019ad\u00e9quation entre ce plan et \u00ab <em>les flux des nouveaux bacheliers entrants et des sortants<\/em> \u00bb, r\u00e9clamant un dispositif de suivi rapproch\u00e9.<\/p>\n<p>Il a par ailleurs demand\u00e9 au ministre de l\u2019Enseignement sup\u00e9rieur de poursuivre le d\u00e9veloppement de l\u2019Universit\u00e9 virtuelle du S\u00e9n\u00e9gal (UVS) et l\u2019implantation des Instituts sup\u00e9rieurs d\u2019enseignement professionnel (ISEP) dans toutes les r\u00e9gions du pays. En perspective, il appelle \u00e0 engager sans tarder une r\u00e9flexion approfondie sur la r\u00e9forme du baccalaur\u00e9at et du syst\u00e8me LMD, \u00e0 la lumi\u00e8re des r\u00e9sultats de 2025, en int\u00e9grant les enjeux de professionnalisation, du num\u00e9rique, de l\u2019intelligence artificielle et des disciplines STEM (Sciences, Technologies, Ing\u00e9nierie, Math\u00e9matiques).<\/p>\n<p>Autre point fort de son intervention : la recherche et l\u2019innovation, pour lesquelles il souhaite une politique nationale \u00ab i<em>nclusive, coh\u00e9rente, prospective et op\u00e9rationnelle<\/em> \u00bb, soutenue par des m\u00e9canismes de financement adapt\u00e9s, en lien avec les objectifs de la vision S\u00e9n\u00e9gal 2050. Il a aussi soulign\u00e9 \u00ab<em> la place notable du secteur priv\u00e9, notamment des \u00e9tablissements priv\u00e9s<\/em> \u00bb, dans le d\u00e9veloppement du syst\u00e8me.<\/p>\n<p>Enfin, le pr\u00e9sident a exhort\u00e9 l\u2019ensemble des parties prenantes \u00e0 garantir la stabilit\u00e9 sociale, la qualit\u00e9 et l\u2019excellence du syst\u00e8me, \u00e0 travers un dialogue permanent, un sens aigu des responsabilit\u00e9s et une mobilisation des ressources humaines et financi\u00e8res, \u00ab <em>en termes de mobilit\u00e9 dans l\u2019enseignement sup\u00e9rieur, la recherche et l\u2019innovation<\/em> \u00bb.<\/p>\n<div class='share-to-whatsapp-wrapper'><div class='share-on-whsp'>PARTAGER SUR : <\/div><a data-text='ENSEIGNEMENT SUP\u00c9RIEUR- Le Chef de l\u2019\u00c9tat lance une r\u00e9forme ambitieuse et exige un plan d\u2019urgence' data-link='https:\/\/www.nettali.com\/2025\/07\/24\/enseignement-superieur-le-chef-de-letat-lance-une-reforme-ambitieuse-et-exige-un-plan-durgence\/' class='whatsapp-button whatsapp-share'>WhatsApp<\/a><div class='clear '><\/div><\/div>","protected":false},"excerpt":{"rendered":"<p>NETTALI.COM-\u00a0Lors du Conseil des ministres de ce mercredi 23 juillet 2025,\u00a0 le pr\u00e9sident de la R\u00e9publique a r\u00e9affirm\u00e9 sa volont\u00e9 de transformer profond\u00e9ment l\u2019enseignement sup\u00e9rieur, la recherche et l\u2019innovation au S\u00e9n\u00e9gal. Il a donn\u00e9 des directives claires pour acc\u00e9l\u00e9rer les chantiers, recruter massivement des enseignants-chercheurs et stabiliser durablement l\u2019espace universitaire. Le Chef de l\u2019\u00c9tat veut [&hellip;]<\/p>\n","protected":false},"author":6,"featured_media":157637,"comment_status":"open","ping_status":"open","sticky":false,"template":"","format":"standard","meta":{"_et_pb_use_builder":"","_et_pb_old_content":""},"categories":[3],"tags":[],"yoast_head":"<!-- This site is optimized with the Yoast SEO Premium plugin v17.8 (Yoast SEO v17.8) - https:\/\/yoast.com\/wordpress\/plugins\/seo\/ -->\n<title>ENSEIGNEMENT SUP\u00c9RIEUR- Le Chef de l\u2019\u00c9tat lance une r\u00e9forme ambitieuse et exige un plan d\u2019urgence | Nettali.com<\/title>\n<meta name=\"robots\" content=\"index, follow, max-snippet:-1, max-image-preview:large, max-video-preview:-1\" \/>\n<link rel=\"canonical\" href=\"https:\/\/www.nettali.com\/2025\/07\/24\/enseignement-superieur-le-chef-de-letat-lance-une-reforme-ambitieuse-et-exige-un-plan-durgence\/\" \/>\n<meta property=\"og:locale\" content=\"fr_FR\" \/>\n<meta property=\"og:type\" content=\"article\" \/>\n<meta property=\"og:title\" content=\"ENSEIGNEMENT SUP\u00c9RIEUR- Le Chef de l\u2019\u00c9tat lance une r\u00e9forme ambitieuse et exige un plan d\u2019urgence\" \/>\n<meta property=\"og:description\" content=\"NETTALI.COM-\u00a0Lors du Conseil des ministres de ce mercredi 23 juillet 2025,\u00a0 le pr\u00e9sident de la R\u00e9publique a r\u00e9affirm\u00e9 sa volont\u00e9 de transformer profond\u00e9ment l\u2019enseignement sup\u00e9rieur, la recherche et l\u2019innovation au S\u00e9n\u00e9gal. Il a donn\u00e9 des directives claires pour acc\u00e9l\u00e9rer les chantiers, recruter massivement des enseignants-chercheurs et stabiliser durablement l\u2019espace universitaire. Le Chef de l\u2019\u00c9tat veut [&hellip;]\" \/>\n<meta property=\"og:url\" content=\"https:\/\/www.nettali.com\/2025\/07\/24\/enseignement-superieur-le-chef-de-letat-lance-une-reforme-ambitieuse-et-exige-un-plan-durgence\/\" \/>\n<meta property=\"og:site_name\" content=\"Nettali.com\" \/>\n<meta property=\"article:publisher\" content=\"https:\/\/www.facebook.com\/nettalicom\" \/>\n<meta property=\"article:published_time\" content=\"2025-07-24T05:21:47+00:00\" \/>\n<meta property=\"article:modified_time\" content=\"2025-07-24T06:22:03+00:00\" \/>\n<meta property=\"og:image\" content=\"https:\/\/www.nettali.com\/wp-content\/uploads\/2025\/07\/diomaye-faye-5098-1306934.jpg\" \/>\n\t<meta property=\"og:image:width\" content=\"1306\" \/>\n\t<meta property=\"og:image:height\" content=\"934\" \/>\n<meta name=\"twitter:card\" content=\"summary_large_image\" \/>\n<meta name=\"twitter:label1\" content=\"\u00c9crit par\" \/>\n\t<meta name=\"twitter:data1\" content=\"Fatou\" \/>\n\t<meta name=\"twitter:label2\" content=\"Dur\u00e9e de lecture estim\u00e9e\" \/>\n\t<meta name=\"twitter:data2\" content=\"3 minutes\" \/>\n<script type=\"application\/ld+json\" class=\"yoast-schema-graph\">{\"@context\":\"https:\/\/schema.org\",\"@graph\":[{\"@type\":\"WebSite\",\"@id\":\"https:\/\/www.nettali.com\/#website\",\"url\":\"https:\/\/www.nettali.com\/\",\"name\":\"Nettali.com\",\"description\":\"Le rendez-vous critique du Net\",\"potentialAction\":[{\"@type\":\"SearchAction\",\"target\":{\"@type\":\"EntryPoint\",\"urlTemplate\":\"https:\/\/www.nettali.com\/?s={search_term_string}\"},\"query-input\":\"required name=search_term_string\"}],\"inLanguage\":\"fr-FR\"},{\"@type\":\"ImageObject\",\"@id\":\"https:\/\/www.nettali.com\/2025\/07\/24\/enseignement-superieur-le-chef-de-letat-lance-une-reforme-ambitieuse-et-exige-un-plan-durgence\/#primaryimage\",\"inLanguage\":\"fr-FR\",\"url\":\"https:\/\/www.nettali.com\/wp-content\/uploads\/2025\/07\/diomaye-faye-5098-1306934.jpg\",\"contentUrl\":\"https:\/\/www.nettali.com\/wp-content\/uploads\/2025\/07\/diomaye-faye-5098-1306934.jpg\",\"width\":1306,\"height\":934},{\"@type\":\"WebPage\",\"@id\":\"https:\/\/www.nettali.com\/2025\/07\/24\/enseignement-superieur-le-chef-de-letat-lance-une-reforme-ambitieuse-et-exige-un-plan-durgence\/#webpage\",\"url\":\"https:\/\/www.nettali.com\/2025\/07\/24\/enseignement-superieur-le-chef-de-letat-lance-une-reforme-ambitieuse-et-exige-un-plan-durgence\/\",\"name\":\"ENSEIGNEMENT SUP\\u00c9RIEUR- Le Chef de l\\u2019\\u00c9tat lance une r\\u00e9forme ambitieuse et exige un plan d\\u2019urgence | Nettali.com\",\"isPartOf\":{\"@id\":\"https:\/\/www.nettali.com\/#website\"},\"primaryImageOfPage\":{\"@id\":\"https:\/\/www.nettali.com\/2025\/07\/24\/enseignement-superieur-le-chef-de-letat-lance-une-reforme-ambitieuse-et-exige-un-plan-durgence\/#primaryimage\"},\"datePublished\":\"2025-07-24T05:21:47+00:00\",\"dateModified\":\"2025-07-24T06:22:03+00:00\",\"author\":{\"@id\":\"https:\/\/www.nettali.com\/#\/schema\/person\/418274a86bdf87caff7a3ef476bd0bbf\"},\"breadcrumb\":{\"@id\":\"https:\/\/www.nettali.com\/2025\/07\/24\/enseignement-superieur-le-chef-de-letat-lance-une-reforme-ambitieuse-et-exige-un-plan-durgence\/#breadcrumb\"},\"inLanguage\":\"fr-FR\",\"potentialAction\":[{\"@type\":\"ReadAction\",\"target\":[\"https:\/\/www.nettali.com\/2025\/07\/24\/enseignement-superieur-le-chef-de-letat-lance-une-reforme-ambitieuse-et-exige-un-plan-durgence\/\"]}]},{\"@type\":\"BreadcrumbList\",\"@id\":\"https:\/\/www.nettali.com\/2025\/07\/24\/enseignement-superieur-le-chef-de-letat-lance-une-reforme-ambitieuse-et-exige-un-plan-durgence\/#breadcrumb\",\"itemListElement\":[{\"@type\":\"ListItem\",\"position\":1,\"name\":\"Accueil\",\"item\":\"https:\/\/www.nettali.com\/\"},{\"@type\":\"ListItem\",\"position\":2,\"name\":\"ENSEIGNEMENT SUP\\u00c9RIEUR- Le Chef de l\\u2019\\u00c9tat lance une r\\u00e9forme ambitieuse et exige un plan d\\u2019urgence\"}]},{\"@type\":\"Person\",\"@id\":\"https:\/\/www.nettali.com\/#\/schema\/person\/418274a86bdf87caff7a3ef476bd0bbf\",\"name\":\"Fatou\",\"image\":{\"@type\":\"ImageObject\",\"@id\":\"https:\/\/www.nettali.com\/#personlogo\",\"inLanguage\":\"fr-FR\",\"url\":\"https:\/\/secure.gravatar.com\/avatar\/5a9442a2bee7b4dcf167cab035858e9a?s=96&d=mm&r=g\",\"contentUrl\":\"https:\/\/secure.gravatar.com\/avatar\/5a9442a2bee7b4dcf167cab035858e9a?s=96&d=mm&r=g\",\"caption\":\"Fatou\"},\"sameAs\":[\"https:\/\/www.nettali.com\"]}]}<\/script>\n<!-- \/ Yoast SEO Premium plugin. -->","yoast_head_json":{"title":"ENSEIGNEMENT SUP\u00c9RIEUR- Le Chef de l\u2019\u00c9tat lance une r\u00e9forme ambitieuse et exige un plan d\u2019urgence | Nettali.com","robots":{"index":"index","follow":"follow","max-snippet":"max-snippet:-1","max-image-preview":"max-image-preview:large","max-video-preview":"max-video-preview:-1"},"canonical":"https:\/\/www.nettali.com\/2025\/07\/24\/enseignement-superieur-le-chef-de-letat-lance-une-reforme-ambitieuse-et-exige-un-plan-durgence\/","og_locale":"fr_FR","og_type":"article","og_title":"ENSEIGNEMENT SUP\u00c9RIEUR- Le Chef de l\u2019\u00c9tat lance une r\u00e9forme ambitieuse et exige un plan d\u2019urgence","og_description":"NETTALI.COM-\u00a0Lors du Conseil des ministres de ce mercredi 23 juillet 2025,\u00a0 le pr\u00e9sident de la R\u00e9publique a r\u00e9affirm\u00e9 sa volont\u00e9 de transformer profond\u00e9ment l\u2019enseignement sup\u00e9rieur, la recherche et l\u2019innovation au S\u00e9n\u00e9gal. Il a donn\u00e9 des directives claires pour acc\u00e9l\u00e9rer les chantiers, recruter massivement des enseignants-chercheurs et stabiliser durablement l\u2019espace universitaire. Le Chef de l\u2019\u00c9tat veut [&hellip;]","og_url":"https:\/\/www.nettali.com\/2025\/07\/24\/enseignement-superieur-le-chef-de-letat-lance-une-reforme-ambitieuse-et-exige-un-plan-durgence\/","og_site_name":"Nettali.com","article_publisher":"https:\/\/www.facebook.com\/nettalicom","article_published_time":"2025-07-24T05:21:47+00:00","article_modified_time":"2025-07-24T06:22:03+00:00","og_image":[{"width":1306,"height":934,"url":"https:\/\/www.nettali.com\/wp-content\/uploads\/2025\/07\/diomaye-faye-5098-1306934.jpg","type":"image\/jpeg"}],"twitter_card":"summary_large_image","twitter_misc":{"\u00c9crit par":"Fatou","Dur\u00e9e de lecture estim\u00e9e":"3 minutes"},"schema":{"@context":"https:\/\/schema.org","@graph":[{"@type":"WebSite","@id":"https:\/\/www.nettali.com\/#website","url":"https:\/\/www.nettali.com\/","name":"Nettali.com","description":"Le rendez-vous critique du Net","potentialAction":[{"@type":"SearchAction","target":{"@type":"EntryPoint","urlTemplate":"https:\/\/www.nettali.com\/?s={search_term_string}"},"query-input":"required name=search_term_string"}],"inLanguage":"fr-FR"},{"@type":"ImageObject","@id":"https:\/\/www.nettali.com\/2025\/07\/24\/enseignement-superieur-le-chef-de-letat-lance-une-reforme-ambitieuse-et-exige-un-plan-durgence\/#primaryimage","inLanguage":"fr-FR","url":"https:\/\/www.nettali.com\/wp-content\/uploads\/2025\/07\/diomaye-faye-5098-1306934.jpg","contentUrl":"https:\/\/www.nettali.com\/wp-content\/uploads\/2025\/07\/diomaye-faye-5098-1306934.jpg","width":1306,"height":934},{"@type":"WebPage","@id":"https:\/\/www.nettali.com\/2025\/07\/24\/enseignement-superieur-le-chef-de-letat-lance-une-reforme-ambitieuse-et-exige-un-plan-durgence\/#webpage","url":"https:\/\/www.nettali.com\/2025\/07\/24\/enseignement-superieur-le-chef-de-letat-lance-une-reforme-ambitieuse-et-exige-un-plan-durgence\/","name":"ENSEIGNEMENT SUP\u00c9RIEUR- Le Chef de l\u2019\u00c9tat lance une r\u00e9forme ambitieuse et exige un plan d\u2019urgence | Nettali.com","isPartOf":{"@id":"https:\/\/www.nettali.com\/#website"},"primaryImageOfPage":{"@id":"https:\/\/www.nettali.com\/2025\/07\/24\/enseignement-superieur-le-chef-de-letat-lance-une-reforme-ambitieuse-et-exige-un-plan-durgence\/#primaryimage"},"datePublished":"2025-07-24T05:21:47+00:00","dateModified":"2025-07-24T06:22:03+00:00","author":{"@id":"https:\/\/www.nettali.com\/#\/schema\/person\/418274a86bdf87caff7a3ef476bd0bbf"},"breadcrumb":{"@id":"https:\/\/www.nettali.com\/2025\/07\/24\/enseignement-superieur-le-chef-de-letat-lance-une-reforme-ambitieuse-et-exige-un-plan-durgence\/#breadcrumb"},"inLanguage":"fr-FR","potentialAction":[{"@type":"ReadAction","target":["https:\/\/www.nettali.com\/2025\/07\/24\/enseignement-superieur-le-chef-de-letat-lance-une-reforme-ambitieuse-et-exige-un-plan-durgence\/"]}]},{"@type":"BreadcrumbList","@id":"https:\/\/www.nettali.com\/2025\/07\/24\/enseignement-superieur-le-chef-de-letat-lance-une-reforme-ambitieuse-et-exige-un-plan-durgence\/#breadcrumb","itemListElement":[{"@type":"ListItem","position":1,"name":"Accueil","item":"https:\/\/www.nettali.com\/"},{"@type":"ListItem","position":2,"name":"ENSEIGNEMENT SUP\u00c9RIEUR- Le Chef de l\u2019\u00c9tat lance une r\u00e9forme ambitieuse et exige un plan d\u2019urgence"}]},{"@type":"Person","@id":"https:\/\/www.nettali.com\/#\/schema\/person\/418274a86bdf87caff7a3ef476bd0bbf","name":"Fatou","image":{"@type":"ImageObject","@id":"https:\/\/www.nettali.com\/#personlogo","inLanguage":"fr-FR","url":"https:\/\/secure.gravatar.com\/avatar\/5a9442a2bee7b4dcf167cab035858e9a?s=96&d=mm&r=g","contentUrl":"https:\/\/secure.gravatar.com\/avatar\/5a9442a2bee7b4dcf167cab035858e9a?s=96&d=mm&r=g","caption":"Fatou"},"sameAs":["https:\/\/www.nettali.com"]}]}},"_links":{"self":[{"href":"https:\/\/www.nettali.com\/rest\/wp\/v2\/posts\/158140"}],"collection":[{"href":"https:\/\/www.nettali.com\/rest\/wp\/v2\/posts"}],"about":[{"href":"https:\/\/www.nettali.com\/rest\/wp\/v2\/types\/post"}],"author":[{"embeddable":true,"href":"https:\/\/www.nettali.com\/rest\/wp\/v2\/users\/6"}],"replies":[{"embeddable":true,"href":"https:\/\/www.nettali.com\/rest\/wp\/v2\/comments?post=158140"}],"version-history":[{"count":1,"href":"https:\/\/www.nettali.com\/rest\/wp\/v2\/posts\/158140\/revisions"}],"predecessor-version":[{"id":158141,"href":"https:\/\/www.nettali.com\/rest\/wp\/v2\/posts\/158140\/revisions\/158141"}],"wp:featuredmedia":[{"embeddable":true,"href":"https:\/\/www.nettali.com\/rest\/wp\/v2\/media\/157637"}],"wp:attachment":[{"href":"https:\/\/www.nettali.com\/rest\/wp\/v2\/media?parent=158140"}],"wp:term":[{"taxonomy":"category","embeddable":true,"href":"https:\/\/www.nettali.com\/rest\/wp\/v2\/categories?post=158140"},{"taxonomy":"post_tag","embeddable":true,"href":"https:\/\/www.nettali.com\/rest\/wp\/v2\/tags?post=158140"}],"curies":[{"name":"wp","href":"https:\/\/api.w.org\/{rel}","templated":true}]}}