{"id":158137,"date":"2025-07-23T21:53:34","date_gmt":"2025-07-23T21:53:34","guid":{"rendered":"https:\/\/www.nettali.com\/?p=158137"},"modified":"2025-07-23T21:53:34","modified_gmt":"2025-07-23T21:53:34","slug":"mercato-rashford-rejoint-le-barca-en-pret","status":"publish","type":"post","link":"https:\/\/www.nettali.com\/2025\/07\/23\/mercato-rashford-rejoint-le-barca-en-pret\/","title":{"rendered":"MERCATO - Rashford rejoint le Bar\u00e7a en pr\u00eat"},"content":{"rendered":"<p><strong>NETTALI.COM - En qu\u00eate d'un nouveau souffle dans sa carri\u00e8re, l'international anglais Marcus Rashford est pr\u00eat\u00e9 un an au FC Barcelone par Manchester United. Une option d'achat est incluse dans le contrat.<\/strong><\/p>\n<p>\"<em>Oui, tu peux leur dire maintenant, c'est officiel<\/em>.\" C'est dans une cabine t\u00e9l\u00e9phonique britannique que Marcus Rashford a jou\u00e9 la com\u00e9die ce mercredi pour annoncer son arriv\u00e9e au FC Barcelone. L'international anglais est pr\u00eat\u00e9 une saison par son club formateur de Manchester United, avec option d'achat.<\/p>\n<p>\"<em>Le FC Barcelone et Manchester United ont trouv\u00e9 un accord pour le pr\u00eat du joueur Marcus Rashford jusqu'au 30 juin 2026, a communiqu\u00e9 le club catalan. L'accord \u00e9tablit \u00e9galement une option d'achat de l'attaquant anglais<\/em>.\" De son c\u00f4t\u00e9, le club anglais lui a sobrement souhait\u00e9 \"<em>bonne chance<\/em>\".<\/p>\n<p>Selon cet accord, Barcelone va payer environ 75% du salaire hebdomadaire de Rashford, 27 ans, qui s'\u00e9l\u00e8ve actuellement \u00e0 325.000 livres (490.000 euros) pendant la dur\u00e9e de son s\u00e9jour \u00e0 Barcelone, Rashford renon\u00e7ant au reste.<\/p>\n<p>\"<em>Si je suis au Bar\u00e7a, c'est aussi gr\u00e2ce \u00e0 Hansi Flick, a confi\u00e9 celui qui portera le num\u00e9ro 14. Mes \u00e9changes avec lui ont \u00e9t\u00e9 tr\u00e8s positifs. Il a prouv\u00e9 qu'il \u00e9tait l'un des meilleurs entra\u00eeneurs. Il a men\u00e9 une jeune \u00e9quipe \u00e0 une saison exceptionnelle et est revenu \u00e0 la pr\u00e9-saison avec l'envie d'en faire encore plus.<\/em>\"<\/p>\n<p><strong>Un rempla\u00e7ant de luxe au Bar\u00e7a?<\/strong><\/p>\n<p>Pour la premi\u00e8re fois de sa d\u00e9j\u00e0 longue carri\u00e8re, l'ailier de 27 ans va donc quitter l'Angleterre. Car s'il est encore relativement jeune, Marcus Rashford est un habitu\u00e9 des terrains de Premier League depuis bient\u00f4t dix ans.<\/p>\n<p>En 426 matches avec son club formateur de Manchester United, il a inscrit pas moins de 138 buts. Mais l'arriv\u00e9e de Ruben Amorim fin 2024 sur le banc des Red Devils a compromis son avenir dans le nord de l'Angleterre. Pas dans les plans du technicien portugais, l'homme aux 62 s\u00e9lections avec les Three Lions a pass\u00e9 la deuxi\u00e8me partie de saison 2024\/25 \u00e0 Aston Villa. Lors de son passage \u00e0 Birmingham, il a marqu\u00e9 quatre fois en 17 matches avant de devoir interrompre sa saison en avril en raison d'une blessure.<\/p>\n<p>C'est d\u00e9sormais un nouveau d\u00e9fi qui attend Marcus Rashford \u00e0 Barcelone. Il sera n\u00e9anmoins difficile de se faire une place de titulaire chez les champions d'Espagne en titre tant Raphinha, Lamine Yamal et Robert Lewandowski semblent intouchables. Il pourra alors jouer le r\u00f4le du rempla\u00e7ant de luxe.<\/p>\n<div class='share-to-whatsapp-wrapper'><div class='share-on-whsp'>PARTAGER SUR : <\/div><a data-text='MERCATO - Rashford rejoint le Bar\u00e7a en pr\u00eat' data-link='https:\/\/www.nettali.com\/2025\/07\/23\/mercato-rashford-rejoint-le-barca-en-pret\/' class='whatsapp-button whatsapp-share'>WhatsApp<\/a><div class='clear '><\/div><\/div>","protected":false},"excerpt":{"rendered":"<p>NETTALI.COM - En qu\u00eate d'un nouveau souffle dans sa carri\u00e8re, l'international anglais Marcus Rashford est pr\u00eat\u00e9 un an au FC Barcelone par Manchester United. Une option d'achat est incluse dans le contrat. \"Oui, tu peux leur dire maintenant, c'est officiel.\" C'est dans une cabine t\u00e9l\u00e9phonique britannique que Marcus Rashford a jou\u00e9 la com\u00e9die ce mercredi [&hellip;]<\/p>\n","protected":false},"author":5,"featured_media":158138,"comment_status":"open","ping_status":"open","sticky":false,"template":"","format":"standard","meta":{"_et_pb_use_builder":"","_et_pb_old_content":""},"categories":[6],"tags":[],"yoast_head":"<!-- This site is optimized with the Yoast SEO Premium plugin v17.8 (Yoast SEO v17.8) - https:\/\/yoast.com\/wordpress\/plugins\/seo\/ -->\n<title>MERCATO - Rashford rejoint le Bar\u00e7a en pr\u00eat | Nettali.com<\/title>\n<meta name=\"robots\" content=\"index, follow, max-snippet:-1, max-image-preview:large, max-video-preview:-1\" \/>\n<link rel=\"canonical\" href=\"https:\/\/www.nettali.com\/2025\/07\/23\/mercato-rashford-rejoint-le-barca-en-pret\/\" \/>\n<meta property=\"og:locale\" content=\"fr_FR\" \/>\n<meta property=\"og:type\" content=\"article\" \/>\n<meta property=\"og:title\" content=\"MERCATO - Rashford rejoint le Bar\u00e7a en pr\u00eat\" \/>\n<meta property=\"og:description\" content=\"NETTALI.COM - En qu\u00eate d&#039;un nouveau souffle dans sa carri\u00e8re, l&#039;international anglais Marcus Rashford est pr\u00eat\u00e9 un an au FC Barcelone par Manchester United. Une option d&#039;achat est incluse dans le contrat. &quot;Oui, tu peux leur dire maintenant, c&#039;est officiel.&quot; C&#039;est dans une cabine t\u00e9l\u00e9phonique britannique que Marcus Rashford a jou\u00e9 la com\u00e9die ce mercredi [&hellip;]\" \/>\n<meta property=\"og:url\" content=\"https:\/\/www.nettali.com\/2025\/07\/23\/mercato-rashford-rejoint-le-barca-en-pret\/\" \/>\n<meta property=\"og:site_name\" content=\"Nettali.com\" \/>\n<meta property=\"article:publisher\" content=\"https:\/\/www.facebook.com\/nettalicom\" \/>\n<meta property=\"article:published_time\" content=\"2025-07-23T21:53:34+00:00\" \/>\n<meta property=\"og:image\" content=\"https:\/\/www.nettali.com\/wp-content\/uploads\/2025\/07\/Screenshot_20250723_183932_Gallery.jpg\" \/>\n\t<meta property=\"og:image:width\" content=\"1078\" \/>\n\t<meta property=\"og:image:height\" content=\"735\" \/>\n<meta name=\"twitter:card\" content=\"summary_large_image\" \/>\n<meta name=\"twitter:label1\" content=\"\u00c9crit par\" \/>\n\t<meta name=\"twitter:data1\" content=\"Ibrahima\" \/>\n\t<meta name=\"twitter:label2\" content=\"Dur\u00e9e de lecture estim\u00e9e\" \/>\n\t<meta name=\"twitter:data2\" content=\"3 minutes\" \/>\n<script type=\"application\/ld+json\" class=\"yoast-schema-graph\">{\"@context\":\"https:\/\/schema.org\",\"@graph\":[{\"@type\":\"WebSite\",\"@id\":\"https:\/\/www.nettali.com\/#website\",\"url\":\"https:\/\/www.nettali.com\/\",\"name\":\"Nettali.com\",\"description\":\"Le rendez-vous critique du Net\",\"potentialAction\":[{\"@type\":\"SearchAction\",\"target\":{\"@type\":\"EntryPoint\",\"urlTemplate\":\"https:\/\/www.nettali.com\/?s={search_term_string}\"},\"query-input\":\"required name=search_term_string\"}],\"inLanguage\":\"fr-FR\"},{\"@type\":\"ImageObject\",\"@id\":\"https:\/\/www.nettali.com\/2025\/07\/23\/mercato-rashford-rejoint-le-barca-en-pret\/#primaryimage\",\"inLanguage\":\"fr-FR\",\"url\":\"https:\/\/www.nettali.com\/wp-content\/uploads\/2025\/07\/Screenshot_20250723_183932_Gallery.jpg\",\"contentUrl\":\"https:\/\/www.nettali.com\/wp-content\/uploads\/2025\/07\/Screenshot_20250723_183932_Gallery.jpg\",\"width\":1078,\"height\":735},{\"@type\":\"WebPage\",\"@id\":\"https:\/\/www.nettali.com\/2025\/07\/23\/mercato-rashford-rejoint-le-barca-en-pret\/#webpage\",\"url\":\"https:\/\/www.nettali.com\/2025\/07\/23\/mercato-rashford-rejoint-le-barca-en-pret\/\",\"name\":\"MERCATO - Rashford rejoint le Bar\\u00e7a en pr\\u00eat | Nettali.com\",\"isPartOf\":{\"@id\":\"https:\/\/www.nettali.com\/#website\"},\"primaryImageOfPage\":{\"@id\":\"https:\/\/www.nettali.com\/2025\/07\/23\/mercato-rashford-rejoint-le-barca-en-pret\/#primaryimage\"},\"datePublished\":\"2025-07-23T21:53:34+00:00\",\"dateModified\":\"2025-07-23T21:53:34+00:00\",\"author\":{\"@id\":\"https:\/\/www.nettali.com\/#\/schema\/person\/bb147657c2986240405a608162b9bb23\"},\"breadcrumb\":{\"@id\":\"https:\/\/www.nettali.com\/2025\/07\/23\/mercato-rashford-rejoint-le-barca-en-pret\/#breadcrumb\"},\"inLanguage\":\"fr-FR\",\"potentialAction\":[{\"@type\":\"ReadAction\",\"target\":[\"https:\/\/www.nettali.com\/2025\/07\/23\/mercato-rashford-rejoint-le-barca-en-pret\/\"]}]},{\"@type\":\"BreadcrumbList\",\"@id\":\"https:\/\/www.nettali.com\/2025\/07\/23\/mercato-rashford-rejoint-le-barca-en-pret\/#breadcrumb\",\"itemListElement\":[{\"@type\":\"ListItem\",\"position\":1,\"name\":\"Accueil\",\"item\":\"https:\/\/www.nettali.com\/\"},{\"@type\":\"ListItem\",\"position\":2,\"name\":\"MERCATO - Rashford rejoint le Bar\\u00e7a en pr\\u00eat\"}]},{\"@type\":\"Person\",\"@id\":\"https:\/\/www.nettali.com\/#\/schema\/person\/bb147657c2986240405a608162b9bb23\",\"name\":\"Ibrahima\",\"image\":{\"@type\":\"ImageObject\",\"@id\":\"https:\/\/www.nettali.com\/#personlogo\",\"inLanguage\":\"fr-FR\",\"url\":\"https:\/\/secure.gravatar.com\/avatar\/26a8a81f09f0dd7624c9d5c36c9ba3a2?s=96&d=mm&r=g\",\"contentUrl\":\"https:\/\/secure.gravatar.com\/avatar\/26a8a81f09f0dd7624c9d5c36c9ba3a2?s=96&d=mm&r=g\",\"caption\":\"Ibrahima\"},\"sameAs\":[\"https:\/\/www.nettali.com\"]}]}<\/script>\n<!-- \/ Yoast SEO Premium plugin. -->","yoast_head_json":{"title":"MERCATO - Rashford rejoint le Bar\u00e7a en pr\u00eat | Nettali.com","robots":{"index":"index","follow":"follow","max-snippet":"max-snippet:-1","max-image-preview":"max-image-preview:large","max-video-preview":"max-video-preview:-1"},"canonical":"https:\/\/www.nettali.com\/2025\/07\/23\/mercato-rashford-rejoint-le-barca-en-pret\/","og_locale":"fr_FR","og_type":"article","og_title":"MERCATO - Rashford rejoint le Bar\u00e7a en pr\u00eat","og_description":"NETTALI.COM - En qu\u00eate d'un nouveau souffle dans sa carri\u00e8re, l'international anglais Marcus Rashford est pr\u00eat\u00e9 un an au FC Barcelone par Manchester United. Une option d'achat est incluse dans le contrat. \"Oui, tu peux leur dire maintenant, c'est officiel.\" C'est dans une cabine t\u00e9l\u00e9phonique britannique que Marcus Rashford a jou\u00e9 la com\u00e9die ce mercredi [&hellip;]","og_url":"https:\/\/www.nettali.com\/2025\/07\/23\/mercato-rashford-rejoint-le-barca-en-pret\/","og_site_name":"Nettali.com","article_publisher":"https:\/\/www.facebook.com\/nettalicom","article_published_time":"2025-07-23T21:53:34+00:00","og_image":[{"width":1078,"height":735,"url":"https:\/\/www.nettali.com\/wp-content\/uploads\/2025\/07\/Screenshot_20250723_183932_Gallery.jpg","type":"image\/jpeg"}],"twitter_card":"summary_large_image","twitter_misc":{"\u00c9crit par":"Ibrahima","Dur\u00e9e de lecture estim\u00e9e":"3 minutes"},"schema":{"@context":"https:\/\/schema.org","@graph":[{"@type":"WebSite","@id":"https:\/\/www.nettali.com\/#website","url":"https:\/\/www.nettali.com\/","name":"Nettali.com","description":"Le rendez-vous critique du Net","potentialAction":[{"@type":"SearchAction","target":{"@type":"EntryPoint","urlTemplate":"https:\/\/www.nettali.com\/?s={search_term_string}"},"query-input":"required name=search_term_string"}],"inLanguage":"fr-FR"},{"@type":"ImageObject","@id":"https:\/\/www.nettali.com\/2025\/07\/23\/mercato-rashford-rejoint-le-barca-en-pret\/#primaryimage","inLanguage":"fr-FR","url":"https:\/\/www.nettali.com\/wp-content\/uploads\/2025\/07\/Screenshot_20250723_183932_Gallery.jpg","contentUrl":"https:\/\/www.nettali.com\/wp-content\/uploads\/2025\/07\/Screenshot_20250723_183932_Gallery.jpg","width":1078,"height":735},{"@type":"WebPage","@id":"https:\/\/www.nettali.com\/2025\/07\/23\/mercato-rashford-rejoint-le-barca-en-pret\/#webpage","url":"https:\/\/www.nettali.com\/2025\/07\/23\/mercato-rashford-rejoint-le-barca-en-pret\/","name":"MERCATO - Rashford rejoint le Bar\u00e7a en pr\u00eat | Nettali.com","isPartOf":{"@id":"https:\/\/www.nettali.com\/#website"},"primaryImageOfPage":{"@id":"https:\/\/www.nettali.com\/2025\/07\/23\/mercato-rashford-rejoint-le-barca-en-pret\/#primaryimage"},"datePublished":"2025-07-23T21:53:34+00:00","dateModified":"2025-07-23T21:53:34+00:00","author":{"@id":"https:\/\/www.nettali.com\/#\/schema\/person\/bb147657c2986240405a608162b9bb23"},"breadcrumb":{"@id":"https:\/\/www.nettali.com\/2025\/07\/23\/mercato-rashford-rejoint-le-barca-en-pret\/#breadcrumb"},"inLanguage":"fr-FR","potentialAction":[{"@type":"ReadAction","target":["https:\/\/www.nettali.com\/2025\/07\/23\/mercato-rashford-rejoint-le-barca-en-pret\/"]}]},{"@type":"BreadcrumbList","@id":"https:\/\/www.nettali.com\/2025\/07\/23\/mercato-rashford-rejoint-le-barca-en-pret\/#breadcrumb","itemListElement":[{"@type":"ListItem","position":1,"name":"Accueil","item":"https:\/\/www.nettali.com\/"},{"@type":"ListItem","position":2,"name":"MERCATO - Rashford rejoint le Bar\u00e7a en pr\u00eat"}]},{"@type":"Person","@id":"https:\/\/www.nettali.com\/#\/schema\/person\/bb147657c2986240405a608162b9bb23","name":"Ibrahima","image":{"@type":"ImageObject","@id":"https:\/\/www.nettali.com\/#personlogo","inLanguage":"fr-FR","url":"https:\/\/secure.gravatar.com\/avatar\/26a8a81f09f0dd7624c9d5c36c9ba3a2?s=96&d=mm&r=g","contentUrl":"https:\/\/secure.gravatar.com\/avatar\/26a8a81f09f0dd7624c9d5c36c9ba3a2?s=96&d=mm&r=g","caption":"Ibrahima"},"sameAs":["https:\/\/www.nettali.com"]}]}},"_links":{"self":[{"href":"https:\/\/www.nettali.com\/rest\/wp\/v2\/posts\/158137"}],"collection":[{"href":"https:\/\/www.nettali.com\/rest\/wp\/v2\/posts"}],"about":[{"href":"https:\/\/www.nettali.com\/rest\/wp\/v2\/types\/post"}],"author":[{"embeddable":true,"href":"https:\/\/www.nettali.com\/rest\/wp\/v2\/users\/5"}],"replies":[{"embeddable":true,"href":"https:\/\/www.nettali.com\/rest\/wp\/v2\/comments?post=158137"}],"version-history":[{"count":1,"href":"https:\/\/www.nettali.com\/rest\/wp\/v2\/posts\/158137\/revisions"}],"predecessor-version":[{"id":158139,"href":"https:\/\/www.nettali.com\/rest\/wp\/v2\/posts\/158137\/revisions\/158139"}],"wp:featuredmedia":[{"embeddable":true,"href":"https:\/\/www.nettali.com\/rest\/wp\/v2\/media\/158138"}],"wp:attachment":[{"href":"https:\/\/www.nettali.com\/rest\/wp\/v2\/media?parent=158137"}],"wp:term":[{"taxonomy":"category","embeddable":true,"href":"https:\/\/www.nettali.com\/rest\/wp\/v2\/categories?post=158137"},{"taxonomy":"post_tag","embeddable":true,"href":"https:\/\/www.nettali.com\/rest\/wp\/v2\/tags?post=158137"}],"curies":[{"name":"wp","href":"https:\/\/api.w.org\/{rel}","templated":true}]}}