{"id":158134,"date":"2025-07-23T18:35:54","date_gmt":"2025-07-23T18:35:54","guid":{"rendered":"https:\/\/www.nettali.com\/?p=158134"},"modified":"2025-07-23T18:35:54","modified_gmt":"2025-07-23T18:35:54","slug":"france-qui-est-le-general-fabien-mandon-le-nouveau-chef-detat-major-des-armees","status":"publish","type":"post","link":"https:\/\/www.nettali.com\/2025\/07\/23\/france-qui-est-le-general-fabien-mandon-le-nouveau-chef-detat-major-des-armees\/","title":{"rendered":"FRANCE - Qui est le g\u00e9n\u00e9ral Fabien Mandon, le nouveau chef d\u2019\u00e9tat-major des arm\u00e9es ?"},"content":{"rendered":"<p><strong>NETTALI.COM - Fait rare, c\u2019est un g\u00e9n\u00e9ral de l\u2019arm\u00e9e de l\u2019Air qui prend la t\u00eate de toutes les Arm\u00e9es fran\u00e7aises<\/strong><\/p>\n<p>Du nouveau \u00e0 la t\u00eate des arm\u00e9es fran\u00e7aises. Le\u00a0g\u00e9n\u00e9ral d\u2019arm\u00e9e a\u00e9rienne Fabien Mandon, actuel chef d\u2019\u00e9tat-major particulier du pr\u00e9sident Emmanuel Macron, a \u00e9t\u00e9 d\u00e9sign\u00e9 chef-d\u2019\u00e9tat major des arm\u00e9es fran\u00e7aises, a annonc\u00e9 mercredi le ministre des Arm\u00e9es S\u00e9bastien Lecornu. L\u2019ancien pilote de chasse de 55 ans remplace le g\u00e9n\u00e9ral Thierry Burkhard, de l\u2019arm\u00e9e de Terre, et qui avait \u00e9t\u00e9 prolong\u00e9 \u00e0 son poste il y a un an.<\/p>\n<p><em>\u00ab\u00a0Reconnaissance et remerciements au g\u00e9n\u00e9ral d\u2019arm\u00e9e Thierry Burkhard, qui a servi la France au plus haut niveau durant quatre ann\u00e9es comme Chef d\u2019\u00e9tat-major des Arm\u00e9es\u00a0\u00bb, a post\u00e9 le ministre sur X. \u00ab\u00a0Sur d\u00e9cision du Pr\u00e9sident de la R\u00e9publique, le g\u00e9n\u00e9ral d\u2019arm\u00e9e a\u00e9rienne Fabien Mandon lui succ\u00e9dera\u00a0\u00bb<\/em>, ajoute-t-il.<\/p>\n<h2>Premier aviateur \u00e0 acc\u00e9der \u00e0 cette fonction strat\u00e9gique depuis 30 ans<\/h2>\n<p>Le g\u00e9n\u00e9ral Thierry Burkhard, 60 ans, avait anticip\u00e9 le retour de la guerre inter\u00e9tatique et fut le chef d\u2019orchestre de ce changement de paradigme pour les arm\u00e9es fran\u00e7aises. Son d\u00e9part potentiel agitait le monde politico-militaire depuis des mois, au terme d\u2019un commandement dense et riche.<\/p>\n<p>Ancien pilote de Mirage (F1 puis 2000D), avec l\u2019indicatif radio \u00ab\u00a0Madoon\u00a0\u00bb, Fabien Mandon, est le premier aviateur \u00e0 acc\u00e9der \u00e0 la fonction depuis le g\u00e9n\u00e9ral Jean-Philippe Douin il y a 30 ans (1995-1998). Il a \u00e9t\u00e9 d\u00e9ploy\u00e9 \u00e0 l\u2019\u00e9tranger, comme en Centrafrique, au Tchad, ou \u00e0 Douchanb\u00e9 (Tadjikistan) d\u2019o\u00f9 il effectuait des missions en Afghanistan.<\/p>\n<p>&nbsp;<\/p>\n<div class='share-to-whatsapp-wrapper'><div class='share-on-whsp'>PARTAGER SUR : <\/div><a data-text='FRANCE - Qui est le g\u00e9n\u00e9ral Fabien Mandon, le nouveau chef d\u2019\u00e9tat-major des arm\u00e9es ?' data-link='https:\/\/www.nettali.com\/2025\/07\/23\/france-qui-est-le-general-fabien-mandon-le-nouveau-chef-detat-major-des-armees\/' class='whatsapp-button whatsapp-share'>WhatsApp<\/a><div class='clear '><\/div><\/div>","protected":false},"excerpt":{"rendered":"<p>NETTALI.COM - Fait rare, c\u2019est un g\u00e9n\u00e9ral de l\u2019arm\u00e9e de l\u2019Air qui prend la t\u00eate de toutes les Arm\u00e9es fran\u00e7aises Du nouveau \u00e0 la t\u00eate des arm\u00e9es fran\u00e7aises. Le\u00a0g\u00e9n\u00e9ral d\u2019arm\u00e9e a\u00e9rienne Fabien Mandon, actuel chef d\u2019\u00e9tat-major particulier du pr\u00e9sident Emmanuel Macron, a \u00e9t\u00e9 d\u00e9sign\u00e9 chef-d\u2019\u00e9tat major des arm\u00e9es fran\u00e7aises, a annonc\u00e9 mercredi le ministre des [&hellip;]<\/p>\n","protected":false},"author":4,"featured_media":158135,"comment_status":"open","ping_status":"open","sticky":false,"template":"","format":"standard","meta":{"_et_pb_use_builder":"","_et_pb_old_content":""},"categories":[3],"tags":[],"yoast_head":"<!-- This site is optimized with the Yoast SEO Premium plugin v17.8 (Yoast SEO v17.8) - https:\/\/yoast.com\/wordpress\/plugins\/seo\/ -->\n<title>FRANCE - Qui est le g\u00e9n\u00e9ral Fabien Mandon, le nouveau chef d\u2019\u00e9tat-major des arm\u00e9es ? | Nettali.com<\/title>\n<meta name=\"robots\" content=\"index, follow, max-snippet:-1, max-image-preview:large, max-video-preview:-1\" \/>\n<link rel=\"canonical\" href=\"https:\/\/www.nettali.com\/2025\/07\/23\/france-qui-est-le-general-fabien-mandon-le-nouveau-chef-detat-major-des-armees\/\" \/>\n<meta property=\"og:locale\" content=\"fr_FR\" \/>\n<meta property=\"og:type\" content=\"article\" \/>\n<meta property=\"og:title\" content=\"FRANCE - Qui est le g\u00e9n\u00e9ral Fabien Mandon, le nouveau chef d\u2019\u00e9tat-major des arm\u00e9es ?\" \/>\n<meta property=\"og:description\" content=\"NETTALI.COM - Fait rare, c\u2019est un g\u00e9n\u00e9ral de l\u2019arm\u00e9e de l\u2019Air qui prend la t\u00eate de toutes les Arm\u00e9es fran\u00e7aises Du nouveau \u00e0 la t\u00eate des arm\u00e9es fran\u00e7aises. Le\u00a0g\u00e9n\u00e9ral d\u2019arm\u00e9e a\u00e9rienne Fabien Mandon, actuel chef d\u2019\u00e9tat-major particulier du pr\u00e9sident Emmanuel Macron, a \u00e9t\u00e9 d\u00e9sign\u00e9 chef-d\u2019\u00e9tat major des arm\u00e9es fran\u00e7aises, a annonc\u00e9 mercredi le ministre des [&hellip;]\" \/>\n<meta property=\"og:url\" content=\"https:\/\/www.nettali.com\/2025\/07\/23\/france-qui-est-le-general-fabien-mandon-le-nouveau-chef-detat-major-des-armees\/\" \/>\n<meta property=\"og:site_name\" content=\"Nettali.com\" \/>\n<meta property=\"article:publisher\" content=\"https:\/\/www.facebook.com\/nettalicom\" \/>\n<meta property=\"article:published_time\" content=\"2025-07-23T18:35:54+00:00\" \/>\n<meta property=\"og:image\" content=\"https:\/\/www.nettali.com\/wp-content\/uploads\/2025\/07\/Capture-de\u0301cran-2025-07-23-a\u0300-18.31.15.png\" \/>\n\t<meta property=\"og:image:width\" content=\"641\" \/>\n\t<meta property=\"og:image:height\" content=\"406\" \/>\n<meta name=\"twitter:card\" content=\"summary_large_image\" \/>\n<meta name=\"twitter:label1\" content=\"\u00c9crit par\" \/>\n\t<meta name=\"twitter:data1\" content=\"Daouda\" \/>\n\t<meta name=\"twitter:label2\" content=\"Dur\u00e9e de lecture estim\u00e9e\" \/>\n\t<meta name=\"twitter:data2\" content=\"2 minutes\" \/>\n<script type=\"application\/ld+json\" class=\"yoast-schema-graph\">{\"@context\":\"https:\/\/schema.org\",\"@graph\":[{\"@type\":\"WebSite\",\"@id\":\"https:\/\/www.nettali.com\/#website\",\"url\":\"https:\/\/www.nettali.com\/\",\"name\":\"Nettali.com\",\"description\":\"Le rendez-vous critique du Net\",\"potentialAction\":[{\"@type\":\"SearchAction\",\"target\":{\"@type\":\"EntryPoint\",\"urlTemplate\":\"https:\/\/www.nettali.com\/?s={search_term_string}\"},\"query-input\":\"required name=search_term_string\"}],\"inLanguage\":\"fr-FR\"},{\"@type\":\"ImageObject\",\"@id\":\"https:\/\/www.nettali.com\/2025\/07\/23\/france-qui-est-le-general-fabien-mandon-le-nouveau-chef-detat-major-des-armees\/#primaryimage\",\"inLanguage\":\"fr-FR\",\"url\":\"https:\/\/www.nettali.com\/wp-content\/uploads\/2025\/07\/Capture-de\\u0301cran-2025-07-23-a\\u0300-18.31.15.png\",\"contentUrl\":\"https:\/\/www.nettali.com\/wp-content\/uploads\/2025\/07\/Capture-de\\u0301cran-2025-07-23-a\\u0300-18.31.15.png\",\"width\":641,\"height\":406},{\"@type\":\"WebPage\",\"@id\":\"https:\/\/www.nettali.com\/2025\/07\/23\/france-qui-est-le-general-fabien-mandon-le-nouveau-chef-detat-major-des-armees\/#webpage\",\"url\":\"https:\/\/www.nettali.com\/2025\/07\/23\/france-qui-est-le-general-fabien-mandon-le-nouveau-chef-detat-major-des-armees\/\",\"name\":\"FRANCE - Qui est le g\\u00e9n\\u00e9ral Fabien Mandon, le nouveau chef d\\u2019\\u00e9tat-major des arm\\u00e9es ? | Nettali.com\",\"isPartOf\":{\"@id\":\"https:\/\/www.nettali.com\/#website\"},\"primaryImageOfPage\":{\"@id\":\"https:\/\/www.nettali.com\/2025\/07\/23\/france-qui-est-le-general-fabien-mandon-le-nouveau-chef-detat-major-des-armees\/#primaryimage\"},\"datePublished\":\"2025-07-23T18:35:54+00:00\",\"dateModified\":\"2025-07-23T18:35:54+00:00\",\"author\":{\"@id\":\"https:\/\/www.nettali.com\/#\/schema\/person\/3317e0bb3aa1da309fbf7b2780901bf4\"},\"breadcrumb\":{\"@id\":\"https:\/\/www.nettali.com\/2025\/07\/23\/france-qui-est-le-general-fabien-mandon-le-nouveau-chef-detat-major-des-armees\/#breadcrumb\"},\"inLanguage\":\"fr-FR\",\"potentialAction\":[{\"@type\":\"ReadAction\",\"target\":[\"https:\/\/www.nettali.com\/2025\/07\/23\/france-qui-est-le-general-fabien-mandon-le-nouveau-chef-detat-major-des-armees\/\"]}]},{\"@type\":\"BreadcrumbList\",\"@id\":\"https:\/\/www.nettali.com\/2025\/07\/23\/france-qui-est-le-general-fabien-mandon-le-nouveau-chef-detat-major-des-armees\/#breadcrumb\",\"itemListElement\":[{\"@type\":\"ListItem\",\"position\":1,\"name\":\"Accueil\",\"item\":\"https:\/\/www.nettali.com\/\"},{\"@type\":\"ListItem\",\"position\":2,\"name\":\"FRANCE - Qui est le g\\u00e9n\\u00e9ral Fabien Mandon, le nouveau chef d\\u2019\\u00e9tat-major des arm\\u00e9es ?\"}]},{\"@type\":\"Person\",\"@id\":\"https:\/\/www.nettali.com\/#\/schema\/person\/3317e0bb3aa1da309fbf7b2780901bf4\",\"name\":\"Daouda\",\"image\":{\"@type\":\"ImageObject\",\"@id\":\"https:\/\/www.nettali.com\/#personlogo\",\"inLanguage\":\"fr-FR\",\"url\":\"https:\/\/secure.gravatar.com\/avatar\/8d143b5a49345098ddcfee1c49c2f47c?s=96&d=mm&r=g\",\"contentUrl\":\"https:\/\/secure.gravatar.com\/avatar\/8d143b5a49345098ddcfee1c49c2f47c?s=96&d=mm&r=g\",\"caption\":\"Daouda\"},\"sameAs\":[\"https:\/\/www.nettali.com\"]}]}<\/script>\n<!-- \/ Yoast SEO Premium plugin. -->","yoast_head_json":{"title":"FRANCE - Qui est le g\u00e9n\u00e9ral Fabien Mandon, le nouveau chef d\u2019\u00e9tat-major des arm\u00e9es ? | Nettali.com","robots":{"index":"index","follow":"follow","max-snippet":"max-snippet:-1","max-image-preview":"max-image-preview:large","max-video-preview":"max-video-preview:-1"},"canonical":"https:\/\/www.nettali.com\/2025\/07\/23\/france-qui-est-le-general-fabien-mandon-le-nouveau-chef-detat-major-des-armees\/","og_locale":"fr_FR","og_type":"article","og_title":"FRANCE - Qui est le g\u00e9n\u00e9ral Fabien Mandon, le nouveau chef d\u2019\u00e9tat-major des arm\u00e9es ?","og_description":"NETTALI.COM - Fait rare, c\u2019est un g\u00e9n\u00e9ral de l\u2019arm\u00e9e de l\u2019Air qui prend la t\u00eate de toutes les Arm\u00e9es fran\u00e7aises Du nouveau \u00e0 la t\u00eate des arm\u00e9es fran\u00e7aises. Le\u00a0g\u00e9n\u00e9ral d\u2019arm\u00e9e a\u00e9rienne Fabien Mandon, actuel chef d\u2019\u00e9tat-major particulier du pr\u00e9sident Emmanuel Macron, a \u00e9t\u00e9 d\u00e9sign\u00e9 chef-d\u2019\u00e9tat major des arm\u00e9es fran\u00e7aises, a annonc\u00e9 mercredi le ministre des [&hellip;]","og_url":"https:\/\/www.nettali.com\/2025\/07\/23\/france-qui-est-le-general-fabien-mandon-le-nouveau-chef-detat-major-des-armees\/","og_site_name":"Nettali.com","article_publisher":"https:\/\/www.facebook.com\/nettalicom","article_published_time":"2025-07-23T18:35:54+00:00","og_image":[{"width":641,"height":406,"url":"https:\/\/www.nettali.com\/wp-content\/uploads\/2025\/07\/Capture-de\u0301cran-2025-07-23-a\u0300-18.31.15.png","type":"image\/png"}],"twitter_card":"summary_large_image","twitter_misc":{"\u00c9crit par":"Daouda","Dur\u00e9e de lecture estim\u00e9e":"2 minutes"},"schema":{"@context":"https:\/\/schema.org","@graph":[{"@type":"WebSite","@id":"https:\/\/www.nettali.com\/#website","url":"https:\/\/www.nettali.com\/","name":"Nettali.com","description":"Le rendez-vous critique du Net","potentialAction":[{"@type":"SearchAction","target":{"@type":"EntryPoint","urlTemplate":"https:\/\/www.nettali.com\/?s={search_term_string}"},"query-input":"required name=search_term_string"}],"inLanguage":"fr-FR"},{"@type":"ImageObject","@id":"https:\/\/www.nettali.com\/2025\/07\/23\/france-qui-est-le-general-fabien-mandon-le-nouveau-chef-detat-major-des-armees\/#primaryimage","inLanguage":"fr-FR","url":"https:\/\/www.nettali.com\/wp-content\/uploads\/2025\/07\/Capture-de\u0301cran-2025-07-23-a\u0300-18.31.15.png","contentUrl":"https:\/\/www.nettali.com\/wp-content\/uploads\/2025\/07\/Capture-de\u0301cran-2025-07-23-a\u0300-18.31.15.png","width":641,"height":406},{"@type":"WebPage","@id":"https:\/\/www.nettali.com\/2025\/07\/23\/france-qui-est-le-general-fabien-mandon-le-nouveau-chef-detat-major-des-armees\/#webpage","url":"https:\/\/www.nettali.com\/2025\/07\/23\/france-qui-est-le-general-fabien-mandon-le-nouveau-chef-detat-major-des-armees\/","name":"FRANCE - Qui est le g\u00e9n\u00e9ral Fabien Mandon, le nouveau chef d\u2019\u00e9tat-major des arm\u00e9es ? | Nettali.com","isPartOf":{"@id":"https:\/\/www.nettali.com\/#website"},"primaryImageOfPage":{"@id":"https:\/\/www.nettali.com\/2025\/07\/23\/france-qui-est-le-general-fabien-mandon-le-nouveau-chef-detat-major-des-armees\/#primaryimage"},"datePublished":"2025-07-23T18:35:54+00:00","dateModified":"2025-07-23T18:35:54+00:00","author":{"@id":"https:\/\/www.nettali.com\/#\/schema\/person\/3317e0bb3aa1da309fbf7b2780901bf4"},"breadcrumb":{"@id":"https:\/\/www.nettali.com\/2025\/07\/23\/france-qui-est-le-general-fabien-mandon-le-nouveau-chef-detat-major-des-armees\/#breadcrumb"},"inLanguage":"fr-FR","potentialAction":[{"@type":"ReadAction","target":["https:\/\/www.nettali.com\/2025\/07\/23\/france-qui-est-le-general-fabien-mandon-le-nouveau-chef-detat-major-des-armees\/"]}]},{"@type":"BreadcrumbList","@id":"https:\/\/www.nettali.com\/2025\/07\/23\/france-qui-est-le-general-fabien-mandon-le-nouveau-chef-detat-major-des-armees\/#breadcrumb","itemListElement":[{"@type":"ListItem","position":1,"name":"Accueil","item":"https:\/\/www.nettali.com\/"},{"@type":"ListItem","position":2,"name":"FRANCE - Qui est le g\u00e9n\u00e9ral Fabien Mandon, le nouveau chef d\u2019\u00e9tat-major des arm\u00e9es ?"}]},{"@type":"Person","@id":"https:\/\/www.nettali.com\/#\/schema\/person\/3317e0bb3aa1da309fbf7b2780901bf4","name":"Daouda","image":{"@type":"ImageObject","@id":"https:\/\/www.nettali.com\/#personlogo","inLanguage":"fr-FR","url":"https:\/\/secure.gravatar.com\/avatar\/8d143b5a49345098ddcfee1c49c2f47c?s=96&d=mm&r=g","contentUrl":"https:\/\/secure.gravatar.com\/avatar\/8d143b5a49345098ddcfee1c49c2f47c?s=96&d=mm&r=g","caption":"Daouda"},"sameAs":["https:\/\/www.nettali.com"]}]}},"_links":{"self":[{"href":"https:\/\/www.nettali.com\/rest\/wp\/v2\/posts\/158134"}],"collection":[{"href":"https:\/\/www.nettali.com\/rest\/wp\/v2\/posts"}],"about":[{"href":"https:\/\/www.nettali.com\/rest\/wp\/v2\/types\/post"}],"author":[{"embeddable":true,"href":"https:\/\/www.nettali.com\/rest\/wp\/v2\/users\/4"}],"replies":[{"embeddable":true,"href":"https:\/\/www.nettali.com\/rest\/wp\/v2\/comments?post=158134"}],"version-history":[{"count":1,"href":"https:\/\/www.nettali.com\/rest\/wp\/v2\/posts\/158134\/revisions"}],"predecessor-version":[{"id":158136,"href":"https:\/\/www.nettali.com\/rest\/wp\/v2\/posts\/158134\/revisions\/158136"}],"wp:featuredmedia":[{"embeddable":true,"href":"https:\/\/www.nettali.com\/rest\/wp\/v2\/media\/158135"}],"wp:attachment":[{"href":"https:\/\/www.nettali.com\/rest\/wp\/v2\/media?parent=158134"}],"wp:term":[{"taxonomy":"category","embeddable":true,"href":"https:\/\/www.nettali.com\/rest\/wp\/v2\/categories?post=158134"},{"taxonomy":"post_tag","embeddable":true,"href":"https:\/\/www.nettali.com\/rest\/wp\/v2\/tags?post=158134"}],"curies":[{"name":"wp","href":"https:\/\/api.w.org\/{rel}","templated":true}]}}