{"id":158132,"date":"2025-07-23T19:53:52","date_gmt":"2025-07-23T19:53:52","guid":{"rendered":"https:\/\/www.nettali.com\/?p=158132"},"modified":"2025-07-23T17:59:28","modified_gmt":"2025-07-23T17:59:28","slug":"haute-cour-de-justice-confrontation-entre-ismaila-madior-fall-et-cheikh-gueye","status":"publish","type":"post","link":"https:\/\/www.nettali.com\/2025\/07\/23\/haute-cour-de-justice-confrontation-entre-ismaila-madior-fall-et-cheikh-gueye\/","title":{"rendered":"HAUTE COUR DE JUSTICE \u2013 Confrontation entre Isma\u00efla Madior Fall et Cheikh Gu\u00e8ye"},"content":{"rendered":"<p><strong>NETTALI.COM - L\u2019ancien ministre de la Justice, Isma\u00efla Madior Fall, \u00e9tait devant la commission d\u2019instruction de la Haute Cour de Justice, dans le cadre d\u2019une enqu\u00eate portant sur une pr\u00e9sum\u00e9e affaire de corruption li\u00e9e \u00e0 l\u2019attribution d\u2019un march\u00e9 public. Il a \u00e9t\u00e9 confront\u00e9 avec Cheikh Gu\u00e8ye, celui qui lui aurait remis la somme de 50 millions.<\/strong><\/p>\n<p>Au c\u0153ur de cette audition : une confrontation avec Cheikh Gu\u00e8ye, entendu \u00e0 titre de t\u00e9moin. Selon nos informations, ce dernier a formellement ni\u00e9 toute tentative de corruption, assurant que la somme de 50 millions FCFA \u00e9voqu\u00e9e dans le dossier relevait d\u2019un pr\u00eat envisag\u00e9 \u00e0 destination de M. Fall. Une version que ce dernier conteste vigoureusement, affirmant n\u2019avoir jamais sollicit\u00e9 ni accept\u00e9 un quelconque pr\u00eat, et pr\u00e9cisant avoir imm\u00e9diatement restitu\u00e9 la somme per\u00e7ue.<\/p>\n<p>Plac\u00e9e sous contr\u00f4le judiciaire depuis le 20 mai 2025, l\u2019ex-Garde des Sceaux vit depuis sous assignation \u00e0 r\u00e9sidence \u00e0 Dakar et est soumis au port d\u2019un bracelet \u00e9lectronique. Ses avocats ont profit\u00e9 de cette nouvelle audition pour formuler une requ\u00eate visant la lev\u00e9e de ces mesures restrictives, estim\u00e9es injustifi\u00e9es au regard de la coop\u00e9ration de leur client.<\/p>\n<p>La commission d\u2019instruction de la Haute Cour de Justice devrait rendre sa d\u00e9cision dans les prochains jours. En attendant, cette affaire continue de susciter de vifs commentaires dans l\u2019espace public, sur fond de remise en cause des pratiques de passation des march\u00e9s publics durant les pr\u00e9c\u00e9dentes mandatures.<\/p>\n<p>Professeur de droit constitutionnel et homme politique influent, Isma\u00efla Madior Fall avait incarn\u00e9 durant plusieurs ann\u00e9es l\u2019image d\u2019un juriste rigoureux au service de l\u2019\u00c9tat, notamment sous le r\u00e9gime de l\u2019ancien pr\u00e9sident Macky Sall. Son implication dans une telle affaire constitue, pour nombre d\u2019observateurs, un symbole fort du tournant judiciaire pris par les nouvelles autorit\u00e9s dans leur volont\u00e9 affich\u00e9e de lutte contre la corruption.<\/p>\n<p>Mais pour d\u2019autres, cette comparution illustre aussi les lignes troubles entre relations politiques, gestion administrative et finances publiques, un triangle longtemps rest\u00e9 opaque dans l\u2019exercice du pouvoir.<\/p>\n<p>&nbsp;<\/p>\n<div class='share-to-whatsapp-wrapper'><div class='share-on-whsp'>PARTAGER SUR : <\/div><a data-text='HAUTE COUR DE JUSTICE \u2013 Confrontation entre Isma\u00efla Madior Fall et Cheikh Gu\u00e8ye' data-link='https:\/\/www.nettali.com\/2025\/07\/23\/haute-cour-de-justice-confrontation-entre-ismaila-madior-fall-et-cheikh-gueye\/' class='whatsapp-button whatsapp-share'>WhatsApp<\/a><div class='clear '><\/div><\/div>","protected":false},"excerpt":{"rendered":"<p>NETTALI.COM - L\u2019ancien ministre de la Justice, Isma\u00efla Madior Fall, \u00e9tait devant la commission d\u2019instruction de la Haute Cour de Justice, dans le cadre d\u2019une enqu\u00eate portant sur une pr\u00e9sum\u00e9e affaire de corruption li\u00e9e \u00e0 l\u2019attribution d\u2019un march\u00e9 public. Il a \u00e9t\u00e9 confront\u00e9 avec Cheikh Gu\u00e8ye, celui qui lui aurait remis la somme de 50 [&hellip;]<\/p>\n","protected":false},"author":4,"featured_media":117194,"comment_status":"open","ping_status":"open","sticky":false,"template":"","format":"standard","meta":{"_et_pb_use_builder":"","_et_pb_old_content":""},"categories":[3],"tags":[],"yoast_head":"<!-- This site is optimized with the Yoast SEO Premium plugin v17.8 (Yoast SEO v17.8) - https:\/\/yoast.com\/wordpress\/plugins\/seo\/ -->\n<title>HAUTE COUR DE JUSTICE \u2013 Confrontation entre Isma\u00efla Madior Fall et Cheikh Gu\u00e8ye | Nettali.com<\/title>\n<meta name=\"robots\" content=\"index, follow, max-snippet:-1, max-image-preview:large, max-video-preview:-1\" \/>\n<link rel=\"canonical\" href=\"https:\/\/www.nettali.com\/2025\/07\/23\/haute-cour-de-justice-confrontation-entre-ismaila-madior-fall-et-cheikh-gueye\/\" \/>\n<meta property=\"og:locale\" content=\"fr_FR\" \/>\n<meta property=\"og:type\" content=\"article\" \/>\n<meta property=\"og:title\" content=\"HAUTE COUR DE JUSTICE \u2013 Confrontation entre Isma\u00efla Madior Fall et Cheikh Gu\u00e8ye\" \/>\n<meta property=\"og:description\" content=\"NETTALI.COM - L\u2019ancien ministre de la Justice, Isma\u00efla Madior Fall, \u00e9tait devant la commission d\u2019instruction de la Haute Cour de Justice, dans le cadre d\u2019une enqu\u00eate portant sur une pr\u00e9sum\u00e9e affaire de corruption li\u00e9e \u00e0 l\u2019attribution d\u2019un march\u00e9 public. Il a \u00e9t\u00e9 confront\u00e9 avec Cheikh Gu\u00e8ye, celui qui lui aurait remis la somme de 50 [&hellip;]\" \/>\n<meta property=\"og:url\" content=\"https:\/\/www.nettali.com\/2025\/07\/23\/haute-cour-de-justice-confrontation-entre-ismaila-madior-fall-et-cheikh-gueye\/\" \/>\n<meta property=\"og:site_name\" content=\"Nettali.com\" \/>\n<meta property=\"article:publisher\" content=\"https:\/\/www.facebook.com\/nettalicom\" \/>\n<meta property=\"article:published_time\" content=\"2025-07-23T19:53:52+00:00\" \/>\n<meta property=\"article:modified_time\" content=\"2025-07-23T17:59:28+00:00\" \/>\n<meta property=\"og:image\" content=\"https:\/\/www.nettali.com\/wp-content\/uploads\/2023\/08\/ismaila-madior.jpg\" \/>\n\t<meta property=\"og:image:width\" content=\"1140\" \/>\n\t<meta property=\"og:image:height\" content=\"570\" \/>\n<meta name=\"twitter:card\" content=\"summary_large_image\" \/>\n<meta name=\"twitter:label1\" content=\"\u00c9crit par\" \/>\n\t<meta name=\"twitter:data1\" content=\"Daouda\" \/>\n\t<meta name=\"twitter:label2\" content=\"Dur\u00e9e de lecture estim\u00e9e\" \/>\n\t<meta name=\"twitter:data2\" content=\"2 minutes\" \/>\n<script type=\"application\/ld+json\" class=\"yoast-schema-graph\">{\"@context\":\"https:\/\/schema.org\",\"@graph\":[{\"@type\":\"WebSite\",\"@id\":\"https:\/\/www.nettali.com\/#website\",\"url\":\"https:\/\/www.nettali.com\/\",\"name\":\"Nettali.com\",\"description\":\"Le rendez-vous critique du Net\",\"potentialAction\":[{\"@type\":\"SearchAction\",\"target\":{\"@type\":\"EntryPoint\",\"urlTemplate\":\"https:\/\/www.nettali.com\/?s={search_term_string}\"},\"query-input\":\"required name=search_term_string\"}],\"inLanguage\":\"fr-FR\"},{\"@type\":\"ImageObject\",\"@id\":\"https:\/\/www.nettali.com\/2025\/07\/23\/haute-cour-de-justice-confrontation-entre-ismaila-madior-fall-et-cheikh-gueye\/#primaryimage\",\"inLanguage\":\"fr-FR\",\"url\":\"https:\/\/www.nettali.com\/wp-content\/uploads\/2023\/08\/ismaila-madior.jpg\",\"contentUrl\":\"https:\/\/www.nettali.com\/wp-content\/uploads\/2023\/08\/ismaila-madior.jpg\",\"width\":1140,\"height\":570},{\"@type\":\"WebPage\",\"@id\":\"https:\/\/www.nettali.com\/2025\/07\/23\/haute-cour-de-justice-confrontation-entre-ismaila-madior-fall-et-cheikh-gueye\/#webpage\",\"url\":\"https:\/\/www.nettali.com\/2025\/07\/23\/haute-cour-de-justice-confrontation-entre-ismaila-madior-fall-et-cheikh-gueye\/\",\"name\":\"HAUTE COUR DE JUSTICE \\u2013 Confrontation entre Isma\\u00efla Madior Fall et Cheikh Gu\\u00e8ye | Nettali.com\",\"isPartOf\":{\"@id\":\"https:\/\/www.nettali.com\/#website\"},\"primaryImageOfPage\":{\"@id\":\"https:\/\/www.nettali.com\/2025\/07\/23\/haute-cour-de-justice-confrontation-entre-ismaila-madior-fall-et-cheikh-gueye\/#primaryimage\"},\"datePublished\":\"2025-07-23T19:53:52+00:00\",\"dateModified\":\"2025-07-23T17:59:28+00:00\",\"author\":{\"@id\":\"https:\/\/www.nettali.com\/#\/schema\/person\/3317e0bb3aa1da309fbf7b2780901bf4\"},\"breadcrumb\":{\"@id\":\"https:\/\/www.nettali.com\/2025\/07\/23\/haute-cour-de-justice-confrontation-entre-ismaila-madior-fall-et-cheikh-gueye\/#breadcrumb\"},\"inLanguage\":\"fr-FR\",\"potentialAction\":[{\"@type\":\"ReadAction\",\"target\":[\"https:\/\/www.nettali.com\/2025\/07\/23\/haute-cour-de-justice-confrontation-entre-ismaila-madior-fall-et-cheikh-gueye\/\"]}]},{\"@type\":\"BreadcrumbList\",\"@id\":\"https:\/\/www.nettali.com\/2025\/07\/23\/haute-cour-de-justice-confrontation-entre-ismaila-madior-fall-et-cheikh-gueye\/#breadcrumb\",\"itemListElement\":[{\"@type\":\"ListItem\",\"position\":1,\"name\":\"Accueil\",\"item\":\"https:\/\/www.nettali.com\/\"},{\"@type\":\"ListItem\",\"position\":2,\"name\":\"HAUTE COUR DE JUSTICE \\u2013 Confrontation entre Isma\\u00efla Madior Fall et Cheikh Gu\\u00e8ye\"}]},{\"@type\":\"Person\",\"@id\":\"https:\/\/www.nettali.com\/#\/schema\/person\/3317e0bb3aa1da309fbf7b2780901bf4\",\"name\":\"Daouda\",\"image\":{\"@type\":\"ImageObject\",\"@id\":\"https:\/\/www.nettali.com\/#personlogo\",\"inLanguage\":\"fr-FR\",\"url\":\"https:\/\/secure.gravatar.com\/avatar\/8d143b5a49345098ddcfee1c49c2f47c?s=96&d=mm&r=g\",\"contentUrl\":\"https:\/\/secure.gravatar.com\/avatar\/8d143b5a49345098ddcfee1c49c2f47c?s=96&d=mm&r=g\",\"caption\":\"Daouda\"},\"sameAs\":[\"https:\/\/www.nettali.com\"]}]}<\/script>\n<!-- \/ Yoast SEO Premium plugin. -->","yoast_head_json":{"title":"HAUTE COUR DE JUSTICE \u2013 Confrontation entre Isma\u00efla Madior Fall et Cheikh Gu\u00e8ye | Nettali.com","robots":{"index":"index","follow":"follow","max-snippet":"max-snippet:-1","max-image-preview":"max-image-preview:large","max-video-preview":"max-video-preview:-1"},"canonical":"https:\/\/www.nettali.com\/2025\/07\/23\/haute-cour-de-justice-confrontation-entre-ismaila-madior-fall-et-cheikh-gueye\/","og_locale":"fr_FR","og_type":"article","og_title":"HAUTE COUR DE JUSTICE \u2013 Confrontation entre Isma\u00efla Madior Fall et Cheikh Gu\u00e8ye","og_description":"NETTALI.COM - L\u2019ancien ministre de la Justice, Isma\u00efla Madior Fall, \u00e9tait devant la commission d\u2019instruction de la Haute Cour de Justice, dans le cadre d\u2019une enqu\u00eate portant sur une pr\u00e9sum\u00e9e affaire de corruption li\u00e9e \u00e0 l\u2019attribution d\u2019un march\u00e9 public. Il a \u00e9t\u00e9 confront\u00e9 avec Cheikh Gu\u00e8ye, celui qui lui aurait remis la somme de 50 [&hellip;]","og_url":"https:\/\/www.nettali.com\/2025\/07\/23\/haute-cour-de-justice-confrontation-entre-ismaila-madior-fall-et-cheikh-gueye\/","og_site_name":"Nettali.com","article_publisher":"https:\/\/www.facebook.com\/nettalicom","article_published_time":"2025-07-23T19:53:52+00:00","article_modified_time":"2025-07-23T17:59:28+00:00","og_image":[{"width":1140,"height":570,"url":"https:\/\/www.nettali.com\/wp-content\/uploads\/2023\/08\/ismaila-madior.jpg","type":"image\/jpeg"}],"twitter_card":"summary_large_image","twitter_misc":{"\u00c9crit par":"Daouda","Dur\u00e9e de lecture estim\u00e9e":"2 minutes"},"schema":{"@context":"https:\/\/schema.org","@graph":[{"@type":"WebSite","@id":"https:\/\/www.nettali.com\/#website","url":"https:\/\/www.nettali.com\/","name":"Nettali.com","description":"Le rendez-vous critique du Net","potentialAction":[{"@type":"SearchAction","target":{"@type":"EntryPoint","urlTemplate":"https:\/\/www.nettali.com\/?s={search_term_string}"},"query-input":"required name=search_term_string"}],"inLanguage":"fr-FR"},{"@type":"ImageObject","@id":"https:\/\/www.nettali.com\/2025\/07\/23\/haute-cour-de-justice-confrontation-entre-ismaila-madior-fall-et-cheikh-gueye\/#primaryimage","inLanguage":"fr-FR","url":"https:\/\/www.nettali.com\/wp-content\/uploads\/2023\/08\/ismaila-madior.jpg","contentUrl":"https:\/\/www.nettali.com\/wp-content\/uploads\/2023\/08\/ismaila-madior.jpg","width":1140,"height":570},{"@type":"WebPage","@id":"https:\/\/www.nettali.com\/2025\/07\/23\/haute-cour-de-justice-confrontation-entre-ismaila-madior-fall-et-cheikh-gueye\/#webpage","url":"https:\/\/www.nettali.com\/2025\/07\/23\/haute-cour-de-justice-confrontation-entre-ismaila-madior-fall-et-cheikh-gueye\/","name":"HAUTE COUR DE JUSTICE \u2013 Confrontation entre Isma\u00efla Madior Fall et Cheikh Gu\u00e8ye | Nettali.com","isPartOf":{"@id":"https:\/\/www.nettali.com\/#website"},"primaryImageOfPage":{"@id":"https:\/\/www.nettali.com\/2025\/07\/23\/haute-cour-de-justice-confrontation-entre-ismaila-madior-fall-et-cheikh-gueye\/#primaryimage"},"datePublished":"2025-07-23T19:53:52+00:00","dateModified":"2025-07-23T17:59:28+00:00","author":{"@id":"https:\/\/www.nettali.com\/#\/schema\/person\/3317e0bb3aa1da309fbf7b2780901bf4"},"breadcrumb":{"@id":"https:\/\/www.nettali.com\/2025\/07\/23\/haute-cour-de-justice-confrontation-entre-ismaila-madior-fall-et-cheikh-gueye\/#breadcrumb"},"inLanguage":"fr-FR","potentialAction":[{"@type":"ReadAction","target":["https:\/\/www.nettali.com\/2025\/07\/23\/haute-cour-de-justice-confrontation-entre-ismaila-madior-fall-et-cheikh-gueye\/"]}]},{"@type":"BreadcrumbList","@id":"https:\/\/www.nettali.com\/2025\/07\/23\/haute-cour-de-justice-confrontation-entre-ismaila-madior-fall-et-cheikh-gueye\/#breadcrumb","itemListElement":[{"@type":"ListItem","position":1,"name":"Accueil","item":"https:\/\/www.nettali.com\/"},{"@type":"ListItem","position":2,"name":"HAUTE COUR DE JUSTICE \u2013 Confrontation entre Isma\u00efla Madior Fall et Cheikh Gu\u00e8ye"}]},{"@type":"Person","@id":"https:\/\/www.nettali.com\/#\/schema\/person\/3317e0bb3aa1da309fbf7b2780901bf4","name":"Daouda","image":{"@type":"ImageObject","@id":"https:\/\/www.nettali.com\/#personlogo","inLanguage":"fr-FR","url":"https:\/\/secure.gravatar.com\/avatar\/8d143b5a49345098ddcfee1c49c2f47c?s=96&d=mm&r=g","contentUrl":"https:\/\/secure.gravatar.com\/avatar\/8d143b5a49345098ddcfee1c49c2f47c?s=96&d=mm&r=g","caption":"Daouda"},"sameAs":["https:\/\/www.nettali.com"]}]}},"_links":{"self":[{"href":"https:\/\/www.nettali.com\/rest\/wp\/v2\/posts\/158132"}],"collection":[{"href":"https:\/\/www.nettali.com\/rest\/wp\/v2\/posts"}],"about":[{"href":"https:\/\/www.nettali.com\/rest\/wp\/v2\/types\/post"}],"author":[{"embeddable":true,"href":"https:\/\/www.nettali.com\/rest\/wp\/v2\/users\/4"}],"replies":[{"embeddable":true,"href":"https:\/\/www.nettali.com\/rest\/wp\/v2\/comments?post=158132"}],"version-history":[{"count":1,"href":"https:\/\/www.nettali.com\/rest\/wp\/v2\/posts\/158132\/revisions"}],"predecessor-version":[{"id":158133,"href":"https:\/\/www.nettali.com\/rest\/wp\/v2\/posts\/158132\/revisions\/158133"}],"wp:featuredmedia":[{"embeddable":true,"href":"https:\/\/www.nettali.com\/rest\/wp\/v2\/media\/117194"}],"wp:attachment":[{"href":"https:\/\/www.nettali.com\/rest\/wp\/v2\/media?parent=158132"}],"wp:term":[{"taxonomy":"category","embeddable":true,"href":"https:\/\/www.nettali.com\/rest\/wp\/v2\/categories?post=158132"},{"taxonomy":"post_tag","embeddable":true,"href":"https:\/\/www.nettali.com\/rest\/wp\/v2\/tags?post=158132"}],"curies":[{"name":"wp","href":"https:\/\/api.w.org\/{rel}","templated":true}]}}