{"id":158122,"date":"2025-07-24T08:25:28","date_gmt":"2025-07-24T08:25:28","guid":{"rendered":"https:\/\/www.nettali.com\/?p=158122"},"modified":"2025-07-27T19:17:42","modified_gmt":"2025-07-27T19:17:42","slug":"une-opposition-sans-boussole-ni-boussoleurs","status":"publish","type":"post","link":"https:\/\/www.nettali.com\/2025\/07\/24\/une-opposition-sans-boussole-ni-boussoleurs\/","title":{"rendered":"Une opposition sans boussole ni boussoleurs"},"content":{"rendered":"<p data-start=\"270\" data-end=\"675\"><strong>NETTALI.COM - Lorsqu\u2019Ousmane Sonko affirme, avec une pointe de provocation, qu\u2019\u00ab il n\u2019y a pas d\u2019opposition au S\u00e9n\u00e9gal \u00bb, ses propos peuvent pr\u00eater \u00e0 d\u00e9bat. Mais \u00e0 bien y regarder, la vacuit\u00e9 strat\u00e9gique et l\u2019indigence programmatique de l\u2019opposition actuelle lui donnent parfois raison. Le paysage politique semble orphelin d\u2019une contre-force structur\u00e9e, audible et capable de peser r\u00e9ellement sur l\u2019agenda national.<\/strong><\/p>\n<p data-start=\"677\" data-end=\"1114\">En lieu et place d\u2019un projet alternatif clair, l\u2019opposition se contente bien souvent de commenter l\u2019actualit\u00e9 gouvernementale, surfant sur les faux pas, les pol\u00e9miques et les maladresses du pouvoir. Loin de proposer une vision coh\u00e9rente, elle s\u2019installe dans une posture r\u00e9active : d\u00e9nonciations \u00e9pisodiques, sorties \u00e9motionnelles, postures victimaires\u2026 mais rarement des propositions de fond capables d\u2019animer le d\u00e9bat d\u00e9mocratique.<\/p>\n<p data-start=\"1169\" data-end=\"1655\">Les r\u00e9cents \u00e9pisodes politiques illustrent cette d\u00e9faillance : de l\u2019affaire Badara Gadiaga \u00e0 la virulente charge d\u2019Ousmane Sonko contre la justice, en passant par les publications controvers\u00e9es du Directeur g\u00e9n\u00e9ral du Port autonome de Dakar, ou encore les frasques de figures secondaires comme Abdou Nguer, Bachir Fofana ou Moustapha Diakhat\u00e9, le d\u00e9bat politique tourne en rond, souvent r\u00e9duit \u00e0 des querelles de personnes ou des micro-scandales qui \u00e9clipsent les v\u00e9ritables enjeux.<\/p>\n<p data-start=\"1657\" data-end=\"2031\">O\u00f9 sont les propositions sur la r\u00e9forme du syst\u00e8me \u00e9ducatif ? La politique industrielle ? Le dialogue institutionnel ? L\u2019opposition peine \u00e0 imposer des th\u00e9matiques majeures, \u00e0 structurer ses id\u00e9es, \u00e0 construire une parole politique qui d\u00e9passe l\u2019indignation ou l\u2019individualisme. Elle souffre d\u2019un d\u00e9ficit d\u2019organisation, mais surtout d\u2019une faiblesse id\u00e9ologique criante.<\/p>\n<p data-start=\"2113\" data-end=\"2536\">Ce qui est paradoxal, c\u2019est que m\u00eame le PASTEF \u2014 aujourd\u2019hui aux commandes de l\u2019\u00c9tat \u2014 semble sous-estimer les dividendes politiques qu\u2019il pourrait tirer de cette faiblesse structurelle de ses adversaires. Certains de ses responsables, militants et communicants se laissent parfois entra\u00eener dans des pol\u00e9miques inutiles ou des guerres de mots sur les r\u00e9seaux sociaux, entretenant un climat de tension contre-productif.<\/p>\n<p data-start=\"2538\" data-end=\"2922\">Alors que le parti au pouvoir cherche \u00e0 maintenir une coh\u00e9sion interne fragilis\u00e9e par les tensions entre le Pr\u00e9sident Diomaye Faye et son Premier ministre Ousmane Sonko, l\u2019absence d\u2019un contre-pouvoir cr\u00e9dible donne \u00e0 la sc\u00e8ne politique un d\u00e9s\u00e9quilibre inqui\u00e9tant. Sans adversaire s\u00e9rieux, sans contradiction organis\u00e9e, le risque d\u2019essoufflement du d\u00e9bat d\u00e9mocratique est r\u00e9el.<\/p>\n<p data-start=\"2977\" data-end=\"3344\">Il devient d\u00e8s lors imp\u00e9ratif, pour ce qui reste de l\u2019opposition politique, de repenser ses priorit\u00e9s, de renouveler ses cadres et de red\u00e9finir une ligne commune. Tant qu\u2019elle se contentera de commenter au lieu de proposer, elle restera p\u00e9riph\u00e9rique, marginalis\u00e9e, inaudible \u2014 y compris dans les moments d\u00e9cisifs.<\/p>\n<p data-start=\"3346\" data-end=\"3455\">Au fond, le probl\u00e8me n\u2019est pas seulement d\u2019affronter le pouvoir : il est d\u2019abord d\u2019exister politiquement.<\/p>\n<div class='share-to-whatsapp-wrapper'><div class='share-on-whsp'>PARTAGER SUR : <\/div><a data-text='Une opposition sans boussole ni boussoleurs' data-link='https:\/\/www.nettali.com\/2025\/07\/24\/une-opposition-sans-boussole-ni-boussoleurs\/' class='whatsapp-button whatsapp-share'>WhatsApp<\/a><div class='clear '><\/div><\/div>","protected":false},"excerpt":{"rendered":"<p>NETTALI.COM - Lorsqu\u2019Ousmane Sonko affirme, avec une pointe de provocation, qu\u2019\u00ab il n\u2019y a pas d\u2019opposition au S\u00e9n\u00e9gal \u00bb, ses propos peuvent pr\u00eater \u00e0 d\u00e9bat. Mais \u00e0 bien y regarder, la vacuit\u00e9 strat\u00e9gique et l\u2019indigence programmatique de l\u2019opposition actuelle lui donnent parfois raison. Le paysage politique semble orphelin d\u2019une contre-force structur\u00e9e, audible et capable de [&hellip;]<\/p>\n","protected":false},"author":4,"featured_media":158125,"comment_status":"open","ping_status":"open","sticky":false,"template":"","format":"standard","meta":{"_et_pb_use_builder":"","_et_pb_old_content":""},"categories":[12],"tags":[],"yoast_head":"<!-- This site is optimized with the Yoast SEO Premium plugin v17.8 (Yoast SEO v17.8) - https:\/\/yoast.com\/wordpress\/plugins\/seo\/ -->\n<title>Une opposition sans boussole ni boussoleurs | Nettali.com<\/title>\n<meta name=\"robots\" content=\"index, follow, max-snippet:-1, max-image-preview:large, max-video-preview:-1\" \/>\n<link rel=\"canonical\" href=\"https:\/\/www.nettali.com\/2025\/07\/24\/une-opposition-sans-boussole-ni-boussoleurs\/\" \/>\n<meta property=\"og:locale\" content=\"fr_FR\" \/>\n<meta property=\"og:type\" content=\"article\" \/>\n<meta property=\"og:title\" content=\"Une opposition sans boussole ni boussoleurs\" \/>\n<meta property=\"og:description\" content=\"NETTALI.COM - Lorsqu\u2019Ousmane Sonko affirme, avec une pointe de provocation, qu\u2019\u00ab il n\u2019y a pas d\u2019opposition au S\u00e9n\u00e9gal \u00bb, ses propos peuvent pr\u00eater \u00e0 d\u00e9bat. Mais \u00e0 bien y regarder, la vacuit\u00e9 strat\u00e9gique et l\u2019indigence programmatique de l\u2019opposition actuelle lui donnent parfois raison. Le paysage politique semble orphelin d\u2019une contre-force structur\u00e9e, audible et capable de [&hellip;]\" \/>\n<meta property=\"og:url\" content=\"https:\/\/www.nettali.com\/2025\/07\/24\/une-opposition-sans-boussole-ni-boussoleurs\/\" \/>\n<meta property=\"og:site_name\" content=\"Nettali.com\" \/>\n<meta property=\"article:publisher\" content=\"https:\/\/www.facebook.com\/nettalicom\" \/>\n<meta property=\"article:published_time\" content=\"2025-07-24T08:25:28+00:00\" \/>\n<meta property=\"article:modified_time\" content=\"2025-07-27T19:17:42+00:00\" \/>\n<meta property=\"og:image\" content=\"https:\/\/www.nettali.com\/wp-content\/uploads\/2025\/07\/Capture-de\u0301cran-2025-07-23-a\u0300-14.45.47.png\" \/>\n\t<meta property=\"og:image:width\" content=\"1282\" \/>\n\t<meta property=\"og:image:height\" content=\"709\" \/>\n<meta name=\"twitter:card\" content=\"summary_large_image\" \/>\n<meta name=\"twitter:label1\" content=\"\u00c9crit par\" \/>\n\t<meta name=\"twitter:data1\" content=\"Daouda\" \/>\n\t<meta name=\"twitter:label2\" content=\"Dur\u00e9e de lecture estim\u00e9e\" \/>\n\t<meta name=\"twitter:data2\" content=\"3 minutes\" \/>\n<script type=\"application\/ld+json\" class=\"yoast-schema-graph\">{\"@context\":\"https:\/\/schema.org\",\"@graph\":[{\"@type\":\"WebSite\",\"@id\":\"https:\/\/www.nettali.com\/#website\",\"url\":\"https:\/\/www.nettali.com\/\",\"name\":\"Nettali.com\",\"description\":\"Le rendez-vous critique du Net\",\"potentialAction\":[{\"@type\":\"SearchAction\",\"target\":{\"@type\":\"EntryPoint\",\"urlTemplate\":\"https:\/\/www.nettali.com\/?s={search_term_string}\"},\"query-input\":\"required name=search_term_string\"}],\"inLanguage\":\"fr-FR\"},{\"@type\":\"ImageObject\",\"@id\":\"https:\/\/www.nettali.com\/2025\/07\/24\/une-opposition-sans-boussole-ni-boussoleurs\/#primaryimage\",\"inLanguage\":\"fr-FR\",\"url\":\"https:\/\/www.nettali.com\/wp-content\/uploads\/2025\/07\/Capture-de\\u0301cran-2025-07-23-a\\u0300-14.45.47.png\",\"contentUrl\":\"https:\/\/www.nettali.com\/wp-content\/uploads\/2025\/07\/Capture-de\\u0301cran-2025-07-23-a\\u0300-14.45.47.png\",\"width\":1282,\"height\":709},{\"@type\":\"WebPage\",\"@id\":\"https:\/\/www.nettali.com\/2025\/07\/24\/une-opposition-sans-boussole-ni-boussoleurs\/#webpage\",\"url\":\"https:\/\/www.nettali.com\/2025\/07\/24\/une-opposition-sans-boussole-ni-boussoleurs\/\",\"name\":\"Une opposition sans boussole ni boussoleurs | Nettali.com\",\"isPartOf\":{\"@id\":\"https:\/\/www.nettali.com\/#website\"},\"primaryImageOfPage\":{\"@id\":\"https:\/\/www.nettali.com\/2025\/07\/24\/une-opposition-sans-boussole-ni-boussoleurs\/#primaryimage\"},\"datePublished\":\"2025-07-24T08:25:28+00:00\",\"dateModified\":\"2025-07-27T19:17:42+00:00\",\"author\":{\"@id\":\"https:\/\/www.nettali.com\/#\/schema\/person\/3317e0bb3aa1da309fbf7b2780901bf4\"},\"breadcrumb\":{\"@id\":\"https:\/\/www.nettali.com\/2025\/07\/24\/une-opposition-sans-boussole-ni-boussoleurs\/#breadcrumb\"},\"inLanguage\":\"fr-FR\",\"potentialAction\":[{\"@type\":\"ReadAction\",\"target\":[\"https:\/\/www.nettali.com\/2025\/07\/24\/une-opposition-sans-boussole-ni-boussoleurs\/\"]}]},{\"@type\":\"BreadcrumbList\",\"@id\":\"https:\/\/www.nettali.com\/2025\/07\/24\/une-opposition-sans-boussole-ni-boussoleurs\/#breadcrumb\",\"itemListElement\":[{\"@type\":\"ListItem\",\"position\":1,\"name\":\"Accueil\",\"item\":\"https:\/\/www.nettali.com\/\"},{\"@type\":\"ListItem\",\"position\":2,\"name\":\"Une opposition sans boussole ni boussoleurs\"}]},{\"@type\":\"Person\",\"@id\":\"https:\/\/www.nettali.com\/#\/schema\/person\/3317e0bb3aa1da309fbf7b2780901bf4\",\"name\":\"Daouda\",\"image\":{\"@type\":\"ImageObject\",\"@id\":\"https:\/\/www.nettali.com\/#personlogo\",\"inLanguage\":\"fr-FR\",\"url\":\"https:\/\/secure.gravatar.com\/avatar\/8d143b5a49345098ddcfee1c49c2f47c?s=96&d=mm&r=g\",\"contentUrl\":\"https:\/\/secure.gravatar.com\/avatar\/8d143b5a49345098ddcfee1c49c2f47c?s=96&d=mm&r=g\",\"caption\":\"Daouda\"},\"sameAs\":[\"https:\/\/www.nettali.com\"]}]}<\/script>\n<!-- \/ Yoast SEO Premium plugin. -->","yoast_head_json":{"title":"Une opposition sans boussole ni boussoleurs | Nettali.com","robots":{"index":"index","follow":"follow","max-snippet":"max-snippet:-1","max-image-preview":"max-image-preview:large","max-video-preview":"max-video-preview:-1"},"canonical":"https:\/\/www.nettali.com\/2025\/07\/24\/une-opposition-sans-boussole-ni-boussoleurs\/","og_locale":"fr_FR","og_type":"article","og_title":"Une opposition sans boussole ni boussoleurs","og_description":"NETTALI.COM - Lorsqu\u2019Ousmane Sonko affirme, avec une pointe de provocation, qu\u2019\u00ab il n\u2019y a pas d\u2019opposition au S\u00e9n\u00e9gal \u00bb, ses propos peuvent pr\u00eater \u00e0 d\u00e9bat. Mais \u00e0 bien y regarder, la vacuit\u00e9 strat\u00e9gique et l\u2019indigence programmatique de l\u2019opposition actuelle lui donnent parfois raison. Le paysage politique semble orphelin d\u2019une contre-force structur\u00e9e, audible et capable de [&hellip;]","og_url":"https:\/\/www.nettali.com\/2025\/07\/24\/une-opposition-sans-boussole-ni-boussoleurs\/","og_site_name":"Nettali.com","article_publisher":"https:\/\/www.facebook.com\/nettalicom","article_published_time":"2025-07-24T08:25:28+00:00","article_modified_time":"2025-07-27T19:17:42+00:00","og_image":[{"width":1282,"height":709,"url":"https:\/\/www.nettali.com\/wp-content\/uploads\/2025\/07\/Capture-de\u0301cran-2025-07-23-a\u0300-14.45.47.png","type":"image\/png"}],"twitter_card":"summary_large_image","twitter_misc":{"\u00c9crit par":"Daouda","Dur\u00e9e de lecture estim\u00e9e":"3 minutes"},"schema":{"@context":"https:\/\/schema.org","@graph":[{"@type":"WebSite","@id":"https:\/\/www.nettali.com\/#website","url":"https:\/\/www.nettali.com\/","name":"Nettali.com","description":"Le rendez-vous critique du Net","potentialAction":[{"@type":"SearchAction","target":{"@type":"EntryPoint","urlTemplate":"https:\/\/www.nettali.com\/?s={search_term_string}"},"query-input":"required name=search_term_string"}],"inLanguage":"fr-FR"},{"@type":"ImageObject","@id":"https:\/\/www.nettali.com\/2025\/07\/24\/une-opposition-sans-boussole-ni-boussoleurs\/#primaryimage","inLanguage":"fr-FR","url":"https:\/\/www.nettali.com\/wp-content\/uploads\/2025\/07\/Capture-de\u0301cran-2025-07-23-a\u0300-14.45.47.png","contentUrl":"https:\/\/www.nettali.com\/wp-content\/uploads\/2025\/07\/Capture-de\u0301cran-2025-07-23-a\u0300-14.45.47.png","width":1282,"height":709},{"@type":"WebPage","@id":"https:\/\/www.nettali.com\/2025\/07\/24\/une-opposition-sans-boussole-ni-boussoleurs\/#webpage","url":"https:\/\/www.nettali.com\/2025\/07\/24\/une-opposition-sans-boussole-ni-boussoleurs\/","name":"Une opposition sans boussole ni boussoleurs | Nettali.com","isPartOf":{"@id":"https:\/\/www.nettali.com\/#website"},"primaryImageOfPage":{"@id":"https:\/\/www.nettali.com\/2025\/07\/24\/une-opposition-sans-boussole-ni-boussoleurs\/#primaryimage"},"datePublished":"2025-07-24T08:25:28+00:00","dateModified":"2025-07-27T19:17:42+00:00","author":{"@id":"https:\/\/www.nettali.com\/#\/schema\/person\/3317e0bb3aa1da309fbf7b2780901bf4"},"breadcrumb":{"@id":"https:\/\/www.nettali.com\/2025\/07\/24\/une-opposition-sans-boussole-ni-boussoleurs\/#breadcrumb"},"inLanguage":"fr-FR","potentialAction":[{"@type":"ReadAction","target":["https:\/\/www.nettali.com\/2025\/07\/24\/une-opposition-sans-boussole-ni-boussoleurs\/"]}]},{"@type":"BreadcrumbList","@id":"https:\/\/www.nettali.com\/2025\/07\/24\/une-opposition-sans-boussole-ni-boussoleurs\/#breadcrumb","itemListElement":[{"@type":"ListItem","position":1,"name":"Accueil","item":"https:\/\/www.nettali.com\/"},{"@type":"ListItem","position":2,"name":"Une opposition sans boussole ni boussoleurs"}]},{"@type":"Person","@id":"https:\/\/www.nettali.com\/#\/schema\/person\/3317e0bb3aa1da309fbf7b2780901bf4","name":"Daouda","image":{"@type":"ImageObject","@id":"https:\/\/www.nettali.com\/#personlogo","inLanguage":"fr-FR","url":"https:\/\/secure.gravatar.com\/avatar\/8d143b5a49345098ddcfee1c49c2f47c?s=96&d=mm&r=g","contentUrl":"https:\/\/secure.gravatar.com\/avatar\/8d143b5a49345098ddcfee1c49c2f47c?s=96&d=mm&r=g","caption":"Daouda"},"sameAs":["https:\/\/www.nettali.com"]}]}},"_links":{"self":[{"href":"https:\/\/www.nettali.com\/rest\/wp\/v2\/posts\/158122"}],"collection":[{"href":"https:\/\/www.nettali.com\/rest\/wp\/v2\/posts"}],"about":[{"href":"https:\/\/www.nettali.com\/rest\/wp\/v2\/types\/post"}],"author":[{"embeddable":true,"href":"https:\/\/www.nettali.com\/rest\/wp\/v2\/users\/4"}],"replies":[{"embeddable":true,"href":"https:\/\/www.nettali.com\/rest\/wp\/v2\/comments?post=158122"}],"version-history":[{"count":1,"href":"https:\/\/www.nettali.com\/rest\/wp\/v2\/posts\/158122\/revisions"}],"predecessor-version":[{"id":158126,"href":"https:\/\/www.nettali.com\/rest\/wp\/v2\/posts\/158122\/revisions\/158126"}],"wp:featuredmedia":[{"embeddable":true,"href":"https:\/\/www.nettali.com\/rest\/wp\/v2\/media\/158125"}],"wp:attachment":[{"href":"https:\/\/www.nettali.com\/rest\/wp\/v2\/media?parent=158122"}],"wp:term":[{"taxonomy":"category","embeddable":true,"href":"https:\/\/www.nettali.com\/rest\/wp\/v2\/categories?post=158122"},{"taxonomy":"post_tag","embeddable":true,"href":"https:\/\/www.nettali.com\/rest\/wp\/v2\/tags?post=158122"}],"curies":[{"name":"wp","href":"https:\/\/api.w.org\/{rel}","templated":true}]}}