{"id":158108,"date":"2025-07-23T12:02:53","date_gmt":"2025-07-23T12:02:53","guid":{"rendered":"https:\/\/www.nettali.com\/?p=158108"},"modified":"2025-07-23T13:58:02","modified_gmt":"2025-07-23T13:58:02","slug":"plage-bceao-fou-malade-victime-de-menaces-apres-des-propos-sur-sonko","status":"publish","type":"post","link":"https:\/\/www.nettali.com\/2025\/07\/23\/plage-bceao-fou-malade-victime-de-menaces-apres-des-propos-sur-sonko\/","title":{"rendered":"PLAGE BCEAO - Fou Malade victime de menaces\u00a0apre\u0300s des propos sur Sonko"},"content":{"rendered":"<p><strong>NETTALI.COM- Le rappeur et chroniqueur Malal Talla, alias Fou Malade, a saisi la gendarmerie apr\u00e8s avoir re\u00e7u des menaces explicites d\u2019un individu inconnu, lundi soir, pr\u00e8s de la plage BCEAO. L\u2019altercation aurait \u00e9t\u00e9 motiv\u00e9e par ses prises de position m\u00e9diatiques sur Ousmane Sonko.<\/strong><\/p>\n<p>\u00ab<em> Je sais o\u00f9 tu habites. Je viendrai sans te pr\u00e9venir.<\/em> \u00bb Cette menace gla\u00e7ante, lanc\u00e9e en pleine rue, a pouss\u00e9 Fou Malade \u00e0 d\u00e9poser plainte contre X.<\/p>\n<p>Les faits se sont produits le lundi 21 juillet 2025, aux abords de la plage BCEAO. Le rappeur et chroniqueur Malal Talla, plus connu sous le nom de Fou Malade, venait de quitter une visite familiale lorsqu\u2019il a \u00e9t\u00e9 interpell\u00e9 par un inconnu. L\u2019homme, de grande taille, au teint noir et v\u00eatu d\u2019un maillot blanc portant l\u2019inscription \u00ab Jules Sonko \u00bb, l\u2019a abord\u00e9 de mani\u00e8re virulente.<\/p>\n<p>Selon les informations rapport\u00e9es par L\u2019Observateur, l\u2019agresseur lui a reproch\u00e9 ses prises de position \u00e0 l\u2019encontre d\u2019Ousmane Sonko dans l\u2019\u00e9mission \u00ab Jakaarlo Bi \u00bb, diffus\u00e9e sur la TFM. L\u2019\u00e9change a rapidement d\u00e9g\u00e9n\u00e9r\u00e9, laissant place \u00e0 des menaces explicites :\u00ab <em>Si vous ne foutez pas la paix \u00e0 Ousmane Sonko, vous n\u2019aurez jamais la paix<\/em> \u00bb,aurait lanc\u00e9 l\u2019individu, avant d\u2019ajouter :\u00ab<em> Je te connais. Je sais o\u00f9 tu habites. Je viendrai sans te pr\u00e9venir.<\/em> \u00bb<\/p>\n<p>Un ami du chroniqueur, Pape Diallo, a assist\u00e9 \u00e0 la sc\u00e8ne. Malgr\u00e9 la tension, Fou Malade a gard\u00e9 son sang-froid et a choisi de faire confiance \u00e0 la justice. Il a aussit\u00f4t saisi la Brigade de Gendarmerie de la Foire et adress\u00e9 une plainte au commandant, d\u00e9crivant avec pr\u00e9cision les faits, le profil de l\u2019agresseur et les circonstances de l\u2019incident.<\/p>\n<p>Dans sa plainte, l\u2019artiste rappelle qu\u2019il b\u00e9n\u00e9ficie, comme tout citoyen s\u00e9n\u00e9galais, du droit fondamental \u00e0 la protection des forces de l\u2019ordre. L\u2019affaire, d\u00e9sormais entre les mains des autorit\u00e9s, relance le d\u00e9bat sur la s\u00e9curit\u00e9 des figures publiques engag\u00e9es dans le d\u00e9bat politique.<\/p>\n<div class='share-to-whatsapp-wrapper'><div class='share-on-whsp'>PARTAGER SUR : <\/div><a data-text='PLAGE BCEAO - Fou Malade victime de menaces\u00a0apre\u0300s des propos sur Sonko' data-link='https:\/\/www.nettali.com\/2025\/07\/23\/plage-bceao-fou-malade-victime-de-menaces-apres-des-propos-sur-sonko\/' class='whatsapp-button whatsapp-share'>WhatsApp<\/a><div class='clear '><\/div><\/div>","protected":false},"excerpt":{"rendered":"<p>NETTALI.COM- Le rappeur et chroniqueur Malal Talla, alias Fou Malade, a saisi la gendarmerie apr\u00e8s avoir re\u00e7u des menaces explicites d\u2019un individu inconnu, lundi soir, pr\u00e8s de la plage BCEAO. L\u2019altercation aurait \u00e9t\u00e9 motiv\u00e9e par ses prises de position m\u00e9diatiques sur Ousmane Sonko. \u00ab Je sais o\u00f9 tu habites. Je viendrai sans te pr\u00e9venir. \u00bb [&hellip;]<\/p>\n","protected":false},"author":6,"featured_media":59744,"comment_status":"open","ping_status":"open","sticky":false,"template":"","format":"standard","meta":{"_et_pb_use_builder":"","_et_pb_old_content":""},"categories":[3],"tags":[],"yoast_head":"<!-- This site is optimized with the Yoast SEO Premium plugin v17.8 (Yoast SEO v17.8) - https:\/\/yoast.com\/wordpress\/plugins\/seo\/ -->\n<title>PLAGE BCEAO - Fou Malade victime de menaces\u00a0apre\u0300s des propos sur Sonko | Nettali.com<\/title>\n<meta name=\"robots\" content=\"index, follow, max-snippet:-1, max-image-preview:large, max-video-preview:-1\" \/>\n<link rel=\"canonical\" href=\"https:\/\/www.nettali.com\/2025\/07\/23\/plage-bceao-fou-malade-victime-de-menaces-apres-des-propos-sur-sonko\/\" \/>\n<meta property=\"og:locale\" content=\"fr_FR\" \/>\n<meta property=\"og:type\" content=\"article\" \/>\n<meta property=\"og:title\" content=\"PLAGE BCEAO - Fou Malade victime de menaces\u00a0apre\u0300s des propos sur Sonko\" \/>\n<meta property=\"og:description\" content=\"NETTALI.COM- Le rappeur et chroniqueur Malal Talla, alias Fou Malade, a saisi la gendarmerie apr\u00e8s avoir re\u00e7u des menaces explicites d\u2019un individu inconnu, lundi soir, pr\u00e8s de la plage BCEAO. L\u2019altercation aurait \u00e9t\u00e9 motiv\u00e9e par ses prises de position m\u00e9diatiques sur Ousmane Sonko. \u00ab Je sais o\u00f9 tu habites. Je viendrai sans te pr\u00e9venir. \u00bb [&hellip;]\" \/>\n<meta property=\"og:url\" content=\"https:\/\/www.nettali.com\/2025\/07\/23\/plage-bceao-fou-malade-victime-de-menaces-apres-des-propos-sur-sonko\/\" \/>\n<meta property=\"og:site_name\" content=\"Nettali.com\" \/>\n<meta property=\"article:publisher\" content=\"https:\/\/www.facebook.com\/nettalicom\" \/>\n<meta property=\"article:published_time\" content=\"2025-07-23T12:02:53+00:00\" \/>\n<meta property=\"article:modified_time\" content=\"2025-07-23T13:58:02+00:00\" \/>\n<meta property=\"og:image\" content=\"https:\/\/www.nettali.com\/wp-content\/uploads\/2021\/03\/Fou-malade.jpg\" \/>\n\t<meta property=\"og:image:width\" content=\"500\" \/>\n\t<meta property=\"og:image:height\" content=\"350\" \/>\n<meta name=\"twitter:card\" content=\"summary_large_image\" \/>\n<meta name=\"twitter:label1\" content=\"\u00c9crit par\" \/>\n\t<meta name=\"twitter:data1\" content=\"Fatou\" \/>\n\t<meta name=\"twitter:label2\" content=\"Dur\u00e9e de lecture estim\u00e9e\" \/>\n\t<meta name=\"twitter:data2\" content=\"2 minutes\" \/>\n<script type=\"application\/ld+json\" class=\"yoast-schema-graph\">{\"@context\":\"https:\/\/schema.org\",\"@graph\":[{\"@type\":\"WebSite\",\"@id\":\"https:\/\/www.nettali.com\/#website\",\"url\":\"https:\/\/www.nettali.com\/\",\"name\":\"Nettali.com\",\"description\":\"Le rendez-vous critique du Net\",\"potentialAction\":[{\"@type\":\"SearchAction\",\"target\":{\"@type\":\"EntryPoint\",\"urlTemplate\":\"https:\/\/www.nettali.com\/?s={search_term_string}\"},\"query-input\":\"required name=search_term_string\"}],\"inLanguage\":\"fr-FR\"},{\"@type\":\"ImageObject\",\"@id\":\"https:\/\/www.nettali.com\/2025\/07\/23\/plage-bceao-fou-malade-victime-de-menaces-apres-des-propos-sur-sonko\/#primaryimage\",\"inLanguage\":\"fr-FR\",\"url\":\"https:\/\/www.nettali.com\/wp-content\/uploads\/2021\/03\/Fou-malade.jpg\",\"contentUrl\":\"https:\/\/www.nettali.com\/wp-content\/uploads\/2021\/03\/Fou-malade.jpg\",\"width\":500,\"height\":350},{\"@type\":\"WebPage\",\"@id\":\"https:\/\/www.nettali.com\/2025\/07\/23\/plage-bceao-fou-malade-victime-de-menaces-apres-des-propos-sur-sonko\/#webpage\",\"url\":\"https:\/\/www.nettali.com\/2025\/07\/23\/plage-bceao-fou-malade-victime-de-menaces-apres-des-propos-sur-sonko\/\",\"name\":\"PLAGE BCEAO - Fou Malade victime de menaces\\u00a0apre\\u0300s des propos sur Sonko | Nettali.com\",\"isPartOf\":{\"@id\":\"https:\/\/www.nettali.com\/#website\"},\"primaryImageOfPage\":{\"@id\":\"https:\/\/www.nettali.com\/2025\/07\/23\/plage-bceao-fou-malade-victime-de-menaces-apres-des-propos-sur-sonko\/#primaryimage\"},\"datePublished\":\"2025-07-23T12:02:53+00:00\",\"dateModified\":\"2025-07-23T13:58:02+00:00\",\"author\":{\"@id\":\"https:\/\/www.nettali.com\/#\/schema\/person\/418274a86bdf87caff7a3ef476bd0bbf\"},\"breadcrumb\":{\"@id\":\"https:\/\/www.nettali.com\/2025\/07\/23\/plage-bceao-fou-malade-victime-de-menaces-apres-des-propos-sur-sonko\/#breadcrumb\"},\"inLanguage\":\"fr-FR\",\"potentialAction\":[{\"@type\":\"ReadAction\",\"target\":[\"https:\/\/www.nettali.com\/2025\/07\/23\/plage-bceao-fou-malade-victime-de-menaces-apres-des-propos-sur-sonko\/\"]}]},{\"@type\":\"BreadcrumbList\",\"@id\":\"https:\/\/www.nettali.com\/2025\/07\/23\/plage-bceao-fou-malade-victime-de-menaces-apres-des-propos-sur-sonko\/#breadcrumb\",\"itemListElement\":[{\"@type\":\"ListItem\",\"position\":1,\"name\":\"Accueil\",\"item\":\"https:\/\/www.nettali.com\/\"},{\"@type\":\"ListItem\",\"position\":2,\"name\":\"PLAGE BCEAO - Fou Malade victime de menaces\\u00a0apre\\u0300s des propos sur Sonko\"}]},{\"@type\":\"Person\",\"@id\":\"https:\/\/www.nettali.com\/#\/schema\/person\/418274a86bdf87caff7a3ef476bd0bbf\",\"name\":\"Fatou\",\"image\":{\"@type\":\"ImageObject\",\"@id\":\"https:\/\/www.nettali.com\/#personlogo\",\"inLanguage\":\"fr-FR\",\"url\":\"https:\/\/secure.gravatar.com\/avatar\/5a9442a2bee7b4dcf167cab035858e9a?s=96&d=mm&r=g\",\"contentUrl\":\"https:\/\/secure.gravatar.com\/avatar\/5a9442a2bee7b4dcf167cab035858e9a?s=96&d=mm&r=g\",\"caption\":\"Fatou\"},\"sameAs\":[\"https:\/\/www.nettali.com\"]}]}<\/script>\n<!-- \/ Yoast SEO Premium plugin. -->","yoast_head_json":{"title":"PLAGE BCEAO - Fou Malade victime de menaces\u00a0apre\u0300s des propos sur Sonko | Nettali.com","robots":{"index":"index","follow":"follow","max-snippet":"max-snippet:-1","max-image-preview":"max-image-preview:large","max-video-preview":"max-video-preview:-1"},"canonical":"https:\/\/www.nettali.com\/2025\/07\/23\/plage-bceao-fou-malade-victime-de-menaces-apres-des-propos-sur-sonko\/","og_locale":"fr_FR","og_type":"article","og_title":"PLAGE BCEAO - Fou Malade victime de menaces\u00a0apre\u0300s des propos sur Sonko","og_description":"NETTALI.COM- Le rappeur et chroniqueur Malal Talla, alias Fou Malade, a saisi la gendarmerie apr\u00e8s avoir re\u00e7u des menaces explicites d\u2019un individu inconnu, lundi soir, pr\u00e8s de la plage BCEAO. L\u2019altercation aurait \u00e9t\u00e9 motiv\u00e9e par ses prises de position m\u00e9diatiques sur Ousmane Sonko. \u00ab Je sais o\u00f9 tu habites. Je viendrai sans te pr\u00e9venir. \u00bb [&hellip;]","og_url":"https:\/\/www.nettali.com\/2025\/07\/23\/plage-bceao-fou-malade-victime-de-menaces-apres-des-propos-sur-sonko\/","og_site_name":"Nettali.com","article_publisher":"https:\/\/www.facebook.com\/nettalicom","article_published_time":"2025-07-23T12:02:53+00:00","article_modified_time":"2025-07-23T13:58:02+00:00","og_image":[{"width":500,"height":350,"url":"https:\/\/www.nettali.com\/wp-content\/uploads\/2021\/03\/Fou-malade.jpg","type":"image\/jpeg"}],"twitter_card":"summary_large_image","twitter_misc":{"\u00c9crit par":"Fatou","Dur\u00e9e de lecture estim\u00e9e":"2 minutes"},"schema":{"@context":"https:\/\/schema.org","@graph":[{"@type":"WebSite","@id":"https:\/\/www.nettali.com\/#website","url":"https:\/\/www.nettali.com\/","name":"Nettali.com","description":"Le rendez-vous critique du Net","potentialAction":[{"@type":"SearchAction","target":{"@type":"EntryPoint","urlTemplate":"https:\/\/www.nettali.com\/?s={search_term_string}"},"query-input":"required name=search_term_string"}],"inLanguage":"fr-FR"},{"@type":"ImageObject","@id":"https:\/\/www.nettali.com\/2025\/07\/23\/plage-bceao-fou-malade-victime-de-menaces-apres-des-propos-sur-sonko\/#primaryimage","inLanguage":"fr-FR","url":"https:\/\/www.nettali.com\/wp-content\/uploads\/2021\/03\/Fou-malade.jpg","contentUrl":"https:\/\/www.nettali.com\/wp-content\/uploads\/2021\/03\/Fou-malade.jpg","width":500,"height":350},{"@type":"WebPage","@id":"https:\/\/www.nettali.com\/2025\/07\/23\/plage-bceao-fou-malade-victime-de-menaces-apres-des-propos-sur-sonko\/#webpage","url":"https:\/\/www.nettali.com\/2025\/07\/23\/plage-bceao-fou-malade-victime-de-menaces-apres-des-propos-sur-sonko\/","name":"PLAGE BCEAO - Fou Malade victime de menaces\u00a0apre\u0300s des propos sur Sonko | Nettali.com","isPartOf":{"@id":"https:\/\/www.nettali.com\/#website"},"primaryImageOfPage":{"@id":"https:\/\/www.nettali.com\/2025\/07\/23\/plage-bceao-fou-malade-victime-de-menaces-apres-des-propos-sur-sonko\/#primaryimage"},"datePublished":"2025-07-23T12:02:53+00:00","dateModified":"2025-07-23T13:58:02+00:00","author":{"@id":"https:\/\/www.nettali.com\/#\/schema\/person\/418274a86bdf87caff7a3ef476bd0bbf"},"breadcrumb":{"@id":"https:\/\/www.nettali.com\/2025\/07\/23\/plage-bceao-fou-malade-victime-de-menaces-apres-des-propos-sur-sonko\/#breadcrumb"},"inLanguage":"fr-FR","potentialAction":[{"@type":"ReadAction","target":["https:\/\/www.nettali.com\/2025\/07\/23\/plage-bceao-fou-malade-victime-de-menaces-apres-des-propos-sur-sonko\/"]}]},{"@type":"BreadcrumbList","@id":"https:\/\/www.nettali.com\/2025\/07\/23\/plage-bceao-fou-malade-victime-de-menaces-apres-des-propos-sur-sonko\/#breadcrumb","itemListElement":[{"@type":"ListItem","position":1,"name":"Accueil","item":"https:\/\/www.nettali.com\/"},{"@type":"ListItem","position":2,"name":"PLAGE BCEAO - Fou Malade victime de menaces\u00a0apre\u0300s des propos sur Sonko"}]},{"@type":"Person","@id":"https:\/\/www.nettali.com\/#\/schema\/person\/418274a86bdf87caff7a3ef476bd0bbf","name":"Fatou","image":{"@type":"ImageObject","@id":"https:\/\/www.nettali.com\/#personlogo","inLanguage":"fr-FR","url":"https:\/\/secure.gravatar.com\/avatar\/5a9442a2bee7b4dcf167cab035858e9a?s=96&d=mm&r=g","contentUrl":"https:\/\/secure.gravatar.com\/avatar\/5a9442a2bee7b4dcf167cab035858e9a?s=96&d=mm&r=g","caption":"Fatou"},"sameAs":["https:\/\/www.nettali.com"]}]}},"_links":{"self":[{"href":"https:\/\/www.nettali.com\/rest\/wp\/v2\/posts\/158108"}],"collection":[{"href":"https:\/\/www.nettali.com\/rest\/wp\/v2\/posts"}],"about":[{"href":"https:\/\/www.nettali.com\/rest\/wp\/v2\/types\/post"}],"author":[{"embeddable":true,"href":"https:\/\/www.nettali.com\/rest\/wp\/v2\/users\/6"}],"replies":[{"embeddable":true,"href":"https:\/\/www.nettali.com\/rest\/wp\/v2\/comments?post=158108"}],"version-history":[{"count":3,"href":"https:\/\/www.nettali.com\/rest\/wp\/v2\/posts\/158108\/revisions"}],"predecessor-version":[{"id":158119,"href":"https:\/\/www.nettali.com\/rest\/wp\/v2\/posts\/158108\/revisions\/158119"}],"wp:featuredmedia":[{"embeddable":true,"href":"https:\/\/www.nettali.com\/rest\/wp\/v2\/media\/59744"}],"wp:attachment":[{"href":"https:\/\/www.nettali.com\/rest\/wp\/v2\/media?parent=158108"}],"wp:term":[{"taxonomy":"category","embeddable":true,"href":"https:\/\/www.nettali.com\/rest\/wp\/v2\/categories?post=158108"},{"taxonomy":"post_tag","embeddable":true,"href":"https:\/\/www.nettali.com\/rest\/wp\/v2\/tags?post=158108"}],"curies":[{"name":"wp","href":"https:\/\/api.w.org\/{rel}","templated":true}]}}