{"id":158105,"date":"2025-07-23T08:15:49","date_gmt":"2025-07-23T08:15:49","guid":{"rendered":"https:\/\/www.nettali.com\/?p=158105"},"modified":"2025-07-23T08:15:49","modified_gmt":"2025-07-23T08:15:49","slug":"bayern-linquietude-de-kahn-sur-le-mercato","status":"publish","type":"post","link":"https:\/\/www.nettali.com\/2025\/07\/23\/bayern-linquietude-de-kahn-sur-le-mercato\/","title":{"rendered":"BAYERN - L\u2019inqui\u00e9tude de Kahn sur le mercato"},"content":{"rendered":"<p><strong>NETTALI.COM -<\/strong> Oliver Kahn a comment\u00e9 pour Sky Sport Allemagne le choix de Florian Wirtz de privil\u00e9gier Liverpool au Bayern Munich. L\u2019ancien dirigeant bavarois estime que la Bundesliga a perdu de son attractivit\u00e9 face \u00e0 la Premier League. \"<em>Je ne suis pas s\u00fbr que ce soit une question de clubs. Je pense que c\u2019est d\u2019abord une question de championnat. Je ne sais pas si c\u2019est un probl\u00e8me pour le Bayern ou pour la Bundesliga. En tant que joueur, la Premier League est le championnat le plus attractif : sur les plans sportif, \u00e9conomique et m\u00e9diatique. Les opportunit\u00e9s marketing y sont mondiales. C\u2019est la premi\u00e8re chose que je prendrais en compte en tant que joueur. Quand tu te dis : 'OK, je vais au Bayern et je deviens champion pour la 16e, 17e, 18e fois' \u2013 est-ce que c\u2019est vraiment si attirant ?<\/em>\", a demand\u00e9 l'ex-gardien du Rekordmeister.<\/p>\n<p>\"<em>Bien s\u00fbr, gagner la Ligue des Champions reste s\u00e9duisant. Mais il y a beaucoup de r\u00e9fle-xions qu\u2019un jeune joueur peut avoir. Il y a aussi l\u2019\u00e9quipe : quelle \u00e9quipe, quel syst\u00e8me, quel entra\u00eeneur me convient le mieux ?<\/em>\", a rajout\u00e9 Kahn.<\/p>\n<div class='share-to-whatsapp-wrapper'><div class='share-on-whsp'>PARTAGER SUR : <\/div><a data-text='BAYERN - L\u2019inqui\u00e9tude de Kahn sur le mercato' data-link='https:\/\/www.nettali.com\/2025\/07\/23\/bayern-linquietude-de-kahn-sur-le-mercato\/' class='whatsapp-button whatsapp-share'>WhatsApp<\/a><div class='clear '><\/div><\/div>","protected":false},"excerpt":{"rendered":"<p>NETTALI.COM - Oliver Kahn a comment\u00e9 pour Sky Sport Allemagne le choix de Florian Wirtz de privil\u00e9gier Liverpool au Bayern Munich. L\u2019ancien dirigeant bavarois estime que la Bundesliga a perdu de son attractivit\u00e9 face \u00e0 la Premier League. \"Je ne suis pas s\u00fbr que ce soit une question de clubs. Je pense que c\u2019est d\u2019abord [&hellip;]<\/p>\n","protected":false},"author":2,"featured_media":158106,"comment_status":"open","ping_status":"open","sticky":false,"template":"","format":"standard","meta":{"_et_pb_use_builder":"","_et_pb_old_content":""},"categories":[6],"tags":[],"yoast_head":"<!-- This site is optimized with the Yoast SEO Premium plugin v17.8 (Yoast SEO v17.8) - https:\/\/yoast.com\/wordpress\/plugins\/seo\/ -->\n<title>BAYERN - L\u2019inqui\u00e9tude de Kahn sur le mercato | Nettali.com<\/title>\n<meta name=\"robots\" content=\"index, follow, max-snippet:-1, max-image-preview:large, max-video-preview:-1\" \/>\n<link rel=\"canonical\" href=\"https:\/\/www.nettali.com\/2025\/07\/23\/bayern-linquietude-de-kahn-sur-le-mercato\/\" \/>\n<meta property=\"og:locale\" content=\"fr_FR\" \/>\n<meta property=\"og:type\" content=\"article\" \/>\n<meta property=\"og:title\" content=\"BAYERN - L\u2019inqui\u00e9tude de Kahn sur le mercato\" \/>\n<meta property=\"og:description\" content=\"NETTALI.COM - Oliver Kahn a comment\u00e9 pour Sky Sport Allemagne le choix de Florian Wirtz de privil\u00e9gier Liverpool au Bayern Munich. L\u2019ancien dirigeant bavarois estime que la Bundesliga a perdu de son attractivit\u00e9 face \u00e0 la Premier League. &quot;Je ne suis pas s\u00fbr que ce soit une question de clubs. Je pense que c\u2019est d\u2019abord [&hellip;]\" \/>\n<meta property=\"og:url\" content=\"https:\/\/www.nettali.com\/2025\/07\/23\/bayern-linquietude-de-kahn-sur-le-mercato\/\" \/>\n<meta property=\"og:site_name\" content=\"Nettali.com\" \/>\n<meta property=\"article:publisher\" content=\"https:\/\/www.facebook.com\/nettalicom\" \/>\n<meta property=\"article:published_time\" content=\"2025-07-23T08:15:49+00:00\" \/>\n<meta property=\"og:image\" content=\"https:\/\/www.nettali.com\/wp-content\/uploads\/2025\/07\/oliver-kahn-2324.jpg\" \/>\n\t<meta property=\"og:image:width\" content=\"1920\" \/>\n\t<meta property=\"og:image:height\" content=\"1080\" \/>\n<meta name=\"twitter:card\" content=\"summary_large_image\" \/>\n<meta name=\"twitter:label1\" content=\"\u00c9crit par\" \/>\n\t<meta name=\"twitter:data1\" content=\"CK\" \/>\n\t<meta name=\"twitter:label2\" content=\"Dur\u00e9e de lecture estim\u00e9e\" \/>\n\t<meta name=\"twitter:data2\" content=\"1 minute\" \/>\n<script type=\"application\/ld+json\" class=\"yoast-schema-graph\">{\"@context\":\"https:\/\/schema.org\",\"@graph\":[{\"@type\":\"WebSite\",\"@id\":\"https:\/\/www.nettali.com\/#website\",\"url\":\"https:\/\/www.nettali.com\/\",\"name\":\"Nettali.com\",\"description\":\"Le rendez-vous critique du Net\",\"potentialAction\":[{\"@type\":\"SearchAction\",\"target\":{\"@type\":\"EntryPoint\",\"urlTemplate\":\"https:\/\/www.nettali.com\/?s={search_term_string}\"},\"query-input\":\"required name=search_term_string\"}],\"inLanguage\":\"fr-FR\"},{\"@type\":\"ImageObject\",\"@id\":\"https:\/\/www.nettali.com\/2025\/07\/23\/bayern-linquietude-de-kahn-sur-le-mercato\/#primaryimage\",\"inLanguage\":\"fr-FR\",\"url\":\"https:\/\/www.nettali.com\/wp-content\/uploads\/2025\/07\/oliver-kahn-2324.jpg\",\"contentUrl\":\"https:\/\/www.nettali.com\/wp-content\/uploads\/2025\/07\/oliver-kahn-2324.jpg\",\"width\":1920,\"height\":1080},{\"@type\":\"WebPage\",\"@id\":\"https:\/\/www.nettali.com\/2025\/07\/23\/bayern-linquietude-de-kahn-sur-le-mercato\/#webpage\",\"url\":\"https:\/\/www.nettali.com\/2025\/07\/23\/bayern-linquietude-de-kahn-sur-le-mercato\/\",\"name\":\"BAYERN - L\\u2019inqui\\u00e9tude de Kahn sur le mercato | Nettali.com\",\"isPartOf\":{\"@id\":\"https:\/\/www.nettali.com\/#website\"},\"primaryImageOfPage\":{\"@id\":\"https:\/\/www.nettali.com\/2025\/07\/23\/bayern-linquietude-de-kahn-sur-le-mercato\/#primaryimage\"},\"datePublished\":\"2025-07-23T08:15:49+00:00\",\"dateModified\":\"2025-07-23T08:15:49+00:00\",\"author\":{\"@id\":\"https:\/\/www.nettali.com\/#\/schema\/person\/d8ac7b7e27ddad43f1c0d2ef090d7f71\"},\"breadcrumb\":{\"@id\":\"https:\/\/www.nettali.com\/2025\/07\/23\/bayern-linquietude-de-kahn-sur-le-mercato\/#breadcrumb\"},\"inLanguage\":\"fr-FR\",\"potentialAction\":[{\"@type\":\"ReadAction\",\"target\":[\"https:\/\/www.nettali.com\/2025\/07\/23\/bayern-linquietude-de-kahn-sur-le-mercato\/\"]}]},{\"@type\":\"BreadcrumbList\",\"@id\":\"https:\/\/www.nettali.com\/2025\/07\/23\/bayern-linquietude-de-kahn-sur-le-mercato\/#breadcrumb\",\"itemListElement\":[{\"@type\":\"ListItem\",\"position\":1,\"name\":\"Accueil\",\"item\":\"https:\/\/www.nettali.com\/\"},{\"@type\":\"ListItem\",\"position\":2,\"name\":\"BAYERN - L\\u2019inqui\\u00e9tude de Kahn sur le mercato\"}]},{\"@type\":\"Person\",\"@id\":\"https:\/\/www.nettali.com\/#\/schema\/person\/d8ac7b7e27ddad43f1c0d2ef090d7f71\",\"name\":\"CK\",\"image\":{\"@type\":\"ImageObject\",\"@id\":\"https:\/\/www.nettali.com\/#personlogo\",\"inLanguage\":\"fr-FR\",\"url\":\"https:\/\/secure.gravatar.com\/avatar\/1d8d5118b9327d94da7cd4ce7f17fec2?s=96&d=mm&r=g\",\"contentUrl\":\"https:\/\/secure.gravatar.com\/avatar\/1d8d5118b9327d94da7cd4ce7f17fec2?s=96&d=mm&r=g\",\"caption\":\"CK\"},\"sameAs\":[\"https:\/\/www.nettali.com\"]}]}<\/script>\n<!-- \/ Yoast SEO Premium plugin. -->","yoast_head_json":{"title":"BAYERN - L\u2019inqui\u00e9tude de Kahn sur le mercato | Nettali.com","robots":{"index":"index","follow":"follow","max-snippet":"max-snippet:-1","max-image-preview":"max-image-preview:large","max-video-preview":"max-video-preview:-1"},"canonical":"https:\/\/www.nettali.com\/2025\/07\/23\/bayern-linquietude-de-kahn-sur-le-mercato\/","og_locale":"fr_FR","og_type":"article","og_title":"BAYERN - L\u2019inqui\u00e9tude de Kahn sur le mercato","og_description":"NETTALI.COM - Oliver Kahn a comment\u00e9 pour Sky Sport Allemagne le choix de Florian Wirtz de privil\u00e9gier Liverpool au Bayern Munich. L\u2019ancien dirigeant bavarois estime que la Bundesliga a perdu de son attractivit\u00e9 face \u00e0 la Premier League. \"Je ne suis pas s\u00fbr que ce soit une question de clubs. Je pense que c\u2019est d\u2019abord [&hellip;]","og_url":"https:\/\/www.nettali.com\/2025\/07\/23\/bayern-linquietude-de-kahn-sur-le-mercato\/","og_site_name":"Nettali.com","article_publisher":"https:\/\/www.facebook.com\/nettalicom","article_published_time":"2025-07-23T08:15:49+00:00","og_image":[{"width":1920,"height":1080,"url":"https:\/\/www.nettali.com\/wp-content\/uploads\/2025\/07\/oliver-kahn-2324.jpg","type":"image\/jpeg"}],"twitter_card":"summary_large_image","twitter_misc":{"\u00c9crit par":"CK","Dur\u00e9e de lecture estim\u00e9e":"1 minute"},"schema":{"@context":"https:\/\/schema.org","@graph":[{"@type":"WebSite","@id":"https:\/\/www.nettali.com\/#website","url":"https:\/\/www.nettali.com\/","name":"Nettali.com","description":"Le rendez-vous critique du Net","potentialAction":[{"@type":"SearchAction","target":{"@type":"EntryPoint","urlTemplate":"https:\/\/www.nettali.com\/?s={search_term_string}"},"query-input":"required name=search_term_string"}],"inLanguage":"fr-FR"},{"@type":"ImageObject","@id":"https:\/\/www.nettali.com\/2025\/07\/23\/bayern-linquietude-de-kahn-sur-le-mercato\/#primaryimage","inLanguage":"fr-FR","url":"https:\/\/www.nettali.com\/wp-content\/uploads\/2025\/07\/oliver-kahn-2324.jpg","contentUrl":"https:\/\/www.nettali.com\/wp-content\/uploads\/2025\/07\/oliver-kahn-2324.jpg","width":1920,"height":1080},{"@type":"WebPage","@id":"https:\/\/www.nettali.com\/2025\/07\/23\/bayern-linquietude-de-kahn-sur-le-mercato\/#webpage","url":"https:\/\/www.nettali.com\/2025\/07\/23\/bayern-linquietude-de-kahn-sur-le-mercato\/","name":"BAYERN - L\u2019inqui\u00e9tude de Kahn sur le mercato | Nettali.com","isPartOf":{"@id":"https:\/\/www.nettali.com\/#website"},"primaryImageOfPage":{"@id":"https:\/\/www.nettali.com\/2025\/07\/23\/bayern-linquietude-de-kahn-sur-le-mercato\/#primaryimage"},"datePublished":"2025-07-23T08:15:49+00:00","dateModified":"2025-07-23T08:15:49+00:00","author":{"@id":"https:\/\/www.nettali.com\/#\/schema\/person\/d8ac7b7e27ddad43f1c0d2ef090d7f71"},"breadcrumb":{"@id":"https:\/\/www.nettali.com\/2025\/07\/23\/bayern-linquietude-de-kahn-sur-le-mercato\/#breadcrumb"},"inLanguage":"fr-FR","potentialAction":[{"@type":"ReadAction","target":["https:\/\/www.nettali.com\/2025\/07\/23\/bayern-linquietude-de-kahn-sur-le-mercato\/"]}]},{"@type":"BreadcrumbList","@id":"https:\/\/www.nettali.com\/2025\/07\/23\/bayern-linquietude-de-kahn-sur-le-mercato\/#breadcrumb","itemListElement":[{"@type":"ListItem","position":1,"name":"Accueil","item":"https:\/\/www.nettali.com\/"},{"@type":"ListItem","position":2,"name":"BAYERN - L\u2019inqui\u00e9tude de Kahn sur le mercato"}]},{"@type":"Person","@id":"https:\/\/www.nettali.com\/#\/schema\/person\/d8ac7b7e27ddad43f1c0d2ef090d7f71","name":"CK","image":{"@type":"ImageObject","@id":"https:\/\/www.nettali.com\/#personlogo","inLanguage":"fr-FR","url":"https:\/\/secure.gravatar.com\/avatar\/1d8d5118b9327d94da7cd4ce7f17fec2?s=96&d=mm&r=g","contentUrl":"https:\/\/secure.gravatar.com\/avatar\/1d8d5118b9327d94da7cd4ce7f17fec2?s=96&d=mm&r=g","caption":"CK"},"sameAs":["https:\/\/www.nettali.com"]}]}},"_links":{"self":[{"href":"https:\/\/www.nettali.com\/rest\/wp\/v2\/posts\/158105"}],"collection":[{"href":"https:\/\/www.nettali.com\/rest\/wp\/v2\/posts"}],"about":[{"href":"https:\/\/www.nettali.com\/rest\/wp\/v2\/types\/post"}],"author":[{"embeddable":true,"href":"https:\/\/www.nettali.com\/rest\/wp\/v2\/users\/2"}],"replies":[{"embeddable":true,"href":"https:\/\/www.nettali.com\/rest\/wp\/v2\/comments?post=158105"}],"version-history":[{"count":1,"href":"https:\/\/www.nettali.com\/rest\/wp\/v2\/posts\/158105\/revisions"}],"predecessor-version":[{"id":158107,"href":"https:\/\/www.nettali.com\/rest\/wp\/v2\/posts\/158105\/revisions\/158107"}],"wp:featuredmedia":[{"embeddable":true,"href":"https:\/\/www.nettali.com\/rest\/wp\/v2\/media\/158106"}],"wp:attachment":[{"href":"https:\/\/www.nettali.com\/rest\/wp\/v2\/media?parent=158105"}],"wp:term":[{"taxonomy":"category","embeddable":true,"href":"https:\/\/www.nettali.com\/rest\/wp\/v2\/categories?post=158105"},{"taxonomy":"post_tag","embeddable":true,"href":"https:\/\/www.nettali.com\/rest\/wp\/v2\/tags?post=158105"}],"curies":[{"name":"wp","href":"https:\/\/api.w.org\/{rel}","templated":true}]}}