{"id":158090,"date":"2025-07-23T07:52:40","date_gmt":"2025-07-23T07:52:40","guid":{"rendered":"https:\/\/www.nettali.com\/?p=158090"},"modified":"2025-07-23T07:52:40","modified_gmt":"2025-07-23T07:52:40","slug":"mercato-de-paul-va-rejoindre-messi","status":"publish","type":"post","link":"https:\/\/www.nettali.com\/2025\/07\/23\/mercato-de-paul-va-rejoindre-messi\/","title":{"rendered":"MERCATO - De Paul va rejoindre Messi"},"content":{"rendered":"<p><strong>NETTALI.COM - Rodrigo De Paul va s\u2019engager avec l\u2019Inter Miami sur ce mercato estival. Selon la cha\u00eene de t\u00e9l\u00e9vision argentine TyC Sports, un accord verbal a \u00e9t\u00e9 trouv\u00e9 entre toutes les parties, avec une indemnit\u00e9 d\u2019environ 15 M\u20ac vers\u00e9e au club espagnol. Le milieu argentin signera un contrat de quatre ans pour rejoindre Lionel Messi en Floride.<\/strong><\/p>\n<p>Lionel Messi va \u00eatre rejoint \u00e0 Miami par un autre de ses amis. Apr\u00e8s Luis Suarez, Sergio Busquets et Jordi Alba, la Pulga va voir son compatriote Rodrigo De Paul rallier les \u00c9tats-Unis. D'apr\u00e8s les informations de la cha\u00eene de t\u00e9l\u00e9vision argentine TyC Sports, le milieu de terrain de 31 ans, va quitter l'Atl\u00e9tico de Madrid pour signer un contrat de quatre ans avec l'Inter Miami.<\/p>\n<p>Le milieu aux 78 s\u00e9lections avec l'Albiceleste (2 buts) a \u00e9t\u00e9 champion du monde en compagnie de Messi en 2022 au Qatar. De Paul avait rejoint les Colchoneros en 2021 en provenance d'Udinese (2016-2021, 184 matches). Homme de base de Diego Simeone, il a disput\u00e9 187 matches toutes comp\u00e9titions confondues et marqu\u00e9 14 buts. Il est sous contrat avec l'Atl\u00e9tico jusqu'en 2026.<\/p>\n<div class='share-to-whatsapp-wrapper'><div class='share-on-whsp'>PARTAGER SUR : <\/div><a data-text='MERCATO - De Paul va rejoindre Messi' data-link='https:\/\/www.nettali.com\/2025\/07\/23\/mercato-de-paul-va-rejoindre-messi\/' class='whatsapp-button whatsapp-share'>WhatsApp<\/a><div class='clear '><\/div><\/div>","protected":false},"excerpt":{"rendered":"<p>NETTALI.COM - Rodrigo De Paul va s\u2019engager avec l\u2019Inter Miami sur ce mercato estival. Selon la cha\u00eene de t\u00e9l\u00e9vision argentine TyC Sports, un accord verbal a \u00e9t\u00e9 trouv\u00e9 entre toutes les parties, avec une indemnit\u00e9 d\u2019environ 15 M\u20ac vers\u00e9e au club espagnol. Le milieu argentin signera un contrat de quatre ans pour rejoindre Lionel Messi [&hellip;]<\/p>\n","protected":false},"author":5,"featured_media":158091,"comment_status":"open","ping_status":"open","sticky":false,"template":"","format":"standard","meta":{"_et_pb_use_builder":"","_et_pb_old_content":""},"categories":[6],"tags":[],"yoast_head":"<!-- This site is optimized with the Yoast SEO Premium plugin v17.8 (Yoast SEO v17.8) - https:\/\/yoast.com\/wordpress\/plugins\/seo\/ -->\n<title>MERCATO - De Paul va rejoindre Messi | Nettali.com<\/title>\n<meta name=\"robots\" content=\"index, follow, max-snippet:-1, max-image-preview:large, max-video-preview:-1\" \/>\n<link rel=\"canonical\" href=\"https:\/\/www.nettali.com\/2025\/07\/23\/mercato-de-paul-va-rejoindre-messi\/\" \/>\n<meta property=\"og:locale\" content=\"fr_FR\" \/>\n<meta property=\"og:type\" content=\"article\" \/>\n<meta property=\"og:title\" content=\"MERCATO - De Paul va rejoindre Messi\" \/>\n<meta property=\"og:description\" content=\"NETTALI.COM - Rodrigo De Paul va s\u2019engager avec l\u2019Inter Miami sur ce mercato estival. Selon la cha\u00eene de t\u00e9l\u00e9vision argentine TyC Sports, un accord verbal a \u00e9t\u00e9 trouv\u00e9 entre toutes les parties, avec une indemnit\u00e9 d\u2019environ 15 M\u20ac vers\u00e9e au club espagnol. Le milieu argentin signera un contrat de quatre ans pour rejoindre Lionel Messi [&hellip;]\" \/>\n<meta property=\"og:url\" content=\"https:\/\/www.nettali.com\/2025\/07\/23\/mercato-de-paul-va-rejoindre-messi\/\" \/>\n<meta property=\"og:site_name\" content=\"Nettali.com\" \/>\n<meta property=\"article:publisher\" content=\"https:\/\/www.facebook.com\/nettalicom\" \/>\n<meta property=\"article:published_time\" content=\"2025-07-23T07:52:40+00:00\" \/>\n<meta property=\"og:image\" content=\"https:\/\/www.nettali.com\/wp-content\/uploads\/2025\/07\/https___thumbs.vodgc_.net_1-14-vpzR8p1715543863024-1715543989.jpg\" \/>\n\t<meta property=\"og:image:width\" content=\"767\" \/>\n\t<meta property=\"og:image:height\" content=\"430\" \/>\n<meta name=\"twitter:card\" content=\"summary_large_image\" \/>\n<meta name=\"twitter:label1\" content=\"\u00c9crit par\" \/>\n\t<meta name=\"twitter:data1\" content=\"Ibrahima\" \/>\n\t<meta name=\"twitter:label2\" content=\"Dur\u00e9e de lecture estim\u00e9e\" \/>\n\t<meta name=\"twitter:data2\" content=\"1 minute\" \/>\n<script type=\"application\/ld+json\" class=\"yoast-schema-graph\">{\"@context\":\"https:\/\/schema.org\",\"@graph\":[{\"@type\":\"WebSite\",\"@id\":\"https:\/\/www.nettali.com\/#website\",\"url\":\"https:\/\/www.nettali.com\/\",\"name\":\"Nettali.com\",\"description\":\"Le rendez-vous critique du Net\",\"potentialAction\":[{\"@type\":\"SearchAction\",\"target\":{\"@type\":\"EntryPoint\",\"urlTemplate\":\"https:\/\/www.nettali.com\/?s={search_term_string}\"},\"query-input\":\"required name=search_term_string\"}],\"inLanguage\":\"fr-FR\"},{\"@type\":\"ImageObject\",\"@id\":\"https:\/\/www.nettali.com\/2025\/07\/23\/mercato-de-paul-va-rejoindre-messi\/#primaryimage\",\"inLanguage\":\"fr-FR\",\"url\":\"https:\/\/www.nettali.com\/wp-content\/uploads\/2025\/07\/https___thumbs.vodgc_.net_1-14-vpzR8p1715543863024-1715543989.jpg\",\"contentUrl\":\"https:\/\/www.nettali.com\/wp-content\/uploads\/2025\/07\/https___thumbs.vodgc_.net_1-14-vpzR8p1715543863024-1715543989.jpg\",\"width\":767,\"height\":430},{\"@type\":\"WebPage\",\"@id\":\"https:\/\/www.nettali.com\/2025\/07\/23\/mercato-de-paul-va-rejoindre-messi\/#webpage\",\"url\":\"https:\/\/www.nettali.com\/2025\/07\/23\/mercato-de-paul-va-rejoindre-messi\/\",\"name\":\"MERCATO - De Paul va rejoindre Messi | Nettali.com\",\"isPartOf\":{\"@id\":\"https:\/\/www.nettali.com\/#website\"},\"primaryImageOfPage\":{\"@id\":\"https:\/\/www.nettali.com\/2025\/07\/23\/mercato-de-paul-va-rejoindre-messi\/#primaryimage\"},\"datePublished\":\"2025-07-23T07:52:40+00:00\",\"dateModified\":\"2025-07-23T07:52:40+00:00\",\"author\":{\"@id\":\"https:\/\/www.nettali.com\/#\/schema\/person\/bb147657c2986240405a608162b9bb23\"},\"breadcrumb\":{\"@id\":\"https:\/\/www.nettali.com\/2025\/07\/23\/mercato-de-paul-va-rejoindre-messi\/#breadcrumb\"},\"inLanguage\":\"fr-FR\",\"potentialAction\":[{\"@type\":\"ReadAction\",\"target\":[\"https:\/\/www.nettali.com\/2025\/07\/23\/mercato-de-paul-va-rejoindre-messi\/\"]}]},{\"@type\":\"BreadcrumbList\",\"@id\":\"https:\/\/www.nettali.com\/2025\/07\/23\/mercato-de-paul-va-rejoindre-messi\/#breadcrumb\",\"itemListElement\":[{\"@type\":\"ListItem\",\"position\":1,\"name\":\"Accueil\",\"item\":\"https:\/\/www.nettali.com\/\"},{\"@type\":\"ListItem\",\"position\":2,\"name\":\"MERCATO - De Paul va rejoindre Messi\"}]},{\"@type\":\"Person\",\"@id\":\"https:\/\/www.nettali.com\/#\/schema\/person\/bb147657c2986240405a608162b9bb23\",\"name\":\"Ibrahima\",\"image\":{\"@type\":\"ImageObject\",\"@id\":\"https:\/\/www.nettali.com\/#personlogo\",\"inLanguage\":\"fr-FR\",\"url\":\"https:\/\/secure.gravatar.com\/avatar\/26a8a81f09f0dd7624c9d5c36c9ba3a2?s=96&d=mm&r=g\",\"contentUrl\":\"https:\/\/secure.gravatar.com\/avatar\/26a8a81f09f0dd7624c9d5c36c9ba3a2?s=96&d=mm&r=g\",\"caption\":\"Ibrahima\"},\"sameAs\":[\"https:\/\/www.nettali.com\"]}]}<\/script>\n<!-- \/ Yoast SEO Premium plugin. -->","yoast_head_json":{"title":"MERCATO - De Paul va rejoindre Messi | Nettali.com","robots":{"index":"index","follow":"follow","max-snippet":"max-snippet:-1","max-image-preview":"max-image-preview:large","max-video-preview":"max-video-preview:-1"},"canonical":"https:\/\/www.nettali.com\/2025\/07\/23\/mercato-de-paul-va-rejoindre-messi\/","og_locale":"fr_FR","og_type":"article","og_title":"MERCATO - De Paul va rejoindre Messi","og_description":"NETTALI.COM - Rodrigo De Paul va s\u2019engager avec l\u2019Inter Miami sur ce mercato estival. Selon la cha\u00eene de t\u00e9l\u00e9vision argentine TyC Sports, un accord verbal a \u00e9t\u00e9 trouv\u00e9 entre toutes les parties, avec une indemnit\u00e9 d\u2019environ 15 M\u20ac vers\u00e9e au club espagnol. Le milieu argentin signera un contrat de quatre ans pour rejoindre Lionel Messi [&hellip;]","og_url":"https:\/\/www.nettali.com\/2025\/07\/23\/mercato-de-paul-va-rejoindre-messi\/","og_site_name":"Nettali.com","article_publisher":"https:\/\/www.facebook.com\/nettalicom","article_published_time":"2025-07-23T07:52:40+00:00","og_image":[{"width":767,"height":430,"url":"https:\/\/www.nettali.com\/wp-content\/uploads\/2025\/07\/https___thumbs.vodgc_.net_1-14-vpzR8p1715543863024-1715543989.jpg","type":"image\/jpeg"}],"twitter_card":"summary_large_image","twitter_misc":{"\u00c9crit par":"Ibrahima","Dur\u00e9e de lecture estim\u00e9e":"1 minute"},"schema":{"@context":"https:\/\/schema.org","@graph":[{"@type":"WebSite","@id":"https:\/\/www.nettali.com\/#website","url":"https:\/\/www.nettali.com\/","name":"Nettali.com","description":"Le rendez-vous critique du Net","potentialAction":[{"@type":"SearchAction","target":{"@type":"EntryPoint","urlTemplate":"https:\/\/www.nettali.com\/?s={search_term_string}"},"query-input":"required name=search_term_string"}],"inLanguage":"fr-FR"},{"@type":"ImageObject","@id":"https:\/\/www.nettali.com\/2025\/07\/23\/mercato-de-paul-va-rejoindre-messi\/#primaryimage","inLanguage":"fr-FR","url":"https:\/\/www.nettali.com\/wp-content\/uploads\/2025\/07\/https___thumbs.vodgc_.net_1-14-vpzR8p1715543863024-1715543989.jpg","contentUrl":"https:\/\/www.nettali.com\/wp-content\/uploads\/2025\/07\/https___thumbs.vodgc_.net_1-14-vpzR8p1715543863024-1715543989.jpg","width":767,"height":430},{"@type":"WebPage","@id":"https:\/\/www.nettali.com\/2025\/07\/23\/mercato-de-paul-va-rejoindre-messi\/#webpage","url":"https:\/\/www.nettali.com\/2025\/07\/23\/mercato-de-paul-va-rejoindre-messi\/","name":"MERCATO - De Paul va rejoindre Messi | Nettali.com","isPartOf":{"@id":"https:\/\/www.nettali.com\/#website"},"primaryImageOfPage":{"@id":"https:\/\/www.nettali.com\/2025\/07\/23\/mercato-de-paul-va-rejoindre-messi\/#primaryimage"},"datePublished":"2025-07-23T07:52:40+00:00","dateModified":"2025-07-23T07:52:40+00:00","author":{"@id":"https:\/\/www.nettali.com\/#\/schema\/person\/bb147657c2986240405a608162b9bb23"},"breadcrumb":{"@id":"https:\/\/www.nettali.com\/2025\/07\/23\/mercato-de-paul-va-rejoindre-messi\/#breadcrumb"},"inLanguage":"fr-FR","potentialAction":[{"@type":"ReadAction","target":["https:\/\/www.nettali.com\/2025\/07\/23\/mercato-de-paul-va-rejoindre-messi\/"]}]},{"@type":"BreadcrumbList","@id":"https:\/\/www.nettali.com\/2025\/07\/23\/mercato-de-paul-va-rejoindre-messi\/#breadcrumb","itemListElement":[{"@type":"ListItem","position":1,"name":"Accueil","item":"https:\/\/www.nettali.com\/"},{"@type":"ListItem","position":2,"name":"MERCATO - De Paul va rejoindre Messi"}]},{"@type":"Person","@id":"https:\/\/www.nettali.com\/#\/schema\/person\/bb147657c2986240405a608162b9bb23","name":"Ibrahima","image":{"@type":"ImageObject","@id":"https:\/\/www.nettali.com\/#personlogo","inLanguage":"fr-FR","url":"https:\/\/secure.gravatar.com\/avatar\/26a8a81f09f0dd7624c9d5c36c9ba3a2?s=96&d=mm&r=g","contentUrl":"https:\/\/secure.gravatar.com\/avatar\/26a8a81f09f0dd7624c9d5c36c9ba3a2?s=96&d=mm&r=g","caption":"Ibrahima"},"sameAs":["https:\/\/www.nettali.com"]}]}},"_links":{"self":[{"href":"https:\/\/www.nettali.com\/rest\/wp\/v2\/posts\/158090"}],"collection":[{"href":"https:\/\/www.nettali.com\/rest\/wp\/v2\/posts"}],"about":[{"href":"https:\/\/www.nettali.com\/rest\/wp\/v2\/types\/post"}],"author":[{"embeddable":true,"href":"https:\/\/www.nettali.com\/rest\/wp\/v2\/users\/5"}],"replies":[{"embeddable":true,"href":"https:\/\/www.nettali.com\/rest\/wp\/v2\/comments?post=158090"}],"version-history":[{"count":1,"href":"https:\/\/www.nettali.com\/rest\/wp\/v2\/posts\/158090\/revisions"}],"predecessor-version":[{"id":158092,"href":"https:\/\/www.nettali.com\/rest\/wp\/v2\/posts\/158090\/revisions\/158092"}],"wp:featuredmedia":[{"embeddable":true,"href":"https:\/\/www.nettali.com\/rest\/wp\/v2\/media\/158091"}],"wp:attachment":[{"href":"https:\/\/www.nettali.com\/rest\/wp\/v2\/media?parent=158090"}],"wp:term":[{"taxonomy":"category","embeddable":true,"href":"https:\/\/www.nettali.com\/rest\/wp\/v2\/categories?post=158090"},{"taxonomy":"post_tag","embeddable":true,"href":"https:\/\/www.nettali.com\/rest\/wp\/v2\/tags?post=158090"}],"curies":[{"name":"wp","href":"https:\/\/api.w.org\/{rel}","templated":true}]}}