{"id":158083,"date":"2025-07-23T06:32:59","date_gmt":"2025-07-23T06:32:59","guid":{"rendered":"https:\/\/www.nettali.com\/?p=158083"},"modified":"2025-07-23T06:41:47","modified_gmt":"2025-07-23T06:41:47","slug":"real-madrid-mbappe-prend-le-10","status":"publish","type":"post","link":"https:\/\/www.nettali.com\/2025\/07\/23\/real-madrid-mbappe-prend-le-10\/","title":{"rendered":"REAL MADRID - Mbapp\u00e9 prend le 10"},"content":{"rendered":"<p><strong>NETTALI.COM - C'est officiel. Au Real Madrid, Kylian Mbapp\u00e9 change de num\u00e9ro. Le champion du monde 2018 va h\u00e9riter du num\u00e9ro 10, laiss\u00e9 libre par Luka Modric, depuis son d\u00e9part pour l\u2019AC Milan.<\/strong><\/p>\n<p>Laiss\u00e9 vacant par Luka Modric, depuis son d\u00e9part pour l\u2019AC Milan, le num\u00e9ro 10 du Real Madrid a d\u00e9j\u00e0 trouv\u00e9 preneur. Selon Radio Marca, c\u2019est Kylian Mbapp\u00e9 qui le portera d\u00e9sormais dans son dos, en lieu et place du Ballon d\u2019or 2018. Le Fran\u00e7ais va ainsi rev\u00eatir le m\u00eame num\u00e9ro qu\u2019il arbore en s\u00e9lection depuis 2018.<\/p>\n<p><strong>Pas une initiative du joueur, mais un choix du club<\/strong><\/p>\n<p>Kylian Mbapp\u00e9 sera donc le troisi\u00e8me tricolore de l\u2019histoire du Real Madrid, apr\u00e8s Raymond Kopa et Lassana Diarra. Si, en 2018, le natif de Bondy avait initi\u00e9 les d\u00e9marches pour porter le num\u00e9ro 10, cette fois-ci, ce choix n\u2019a pas \u00e9t\u00e9 fait par le champion du monde 2018, lui-m\u00eame, mais plut\u00f4t par le club, qui y voit une belle opportunit\u00e9 marketing, pour la vente de ses maillots, toujours selon les informations de Radio Marca.<\/p>\n<p>Ce choix fait \u00e9cho \u00e0 celui du FC Barcelone de confier le num\u00e9ro 10 \u00e0 sa nouvelle star Lamine Yamal, au moment de sa prolongation de contrat. Mais il illustre surtout les propos de Fr\u00e9d\u00e9ric Meyrieu, ancien joueur du FC Metz, qui s\u2019est confi\u00e9 dans nos colonnes : \"<em>Porter le 10 a toujours attir\u00e9, mais avant on le donnait uniquement aux joueurs qui avaient un certain niveau technique. Aujourd\u2019hui \u00e7a a un c\u00f4t\u00e9 marketing.<\/em>\"<\/p>\n<p>La technicit\u00e9 de Kylian Mbapp\u00e9 ou encore de Lamine Yamal n\u2019est pas \u00e0 remettre en cause mais leur position sur le terrain n\u2019\u00e9quivaut pas \u00e0 celle d\u2019un milieu offensif, derri\u00e8re un attaquant. Le Fran\u00e7ais se situe, depuis deux saisons, au poste de num\u00e9ro 9, alors que l\u2019Espagnol \u00e9volue au poste d\u2019ailier droit. Les temps changent, les coutumes aussi\u2026<\/p>\n<div class='share-to-whatsapp-wrapper'><div class='share-on-whsp'>PARTAGER SUR : <\/div><a data-text='REAL MADRID - Mbapp\u00e9 prend le 10' data-link='https:\/\/www.nettali.com\/2025\/07\/23\/real-madrid-mbappe-prend-le-10\/' class='whatsapp-button whatsapp-share'>WhatsApp<\/a><div class='clear '><\/div><\/div>","protected":false},"excerpt":{"rendered":"<p>NETTALI.COM - C'est officiel. Au Real Madrid, Kylian Mbapp\u00e9 change de num\u00e9ro. Le champion du monde 2018 va h\u00e9riter du num\u00e9ro 10, laiss\u00e9 libre par Luka Modric, depuis son d\u00e9part pour l\u2019AC Milan. Laiss\u00e9 vacant par Luka Modric, depuis son d\u00e9part pour l\u2019AC Milan, le num\u00e9ro 10 du Real Madrid a d\u00e9j\u00e0 trouv\u00e9 preneur. Selon [&hellip;]<\/p>\n","protected":false},"author":5,"featured_media":158084,"comment_status":"open","ping_status":"open","sticky":false,"template":"","format":"standard","meta":{"_et_pb_use_builder":"","_et_pb_old_content":""},"categories":[6],"tags":[],"yoast_head":"<!-- This site is optimized with the Yoast SEO Premium plugin v17.8 (Yoast SEO v17.8) - https:\/\/yoast.com\/wordpress\/plugins\/seo\/ -->\n<title>REAL MADRID - Mbapp\u00e9 prend le 10 | Nettali.com<\/title>\n<meta name=\"robots\" content=\"index, follow, max-snippet:-1, max-image-preview:large, max-video-preview:-1\" \/>\n<link rel=\"canonical\" href=\"https:\/\/www.nettali.com\/2025\/07\/23\/real-madrid-mbappe-prend-le-10\/\" \/>\n<meta property=\"og:locale\" content=\"fr_FR\" \/>\n<meta property=\"og:type\" content=\"article\" \/>\n<meta property=\"og:title\" content=\"REAL MADRID - Mbapp\u00e9 prend le 10\" \/>\n<meta property=\"og:description\" content=\"NETTALI.COM - C&#039;est officiel. Au Real Madrid, Kylian Mbapp\u00e9 change de num\u00e9ro. Le champion du monde 2018 va h\u00e9riter du num\u00e9ro 10, laiss\u00e9 libre par Luka Modric, depuis son d\u00e9part pour l\u2019AC Milan. Laiss\u00e9 vacant par Luka Modric, depuis son d\u00e9part pour l\u2019AC Milan, le num\u00e9ro 10 du Real Madrid a d\u00e9j\u00e0 trouv\u00e9 preneur. Selon [&hellip;]\" \/>\n<meta property=\"og:url\" content=\"https:\/\/www.nettali.com\/2025\/07\/23\/real-madrid-mbappe-prend-le-10\/\" \/>\n<meta property=\"og:site_name\" content=\"Nettali.com\" \/>\n<meta property=\"article:publisher\" content=\"https:\/\/www.facebook.com\/nettalicom\" \/>\n<meta property=\"article:published_time\" content=\"2025-07-23T06:32:59+00:00\" \/>\n<meta property=\"article:modified_time\" content=\"2025-07-23T06:41:47+00:00\" \/>\n<meta property=\"og:image\" content=\"https:\/\/www.nettali.com\/wp-content\/uploads\/2025\/07\/AA1J5R0B.jpeg\" \/>\n\t<meta property=\"og:image:width\" content=\"768\" \/>\n\t<meta property=\"og:image:height\" content=\"432\" \/>\n<meta name=\"twitter:card\" content=\"summary_large_image\" \/>\n<meta name=\"twitter:label1\" content=\"\u00c9crit par\" \/>\n\t<meta name=\"twitter:data1\" content=\"Ibrahima\" \/>\n\t<meta name=\"twitter:label2\" content=\"Dur\u00e9e de lecture estim\u00e9e\" \/>\n\t<meta name=\"twitter:data2\" content=\"2 minutes\" \/>\n<script type=\"application\/ld+json\" class=\"yoast-schema-graph\">{\"@context\":\"https:\/\/schema.org\",\"@graph\":[{\"@type\":\"WebSite\",\"@id\":\"https:\/\/www.nettali.com\/#website\",\"url\":\"https:\/\/www.nettali.com\/\",\"name\":\"Nettali.com\",\"description\":\"Le rendez-vous critique du Net\",\"potentialAction\":[{\"@type\":\"SearchAction\",\"target\":{\"@type\":\"EntryPoint\",\"urlTemplate\":\"https:\/\/www.nettali.com\/?s={search_term_string}\"},\"query-input\":\"required name=search_term_string\"}],\"inLanguage\":\"fr-FR\"},{\"@type\":\"ImageObject\",\"@id\":\"https:\/\/www.nettali.com\/2025\/07\/23\/real-madrid-mbappe-prend-le-10\/#primaryimage\",\"inLanguage\":\"fr-FR\",\"url\":\"https:\/\/www.nettali.com\/wp-content\/uploads\/2025\/07\/AA1J5R0B.jpeg\",\"contentUrl\":\"https:\/\/www.nettali.com\/wp-content\/uploads\/2025\/07\/AA1J5R0B.jpeg\",\"width\":768,\"height\":432},{\"@type\":\"WebPage\",\"@id\":\"https:\/\/www.nettali.com\/2025\/07\/23\/real-madrid-mbappe-prend-le-10\/#webpage\",\"url\":\"https:\/\/www.nettali.com\/2025\/07\/23\/real-madrid-mbappe-prend-le-10\/\",\"name\":\"REAL MADRID - Mbapp\\u00e9 prend le 10 | Nettali.com\",\"isPartOf\":{\"@id\":\"https:\/\/www.nettali.com\/#website\"},\"primaryImageOfPage\":{\"@id\":\"https:\/\/www.nettali.com\/2025\/07\/23\/real-madrid-mbappe-prend-le-10\/#primaryimage\"},\"datePublished\":\"2025-07-23T06:32:59+00:00\",\"dateModified\":\"2025-07-23T06:41:47+00:00\",\"author\":{\"@id\":\"https:\/\/www.nettali.com\/#\/schema\/person\/bb147657c2986240405a608162b9bb23\"},\"breadcrumb\":{\"@id\":\"https:\/\/www.nettali.com\/2025\/07\/23\/real-madrid-mbappe-prend-le-10\/#breadcrumb\"},\"inLanguage\":\"fr-FR\",\"potentialAction\":[{\"@type\":\"ReadAction\",\"target\":[\"https:\/\/www.nettali.com\/2025\/07\/23\/real-madrid-mbappe-prend-le-10\/\"]}]},{\"@type\":\"BreadcrumbList\",\"@id\":\"https:\/\/www.nettali.com\/2025\/07\/23\/real-madrid-mbappe-prend-le-10\/#breadcrumb\",\"itemListElement\":[{\"@type\":\"ListItem\",\"position\":1,\"name\":\"Accueil\",\"item\":\"https:\/\/www.nettali.com\/\"},{\"@type\":\"ListItem\",\"position\":2,\"name\":\"REAL MADRID - Mbapp\\u00e9 prend le 10\"}]},{\"@type\":\"Person\",\"@id\":\"https:\/\/www.nettali.com\/#\/schema\/person\/bb147657c2986240405a608162b9bb23\",\"name\":\"Ibrahima\",\"image\":{\"@type\":\"ImageObject\",\"@id\":\"https:\/\/www.nettali.com\/#personlogo\",\"inLanguage\":\"fr-FR\",\"url\":\"https:\/\/secure.gravatar.com\/avatar\/26a8a81f09f0dd7624c9d5c36c9ba3a2?s=96&d=mm&r=g\",\"contentUrl\":\"https:\/\/secure.gravatar.com\/avatar\/26a8a81f09f0dd7624c9d5c36c9ba3a2?s=96&d=mm&r=g\",\"caption\":\"Ibrahima\"},\"sameAs\":[\"https:\/\/www.nettali.com\"]}]}<\/script>\n<!-- \/ Yoast SEO Premium plugin. -->","yoast_head_json":{"title":"REAL MADRID - Mbapp\u00e9 prend le 10 | Nettali.com","robots":{"index":"index","follow":"follow","max-snippet":"max-snippet:-1","max-image-preview":"max-image-preview:large","max-video-preview":"max-video-preview:-1"},"canonical":"https:\/\/www.nettali.com\/2025\/07\/23\/real-madrid-mbappe-prend-le-10\/","og_locale":"fr_FR","og_type":"article","og_title":"REAL MADRID - Mbapp\u00e9 prend le 10","og_description":"NETTALI.COM - C'est officiel. Au Real Madrid, Kylian Mbapp\u00e9 change de num\u00e9ro. Le champion du monde 2018 va h\u00e9riter du num\u00e9ro 10, laiss\u00e9 libre par Luka Modric, depuis son d\u00e9part pour l\u2019AC Milan. Laiss\u00e9 vacant par Luka Modric, depuis son d\u00e9part pour l\u2019AC Milan, le num\u00e9ro 10 du Real Madrid a d\u00e9j\u00e0 trouv\u00e9 preneur. Selon [&hellip;]","og_url":"https:\/\/www.nettali.com\/2025\/07\/23\/real-madrid-mbappe-prend-le-10\/","og_site_name":"Nettali.com","article_publisher":"https:\/\/www.facebook.com\/nettalicom","article_published_time":"2025-07-23T06:32:59+00:00","article_modified_time":"2025-07-23T06:41:47+00:00","og_image":[{"width":768,"height":432,"url":"https:\/\/www.nettali.com\/wp-content\/uploads\/2025\/07\/AA1J5R0B.jpeg","type":"image\/jpeg"}],"twitter_card":"summary_large_image","twitter_misc":{"\u00c9crit par":"Ibrahima","Dur\u00e9e de lecture estim\u00e9e":"2 minutes"},"schema":{"@context":"https:\/\/schema.org","@graph":[{"@type":"WebSite","@id":"https:\/\/www.nettali.com\/#website","url":"https:\/\/www.nettali.com\/","name":"Nettali.com","description":"Le rendez-vous critique du Net","potentialAction":[{"@type":"SearchAction","target":{"@type":"EntryPoint","urlTemplate":"https:\/\/www.nettali.com\/?s={search_term_string}"},"query-input":"required name=search_term_string"}],"inLanguage":"fr-FR"},{"@type":"ImageObject","@id":"https:\/\/www.nettali.com\/2025\/07\/23\/real-madrid-mbappe-prend-le-10\/#primaryimage","inLanguage":"fr-FR","url":"https:\/\/www.nettali.com\/wp-content\/uploads\/2025\/07\/AA1J5R0B.jpeg","contentUrl":"https:\/\/www.nettali.com\/wp-content\/uploads\/2025\/07\/AA1J5R0B.jpeg","width":768,"height":432},{"@type":"WebPage","@id":"https:\/\/www.nettali.com\/2025\/07\/23\/real-madrid-mbappe-prend-le-10\/#webpage","url":"https:\/\/www.nettali.com\/2025\/07\/23\/real-madrid-mbappe-prend-le-10\/","name":"REAL MADRID - Mbapp\u00e9 prend le 10 | Nettali.com","isPartOf":{"@id":"https:\/\/www.nettali.com\/#website"},"primaryImageOfPage":{"@id":"https:\/\/www.nettali.com\/2025\/07\/23\/real-madrid-mbappe-prend-le-10\/#primaryimage"},"datePublished":"2025-07-23T06:32:59+00:00","dateModified":"2025-07-23T06:41:47+00:00","author":{"@id":"https:\/\/www.nettali.com\/#\/schema\/person\/bb147657c2986240405a608162b9bb23"},"breadcrumb":{"@id":"https:\/\/www.nettali.com\/2025\/07\/23\/real-madrid-mbappe-prend-le-10\/#breadcrumb"},"inLanguage":"fr-FR","potentialAction":[{"@type":"ReadAction","target":["https:\/\/www.nettali.com\/2025\/07\/23\/real-madrid-mbappe-prend-le-10\/"]}]},{"@type":"BreadcrumbList","@id":"https:\/\/www.nettali.com\/2025\/07\/23\/real-madrid-mbappe-prend-le-10\/#breadcrumb","itemListElement":[{"@type":"ListItem","position":1,"name":"Accueil","item":"https:\/\/www.nettali.com\/"},{"@type":"ListItem","position":2,"name":"REAL MADRID - Mbapp\u00e9 prend le 10"}]},{"@type":"Person","@id":"https:\/\/www.nettali.com\/#\/schema\/person\/bb147657c2986240405a608162b9bb23","name":"Ibrahima","image":{"@type":"ImageObject","@id":"https:\/\/www.nettali.com\/#personlogo","inLanguage":"fr-FR","url":"https:\/\/secure.gravatar.com\/avatar\/26a8a81f09f0dd7624c9d5c36c9ba3a2?s=96&d=mm&r=g","contentUrl":"https:\/\/secure.gravatar.com\/avatar\/26a8a81f09f0dd7624c9d5c36c9ba3a2?s=96&d=mm&r=g","caption":"Ibrahima"},"sameAs":["https:\/\/www.nettali.com"]}]}},"_links":{"self":[{"href":"https:\/\/www.nettali.com\/rest\/wp\/v2\/posts\/158083"}],"collection":[{"href":"https:\/\/www.nettali.com\/rest\/wp\/v2\/posts"}],"about":[{"href":"https:\/\/www.nettali.com\/rest\/wp\/v2\/types\/post"}],"author":[{"embeddable":true,"href":"https:\/\/www.nettali.com\/rest\/wp\/v2\/users\/5"}],"replies":[{"embeddable":true,"href":"https:\/\/www.nettali.com\/rest\/wp\/v2\/comments?post=158083"}],"version-history":[{"count":4,"href":"https:\/\/www.nettali.com\/rest\/wp\/v2\/posts\/158083\/revisions"}],"predecessor-version":[{"id":158093,"href":"https:\/\/www.nettali.com\/rest\/wp\/v2\/posts\/158083\/revisions\/158093"}],"wp:featuredmedia":[{"embeddable":true,"href":"https:\/\/www.nettali.com\/rest\/wp\/v2\/media\/158084"}],"wp:attachment":[{"href":"https:\/\/www.nettali.com\/rest\/wp\/v2\/media?parent=158083"}],"wp:term":[{"taxonomy":"category","embeddable":true,"href":"https:\/\/www.nettali.com\/rest\/wp\/v2\/categories?post=158083"},{"taxonomy":"post_tag","embeddable":true,"href":"https:\/\/www.nettali.com\/rest\/wp\/v2\/tags?post=158083"}],"curies":[{"name":"wp","href":"https:\/\/api.w.org\/{rel}","templated":true}]}}