{"id":158082,"date":"2025-07-23T06:29:34","date_gmt":"2025-07-23T06:29:34","guid":{"rendered":"https:\/\/www.nettali.com\/?p=158082"},"modified":"2025-07-24T06:44:58","modified_gmt":"2025-07-24T06:44:58","slug":"affaire-anamo-maodo-malick-mbaye-envoye-en-prison","status":"publish","type":"post","link":"https:\/\/www.nettali.com\/2025\/07\/23\/affaire-anamo-maodo-malick-mbaye-envoye-en-prison\/","title":{"rendered":"AFFAIRE ANAMO - Maodo Malick Mbaye envoy\u00e9 en prison"},"content":{"rendered":"<p><strong>NETTALI.COM - Du nouveau dans l'affaire du d\u00e9tournement pr\u00e9sum\u00e9 \u00e0 l'Agence nationale de la maison de l'outil (Anamo). L'ancien Directeur g\u00e9n\u00e9ral a \u00e9t\u00e9 envoy\u00e9 en prison, le mardi 22 juillet par le juge d'instruction du 3e cabinet du Pool judiciaire financier (PJF). Maodo Malick Mbaye rejoint en d\u00e9tention d'autres personnes inculp\u00e9es dans le m\u00eame dossier.\u00a0<\/strong><\/p>\n<p>Maodo Malick Mbaye n'aura pas \u00e9chapp\u00e9 \u00e0 la prison trop longtemps. Vis\u00e9 par une enqu\u00eate du Parquet financier pr\u00e8s le Pool judiciaire financier (PJF), l'ancien Directeur g\u00e9n\u00e9ral de l'Agence nationale de la maison de l'outil (Anamo) se savait en danger, lui qui \u00e9tait rentr\u00e9 du Maroc, disait-il, pour r\u00e9pondre \u00e0 la Justice de son pays.<\/p>\n<p>En fait, Maodo Malick Mbaye est cit\u00e9 dans une affaire de d\u00e9tournement de 600 millions de francs Cfa. Les faits remontent du temps du r\u00e8gne de Macky Sall. Mais c'est l'actuel Directeur g\u00e9n\u00e9ral qui a port\u00e9 plainte. R\u00e9sultat : le Directeur administratif et financier ainsi que d'autres personnes avaient \u00e9t\u00e9 interpell\u00e9es et envoy\u00e9es en prison. Certaines sources parlent d'une affaire de march\u00e9s fictifs.<\/p>\n<p>Bien que cit\u00e9 par ses anciens collaborateurs, Maodo Malick Mbaye a toujours refus\u00e9 de porter le chapeau.<\/p>\n<div class='share-to-whatsapp-wrapper'><div class='share-on-whsp'>PARTAGER SUR : <\/div><a data-text='AFFAIRE ANAMO - Maodo Malick Mbaye envoy\u00e9 en prison' data-link='https:\/\/www.nettali.com\/2025\/07\/23\/affaire-anamo-maodo-malick-mbaye-envoye-en-prison\/' class='whatsapp-button whatsapp-share'>WhatsApp<\/a><div class='clear '><\/div><\/div>","protected":false},"excerpt":{"rendered":"<p>NETTALI.COM - Du nouveau dans l'affaire du d\u00e9tournement pr\u00e9sum\u00e9 \u00e0 l'Agence nationale de la maison de l'outil (Anamo). L'ancien Directeur g\u00e9n\u00e9ral a \u00e9t\u00e9 envoy\u00e9 en prison, le mardi 22 juillet par le juge d'instruction du 3e cabinet du Pool judiciaire financier (PJF). Maodo Malick Mbaye rejoint en d\u00e9tention d'autres personnes inculp\u00e9es dans le m\u00eame dossier.\u00a0 [&hellip;]<\/p>\n","protected":false},"author":3,"featured_media":158086,"comment_status":"open","ping_status":"open","sticky":false,"template":"","format":"standard","meta":{"_et_pb_use_builder":"","_et_pb_old_content":""},"categories":[3],"tags":[],"yoast_head":"<!-- This site is optimized with the Yoast SEO Premium plugin v17.8 (Yoast SEO v17.8) - https:\/\/yoast.com\/wordpress\/plugins\/seo\/ -->\n<title>AFFAIRE ANAMO - Maodo Malick Mbaye envoy\u00e9 en prison | Nettali.com<\/title>\n<meta name=\"robots\" content=\"index, follow, max-snippet:-1, max-image-preview:large, max-video-preview:-1\" \/>\n<link rel=\"canonical\" href=\"https:\/\/www.nettali.com\/2025\/07\/23\/affaire-anamo-maodo-malick-mbaye-envoye-en-prison\/\" \/>\n<meta property=\"og:locale\" content=\"fr_FR\" \/>\n<meta property=\"og:type\" content=\"article\" \/>\n<meta property=\"og:title\" content=\"AFFAIRE ANAMO - Maodo Malick Mbaye envoy\u00e9 en prison\" \/>\n<meta property=\"og:description\" content=\"NETTALI.COM - Du nouveau dans l&#039;affaire du d\u00e9tournement pr\u00e9sum\u00e9 \u00e0 l&#039;Agence nationale de la maison de l&#039;outil (Anamo). L&#039;ancien Directeur g\u00e9n\u00e9ral a \u00e9t\u00e9 envoy\u00e9 en prison, le mardi 22 juillet par le juge d&#039;instruction du 3e cabinet du Pool judiciaire financier (PJF). Maodo Malick Mbaye rejoint en d\u00e9tention d&#039;autres personnes inculp\u00e9es dans le m\u00eame dossier.\u00a0 [&hellip;]\" \/>\n<meta property=\"og:url\" content=\"https:\/\/www.nettali.com\/2025\/07\/23\/affaire-anamo-maodo-malick-mbaye-envoye-en-prison\/\" \/>\n<meta property=\"og:site_name\" content=\"Nettali.com\" \/>\n<meta property=\"article:publisher\" content=\"https:\/\/www.facebook.com\/nettalicom\" \/>\n<meta property=\"article:published_time\" content=\"2025-07-23T06:29:34+00:00\" \/>\n<meta property=\"article:modified_time\" content=\"2025-07-24T06:44:58+00:00\" \/>\n<meta property=\"og:image\" content=\"https:\/\/www.nettali.com\/wp-content\/uploads\/2025\/07\/img_2406.jpeg\" \/>\n\t<meta property=\"og:image:width\" content=\"698\" \/>\n\t<meta property=\"og:image:height\" content=\"461\" \/>\n<meta name=\"twitter:card\" content=\"summary_large_image\" \/>\n<meta name=\"twitter:label1\" content=\"\u00c9crit par\" \/>\n\t<meta name=\"twitter:data1\" content=\"Moustapha\" \/>\n\t<meta name=\"twitter:label2\" content=\"Dur\u00e9e de lecture estim\u00e9e\" \/>\n\t<meta name=\"twitter:data2\" content=\"1 minute\" \/>\n<script type=\"application\/ld+json\" class=\"yoast-schema-graph\">{\"@context\":\"https:\/\/schema.org\",\"@graph\":[{\"@type\":\"WebSite\",\"@id\":\"https:\/\/www.nettali.com\/#website\",\"url\":\"https:\/\/www.nettali.com\/\",\"name\":\"Nettali.com\",\"description\":\"Le rendez-vous critique du Net\",\"potentialAction\":[{\"@type\":\"SearchAction\",\"target\":{\"@type\":\"EntryPoint\",\"urlTemplate\":\"https:\/\/www.nettali.com\/?s={search_term_string}\"},\"query-input\":\"required name=search_term_string\"}],\"inLanguage\":\"fr-FR\"},{\"@type\":\"ImageObject\",\"@id\":\"https:\/\/www.nettali.com\/2025\/07\/23\/affaire-anamo-maodo-malick-mbaye-envoye-en-prison\/#primaryimage\",\"inLanguage\":\"fr-FR\",\"url\":\"https:\/\/www.nettali.com\/wp-content\/uploads\/2025\/07\/img_2406.jpeg\",\"contentUrl\":\"https:\/\/www.nettali.com\/wp-content\/uploads\/2025\/07\/img_2406.jpeg\",\"width\":698,\"height\":461},{\"@type\":\"WebPage\",\"@id\":\"https:\/\/www.nettali.com\/2025\/07\/23\/affaire-anamo-maodo-malick-mbaye-envoye-en-prison\/#webpage\",\"url\":\"https:\/\/www.nettali.com\/2025\/07\/23\/affaire-anamo-maodo-malick-mbaye-envoye-en-prison\/\",\"name\":\"AFFAIRE ANAMO - Maodo Malick Mbaye envoy\\u00e9 en prison | Nettali.com\",\"isPartOf\":{\"@id\":\"https:\/\/www.nettali.com\/#website\"},\"primaryImageOfPage\":{\"@id\":\"https:\/\/www.nettali.com\/2025\/07\/23\/affaire-anamo-maodo-malick-mbaye-envoye-en-prison\/#primaryimage\"},\"datePublished\":\"2025-07-23T06:29:34+00:00\",\"dateModified\":\"2025-07-24T06:44:58+00:00\",\"author\":{\"@id\":\"https:\/\/www.nettali.com\/#\/schema\/person\/7962a12a6e0267f88f0ffa544c36469a\"},\"breadcrumb\":{\"@id\":\"https:\/\/www.nettali.com\/2025\/07\/23\/affaire-anamo-maodo-malick-mbaye-envoye-en-prison\/#breadcrumb\"},\"inLanguage\":\"fr-FR\",\"potentialAction\":[{\"@type\":\"ReadAction\",\"target\":[\"https:\/\/www.nettali.com\/2025\/07\/23\/affaire-anamo-maodo-malick-mbaye-envoye-en-prison\/\"]}]},{\"@type\":\"BreadcrumbList\",\"@id\":\"https:\/\/www.nettali.com\/2025\/07\/23\/affaire-anamo-maodo-malick-mbaye-envoye-en-prison\/#breadcrumb\",\"itemListElement\":[{\"@type\":\"ListItem\",\"position\":1,\"name\":\"Accueil\",\"item\":\"https:\/\/www.nettali.com\/\"},{\"@type\":\"ListItem\",\"position\":2,\"name\":\"AFFAIRE ANAMO - Maodo Malick Mbaye envoy\\u00e9 en prison\"}]},{\"@type\":\"Person\",\"@id\":\"https:\/\/www.nettali.com\/#\/schema\/person\/7962a12a6e0267f88f0ffa544c36469a\",\"name\":\"Moustapha\",\"image\":{\"@type\":\"ImageObject\",\"@id\":\"https:\/\/www.nettali.com\/#personlogo\",\"inLanguage\":\"fr-FR\",\"url\":\"https:\/\/secure.gravatar.com\/avatar\/10fdf6a071cccdcf374e3dbe45159590?s=96&d=mm&r=g\",\"contentUrl\":\"https:\/\/secure.gravatar.com\/avatar\/10fdf6a071cccdcf374e3dbe45159590?s=96&d=mm&r=g\",\"caption\":\"Moustapha\"},\"sameAs\":[\"https:\/\/www.nettali.com\"]}]}<\/script>\n<!-- \/ Yoast SEO Premium plugin. -->","yoast_head_json":{"title":"AFFAIRE ANAMO - Maodo Malick Mbaye envoy\u00e9 en prison | Nettali.com","robots":{"index":"index","follow":"follow","max-snippet":"max-snippet:-1","max-image-preview":"max-image-preview:large","max-video-preview":"max-video-preview:-1"},"canonical":"https:\/\/www.nettali.com\/2025\/07\/23\/affaire-anamo-maodo-malick-mbaye-envoye-en-prison\/","og_locale":"fr_FR","og_type":"article","og_title":"AFFAIRE ANAMO - Maodo Malick Mbaye envoy\u00e9 en prison","og_description":"NETTALI.COM - Du nouveau dans l'affaire du d\u00e9tournement pr\u00e9sum\u00e9 \u00e0 l'Agence nationale de la maison de l'outil (Anamo). L'ancien Directeur g\u00e9n\u00e9ral a \u00e9t\u00e9 envoy\u00e9 en prison, le mardi 22 juillet par le juge d'instruction du 3e cabinet du Pool judiciaire financier (PJF). Maodo Malick Mbaye rejoint en d\u00e9tention d'autres personnes inculp\u00e9es dans le m\u00eame dossier.\u00a0 [&hellip;]","og_url":"https:\/\/www.nettali.com\/2025\/07\/23\/affaire-anamo-maodo-malick-mbaye-envoye-en-prison\/","og_site_name":"Nettali.com","article_publisher":"https:\/\/www.facebook.com\/nettalicom","article_published_time":"2025-07-23T06:29:34+00:00","article_modified_time":"2025-07-24T06:44:58+00:00","og_image":[{"width":698,"height":461,"url":"https:\/\/www.nettali.com\/wp-content\/uploads\/2025\/07\/img_2406.jpeg","type":"image\/jpeg"}],"twitter_card":"summary_large_image","twitter_misc":{"\u00c9crit par":"Moustapha","Dur\u00e9e de lecture estim\u00e9e":"1 minute"},"schema":{"@context":"https:\/\/schema.org","@graph":[{"@type":"WebSite","@id":"https:\/\/www.nettali.com\/#website","url":"https:\/\/www.nettali.com\/","name":"Nettali.com","description":"Le rendez-vous critique du Net","potentialAction":[{"@type":"SearchAction","target":{"@type":"EntryPoint","urlTemplate":"https:\/\/www.nettali.com\/?s={search_term_string}"},"query-input":"required name=search_term_string"}],"inLanguage":"fr-FR"},{"@type":"ImageObject","@id":"https:\/\/www.nettali.com\/2025\/07\/23\/affaire-anamo-maodo-malick-mbaye-envoye-en-prison\/#primaryimage","inLanguage":"fr-FR","url":"https:\/\/www.nettali.com\/wp-content\/uploads\/2025\/07\/img_2406.jpeg","contentUrl":"https:\/\/www.nettali.com\/wp-content\/uploads\/2025\/07\/img_2406.jpeg","width":698,"height":461},{"@type":"WebPage","@id":"https:\/\/www.nettali.com\/2025\/07\/23\/affaire-anamo-maodo-malick-mbaye-envoye-en-prison\/#webpage","url":"https:\/\/www.nettali.com\/2025\/07\/23\/affaire-anamo-maodo-malick-mbaye-envoye-en-prison\/","name":"AFFAIRE ANAMO - Maodo Malick Mbaye envoy\u00e9 en prison | Nettali.com","isPartOf":{"@id":"https:\/\/www.nettali.com\/#website"},"primaryImageOfPage":{"@id":"https:\/\/www.nettali.com\/2025\/07\/23\/affaire-anamo-maodo-malick-mbaye-envoye-en-prison\/#primaryimage"},"datePublished":"2025-07-23T06:29:34+00:00","dateModified":"2025-07-24T06:44:58+00:00","author":{"@id":"https:\/\/www.nettali.com\/#\/schema\/person\/7962a12a6e0267f88f0ffa544c36469a"},"breadcrumb":{"@id":"https:\/\/www.nettali.com\/2025\/07\/23\/affaire-anamo-maodo-malick-mbaye-envoye-en-prison\/#breadcrumb"},"inLanguage":"fr-FR","potentialAction":[{"@type":"ReadAction","target":["https:\/\/www.nettali.com\/2025\/07\/23\/affaire-anamo-maodo-malick-mbaye-envoye-en-prison\/"]}]},{"@type":"BreadcrumbList","@id":"https:\/\/www.nettali.com\/2025\/07\/23\/affaire-anamo-maodo-malick-mbaye-envoye-en-prison\/#breadcrumb","itemListElement":[{"@type":"ListItem","position":1,"name":"Accueil","item":"https:\/\/www.nettali.com\/"},{"@type":"ListItem","position":2,"name":"AFFAIRE ANAMO - Maodo Malick Mbaye envoy\u00e9 en prison"}]},{"@type":"Person","@id":"https:\/\/www.nettali.com\/#\/schema\/person\/7962a12a6e0267f88f0ffa544c36469a","name":"Moustapha","image":{"@type":"ImageObject","@id":"https:\/\/www.nettali.com\/#personlogo","inLanguage":"fr-FR","url":"https:\/\/secure.gravatar.com\/avatar\/10fdf6a071cccdcf374e3dbe45159590?s=96&d=mm&r=g","contentUrl":"https:\/\/secure.gravatar.com\/avatar\/10fdf6a071cccdcf374e3dbe45159590?s=96&d=mm&r=g","caption":"Moustapha"},"sameAs":["https:\/\/www.nettali.com"]}]}},"_links":{"self":[{"href":"https:\/\/www.nettali.com\/rest\/wp\/v2\/posts\/158082"}],"collection":[{"href":"https:\/\/www.nettali.com\/rest\/wp\/v2\/posts"}],"about":[{"href":"https:\/\/www.nettali.com\/rest\/wp\/v2\/types\/post"}],"author":[{"embeddable":true,"href":"https:\/\/www.nettali.com\/rest\/wp\/v2\/users\/3"}],"replies":[{"embeddable":true,"href":"https:\/\/www.nettali.com\/rest\/wp\/v2\/comments?post=158082"}],"version-history":[{"count":2,"href":"https:\/\/www.nettali.com\/rest\/wp\/v2\/posts\/158082\/revisions"}],"predecessor-version":[{"id":158101,"href":"https:\/\/www.nettali.com\/rest\/wp\/v2\/posts\/158082\/revisions\/158101"}],"wp:featuredmedia":[{"embeddable":true,"href":"https:\/\/www.nettali.com\/rest\/wp\/v2\/media\/158086"}],"wp:attachment":[{"href":"https:\/\/www.nettali.com\/rest\/wp\/v2\/media?parent=158082"}],"wp:term":[{"taxonomy":"category","embeddable":true,"href":"https:\/\/www.nettali.com\/rest\/wp\/v2\/categories?post=158082"},{"taxonomy":"post_tag","embeddable":true,"href":"https:\/\/www.nettali.com\/rest\/wp\/v2\/tags?post=158082"}],"curies":[{"name":"wp","href":"https:\/\/api.w.org\/{rel}","templated":true}]}}