{"id":157995,"date":"2025-07-23T07:12:12","date_gmt":"2025-07-23T07:12:12","guid":{"rendered":"https:\/\/www.nettali.com\/?p=157995"},"modified":"2025-07-26T08:11:17","modified_gmt":"2025-07-26T08:11:17","slug":"dans-les-dissonances-extremes-dune-gouvernance","status":"publish","type":"post","link":"https:\/\/www.nettali.com\/2025\/07\/23\/dans-les-dissonances-extremes-dune-gouvernance\/","title":{"rendered":"IDIOVISUEL - Dans les dissonances extr\u00eames d\u2019une gouvernance !"},"content":{"rendered":"<p><strong>NETTALI.COM - <\/strong>Plus le temps passe, plus Ousmane Sonko ne semble en faire qu\u2019\u00e0 sa t\u00eate et \u00e0 continuer \u00e0 faire feu de tout bois. R\u00e9cemment, il s\u2019en est encore pris \u00e0 la presse, \u00e0 l\u2019opposition, \u00e0 la magistrature, ses cibles favorites, pour les emp\u00eacheurs de tourner en rond et contrepouvoirs qu\u2019ils sont. Mais cette fois-ci, il s\u2019est choisi une nouvelle cible, la soci\u00e9t\u00e9 civile dont il a trait\u00e9 ses membres de \u00ab fumiers \u00bb. Sans doute, a-t-il \u00e9t\u00e9 contrari\u00e9 par cette certains d\u2019entre eux, \u00e0 la voix audible, qui ont d\u00e9nonc\u00e9 les convocations et emprisonnements de chroniqueurs et journalistes, en invoquant la n\u00e9cessit\u00e9 du respect des droits de l\u2019homme ?<\/p>\n<p><strong>Une sortie, des interpr\u00e9tations diff\u00e9rentes<\/strong><\/p>\n<p>Mais la grosse surprise que personne n\u2019attendait h\u00e9las, c\u2019est cette sortie virulente du Premier ministre contre le pr\u00e9sident de la r\u00e9publique. En fait, le PM Ousmane Sonko est convaincu qu\u2019il y a dans Pastef, des responsables qui s\u2019emploient \u00e0 le combattre, ajoutant avoir demand\u00e9 au Pr\u00e9sident Faye d\u2019y mettre un terme, puisque d\u00e8s lors qu\u2019il s\u2019agit de lui, il s\u2019en occupe. Bien plus que cela, Ousmane Sonko a d\u00e9clar\u00e9 avoir \u00ab tout endur\u00e9\u2026. Et aujourd\u2019hui, les gens bombent le torse, certains essayant de cr\u00e9er des clans. \u00bb, avant de faire remarquer que \u00ab cela n\u2019arrivera pas dans le Parti \u00bb, puisqu\u2019il y veillera personnellement, estimant au passage que \u00ab chacun doit prendre ses responsabilit\u00e9s \u00bb<\/p>\n<p>Absence de marges de man\u0153uvres r\u00e9elles ou victimisation ? Diversion voire pr\u00e9texte pour cacher le manque de r\u00e9sultats dans la gouvernance un peu plus d\u2019un an apr\u00e8s, ou encore tentative de se d\u00e9fausser sur le pr\u00e9sident de la r\u00e9publique ? Autant d\u2019interrogations et des positions diff\u00e9rentes.<\/p>\n<p>R\u00e9cemment, lors d\u2019un conseil des ministres, le premier ministre avait tap\u00e9 du poing sur la table, dressant un s\u00e9v\u00e8re r\u00e9quisitoire contre les pratiques observ\u00e9es dans plusieurs structures publiques, en d\u00e9non\u00e7ant des manquements graves, r\u00e9currents et contraires aux r\u00e8gles de transparence et de bonne gouvernance. Il mettant par la m\u00eame occasion en cause, la performance du service public, tout en relevant la mauvaise qualit\u00e9 de la repr\u00e9sentation dans certains conseils d\u2019administration, due au profil inadapt\u00e9.<\/p>\n<p>On l\u2019avait aussi entendu \u00e9voquer un plan de redressement national. Mais la question, c\u2019est qu\u2019est-ce que cela voulait r\u00e9ellement dire \u00e0 un peu plus d\u2019un an d\u2019exercice du pouvoir, m\u00eame si le PM doit, \u00e0 la v\u00e9rit\u00e9, se rendre \u00e0 l\u2019\u00e9vidence que la d\u00e9finition de la politique de la nation revient au chef de l\u2019Etat, alors que lui n\u2019est charg\u00e9 que de l\u2019ex\u00e9cuter.<\/p>\n<p>Samba Sy, le secr\u00e9taire g\u00e9n\u00e9ral du Parti de l\u2019Ind\u00e9pendance et du Travail, notre \u00e0 travers cette sorties, des relations complexes entre le pr\u00e9sident Bassirou Diomaye Faye et son Premier ministre Ousmane Sonko, assimilant la cohabitation en cours, \u00ab \u00e0 une crise institutionnelle latente \u00bb. C\u2019\u00e9tait lors de \u00ab Jury du dimanche \u00bb du 13 juillet sur iRadio,<\/p>\n<p>Olivier Boucal, le ministre de la fonction publique et membre du Pastef, a lui une autre lecture de la situation. Il pense qu\u2019\u00ab i<em>l faut d\u2019abord distinguer le Premier ministre du pr\u00e9sident du parti. La derni\u00e8re fois, c\u2019est le pr\u00e9sident du parti qui s\u2019est exprim\u00e9.<\/em> \u00bb Une clarification qui, selon lui, permet de replacer les propos dans leur contexte r\u00e9el. Olivier Boucal affirme que cette culture du d\u00e9bat franc et ouvert, s\u2019\u00e9tend jusqu\u2019au sommet de l\u2019\u00c9tat. \u00ab Il n\u2019y a aucun probl\u00e8me entre le pr\u00e9sident Diomaye et le Premier ministre Sonko. Je peux vous l\u2019assurer. Les relations sont excellentes et d\u00e9passent m\u00eame le cadre politique \u00bb, a-t-il d\u00e9clar\u00e9, avant de rappeler un fait symbolique : \u00ab <em>Tout le monde sait que le pr\u00e9sident Diomaye a donn\u00e9 le nom de son enfant \u00e0 Ousmane Sonko.<\/em> \u00bb<\/p>\n<p>La directrice g\u00e9n\u00e9rale de l\u2019ADEPME et non moins porte-parole adjointe du Pastef Marie Rose Faye a de son c\u00f4t\u00e9 tenu \u00e0 clarifier qu\u2019\"i<em>l y a des contradictions, certes, mais pas de rupture.<\/em>\" Selon elle, ceux qui sp\u00e9culent sur un \u00e9ventuel divorce entre le pr\u00e9sident Diomaye Faye et son Premier ministre Sonko s'aventurent sur un terrain qu\u2019ils ne ma\u00eetrisent pas.<\/p>\n<p>Quant aux femmes de Pastef, elles ont fait bloc derri\u00e8re leur leader Ousmane Sonko. Dans une d\u00e9claration rendue publique, le dimanche 13 juillet, le Mouvement national des femmes de PASTEF dit exprimer \u00ab <em>son adh\u00e9sion totale et sa d\u00e9termination \u00e0 faire \u00e9cho \u00e0 l\u2019appel historique \u00e0 l\u2019unit\u00e9, \u00e0 la discipline et \u00e0 l'engagement militant<\/em> \u00bb lanc\u00e9 par le pr\u00e9sident du parti, il y a quelques jours, estimant qu\u2019\u00e0 ses yeux, \u201cil est urgent de taire les divergences, de bannir les logiques de clans, de rejeter toute man\u0153uvre souterraine et de (se) consacrer enti\u00e8rement \u00e0 la r\u00e9ussite du projet national patriote\u201d.<\/p>\n<p>Difficile en effet de savoir ce dont se plaint r\u00e9ellement Ousmane Sonko, apr\u00e8s \u00e9t\u00e9 jug\u00e9 d\u00e9tenir bien trop de pouvoirs qu\u2019il n\u2019en faut par bon nombre d\u2019observateurs et d\u2019opposants, alors m\u00eame que le pr\u00e9sident de la r\u00e9publique avait \u00e9t\u00e9 critiqu\u00e9 sur ses propos quant \u00e0 sa volont\u00e9 de se battre pour l\u2019arriv\u00e9e d\u2019Ousmane Sonko au pouvoir ; ou encore celle d\u2019avoir \u00ab un Premier ministre super fort \u00bb.<\/p>\n<p>Au-del\u00e0, c\u2019est l\u2019\u00e9quation du parti Pastef dans la gouvernance qui est pos\u00e9e. \u00ab Certains parlent d\u2019Etat-parti, ce n\u2019est pas un probl\u00e8me\u2026. Nous \u00e9tions plusieurs \u00e0 briguer le suffrage des S\u00e9n\u00e9galais. Il faut avoir le courage de gouverner avec ceux qui croient au projet ; en assumant cette responsabilit\u00e9. Ce n\u2019est pas une question de partage de postes\u2026\u00bb, a soutenu le pr\u00e9sident de Pastef.<\/p>\n<p>Pour le journaliste-chroniqueur Ibou Fall, lorsque le PM s\u2019adresse au parti et dit \u00ab nous sommes l\u2019\u00e9tat \u00bb, ne revendique-t-il pas une \u00ab position \u00bb que le parti doit avoir dans la gouvernance ? Ce qui selon lui, ne m\u00e8nera sans aucun doute que vers le parti-\u00e9tat.<\/p>\n<p>En somme, des complaintes qui laissent sans aucun doute accr\u00e9diter l\u2019id\u00e9e d\u2019une dualit\u00e9 au sommet de l\u2019ex\u00e9cutif que d\u2019aucuns ne manquent pas de relever, alors dans les rangs de Pastef, l\u2019on s\u2019inscrit en faux.<\/p>\n<p>Le rapport entre les deux t\u00eates de l\u2019ex\u00e9cutif, Samba Sy du PIT la qualifie de situation de \u00ab gouvernance \u00e9vasive et de justifications permanentes \u00bb, ajoutant qu\u2019\u00ab on cherche des d\u00e9faussoires, des exutoires\u2026 mais nulle part les alibis n\u2019ont permis \u00e0 un pays d\u2019avancer \u00bb, d\u00e9non\u00e7ant un pouvoir davantage pr\u00e9occup\u00e9 \u00e0 d\u00e9signer des coupables qu\u2019\u00e0 s\u2019attaquer aux vrais d\u00e9fis du S\u00e9n\u00e9gal.<\/p>\n<p>Ils \u00e9taient en tout cas nombreux, les S\u00e9n\u00e9galais, \u00e0 se demander si le pr\u00e9sident de la R\u00e9publique allait r\u00e9pondre aux attaques de son Premier ministre. Bassirou Diomaye Faye a ainsi profit\u00e9 de la r\u00e9ception officielle des conclusions du dialogue national politique pour r\u00e9agir. \u00ab Non ! Comme Ousmane Sonko l\u2019a dit lui-m\u00eame, il est mon ami. On n'a aucun conflit \u00bb, a r\u00e9agi Diomaye Faye. Avant d\u2019ajouter : \u00ab pr\u00e9server la paix et la stabilit\u00e9 politique du pays \u00bb et se concentrer sur les \u00ab difficult\u00e9s des S\u00e9n\u00e9galais. C\u2019est l\u00e0 qu\u2019on nous attend \u00bb. Une fa\u00e7on indirecte de r\u00e9pondre \u00e0 son Premier ministre quand Ousmane Sonko \u00e9voquait jeudi dernier la n\u00e9cessit\u00e9 d\u2019acc\u00e9l\u00e9rer les r\u00e9formes et notamment la reddition des comptes.<\/p>\n<p>\u00c0 Sonko qui r\u00e9clame l\u2019envoi en prison de certains dignitaires de l\u2019ancien r\u00e9gime qu\u2019il juge coupables de graves d\u00e9tournements, Diomaye oppose l\u2019int\u00e9r\u00eat particulier qu\u2019il accorde \u00e0 la lib\u00e9ration de la Justice. Pour le pr\u00e9sident de la r\u00e9publique, \u00ab le seul combat qui vaille, c\u2019est le combat contre les difficult\u00e9s que les S\u00e9n\u00e9galais endurent \u00bb. Ajoutant qu\u2019\u00ab en tant que pr\u00e9sident de la R\u00e9publique, conscient de (sa) responsabilit\u00e9 \u00bb, il va \u00ab inscrire (son) action dans cette dynamique \u00bb qu\u2019il \u00ab ne compte pas en d\u00e9vier \u00bb. Une r\u00e9ponse simple, concise sans esprit pol\u00e9mique qui montre que le pr\u00e9sident Faye ne compte pas d\u00e9vier de sa trajectoire.<\/p>\n<p>Dans une tribune au vitriol, le d\u00e9put\u00e9 Thierno Alassane Sall s\u2019attendait lui plut\u00f4t \u00e0 un recadrage par le pr\u00e9sident de son Premier ministre et a dit sa d\u00e9ception, estimant que c\u2019est une prise de parole \u00ab qui a choqu\u00e9 presque autant \u00bb que les propos d\u2019Ousmane Sonko. Pour Thierno Alassane Sall, la r\u00e9ponse du chef de l\u2019\u00c9tat aux propos pol\u00e9miques de son Premier ministre a \u00e9t\u00e9 \u00ab un glissement grave \u00bb. Le d\u00e9put\u00e9 estime que le pr\u00e9sident a fait le choix de d\u00e9fendre son \u00ab ami \u00bb au d\u00e9triment des piliers de la R\u00e9publique. D\u00e8s lors, refuser de d\u00e9savouer ses propos, c\u2019est accepter une remise en cause de l\u2019autorit\u00e9 pr\u00e9sidentielle. \u00ab Il n\u2019y a pas d\u2019autorit\u00e9 l\u00e0 o\u00f9 l\u2019on h\u00e9site \u00e0 rappeler \u00e0 l\u2019ordre ceux qui franchissent les lignes rouges de la R\u00e9publique. \u00bb Au-del\u00e0 du malaise institutionnel, Thierno Alassane Sall met en accusation ce qu\u2019il appelle le \u00ab Protocole du Cap Manuel \u00bb, un accord politique secret entre Diomaye et Sonko qui aurait organis\u00e9 leur conqu\u00eate du pouvoir plus sur la base d\u2019ambitions personnelles que de projet commun.<\/p>\n<p>Le d\u00e9put\u00e9 ne manque d\u2019ailleurs pas de s\u2019interroger sur la cr\u00e9dibilit\u00e9 des engagements du chef de l\u2019\u00c9tat \u00e0 d\u00e9fendre la justice et la d\u00e9mocratie. \u00ab <em>Que valent d\u00e9sormais ses refrains r\u00e9p\u00e9t\u00e9s sur la n\u00e9cessit\u00e9 de lib\u00e9rer la Justice (otage de qui ?), si lui-m\u00eame n\u2019est pas en mesure de prononcer un mot de compassion envers les magistrats ?<\/em> \u00bb. Tout comme l\u2019incoh\u00e9rence qu\u2019il rel\u00e8ve entre les d\u00e9clarations d\u2019intention du Pr\u00e9sident et la r\u00e9alit\u00e9 des actes judiciaires. \u00ab <em>Il n\u2019est pas apparu paradoxal aux yeux du Pr\u00e9sident qu\u2019au moment o\u00f9 il parle de lib\u00e9rer la Justice, des prisonniers d\u2019opinion continuent \u00e0 affluer dans les ge\u00f4les de la R\u00e9publique comme jamais<\/em> \u00bb. Thierno Alassane Sall pointe ainsi une justice o\u00f9 \u00ab le parquet, capable d\u2019une intraitable s\u00e9v\u00e9rit\u00e9 contre des p\u00e9cadilles quand il s\u2019agit d\u2019Abdou Nguer, de Moustapha Diakhat\u00e9 ou encore de Badara Gadiaga, se bouche les oreilles pour ne pas entendre les propos de Ousmane Sonko \u00bb.<\/p>\n<p>Pour TAS, seule une action imm\u00e9diate pourra convaincre de la sinc\u00e9rit\u00e9 du pr\u00e9sident. Et celui-ci de rappeler que les attaques du Premier ministre ont vis\u00e9 des institutions fondamentales. \u00ab <em>Des magistrats ont \u00e9t\u00e9 gravement mis en cause. Des accusations aussi violentes que gratuites ont \u00e9t\u00e9 prof\u00e9r\u00e9es contre une institution dont l\u2019ind\u00e9pendance est le socle de tout \u00c9tat de droit.<\/em> \u00bb Face \u00e0 cela, \u00ab <em>l\u2019\u00e9motion l\u00e9gitime de beaucoup\u2026 ne m\u00e9ritait ni r\u00e9ponse claire, ni condamnation ferme<\/em> \u00bb.<\/p>\n<p><strong>Le pr\u00e9sident de la r\u00e9publique, clef de vo\u00fbte des institutions<\/strong><\/p>\n<p>Les attaques du PM contre la justice, la presse, l\u2019opposition sont devenues tellement r\u00e9currentes, qu\u2019elles en arrivent \u00e0 \u00eatre banalis\u00e9es et consid\u00e9r\u00e9es comme normales aupr\u00e8s d\u2019un certain public qui suit ce refrain hostile, sans toutefois mesurer la r\u00e9alit\u00e9 des accusations et le danger qui est de tenter d\u2019affaiblir ces institutions de la r\u00e9publique. Une posture pourtant facilement \u00e9vitable, d\u2019autant plus que le d\u00e9clenchement d\u2019une proc\u00e9dure contre tout magistrat passible d\u2019une faute, n\u2019ob\u00e9it qu\u2019\u00e0 une autorisation pr\u00e9alable, celle du ministre de la justice qui peut au pr\u00e9alable demander la diligence d\u2019une enqu\u00eate au niveau de l\u2019Inspection g\u00e9n\u00e9rale de l\u2019Administration de la Justice (IGAJ). De m\u00eame, tout journaliste peut faire l\u2019objet d\u2019une plainte aupr\u00e8s du Cored, le tribunal des pairs. Comment en effet concevoir que l\u2019on puisse traiter un opposant de \u00ab r\u00e9sidu \u00bb ou un membre de la soci\u00e9t\u00e9 civile de \u00ab fumier \u00bb, alors que dans le m\u00eame temps, l\u2019on d\u00e9plore des propos et comportements suppos\u00e9s d\u00e9plac\u00e9s de chroniqueurs et de journalistes ? Pourquoi ce besoin de les lyncher tous sur la place publique, alors qu\u2019il existe dans les diff\u00e9rentes corporations \u00e9norm\u00e9ment de magistrats et de journalistes int\u00e8gres ?<\/p>\n<p>La v\u00e9rit\u00e9 est que ceux qui s\u2019en prennent au pr\u00e9sident de la r\u00e9publique, ne mesurent certainement pas son vrai poids. Il a de tels pouvoirs que lorsqu\u2019on l\u2019attaque, on s\u2019attaque \u00e0 l\u2019Etat dans sa toute-puissance. Le pr\u00e9sident tr\u00f4ne en effet au-dessus des institutions de la r\u00e9publique. Il est le garant du fonctionnement r\u00e9gulier des institutions, de l\u2019ind\u00e9pendance nationale et de l\u2019int\u00e9grit\u00e9 du territoire. Il est le gardien de la Constitution et le premier protecteur des Arts et des Lettres. Il incarne l\u2019unit\u00e9 nationale. Il d\u00e9termine la politique de la Nation et pr\u00e9side le Conseil des ministres.<br \/>\nIl signe les ordonnances et les d\u00e9crets. Le pr\u00e9sident de la R\u00e9publique nomme aussi aux emplois civils et militaires. Il est responsable de la D\u00e9fense nationale. Il pr\u00e9side le Conseil sup\u00e9rieur de la D\u00e9fense nationale et le Conseil national de la S\u00e9curit\u00e9. Il est le chef supr\u00eame des arm\u00e9es.<\/p>\n<p>Le pr\u00e9sident de la R\u00e9publique accr\u00e9dite les ambassadeurs et les envoy\u00e9s extraordinaires aupr\u00e8s des puissances \u00e9trang\u00e8res. Les ambassadeurs et les envoy\u00e9s extraordinaires des puissances \u00e9trang\u00e8res sont accr\u00e9dit\u00e9s aupr\u00e8s de lui. Le pr\u00e9sident de la R\u00e9publique a le droit de faire gr\u00e2ce.<br \/>\nIl peut adresser des messages \u00e0 la Nations. Il nomme le Premier ministre et met fin \u00e0 ses fonctions. Ce qui veut dire qu\u2019il n\u2019est pas n\u2019importe qui puisqu\u2019il est le pr\u00e9sident de ceux qui ont vot\u00e9 pour lui comme ceux qui n\u2019ont pas vot\u00e9 pour lui. D\u2019o\u00f9 sa posture r\u00e9publicaine qui est d\u2019\u00eatre au-dessus de la m\u00eal\u00e9e. Ce qui signifie en d\u2019autres termes, tous ceux qui cherchent \u00e0 imposer une pr\u00e9gnance du parti dans la gestion \u00e9tatique, se trompent.<\/p>\n<p><strong>L\u2019affaissement du niveau des politiques<\/strong><\/p>\n<p>La politique en tout cas, telle qu\u2019elle se m\u00e8ne actuellement sous nos cieux, ne laisse pas beaucoup de place \u00e0 la force des arguments. Il suffit de noter ce type de campagne impudique qui se m\u00e8ne dans les r\u00e9seaux sociaux, appelant \u00e0 limoger les ministres de la justice et de l\u2019int\u00e9rieur, Ousmane Diagne et Jean Baptiste Tine, afin de les remplacer respectivement par Alioune Ndao et Waly Diouf Bodian. Comme si la gestion du pouvoir devait s\u2019exercer au niveau des r\u00e9seaux sociaux dans une sorte de logique d\u2019onction populaire ? Que reproche-t-on au juste \u00e0 ces deux-l\u00e0 ? Peut-\u00eatre de ne pas trop se soumettre aux caprices du Pastef !<\/p>\n<p>Tout comme cette sortie aussi explosive que celle du ministre de l'Energie, du P\u00e9trole et des Mines, \u00e0 l'Universit\u00e9 Gaston Berger de Saint- Louis, ce temple du savoir, dans le cadre d\u2019une activit\u00e9 des jeunes de Pastef. Il a tout simplement appel\u00e9 les jeunes de Pastef \u00e0 rendre leurs insultes \u00e0 tous ceux qui osent insulter Ousmane Sonko. \"<em>Ku saaga Ousmane saaga leen ko (Insultez tous ceux qui osent insulter Ousmane Sonko)<\/em>\", a-t-il lanc\u00e9 aux militants. Des propos accueillis, dans la salle, par un tonnerre d'applaudissements.<\/p>\n<p>Une situation qui a d\u2019ailleurs install\u00e9 la pol\u00e9mique dans les r\u00e9seaux sociaux. Beaucoup d'internautes dont des responsables du parti au pouvoir n'ont pas h\u00e9sit\u00e9 \u00e0 d\u00e9noncer une telle sortie. Pour eux, il appartient \u00e0 la Justice de faire appliquer la loi contre les insulteurs.<br \/>\nParmi les pourfendeurs de Birame Soul\u00e8ye Diop, il y a Lamine Niang, responsable Pastef et Directeur g\u00e9n\u00e9ral du quotidien national \"Le Soleil\". \u00ab Dans un temple du savoir, on encourage la force des arguments et la bataille des id\u00e9es. Revenons \u00e0 l\u2019orthodoxie id\u00e9ologique de Pastef. L\u2019\u00e9motion est mauvaise conseill\u00e8re \u00bb, a-t-il post\u00e9 sur Facebook.<\/p>\n<p>Seydi Gassama d'Amnesty S\u00e9n\u00e9gal ajoute, de son c\u00f4t\u00e9, que \"venger l'insulte par l'insulte ne peut que cr\u00e9er l'anarchie et m\u00eame troubler l'ordre public\". \"Tous les acteurs politiques et sociaux doivent promouvoir un d\u00e9bat public serein et porteur de progr\u00e8s pour le pays\", souligne-t-il. Mais il ne manque de gens pour soutenir Birame Soul\u00e8ye Diop. Certains militants s'en sont m\u00eame pris \u00e0 tous les responsables qui critiquent le ministre de l'Energie, du P\u00e9trole et des Mines.<\/p>\n<p>Tout cette ambiance \u00e9lectrique de clivages et de haine manifestes, est sans doute li\u00e9 \u00e0 l\u2019affaissement du niveau des politiques (comme des autres secteurs d\u2019ailleurs de la vie nationale) au point que le seul g\u00e9nie d\u00e9ploy\u00e9 est de type musculaire. Il y a comme une sorte de carence qu\u2019on cherche \u00e0 camoufler avec la poussi\u00e8re de la meute. Disons que la politique s\u2019est gravement d\u00e9pr\u00e9ci\u00e9e sous nos Tropiques. Il y a aujourd\u2019hui comme une sorte de \u00ab rachitisation \u00bb continue des us et codes. La culture tik-tok ou fast-food emp\u00eache les jeunes loups de la politique de proposer \u00e0 leurs cibles, en majorit\u00e9 des jeunes, d\u2019ailleurs de moins en moins cultiv\u00e9s avec un niveau d\u2019\u00e9tudes qui se d\u00e9pr\u00e9cie de plus en plus, des contenus structur\u00e9s qui vont leur permettre d\u2019avoir plus de lisibilit\u00e9 sur la gestion de la cite et sur l\u2019avenir qu\u2019on leur propose.<\/p>\n<p>De ce point de vue, il y a une nette diff\u00e9rence entre les hommes politiques actuels et leurs a\u00een\u00e9s, ceux-l\u00e0 qui avaient une solide culture politique et \u00e9taient beaucoup \u00e9duqu\u00e9s et plus cultiv\u00e9s.<\/p>\n<p>On oublie souvent que la politique n\u2019a pas commenc\u00e9 dans ce pays en 2000, ni 2012 ou 2019 et encore moins en 2024. Et qu\u2019\u00e0 des moments d\u00e9termin\u00e9s de la vie de cette jeune nation, les vertus de la discussion et l\u2019intelligence consensuelle ont r\u00e9guli\u00e8rement pris le dessus sur les instincts basiques, guerriers, ferm\u00e9s et souvent suicidaires. Me Wade par exemple a d\u00fb mener par exemple 26 ans d\u2019opposition avant d\u2019acc\u00e9der au pouvoir. Que repr\u00e9sente alors le temps d\u2019opposition de Macky Sall et d\u2019Ousmane Sonko ?<\/p>\n<p>Il est en tout cas bien incompr\u00e9hensible, avec toute l\u2019exp\u00e9rience politique acquise par notre pays, depuis plus d\u2019un si\u00e8cle, qu\u2019on en arrive l\u00e0. Et que nos hommes politiques se prennent encore et toujours pour des demi-dieux sortis de la cuisse de Jupiter ou des messies sans qui le S\u00e9n\u00e9gal ne sera pas sauv\u00e9 de la pauvret\u00e9.<\/p>\n<p>Selon des observateurs, cette cohue dans la gouvernance, est assimilable \u00e0 une volont\u00e9 de mettre la pression sur le pr\u00e9sident de la R\u00e9publique, dans le seul but de recentrer la gestion du pouvoir dans le giron de Pastef, avec en ligne de mire, la candidature d\u2019Ousmane Sonko en 2029. Une situation qui intervient au moment o\u00f9 est \u00e9voqu\u00e9e l\u2019\u00e9mergence d\u2019un mouvement de soutien \u00ab And Doleel Diomaye \u00bb qui tisserait sa toile \u00e0 Touba.<\/p>\n<p>Mais la vraie question est surtout de savoir o\u00f9 cette ambiance \u00e9lectrique et de confusion dans la gestion du pouvoir nous m\u00e8nera, si ce n\u2019est tout droit dans le mur. Apr\u00e8s les attaques r\u00e9p\u00e9t\u00e9es contre la magistrature, l\u2019opposition, la presse, la soci\u00e9t\u00e9 civile et maintenant le pr\u00e9sident de la r\u00e9publique, qui pourrait-on \u00e9pargner ? Une bonne question.<\/p>\n<p>&nbsp;<\/p>\n<p>&nbsp;<\/p>\n<p>&nbsp;<\/p>\n<p>&nbsp;<\/p>\n<p>I<\/p>\n<div class='share-to-whatsapp-wrapper'><div class='share-on-whsp'>PARTAGER SUR : <\/div><a data-text='IDIOVISUEL - Dans les dissonances extr\u00eames d\u2019une gouvernance !' data-link='https:\/\/www.nettali.com\/2025\/07\/23\/dans-les-dissonances-extremes-dune-gouvernance\/' class='whatsapp-button whatsapp-share'>WhatsApp<\/a><div class='clear '><\/div><\/div>","protected":false},"excerpt":{"rendered":"<p>NETTALI.COM - Plus le temps passe, plus Ousmane Sonko ne semble en faire qu\u2019\u00e0 sa t\u00eate et \u00e0 continuer \u00e0 faire feu de tout bois. R\u00e9cemment, il s\u2019en est encore pris \u00e0 la presse, \u00e0 l\u2019opposition, \u00e0 la magistrature, ses cibles favorites, pour les emp\u00eacheurs de tourner en rond et contrepouvoirs qu\u2019ils sont. Mais cette [&hellip;]<\/p>\n","protected":false},"author":2,"featured_media":157980,"comment_status":"open","ping_status":"open","sticky":false,"template":"","format":"standard","meta":{"_et_pb_use_builder":"","_et_pb_old_content":""},"categories":[9],"tags":[],"yoast_head":"<!-- This site is optimized with the Yoast SEO Premium plugin v17.8 (Yoast SEO v17.8) - https:\/\/yoast.com\/wordpress\/plugins\/seo\/ -->\n<title>IDIOVISUEL - Dans les dissonances extr\u00eames d\u2019une gouvernance ! | Nettali.com<\/title>\n<meta name=\"robots\" content=\"index, follow, max-snippet:-1, max-image-preview:large, max-video-preview:-1\" \/>\n<link rel=\"canonical\" href=\"https:\/\/www.nettali.com\/2025\/07\/23\/dans-les-dissonances-extremes-dune-gouvernance\/\" \/>\n<meta property=\"og:locale\" content=\"fr_FR\" \/>\n<meta property=\"og:type\" content=\"article\" \/>\n<meta property=\"og:title\" content=\"IDIOVISUEL - Dans les dissonances extr\u00eames d\u2019une gouvernance !\" \/>\n<meta property=\"og:description\" content=\"NETTALI.COM - Plus le temps passe, plus Ousmane Sonko ne semble en faire qu\u2019\u00e0 sa t\u00eate et \u00e0 continuer \u00e0 faire feu de tout bois. R\u00e9cemment, il s\u2019en est encore pris \u00e0 la presse, \u00e0 l\u2019opposition, \u00e0 la magistrature, ses cibles favorites, pour les emp\u00eacheurs de tourner en rond et contrepouvoirs qu\u2019ils sont. Mais cette [&hellip;]\" \/>\n<meta property=\"og:url\" content=\"https:\/\/www.nettali.com\/2025\/07\/23\/dans-les-dissonances-extremes-dune-gouvernance\/\" \/>\n<meta property=\"og:site_name\" content=\"Nettali.com\" \/>\n<meta property=\"article:publisher\" content=\"https:\/\/www.facebook.com\/nettalicom\" \/>\n<meta property=\"article:published_time\" content=\"2025-07-23T07:12:12+00:00\" \/>\n<meta property=\"article:modified_time\" content=\"2025-07-26T08:11:17+00:00\" \/>\n<meta property=\"og:image\" content=\"https:\/\/www.nettali.com\/wp-content\/uploads\/2025\/07\/sonko-diomaye-et-co.jpg\" \/>\n\t<meta property=\"og:image:width\" content=\"1280\" \/>\n\t<meta property=\"og:image:height\" content=\"600\" \/>\n<meta name=\"twitter:card\" content=\"summary_large_image\" \/>\n<meta name=\"twitter:label1\" content=\"\u00c9crit par\" \/>\n\t<meta name=\"twitter:data1\" content=\"CK\" \/>\n\t<meta name=\"twitter:label2\" content=\"Dur\u00e9e de lecture estim\u00e9e\" \/>\n\t<meta name=\"twitter:data2\" content=\"15 minutes\" \/>\n<script type=\"application\/ld+json\" class=\"yoast-schema-graph\">{\"@context\":\"https:\/\/schema.org\",\"@graph\":[{\"@type\":\"WebSite\",\"@id\":\"https:\/\/www.nettali.com\/#website\",\"url\":\"https:\/\/www.nettali.com\/\",\"name\":\"Nettali.com\",\"description\":\"Le rendez-vous critique du Net\",\"potentialAction\":[{\"@type\":\"SearchAction\",\"target\":{\"@type\":\"EntryPoint\",\"urlTemplate\":\"https:\/\/www.nettali.com\/?s={search_term_string}\"},\"query-input\":\"required name=search_term_string\"}],\"inLanguage\":\"fr-FR\"},{\"@type\":\"ImageObject\",\"@id\":\"https:\/\/www.nettali.com\/2025\/07\/23\/dans-les-dissonances-extremes-dune-gouvernance\/#primaryimage\",\"inLanguage\":\"fr-FR\",\"url\":\"https:\/\/www.nettali.com\/wp-content\/uploads\/2025\/07\/sonko-diomaye-et-co.jpg\",\"contentUrl\":\"https:\/\/www.nettali.com\/wp-content\/uploads\/2025\/07\/sonko-diomaye-et-co.jpg\",\"width\":1280,\"height\":600},{\"@type\":\"WebPage\",\"@id\":\"https:\/\/www.nettali.com\/2025\/07\/23\/dans-les-dissonances-extremes-dune-gouvernance\/#webpage\",\"url\":\"https:\/\/www.nettali.com\/2025\/07\/23\/dans-les-dissonances-extremes-dune-gouvernance\/\",\"name\":\"IDIOVISUEL - Dans les dissonances extr\\u00eames d\\u2019une gouvernance ! | Nettali.com\",\"isPartOf\":{\"@id\":\"https:\/\/www.nettali.com\/#website\"},\"primaryImageOfPage\":{\"@id\":\"https:\/\/www.nettali.com\/2025\/07\/23\/dans-les-dissonances-extremes-dune-gouvernance\/#primaryimage\"},\"datePublished\":\"2025-07-23T07:12:12+00:00\",\"dateModified\":\"2025-07-26T08:11:17+00:00\",\"author\":{\"@id\":\"https:\/\/www.nettali.com\/#\/schema\/person\/d8ac7b7e27ddad43f1c0d2ef090d7f71\"},\"breadcrumb\":{\"@id\":\"https:\/\/www.nettali.com\/2025\/07\/23\/dans-les-dissonances-extremes-dune-gouvernance\/#breadcrumb\"},\"inLanguage\":\"fr-FR\",\"potentialAction\":[{\"@type\":\"ReadAction\",\"target\":[\"https:\/\/www.nettali.com\/2025\/07\/23\/dans-les-dissonances-extremes-dune-gouvernance\/\"]}]},{\"@type\":\"BreadcrumbList\",\"@id\":\"https:\/\/www.nettali.com\/2025\/07\/23\/dans-les-dissonances-extremes-dune-gouvernance\/#breadcrumb\",\"itemListElement\":[{\"@type\":\"ListItem\",\"position\":1,\"name\":\"Accueil\",\"item\":\"https:\/\/www.nettali.com\/\"},{\"@type\":\"ListItem\",\"position\":2,\"name\":\"IDIOVISUEL - Dans les dissonances extr\\u00eames d\\u2019une gouvernance !\"}]},{\"@type\":\"Person\",\"@id\":\"https:\/\/www.nettali.com\/#\/schema\/person\/d8ac7b7e27ddad43f1c0d2ef090d7f71\",\"name\":\"CK\",\"image\":{\"@type\":\"ImageObject\",\"@id\":\"https:\/\/www.nettali.com\/#personlogo\",\"inLanguage\":\"fr-FR\",\"url\":\"https:\/\/secure.gravatar.com\/avatar\/1d8d5118b9327d94da7cd4ce7f17fec2?s=96&d=mm&r=g\",\"contentUrl\":\"https:\/\/secure.gravatar.com\/avatar\/1d8d5118b9327d94da7cd4ce7f17fec2?s=96&d=mm&r=g\",\"caption\":\"CK\"},\"sameAs\":[\"https:\/\/www.nettali.com\"]}]}<\/script>\n<!-- \/ Yoast SEO Premium plugin. -->","yoast_head_json":{"title":"IDIOVISUEL - Dans les dissonances extr\u00eames d\u2019une gouvernance ! | Nettali.com","robots":{"index":"index","follow":"follow","max-snippet":"max-snippet:-1","max-image-preview":"max-image-preview:large","max-video-preview":"max-video-preview:-1"},"canonical":"https:\/\/www.nettali.com\/2025\/07\/23\/dans-les-dissonances-extremes-dune-gouvernance\/","og_locale":"fr_FR","og_type":"article","og_title":"IDIOVISUEL - Dans les dissonances extr\u00eames d\u2019une gouvernance !","og_description":"NETTALI.COM - Plus le temps passe, plus Ousmane Sonko ne semble en faire qu\u2019\u00e0 sa t\u00eate et \u00e0 continuer \u00e0 faire feu de tout bois. R\u00e9cemment, il s\u2019en est encore pris \u00e0 la presse, \u00e0 l\u2019opposition, \u00e0 la magistrature, ses cibles favorites, pour les emp\u00eacheurs de tourner en rond et contrepouvoirs qu\u2019ils sont. Mais cette [&hellip;]","og_url":"https:\/\/www.nettali.com\/2025\/07\/23\/dans-les-dissonances-extremes-dune-gouvernance\/","og_site_name":"Nettali.com","article_publisher":"https:\/\/www.facebook.com\/nettalicom","article_published_time":"2025-07-23T07:12:12+00:00","article_modified_time":"2025-07-26T08:11:17+00:00","og_image":[{"width":1280,"height":600,"url":"https:\/\/www.nettali.com\/wp-content\/uploads\/2025\/07\/sonko-diomaye-et-co.jpg","type":"image\/jpeg"}],"twitter_card":"summary_large_image","twitter_misc":{"\u00c9crit par":"CK","Dur\u00e9e de lecture estim\u00e9e":"15 minutes"},"schema":{"@context":"https:\/\/schema.org","@graph":[{"@type":"WebSite","@id":"https:\/\/www.nettali.com\/#website","url":"https:\/\/www.nettali.com\/","name":"Nettali.com","description":"Le rendez-vous critique du Net","potentialAction":[{"@type":"SearchAction","target":{"@type":"EntryPoint","urlTemplate":"https:\/\/www.nettali.com\/?s={search_term_string}"},"query-input":"required name=search_term_string"}],"inLanguage":"fr-FR"},{"@type":"ImageObject","@id":"https:\/\/www.nettali.com\/2025\/07\/23\/dans-les-dissonances-extremes-dune-gouvernance\/#primaryimage","inLanguage":"fr-FR","url":"https:\/\/www.nettali.com\/wp-content\/uploads\/2025\/07\/sonko-diomaye-et-co.jpg","contentUrl":"https:\/\/www.nettali.com\/wp-content\/uploads\/2025\/07\/sonko-diomaye-et-co.jpg","width":1280,"height":600},{"@type":"WebPage","@id":"https:\/\/www.nettali.com\/2025\/07\/23\/dans-les-dissonances-extremes-dune-gouvernance\/#webpage","url":"https:\/\/www.nettali.com\/2025\/07\/23\/dans-les-dissonances-extremes-dune-gouvernance\/","name":"IDIOVISUEL - Dans les dissonances extr\u00eames d\u2019une gouvernance ! | Nettali.com","isPartOf":{"@id":"https:\/\/www.nettali.com\/#website"},"primaryImageOfPage":{"@id":"https:\/\/www.nettali.com\/2025\/07\/23\/dans-les-dissonances-extremes-dune-gouvernance\/#primaryimage"},"datePublished":"2025-07-23T07:12:12+00:00","dateModified":"2025-07-26T08:11:17+00:00","author":{"@id":"https:\/\/www.nettali.com\/#\/schema\/person\/d8ac7b7e27ddad43f1c0d2ef090d7f71"},"breadcrumb":{"@id":"https:\/\/www.nettali.com\/2025\/07\/23\/dans-les-dissonances-extremes-dune-gouvernance\/#breadcrumb"},"inLanguage":"fr-FR","potentialAction":[{"@type":"ReadAction","target":["https:\/\/www.nettali.com\/2025\/07\/23\/dans-les-dissonances-extremes-dune-gouvernance\/"]}]},{"@type":"BreadcrumbList","@id":"https:\/\/www.nettali.com\/2025\/07\/23\/dans-les-dissonances-extremes-dune-gouvernance\/#breadcrumb","itemListElement":[{"@type":"ListItem","position":1,"name":"Accueil","item":"https:\/\/www.nettali.com\/"},{"@type":"ListItem","position":2,"name":"IDIOVISUEL - Dans les dissonances extr\u00eames d\u2019une gouvernance !"}]},{"@type":"Person","@id":"https:\/\/www.nettali.com\/#\/schema\/person\/d8ac7b7e27ddad43f1c0d2ef090d7f71","name":"CK","image":{"@type":"ImageObject","@id":"https:\/\/www.nettali.com\/#personlogo","inLanguage":"fr-FR","url":"https:\/\/secure.gravatar.com\/avatar\/1d8d5118b9327d94da7cd4ce7f17fec2?s=96&d=mm&r=g","contentUrl":"https:\/\/secure.gravatar.com\/avatar\/1d8d5118b9327d94da7cd4ce7f17fec2?s=96&d=mm&r=g","caption":"CK"},"sameAs":["https:\/\/www.nettali.com"]}]}},"_links":{"self":[{"href":"https:\/\/www.nettali.com\/rest\/wp\/v2\/posts\/157995"}],"collection":[{"href":"https:\/\/www.nettali.com\/rest\/wp\/v2\/posts"}],"about":[{"href":"https:\/\/www.nettali.com\/rest\/wp\/v2\/types\/post"}],"author":[{"embeddable":true,"href":"https:\/\/www.nettali.com\/rest\/wp\/v2\/users\/2"}],"replies":[{"embeddable":true,"href":"https:\/\/www.nettali.com\/rest\/wp\/v2\/comments?post=157995"}],"version-history":[{"count":5,"href":"https:\/\/www.nettali.com\/rest\/wp\/v2\/posts\/157995\/revisions"}],"predecessor-version":[{"id":158100,"href":"https:\/\/www.nettali.com\/rest\/wp\/v2\/posts\/157995\/revisions\/158100"}],"wp:featuredmedia":[{"embeddable":true,"href":"https:\/\/www.nettali.com\/rest\/wp\/v2\/media\/157980"}],"wp:attachment":[{"href":"https:\/\/www.nettali.com\/rest\/wp\/v2\/media?parent=157995"}],"wp:term":[{"taxonomy":"category","embeddable":true,"href":"https:\/\/www.nettali.com\/rest\/wp\/v2\/categories?post=157995"},{"taxonomy":"post_tag","embeddable":true,"href":"https:\/\/www.nettali.com\/rest\/wp\/v2\/tags?post=157995"}],"curies":[{"name":"wp","href":"https:\/\/api.w.org\/{rel}","templated":true}]}}