{"id":157982,"date":"2025-07-21T12:41:50","date_gmt":"2025-07-21T12:41:50","guid":{"rendered":"https:\/\/www.nettali.com\/?p=157982"},"modified":"2025-07-22T07:21:45","modified_gmt":"2025-07-22T07:21:45","slug":"kocc-barma-defere-au-parquet-une-information-judiciaire-sollicitee","status":"publish","type":"post","link":"https:\/\/www.nettali.com\/2025\/07\/21\/kocc-barma-defere-au-parquet-une-information-judiciaire-sollicitee\/","title":{"rendered":"KOCC BARMA D\u00c9F\u00c9R\u00c9 AU PARQUET - Une information judiciaire sollicit\u00e9e"},"content":{"rendered":"<p data-start=\"238\" data-end=\"545\"><strong>NETTALI.COM - Arr\u00eat\u00e9 dans le cadre d\u2019une enqu\u00eate men\u00e9e par la Division sp\u00e9ciale de cybers\u00e9curit\u00e9, El Hadj Babacar Dioum, alias Kocc Barma, a \u00e9t\u00e9 pr\u00e9sent\u00e9 ce lundi 21 juillet au tribunal de grande instance hors classe de Dakar. En attendant son face-\u00e0-face avec le procureur, il reste en garde dans la cave du tribunal.<\/strong><\/p>\n<p data-start=\"575\" data-end=\"858\">Figure connue sous le pseudonyme de Kocc Barma, El Hadj Babacar Dioum a \u00e9t\u00e9 d\u00e9f\u00e9r\u00e9 ce lundi 21 juillet 2025 devant le tribunal de grande instance hors classe de Dakar, apr\u00e8s la cl\u00f4ture de son audition par la Division sp\u00e9ciale de cybers\u00e9curit\u00e9.<\/p>\n<p data-start=\"860\" data-end=\"1107\">Selon nos informations, le dossier d\u2019enqu\u00eate a \u00e9t\u00e9 boucl\u00e9 dimanche, ouvrant la voie \u00e0 une proc\u00e9dure judiciaire. \u00c0 l\u2019heure actuelle, Kocc Barma attend dans la cave du tribunal, en attendant d\u2019\u00eatre pr\u00e9sent\u00e9 au procureur de la R\u00e9publique.<\/p>\n<p data-start=\"1109\" data-end=\"1383\">Ce dernier devrait requ\u00e9rir l\u2019ouverture d\u2019une information judiciaire, ce qui laisse pr\u00e9sager un retour de parquet, une proc\u00e9dure fr\u00e9quente dans les dossiers sensibles ou complexes. Pour l\u2019instant, les chefs d\u2019inculpation n\u2019ont pas \u00e9t\u00e9 officiellement communiqu\u00e9s.<\/p>\n<p data-start=\"1385\" data-end=\"1560\">L\u2019affaire suscite d\u00e9j\u00e0 de vives r\u00e9actions sur les r\u00e9seaux sociaux, o\u00f9 les publications de Kocc Barma, souvent jug\u00e9es provocantes et diffamatoires, divisent l\u2019opinion publique.<\/p>\n<div class='share-to-whatsapp-wrapper'><div class='share-on-whsp'>PARTAGER SUR : <\/div><a data-text='KOCC BARMA D\u00c9F\u00c9R\u00c9 AU PARQUET - Une information judiciaire sollicit\u00e9e' data-link='https:\/\/www.nettali.com\/2025\/07\/21\/kocc-barma-defere-au-parquet-une-information-judiciaire-sollicitee\/' class='whatsapp-button whatsapp-share'>WhatsApp<\/a><div class='clear '><\/div><\/div>","protected":false},"excerpt":{"rendered":"<p>NETTALI.COM - Arr\u00eat\u00e9 dans le cadre d\u2019une enqu\u00eate men\u00e9e par la Division sp\u00e9ciale de cybers\u00e9curit\u00e9, El Hadj Babacar Dioum, alias Kocc Barma, a \u00e9t\u00e9 pr\u00e9sent\u00e9 ce lundi 21 juillet au tribunal de grande instance hors classe de Dakar. En attendant son face-\u00e0-face avec le procureur, il reste en garde dans la cave du tribunal. Figure [&hellip;]<\/p>\n","protected":false},"author":4,"featured_media":157842,"comment_status":"open","ping_status":"open","sticky":false,"template":"","format":"standard","meta":{"_et_pb_use_builder":"","_et_pb_old_content":""},"categories":[3],"tags":[],"yoast_head":"<!-- This site is optimized with the Yoast SEO Premium plugin v17.8 (Yoast SEO v17.8) - https:\/\/yoast.com\/wordpress\/plugins\/seo\/ -->\n<title>KOCC BARMA D\u00c9F\u00c9R\u00c9 AU PARQUET - Une information judiciaire sollicit\u00e9e | Nettali.com<\/title>\n<meta name=\"robots\" content=\"index, follow, max-snippet:-1, max-image-preview:large, max-video-preview:-1\" \/>\n<link rel=\"canonical\" href=\"https:\/\/www.nettali.com\/2025\/07\/21\/kocc-barma-defere-au-parquet-une-information-judiciaire-sollicitee\/\" \/>\n<meta property=\"og:locale\" content=\"fr_FR\" \/>\n<meta property=\"og:type\" content=\"article\" \/>\n<meta property=\"og:title\" content=\"KOCC BARMA D\u00c9F\u00c9R\u00c9 AU PARQUET - Une information judiciaire sollicit\u00e9e\" \/>\n<meta property=\"og:description\" content=\"NETTALI.COM - Arr\u00eat\u00e9 dans le cadre d\u2019une enqu\u00eate men\u00e9e par la Division sp\u00e9ciale de cybers\u00e9curit\u00e9, El Hadj Babacar Dioum, alias Kocc Barma, a \u00e9t\u00e9 pr\u00e9sent\u00e9 ce lundi 21 juillet au tribunal de grande instance hors classe de Dakar. En attendant son face-\u00e0-face avec le procureur, il reste en garde dans la cave du tribunal. Figure [&hellip;]\" \/>\n<meta property=\"og:url\" content=\"https:\/\/www.nettali.com\/2025\/07\/21\/kocc-barma-defere-au-parquet-une-information-judiciaire-sollicitee\/\" \/>\n<meta property=\"og:site_name\" content=\"Nettali.com\" \/>\n<meta property=\"article:publisher\" content=\"https:\/\/www.facebook.com\/nettalicom\" \/>\n<meta property=\"article:published_time\" content=\"2025-07-21T12:41:50+00:00\" \/>\n<meta property=\"article:modified_time\" content=\"2025-07-22T07:21:45+00:00\" \/>\n<meta property=\"og:image\" content=\"https:\/\/www.nettali.com\/wp-content\/uploads\/2025\/07\/images-7.jpeg\" \/>\n\t<meta property=\"og:image:width\" content=\"896\" \/>\n\t<meta property=\"og:image:height\" content=\"660\" \/>\n<meta name=\"twitter:card\" content=\"summary_large_image\" \/>\n<meta name=\"twitter:label1\" content=\"\u00c9crit par\" \/>\n\t<meta name=\"twitter:data1\" content=\"Daouda\" \/>\n\t<meta name=\"twitter:label2\" content=\"Dur\u00e9e de lecture estim\u00e9e\" \/>\n\t<meta name=\"twitter:data2\" content=\"1 minute\" \/>\n<script type=\"application\/ld+json\" class=\"yoast-schema-graph\">{\"@context\":\"https:\/\/schema.org\",\"@graph\":[{\"@type\":\"WebSite\",\"@id\":\"https:\/\/www.nettali.com\/#website\",\"url\":\"https:\/\/www.nettali.com\/\",\"name\":\"Nettali.com\",\"description\":\"Le rendez-vous critique du Net\",\"potentialAction\":[{\"@type\":\"SearchAction\",\"target\":{\"@type\":\"EntryPoint\",\"urlTemplate\":\"https:\/\/www.nettali.com\/?s={search_term_string}\"},\"query-input\":\"required name=search_term_string\"}],\"inLanguage\":\"fr-FR\"},{\"@type\":\"ImageObject\",\"@id\":\"https:\/\/www.nettali.com\/2025\/07\/21\/kocc-barma-defere-au-parquet-une-information-judiciaire-sollicitee\/#primaryimage\",\"inLanguage\":\"fr-FR\",\"url\":\"https:\/\/www.nettali.com\/wp-content\/uploads\/2025\/07\/images-7.jpeg\",\"contentUrl\":\"https:\/\/www.nettali.com\/wp-content\/uploads\/2025\/07\/images-7.jpeg\",\"width\":896,\"height\":660},{\"@type\":\"WebPage\",\"@id\":\"https:\/\/www.nettali.com\/2025\/07\/21\/kocc-barma-defere-au-parquet-une-information-judiciaire-sollicitee\/#webpage\",\"url\":\"https:\/\/www.nettali.com\/2025\/07\/21\/kocc-barma-defere-au-parquet-une-information-judiciaire-sollicitee\/\",\"name\":\"KOCC BARMA D\\u00c9F\\u00c9R\\u00c9 AU PARQUET - Une information judiciaire sollicit\\u00e9e | Nettali.com\",\"isPartOf\":{\"@id\":\"https:\/\/www.nettali.com\/#website\"},\"primaryImageOfPage\":{\"@id\":\"https:\/\/www.nettali.com\/2025\/07\/21\/kocc-barma-defere-au-parquet-une-information-judiciaire-sollicitee\/#primaryimage\"},\"datePublished\":\"2025-07-21T12:41:50+00:00\",\"dateModified\":\"2025-07-22T07:21:45+00:00\",\"author\":{\"@id\":\"https:\/\/www.nettali.com\/#\/schema\/person\/3317e0bb3aa1da309fbf7b2780901bf4\"},\"breadcrumb\":{\"@id\":\"https:\/\/www.nettali.com\/2025\/07\/21\/kocc-barma-defere-au-parquet-une-information-judiciaire-sollicitee\/#breadcrumb\"},\"inLanguage\":\"fr-FR\",\"potentialAction\":[{\"@type\":\"ReadAction\",\"target\":[\"https:\/\/www.nettali.com\/2025\/07\/21\/kocc-barma-defere-au-parquet-une-information-judiciaire-sollicitee\/\"]}]},{\"@type\":\"BreadcrumbList\",\"@id\":\"https:\/\/www.nettali.com\/2025\/07\/21\/kocc-barma-defere-au-parquet-une-information-judiciaire-sollicitee\/#breadcrumb\",\"itemListElement\":[{\"@type\":\"ListItem\",\"position\":1,\"name\":\"Accueil\",\"item\":\"https:\/\/www.nettali.com\/\"},{\"@type\":\"ListItem\",\"position\":2,\"name\":\"KOCC BARMA D\\u00c9F\\u00c9R\\u00c9 AU PARQUET - Une information judiciaire sollicit\\u00e9e\"}]},{\"@type\":\"Person\",\"@id\":\"https:\/\/www.nettali.com\/#\/schema\/person\/3317e0bb3aa1da309fbf7b2780901bf4\",\"name\":\"Daouda\",\"image\":{\"@type\":\"ImageObject\",\"@id\":\"https:\/\/www.nettali.com\/#personlogo\",\"inLanguage\":\"fr-FR\",\"url\":\"https:\/\/secure.gravatar.com\/avatar\/8d143b5a49345098ddcfee1c49c2f47c?s=96&d=mm&r=g\",\"contentUrl\":\"https:\/\/secure.gravatar.com\/avatar\/8d143b5a49345098ddcfee1c49c2f47c?s=96&d=mm&r=g\",\"caption\":\"Daouda\"},\"sameAs\":[\"https:\/\/www.nettali.com\"]}]}<\/script>\n<!-- \/ Yoast SEO Premium plugin. -->","yoast_head_json":{"title":"KOCC BARMA D\u00c9F\u00c9R\u00c9 AU PARQUET - Une information judiciaire sollicit\u00e9e | Nettali.com","robots":{"index":"index","follow":"follow","max-snippet":"max-snippet:-1","max-image-preview":"max-image-preview:large","max-video-preview":"max-video-preview:-1"},"canonical":"https:\/\/www.nettali.com\/2025\/07\/21\/kocc-barma-defere-au-parquet-une-information-judiciaire-sollicitee\/","og_locale":"fr_FR","og_type":"article","og_title":"KOCC BARMA D\u00c9F\u00c9R\u00c9 AU PARQUET - Une information judiciaire sollicit\u00e9e","og_description":"NETTALI.COM - Arr\u00eat\u00e9 dans le cadre d\u2019une enqu\u00eate men\u00e9e par la Division sp\u00e9ciale de cybers\u00e9curit\u00e9, El Hadj Babacar Dioum, alias Kocc Barma, a \u00e9t\u00e9 pr\u00e9sent\u00e9 ce lundi 21 juillet au tribunal de grande instance hors classe de Dakar. En attendant son face-\u00e0-face avec le procureur, il reste en garde dans la cave du tribunal. Figure [&hellip;]","og_url":"https:\/\/www.nettali.com\/2025\/07\/21\/kocc-barma-defere-au-parquet-une-information-judiciaire-sollicitee\/","og_site_name":"Nettali.com","article_publisher":"https:\/\/www.facebook.com\/nettalicom","article_published_time":"2025-07-21T12:41:50+00:00","article_modified_time":"2025-07-22T07:21:45+00:00","og_image":[{"width":896,"height":660,"url":"https:\/\/www.nettali.com\/wp-content\/uploads\/2025\/07\/images-7.jpeg","type":"image\/jpeg"}],"twitter_card":"summary_large_image","twitter_misc":{"\u00c9crit par":"Daouda","Dur\u00e9e de lecture estim\u00e9e":"1 minute"},"schema":{"@context":"https:\/\/schema.org","@graph":[{"@type":"WebSite","@id":"https:\/\/www.nettali.com\/#website","url":"https:\/\/www.nettali.com\/","name":"Nettali.com","description":"Le rendez-vous critique du Net","potentialAction":[{"@type":"SearchAction","target":{"@type":"EntryPoint","urlTemplate":"https:\/\/www.nettali.com\/?s={search_term_string}"},"query-input":"required name=search_term_string"}],"inLanguage":"fr-FR"},{"@type":"ImageObject","@id":"https:\/\/www.nettali.com\/2025\/07\/21\/kocc-barma-defere-au-parquet-une-information-judiciaire-sollicitee\/#primaryimage","inLanguage":"fr-FR","url":"https:\/\/www.nettali.com\/wp-content\/uploads\/2025\/07\/images-7.jpeg","contentUrl":"https:\/\/www.nettali.com\/wp-content\/uploads\/2025\/07\/images-7.jpeg","width":896,"height":660},{"@type":"WebPage","@id":"https:\/\/www.nettali.com\/2025\/07\/21\/kocc-barma-defere-au-parquet-une-information-judiciaire-sollicitee\/#webpage","url":"https:\/\/www.nettali.com\/2025\/07\/21\/kocc-barma-defere-au-parquet-une-information-judiciaire-sollicitee\/","name":"KOCC BARMA D\u00c9F\u00c9R\u00c9 AU PARQUET - Une information judiciaire sollicit\u00e9e | Nettali.com","isPartOf":{"@id":"https:\/\/www.nettali.com\/#website"},"primaryImageOfPage":{"@id":"https:\/\/www.nettali.com\/2025\/07\/21\/kocc-barma-defere-au-parquet-une-information-judiciaire-sollicitee\/#primaryimage"},"datePublished":"2025-07-21T12:41:50+00:00","dateModified":"2025-07-22T07:21:45+00:00","author":{"@id":"https:\/\/www.nettali.com\/#\/schema\/person\/3317e0bb3aa1da309fbf7b2780901bf4"},"breadcrumb":{"@id":"https:\/\/www.nettali.com\/2025\/07\/21\/kocc-barma-defere-au-parquet-une-information-judiciaire-sollicitee\/#breadcrumb"},"inLanguage":"fr-FR","potentialAction":[{"@type":"ReadAction","target":["https:\/\/www.nettali.com\/2025\/07\/21\/kocc-barma-defere-au-parquet-une-information-judiciaire-sollicitee\/"]}]},{"@type":"BreadcrumbList","@id":"https:\/\/www.nettali.com\/2025\/07\/21\/kocc-barma-defere-au-parquet-une-information-judiciaire-sollicitee\/#breadcrumb","itemListElement":[{"@type":"ListItem","position":1,"name":"Accueil","item":"https:\/\/www.nettali.com\/"},{"@type":"ListItem","position":2,"name":"KOCC BARMA D\u00c9F\u00c9R\u00c9 AU PARQUET - Une information judiciaire sollicit\u00e9e"}]},{"@type":"Person","@id":"https:\/\/www.nettali.com\/#\/schema\/person\/3317e0bb3aa1da309fbf7b2780901bf4","name":"Daouda","image":{"@type":"ImageObject","@id":"https:\/\/www.nettali.com\/#personlogo","inLanguage":"fr-FR","url":"https:\/\/secure.gravatar.com\/avatar\/8d143b5a49345098ddcfee1c49c2f47c?s=96&d=mm&r=g","contentUrl":"https:\/\/secure.gravatar.com\/avatar\/8d143b5a49345098ddcfee1c49c2f47c?s=96&d=mm&r=g","caption":"Daouda"},"sameAs":["https:\/\/www.nettali.com"]}]}},"_links":{"self":[{"href":"https:\/\/www.nettali.com\/rest\/wp\/v2\/posts\/157982"}],"collection":[{"href":"https:\/\/www.nettali.com\/rest\/wp\/v2\/posts"}],"about":[{"href":"https:\/\/www.nettali.com\/rest\/wp\/v2\/types\/post"}],"author":[{"embeddable":true,"href":"https:\/\/www.nettali.com\/rest\/wp\/v2\/users\/4"}],"replies":[{"embeddable":true,"href":"https:\/\/www.nettali.com\/rest\/wp\/v2\/comments?post=157982"}],"version-history":[{"count":1,"href":"https:\/\/www.nettali.com\/rest\/wp\/v2\/posts\/157982\/revisions"}],"predecessor-version":[{"id":157983,"href":"https:\/\/www.nettali.com\/rest\/wp\/v2\/posts\/157982\/revisions\/157983"}],"wp:featuredmedia":[{"embeddable":true,"href":"https:\/\/www.nettali.com\/rest\/wp\/v2\/media\/157842"}],"wp:attachment":[{"href":"https:\/\/www.nettali.com\/rest\/wp\/v2\/media?parent=157982"}],"wp:term":[{"taxonomy":"category","embeddable":true,"href":"https:\/\/www.nettali.com\/rest\/wp\/v2\/categories?post=157982"},{"taxonomy":"post_tag","embeddable":true,"href":"https:\/\/www.nettali.com\/rest\/wp\/v2\/tags?post=157982"}],"curies":[{"name":"wp","href":"https:\/\/api.w.org\/{rel}","templated":true}]}}