{"id":157977,"date":"2025-07-21T07:21:03","date_gmt":"2025-07-21T07:21:03","guid":{"rendered":"https:\/\/www.nettali.com\/?p=157977"},"modified":"2025-07-21T07:21:03","modified_gmt":"2025-07-21T07:21:03","slug":"man-utd-contacts-pris-pour-lapres-onana","status":"publish","type":"post","link":"https:\/\/www.nettali.com\/2025\/07\/21\/man-utd-contacts-pris-pour-lapres-onana\/","title":{"rendered":"MAN UTD - Contacts pris pour l'apr\u00e8s-Onana"},"content":{"rendered":"<p><strong>NETTALI.COM -<\/strong> Il n'est pas dit qu'Andr\u00e9 Onana (29 ans, 50 matchs toutes comp\u00e9titions pour la saison 2024-2025), plus d\u00e9cevant qu'autre chose depuis deux ans, ait droit \u00e0 une troisi\u00e8me saison avec Manchester United.<\/p>\n<p>Les Red Devils sont ainsi attentifs aux opportunit\u00e9s de march\u00e9 concernant le poste de gardien et ont pris contact avec le Royal Antwerp afin d'obtenir des renseignements sur Senne Lammens (23 ans, 43 matchs toutes comp\u00e9titions pour la saison 2024-2025), qui les int\u00e9resse depuis plusieurs mois, selon le journaliste Fabrizio Romano.<\/p>\n<p>Emiliano Martinez (Aston Villa) figurait parmi les pistes les plus int\u00e9ressantes pour MU, mais l'Argentin co\u00fbterait beaucoup trop cher.<\/p>\n<div class='share-to-whatsapp-wrapper'><div class='share-on-whsp'>PARTAGER SUR : <\/div><a data-text='MAN UTD - Contacts pris pour l'apr\u00e8s-Onana' data-link='https:\/\/www.nettali.com\/2025\/07\/21\/man-utd-contacts-pris-pour-lapres-onana\/' class='whatsapp-button whatsapp-share'>WhatsApp<\/a><div class='clear '><\/div><\/div>","protected":false},"excerpt":{"rendered":"<p>NETTALI.COM - Il n'est pas dit qu'Andr\u00e9 Onana (29 ans, 50 matchs toutes comp\u00e9titions pour la saison 2024-2025), plus d\u00e9cevant qu'autre chose depuis deux ans, ait droit \u00e0 une troisi\u00e8me saison avec Manchester United. Les Red Devils sont ainsi attentifs aux opportunit\u00e9s de march\u00e9 concernant le poste de gardien et ont pris contact avec le [&hellip;]<\/p>\n","protected":false},"author":2,"featured_media":157978,"comment_status":"open","ping_status":"open","sticky":false,"template":"","format":"standard","meta":{"_et_pb_use_builder":"","_et_pb_old_content":""},"categories":[6],"tags":[],"yoast_head":"<!-- This site is optimized with the Yoast SEO Premium plugin v17.8 (Yoast SEO v17.8) - https:\/\/yoast.com\/wordpress\/plugins\/seo\/ -->\n<title>MAN UTD - Contacts pris pour l&#039;apr\u00e8s-Onana | Nettali.com<\/title>\n<meta name=\"robots\" content=\"index, follow, max-snippet:-1, max-image-preview:large, max-video-preview:-1\" \/>\n<link rel=\"canonical\" href=\"https:\/\/www.nettali.com\/2025\/07\/21\/man-utd-contacts-pris-pour-lapres-onana\/\" \/>\n<meta property=\"og:locale\" content=\"fr_FR\" \/>\n<meta property=\"og:type\" content=\"article\" \/>\n<meta property=\"og:title\" content=\"MAN UTD - Contacts pris pour l&#039;apr\u00e8s-Onana\" \/>\n<meta property=\"og:description\" content=\"NETTALI.COM - Il n&#039;est pas dit qu&#039;Andr\u00e9 Onana (29 ans, 50 matchs toutes comp\u00e9titions pour la saison 2024-2025), plus d\u00e9cevant qu&#039;autre chose depuis deux ans, ait droit \u00e0 une troisi\u00e8me saison avec Manchester United. Les Red Devils sont ainsi attentifs aux opportunit\u00e9s de march\u00e9 concernant le poste de gardien et ont pris contact avec le [&hellip;]\" \/>\n<meta property=\"og:url\" content=\"https:\/\/www.nettali.com\/2025\/07\/21\/man-utd-contacts-pris-pour-lapres-onana\/\" \/>\n<meta property=\"og:site_name\" content=\"Nettali.com\" \/>\n<meta property=\"article:publisher\" content=\"https:\/\/www.facebook.com\/nettalicom\" \/>\n<meta property=\"article:published_time\" content=\"2025-07-21T07:21:03+00:00\" \/>\n<meta property=\"og:image\" content=\"https:\/\/www.nettali.com\/wp-content\/uploads\/2025\/07\/photo-avec-28-64ea0b5c39dae.jpg\" \/>\n\t<meta property=\"og:image:width\" content=\"1200\" \/>\n\t<meta property=\"og:image:height\" content=\"675\" \/>\n<meta name=\"twitter:card\" content=\"summary_large_image\" \/>\n<meta name=\"twitter:label1\" content=\"\u00c9crit par\" \/>\n\t<meta name=\"twitter:data1\" content=\"CK\" \/>\n\t<meta name=\"twitter:label2\" content=\"Dur\u00e9e de lecture estim\u00e9e\" \/>\n\t<meta name=\"twitter:data2\" content=\"1 minute\" \/>\n<script type=\"application\/ld+json\" class=\"yoast-schema-graph\">{\"@context\":\"https:\/\/schema.org\",\"@graph\":[{\"@type\":\"WebSite\",\"@id\":\"https:\/\/www.nettali.com\/#website\",\"url\":\"https:\/\/www.nettali.com\/\",\"name\":\"Nettali.com\",\"description\":\"Le rendez-vous critique du Net\",\"potentialAction\":[{\"@type\":\"SearchAction\",\"target\":{\"@type\":\"EntryPoint\",\"urlTemplate\":\"https:\/\/www.nettali.com\/?s={search_term_string}\"},\"query-input\":\"required name=search_term_string\"}],\"inLanguage\":\"fr-FR\"},{\"@type\":\"ImageObject\",\"@id\":\"https:\/\/www.nettali.com\/2025\/07\/21\/man-utd-contacts-pris-pour-lapres-onana\/#primaryimage\",\"inLanguage\":\"fr-FR\",\"url\":\"https:\/\/www.nettali.com\/wp-content\/uploads\/2025\/07\/photo-avec-28-64ea0b5c39dae.jpg\",\"contentUrl\":\"https:\/\/www.nettali.com\/wp-content\/uploads\/2025\/07\/photo-avec-28-64ea0b5c39dae.jpg\",\"width\":1200,\"height\":675},{\"@type\":\"WebPage\",\"@id\":\"https:\/\/www.nettali.com\/2025\/07\/21\/man-utd-contacts-pris-pour-lapres-onana\/#webpage\",\"url\":\"https:\/\/www.nettali.com\/2025\/07\/21\/man-utd-contacts-pris-pour-lapres-onana\/\",\"name\":\"MAN UTD - Contacts pris pour l'apr\\u00e8s-Onana | Nettali.com\",\"isPartOf\":{\"@id\":\"https:\/\/www.nettali.com\/#website\"},\"primaryImageOfPage\":{\"@id\":\"https:\/\/www.nettali.com\/2025\/07\/21\/man-utd-contacts-pris-pour-lapres-onana\/#primaryimage\"},\"datePublished\":\"2025-07-21T07:21:03+00:00\",\"dateModified\":\"2025-07-21T07:21:03+00:00\",\"author\":{\"@id\":\"https:\/\/www.nettali.com\/#\/schema\/person\/d8ac7b7e27ddad43f1c0d2ef090d7f71\"},\"breadcrumb\":{\"@id\":\"https:\/\/www.nettali.com\/2025\/07\/21\/man-utd-contacts-pris-pour-lapres-onana\/#breadcrumb\"},\"inLanguage\":\"fr-FR\",\"potentialAction\":[{\"@type\":\"ReadAction\",\"target\":[\"https:\/\/www.nettali.com\/2025\/07\/21\/man-utd-contacts-pris-pour-lapres-onana\/\"]}]},{\"@type\":\"BreadcrumbList\",\"@id\":\"https:\/\/www.nettali.com\/2025\/07\/21\/man-utd-contacts-pris-pour-lapres-onana\/#breadcrumb\",\"itemListElement\":[{\"@type\":\"ListItem\",\"position\":1,\"name\":\"Accueil\",\"item\":\"https:\/\/www.nettali.com\/\"},{\"@type\":\"ListItem\",\"position\":2,\"name\":\"MAN UTD - Contacts pris pour l'apr\\u00e8s-Onana\"}]},{\"@type\":\"Person\",\"@id\":\"https:\/\/www.nettali.com\/#\/schema\/person\/d8ac7b7e27ddad43f1c0d2ef090d7f71\",\"name\":\"CK\",\"image\":{\"@type\":\"ImageObject\",\"@id\":\"https:\/\/www.nettali.com\/#personlogo\",\"inLanguage\":\"fr-FR\",\"url\":\"https:\/\/secure.gravatar.com\/avatar\/1d8d5118b9327d94da7cd4ce7f17fec2?s=96&d=mm&r=g\",\"contentUrl\":\"https:\/\/secure.gravatar.com\/avatar\/1d8d5118b9327d94da7cd4ce7f17fec2?s=96&d=mm&r=g\",\"caption\":\"CK\"},\"sameAs\":[\"https:\/\/www.nettali.com\"]}]}<\/script>\n<!-- \/ Yoast SEO Premium plugin. -->","yoast_head_json":{"title":"MAN UTD - Contacts pris pour l'apr\u00e8s-Onana | Nettali.com","robots":{"index":"index","follow":"follow","max-snippet":"max-snippet:-1","max-image-preview":"max-image-preview:large","max-video-preview":"max-video-preview:-1"},"canonical":"https:\/\/www.nettali.com\/2025\/07\/21\/man-utd-contacts-pris-pour-lapres-onana\/","og_locale":"fr_FR","og_type":"article","og_title":"MAN UTD - Contacts pris pour l'apr\u00e8s-Onana","og_description":"NETTALI.COM - Il n'est pas dit qu'Andr\u00e9 Onana (29 ans, 50 matchs toutes comp\u00e9titions pour la saison 2024-2025), plus d\u00e9cevant qu'autre chose depuis deux ans, ait droit \u00e0 une troisi\u00e8me saison avec Manchester United. Les Red Devils sont ainsi attentifs aux opportunit\u00e9s de march\u00e9 concernant le poste de gardien et ont pris contact avec le [&hellip;]","og_url":"https:\/\/www.nettali.com\/2025\/07\/21\/man-utd-contacts-pris-pour-lapres-onana\/","og_site_name":"Nettali.com","article_publisher":"https:\/\/www.facebook.com\/nettalicom","article_published_time":"2025-07-21T07:21:03+00:00","og_image":[{"width":1200,"height":675,"url":"https:\/\/www.nettali.com\/wp-content\/uploads\/2025\/07\/photo-avec-28-64ea0b5c39dae.jpg","type":"image\/jpeg"}],"twitter_card":"summary_large_image","twitter_misc":{"\u00c9crit par":"CK","Dur\u00e9e de lecture estim\u00e9e":"1 minute"},"schema":{"@context":"https:\/\/schema.org","@graph":[{"@type":"WebSite","@id":"https:\/\/www.nettali.com\/#website","url":"https:\/\/www.nettali.com\/","name":"Nettali.com","description":"Le rendez-vous critique du Net","potentialAction":[{"@type":"SearchAction","target":{"@type":"EntryPoint","urlTemplate":"https:\/\/www.nettali.com\/?s={search_term_string}"},"query-input":"required name=search_term_string"}],"inLanguage":"fr-FR"},{"@type":"ImageObject","@id":"https:\/\/www.nettali.com\/2025\/07\/21\/man-utd-contacts-pris-pour-lapres-onana\/#primaryimage","inLanguage":"fr-FR","url":"https:\/\/www.nettali.com\/wp-content\/uploads\/2025\/07\/photo-avec-28-64ea0b5c39dae.jpg","contentUrl":"https:\/\/www.nettali.com\/wp-content\/uploads\/2025\/07\/photo-avec-28-64ea0b5c39dae.jpg","width":1200,"height":675},{"@type":"WebPage","@id":"https:\/\/www.nettali.com\/2025\/07\/21\/man-utd-contacts-pris-pour-lapres-onana\/#webpage","url":"https:\/\/www.nettali.com\/2025\/07\/21\/man-utd-contacts-pris-pour-lapres-onana\/","name":"MAN UTD - Contacts pris pour l'apr\u00e8s-Onana | Nettali.com","isPartOf":{"@id":"https:\/\/www.nettali.com\/#website"},"primaryImageOfPage":{"@id":"https:\/\/www.nettali.com\/2025\/07\/21\/man-utd-contacts-pris-pour-lapres-onana\/#primaryimage"},"datePublished":"2025-07-21T07:21:03+00:00","dateModified":"2025-07-21T07:21:03+00:00","author":{"@id":"https:\/\/www.nettali.com\/#\/schema\/person\/d8ac7b7e27ddad43f1c0d2ef090d7f71"},"breadcrumb":{"@id":"https:\/\/www.nettali.com\/2025\/07\/21\/man-utd-contacts-pris-pour-lapres-onana\/#breadcrumb"},"inLanguage":"fr-FR","potentialAction":[{"@type":"ReadAction","target":["https:\/\/www.nettali.com\/2025\/07\/21\/man-utd-contacts-pris-pour-lapres-onana\/"]}]},{"@type":"BreadcrumbList","@id":"https:\/\/www.nettali.com\/2025\/07\/21\/man-utd-contacts-pris-pour-lapres-onana\/#breadcrumb","itemListElement":[{"@type":"ListItem","position":1,"name":"Accueil","item":"https:\/\/www.nettali.com\/"},{"@type":"ListItem","position":2,"name":"MAN UTD - Contacts pris pour l'apr\u00e8s-Onana"}]},{"@type":"Person","@id":"https:\/\/www.nettali.com\/#\/schema\/person\/d8ac7b7e27ddad43f1c0d2ef090d7f71","name":"CK","image":{"@type":"ImageObject","@id":"https:\/\/www.nettali.com\/#personlogo","inLanguage":"fr-FR","url":"https:\/\/secure.gravatar.com\/avatar\/1d8d5118b9327d94da7cd4ce7f17fec2?s=96&d=mm&r=g","contentUrl":"https:\/\/secure.gravatar.com\/avatar\/1d8d5118b9327d94da7cd4ce7f17fec2?s=96&d=mm&r=g","caption":"CK"},"sameAs":["https:\/\/www.nettali.com"]}]}},"_links":{"self":[{"href":"https:\/\/www.nettali.com\/rest\/wp\/v2\/posts\/157977"}],"collection":[{"href":"https:\/\/www.nettali.com\/rest\/wp\/v2\/posts"}],"about":[{"href":"https:\/\/www.nettali.com\/rest\/wp\/v2\/types\/post"}],"author":[{"embeddable":true,"href":"https:\/\/www.nettali.com\/rest\/wp\/v2\/users\/2"}],"replies":[{"embeddable":true,"href":"https:\/\/www.nettali.com\/rest\/wp\/v2\/comments?post=157977"}],"version-history":[{"count":1,"href":"https:\/\/www.nettali.com\/rest\/wp\/v2\/posts\/157977\/revisions"}],"predecessor-version":[{"id":157979,"href":"https:\/\/www.nettali.com\/rest\/wp\/v2\/posts\/157977\/revisions\/157979"}],"wp:featuredmedia":[{"embeddable":true,"href":"https:\/\/www.nettali.com\/rest\/wp\/v2\/media\/157978"}],"wp:attachment":[{"href":"https:\/\/www.nettali.com\/rest\/wp\/v2\/media?parent=157977"}],"wp:term":[{"taxonomy":"category","embeddable":true,"href":"https:\/\/www.nettali.com\/rest\/wp\/v2\/categories?post=157977"},{"taxonomy":"post_tag","embeddable":true,"href":"https:\/\/www.nettali.com\/rest\/wp\/v2\/tags?post=157977"}],"curies":[{"name":"wp","href":"https:\/\/api.w.org\/{rel}","templated":true}]}}