{"id":157974,"date":"2025-07-21T07:17:04","date_gmt":"2025-07-21T07:17:04","guid":{"rendered":"https:\/\/www.nettali.com\/?p=157974"},"modified":"2025-07-21T07:17:04","modified_gmt":"2025-07-21T07:17:04","slug":"bayern-un-accord-a-75-me-pour-luis-diaz","status":"publish","type":"post","link":"https:\/\/www.nettali.com\/2025\/07\/21\/bayern-un-accord-a-75-me-pour-luis-diaz\/","title":{"rendered":"BAYERN - Un accord \u00e0 75 M\u20ac pour Luis Diaz ?"},"content":{"rendered":"<p><strong>NETTALI.COM -<\/strong> Priorit\u00e9 identifi\u00e9e pour pallier le d\u00e9part de Leroy San\u00e9, Luis Diaz (28 ans, 36 matchs et 13 buts en Premier League pour la saison 2024-2025) se rapproche un peu plus du Bayern Munich.<\/p>\n<p>Alors que Liverpool a refus\u00e9 une premi\u00e8re offre de 67,5 millions d'euros pour l'ailier colombien, une nouvelle proposition du mastodonte allemand, estim\u00e9e \u00e0 75 M\u20ac, devrait rapprocher les deux clubs d'un accord, selon le journaliste Nicolo Schira ce dimanche.<\/p>\n<p>Cette potentielle rentr\u00e9e d'argent pourrait permettre aux Reds d'amortir les frais de l'arriv\u00e9e imminente d'Hugo Ekitike.<\/p>\n<div class='share-to-whatsapp-wrapper'><div class='share-on-whsp'>PARTAGER SUR : <\/div><a data-text='BAYERN - Un accord \u00e0 75 M\u20ac pour Luis Diaz ?' data-link='https:\/\/www.nettali.com\/2025\/07\/21\/bayern-un-accord-a-75-me-pour-luis-diaz\/' class='whatsapp-button whatsapp-share'>WhatsApp<\/a><div class='clear '><\/div><\/div>","protected":false},"excerpt":{"rendered":"<p>NETTALI.COM - Priorit\u00e9 identifi\u00e9e pour pallier le d\u00e9part de Leroy San\u00e9, Luis Diaz (28 ans, 36 matchs et 13 buts en Premier League pour la saison 2024-2025) se rapproche un peu plus du Bayern Munich. Alors que Liverpool a refus\u00e9 une premi\u00e8re offre de 67,5 millions d'euros pour l'ailier colombien, une nouvelle proposition du mastodonte [&hellip;]<\/p>\n","protected":false},"author":2,"featured_media":157975,"comment_status":"open","ping_status":"open","sticky":false,"template":"","format":"standard","meta":{"_et_pb_use_builder":"","_et_pb_old_content":""},"categories":[6],"tags":[],"yoast_head":"<!-- This site is optimized with the Yoast SEO Premium plugin v17.8 (Yoast SEO v17.8) - https:\/\/yoast.com\/wordpress\/plugins\/seo\/ -->\n<title>BAYERN - Un accord \u00e0 75 M\u20ac pour Luis Diaz ? | Nettali.com<\/title>\n<meta name=\"robots\" content=\"index, follow, max-snippet:-1, max-image-preview:large, max-video-preview:-1\" \/>\n<link rel=\"canonical\" href=\"https:\/\/www.nettali.com\/2025\/07\/21\/bayern-un-accord-a-75-me-pour-luis-diaz\/\" \/>\n<meta property=\"og:locale\" content=\"fr_FR\" \/>\n<meta property=\"og:type\" content=\"article\" \/>\n<meta property=\"og:title\" content=\"BAYERN - Un accord \u00e0 75 M\u20ac pour Luis Diaz ?\" \/>\n<meta property=\"og:description\" content=\"NETTALI.COM - Priorit\u00e9 identifi\u00e9e pour pallier le d\u00e9part de Leroy San\u00e9, Luis Diaz (28 ans, 36 matchs et 13 buts en Premier League pour la saison 2024-2025) se rapproche un peu plus du Bayern Munich. Alors que Liverpool a refus\u00e9 une premi\u00e8re offre de 67,5 millions d&#039;euros pour l&#039;ailier colombien, une nouvelle proposition du mastodonte [&hellip;]\" \/>\n<meta property=\"og:url\" content=\"https:\/\/www.nettali.com\/2025\/07\/21\/bayern-un-accord-a-75-me-pour-luis-diaz\/\" \/>\n<meta property=\"og:site_name\" content=\"Nettali.com\" \/>\n<meta property=\"article:publisher\" content=\"https:\/\/www.facebook.com\/nettalicom\" \/>\n<meta property=\"article:published_time\" content=\"2025-07-21T07:17:04+00:00\" \/>\n<meta property=\"og:image\" content=\"https:\/\/www.nettali.com\/wp-content\/uploads\/2025\/07\/99fc25610b7f6c55b3d34a566ba22cefb46adb617c25a102dcd169a2cf2cefa5-1200-675.jpg\" \/>\n\t<meta property=\"og:image:width\" content=\"1200\" \/>\n\t<meta property=\"og:image:height\" content=\"675\" \/>\n<meta name=\"twitter:card\" content=\"summary_large_image\" \/>\n<meta name=\"twitter:label1\" content=\"\u00c9crit par\" \/>\n\t<meta name=\"twitter:data1\" content=\"CK\" \/>\n<script type=\"application\/ld+json\" class=\"yoast-schema-graph\">{\"@context\":\"https:\/\/schema.org\",\"@graph\":[{\"@type\":\"WebSite\",\"@id\":\"https:\/\/www.nettali.com\/#website\",\"url\":\"https:\/\/www.nettali.com\/\",\"name\":\"Nettali.com\",\"description\":\"Le rendez-vous critique du Net\",\"potentialAction\":[{\"@type\":\"SearchAction\",\"target\":{\"@type\":\"EntryPoint\",\"urlTemplate\":\"https:\/\/www.nettali.com\/?s={search_term_string}\"},\"query-input\":\"required name=search_term_string\"}],\"inLanguage\":\"fr-FR\"},{\"@type\":\"ImageObject\",\"@id\":\"https:\/\/www.nettali.com\/2025\/07\/21\/bayern-un-accord-a-75-me-pour-luis-diaz\/#primaryimage\",\"inLanguage\":\"fr-FR\",\"url\":\"https:\/\/www.nettali.com\/wp-content\/uploads\/2025\/07\/99fc25610b7f6c55b3d34a566ba22cefb46adb617c25a102dcd169a2cf2cefa5-1200-675.jpg\",\"contentUrl\":\"https:\/\/www.nettali.com\/wp-content\/uploads\/2025\/07\/99fc25610b7f6c55b3d34a566ba22cefb46adb617c25a102dcd169a2cf2cefa5-1200-675.jpg\",\"width\":1200,\"height\":675},{\"@type\":\"WebPage\",\"@id\":\"https:\/\/www.nettali.com\/2025\/07\/21\/bayern-un-accord-a-75-me-pour-luis-diaz\/#webpage\",\"url\":\"https:\/\/www.nettali.com\/2025\/07\/21\/bayern-un-accord-a-75-me-pour-luis-diaz\/\",\"name\":\"BAYERN - Un accord \\u00e0 75 M\\u20ac pour Luis Diaz ? | Nettali.com\",\"isPartOf\":{\"@id\":\"https:\/\/www.nettali.com\/#website\"},\"primaryImageOfPage\":{\"@id\":\"https:\/\/www.nettali.com\/2025\/07\/21\/bayern-un-accord-a-75-me-pour-luis-diaz\/#primaryimage\"},\"datePublished\":\"2025-07-21T07:17:04+00:00\",\"dateModified\":\"2025-07-21T07:17:04+00:00\",\"author\":{\"@id\":\"https:\/\/www.nettali.com\/#\/schema\/person\/d8ac7b7e27ddad43f1c0d2ef090d7f71\"},\"breadcrumb\":{\"@id\":\"https:\/\/www.nettali.com\/2025\/07\/21\/bayern-un-accord-a-75-me-pour-luis-diaz\/#breadcrumb\"},\"inLanguage\":\"fr-FR\",\"potentialAction\":[{\"@type\":\"ReadAction\",\"target\":[\"https:\/\/www.nettali.com\/2025\/07\/21\/bayern-un-accord-a-75-me-pour-luis-diaz\/\"]}]},{\"@type\":\"BreadcrumbList\",\"@id\":\"https:\/\/www.nettali.com\/2025\/07\/21\/bayern-un-accord-a-75-me-pour-luis-diaz\/#breadcrumb\",\"itemListElement\":[{\"@type\":\"ListItem\",\"position\":1,\"name\":\"Accueil\",\"item\":\"https:\/\/www.nettali.com\/\"},{\"@type\":\"ListItem\",\"position\":2,\"name\":\"BAYERN - Un accord \\u00e0 75 M\\u20ac pour Luis Diaz ?\"}]},{\"@type\":\"Person\",\"@id\":\"https:\/\/www.nettali.com\/#\/schema\/person\/d8ac7b7e27ddad43f1c0d2ef090d7f71\",\"name\":\"CK\",\"image\":{\"@type\":\"ImageObject\",\"@id\":\"https:\/\/www.nettali.com\/#personlogo\",\"inLanguage\":\"fr-FR\",\"url\":\"https:\/\/secure.gravatar.com\/avatar\/1d8d5118b9327d94da7cd4ce7f17fec2?s=96&d=mm&r=g\",\"contentUrl\":\"https:\/\/secure.gravatar.com\/avatar\/1d8d5118b9327d94da7cd4ce7f17fec2?s=96&d=mm&r=g\",\"caption\":\"CK\"},\"sameAs\":[\"https:\/\/www.nettali.com\"]}]}<\/script>\n<!-- \/ Yoast SEO Premium plugin. -->","yoast_head_json":{"title":"BAYERN - Un accord \u00e0 75 M\u20ac pour Luis Diaz ? | Nettali.com","robots":{"index":"index","follow":"follow","max-snippet":"max-snippet:-1","max-image-preview":"max-image-preview:large","max-video-preview":"max-video-preview:-1"},"canonical":"https:\/\/www.nettali.com\/2025\/07\/21\/bayern-un-accord-a-75-me-pour-luis-diaz\/","og_locale":"fr_FR","og_type":"article","og_title":"BAYERN - Un accord \u00e0 75 M\u20ac pour Luis Diaz ?","og_description":"NETTALI.COM - Priorit\u00e9 identifi\u00e9e pour pallier le d\u00e9part de Leroy San\u00e9, Luis Diaz (28 ans, 36 matchs et 13 buts en Premier League pour la saison 2024-2025) se rapproche un peu plus du Bayern Munich. Alors que Liverpool a refus\u00e9 une premi\u00e8re offre de 67,5 millions d'euros pour l'ailier colombien, une nouvelle proposition du mastodonte [&hellip;]","og_url":"https:\/\/www.nettali.com\/2025\/07\/21\/bayern-un-accord-a-75-me-pour-luis-diaz\/","og_site_name":"Nettali.com","article_publisher":"https:\/\/www.facebook.com\/nettalicom","article_published_time":"2025-07-21T07:17:04+00:00","og_image":[{"width":1200,"height":675,"url":"https:\/\/www.nettali.com\/wp-content\/uploads\/2025\/07\/99fc25610b7f6c55b3d34a566ba22cefb46adb617c25a102dcd169a2cf2cefa5-1200-675.jpg","type":"image\/jpeg"}],"twitter_card":"summary_large_image","twitter_misc":{"\u00c9crit par":"CK"},"schema":{"@context":"https:\/\/schema.org","@graph":[{"@type":"WebSite","@id":"https:\/\/www.nettali.com\/#website","url":"https:\/\/www.nettali.com\/","name":"Nettali.com","description":"Le rendez-vous critique du Net","potentialAction":[{"@type":"SearchAction","target":{"@type":"EntryPoint","urlTemplate":"https:\/\/www.nettali.com\/?s={search_term_string}"},"query-input":"required name=search_term_string"}],"inLanguage":"fr-FR"},{"@type":"ImageObject","@id":"https:\/\/www.nettali.com\/2025\/07\/21\/bayern-un-accord-a-75-me-pour-luis-diaz\/#primaryimage","inLanguage":"fr-FR","url":"https:\/\/www.nettali.com\/wp-content\/uploads\/2025\/07\/99fc25610b7f6c55b3d34a566ba22cefb46adb617c25a102dcd169a2cf2cefa5-1200-675.jpg","contentUrl":"https:\/\/www.nettali.com\/wp-content\/uploads\/2025\/07\/99fc25610b7f6c55b3d34a566ba22cefb46adb617c25a102dcd169a2cf2cefa5-1200-675.jpg","width":1200,"height":675},{"@type":"WebPage","@id":"https:\/\/www.nettali.com\/2025\/07\/21\/bayern-un-accord-a-75-me-pour-luis-diaz\/#webpage","url":"https:\/\/www.nettali.com\/2025\/07\/21\/bayern-un-accord-a-75-me-pour-luis-diaz\/","name":"BAYERN - Un accord \u00e0 75 M\u20ac pour Luis Diaz ? | Nettali.com","isPartOf":{"@id":"https:\/\/www.nettali.com\/#website"},"primaryImageOfPage":{"@id":"https:\/\/www.nettali.com\/2025\/07\/21\/bayern-un-accord-a-75-me-pour-luis-diaz\/#primaryimage"},"datePublished":"2025-07-21T07:17:04+00:00","dateModified":"2025-07-21T07:17:04+00:00","author":{"@id":"https:\/\/www.nettali.com\/#\/schema\/person\/d8ac7b7e27ddad43f1c0d2ef090d7f71"},"breadcrumb":{"@id":"https:\/\/www.nettali.com\/2025\/07\/21\/bayern-un-accord-a-75-me-pour-luis-diaz\/#breadcrumb"},"inLanguage":"fr-FR","potentialAction":[{"@type":"ReadAction","target":["https:\/\/www.nettali.com\/2025\/07\/21\/bayern-un-accord-a-75-me-pour-luis-diaz\/"]}]},{"@type":"BreadcrumbList","@id":"https:\/\/www.nettali.com\/2025\/07\/21\/bayern-un-accord-a-75-me-pour-luis-diaz\/#breadcrumb","itemListElement":[{"@type":"ListItem","position":1,"name":"Accueil","item":"https:\/\/www.nettali.com\/"},{"@type":"ListItem","position":2,"name":"BAYERN - Un accord \u00e0 75 M\u20ac pour Luis Diaz ?"}]},{"@type":"Person","@id":"https:\/\/www.nettali.com\/#\/schema\/person\/d8ac7b7e27ddad43f1c0d2ef090d7f71","name":"CK","image":{"@type":"ImageObject","@id":"https:\/\/www.nettali.com\/#personlogo","inLanguage":"fr-FR","url":"https:\/\/secure.gravatar.com\/avatar\/1d8d5118b9327d94da7cd4ce7f17fec2?s=96&d=mm&r=g","contentUrl":"https:\/\/secure.gravatar.com\/avatar\/1d8d5118b9327d94da7cd4ce7f17fec2?s=96&d=mm&r=g","caption":"CK"},"sameAs":["https:\/\/www.nettali.com"]}]}},"_links":{"self":[{"href":"https:\/\/www.nettali.com\/rest\/wp\/v2\/posts\/157974"}],"collection":[{"href":"https:\/\/www.nettali.com\/rest\/wp\/v2\/posts"}],"about":[{"href":"https:\/\/www.nettali.com\/rest\/wp\/v2\/types\/post"}],"author":[{"embeddable":true,"href":"https:\/\/www.nettali.com\/rest\/wp\/v2\/users\/2"}],"replies":[{"embeddable":true,"href":"https:\/\/www.nettali.com\/rest\/wp\/v2\/comments?post=157974"}],"version-history":[{"count":1,"href":"https:\/\/www.nettali.com\/rest\/wp\/v2\/posts\/157974\/revisions"}],"predecessor-version":[{"id":157976,"href":"https:\/\/www.nettali.com\/rest\/wp\/v2\/posts\/157974\/revisions\/157976"}],"wp:featuredmedia":[{"embeddable":true,"href":"https:\/\/www.nettali.com\/rest\/wp\/v2\/media\/157975"}],"wp:attachment":[{"href":"https:\/\/www.nettali.com\/rest\/wp\/v2\/media?parent=157974"}],"wp:term":[{"taxonomy":"category","embeddable":true,"href":"https:\/\/www.nettali.com\/rest\/wp\/v2\/categories?post=157974"},{"taxonomy":"post_tag","embeddable":true,"href":"https:\/\/www.nettali.com\/rest\/wp\/v2\/tags?post=157974"}],"curies":[{"name":"wp","href":"https:\/\/api.w.org\/{rel}","templated":true}]}}