{"id":157938,"date":"2025-07-21T06:24:31","date_gmt":"2025-07-21T06:24:31","guid":{"rendered":"https:\/\/www.nettali.com\/?p=157938"},"modified":"2025-07-21T06:24:31","modified_gmt":"2025-07-21T06:24:31","slug":"lutte-siteu-envoie-balla-gaye-2-a-la-retraite","status":"publish","type":"post","link":"https:\/\/www.nettali.com\/2025\/07\/21\/lutte-siteu-envoie-balla-gaye-2-a-la-retraite\/","title":{"rendered":"LUTTE - Siteu envoie Balla Gaye 2 \u00e0 la retraite"},"content":{"rendered":"<p><strong>NETTALI.COM - Le choc tant attendu a tenu toutes ses promesses, le dimanche 20 juillet \u00e0 l\u2019Ar\u00e8ne nationale. Le lutteur Moustapha Senghor alias Siteu a pris le dessus sur Balla Gaye 2. Plus fort que le Lion de Gu\u00e9diawaye, Tarkinda s\u2019offre une victoire \u00e9clatante face \u00e0 l\u2019un des cadors de la lutte s\u00e9n\u00e9galaise.<\/strong><\/p>\n<p>Leader de l\u2019\u00e9curie Lansar, Siteu r\u00e9alise ainsi un exploit majeur en battant un ancien roi des ar\u00e8nes. Une victoire qui pourrait bien marquer un tournant dans sa carri\u00e8re, le propulsant vers les sommets de la lutte avec frappe.<\/p>\n<p>De son c\u00f4t\u00e9, Balla Gaye 2 voit son ambition de reconqu\u00eate frein\u00e9e. Cette nouvelle d\u00e9faite compromet sa remont\u00e9e dans la hi\u00e9rarchie, et relance les d\u00e9bats sur son avenir au plus haut niveau de la lutte s\u00e9n\u00e9galaise. Avec un 7\u00e8me revers \u00e0 38 ans, le fr\u00e8re a\u00een\u00e9 de Sa Thi\u00e8s se dirige tout droit vers la retraite.<\/p>\n<div class='share-to-whatsapp-wrapper'><div class='share-on-whsp'>PARTAGER SUR : <\/div><a data-text='LUTTE - Siteu envoie Balla Gaye 2 \u00e0 la retraite' data-link='https:\/\/www.nettali.com\/2025\/07\/21\/lutte-siteu-envoie-balla-gaye-2-a-la-retraite\/' class='whatsapp-button whatsapp-share'>WhatsApp<\/a><div class='clear '><\/div><\/div>","protected":false},"excerpt":{"rendered":"<p>NETTALI.COM - Le choc tant attendu a tenu toutes ses promesses, le dimanche 20 juillet \u00e0 l\u2019Ar\u00e8ne nationale. Le lutteur Moustapha Senghor alias Siteu a pris le dessus sur Balla Gaye 2. Plus fort que le Lion de Gu\u00e9diawaye, Tarkinda s\u2019offre une victoire \u00e9clatante face \u00e0 l\u2019un des cadors de la lutte s\u00e9n\u00e9galaise. Leader de [&hellip;]<\/p>\n","protected":false},"author":5,"featured_media":157939,"comment_status":"open","ping_status":"open","sticky":false,"template":"","format":"standard","meta":{"_et_pb_use_builder":"","_et_pb_old_content":""},"categories":[6],"tags":[],"yoast_head":"<!-- This site is optimized with the Yoast SEO Premium plugin v17.8 (Yoast SEO v17.8) - https:\/\/yoast.com\/wordpress\/plugins\/seo\/ -->\n<title>LUTTE - Siteu envoie Balla Gaye 2 \u00e0 la retraite | Nettali.com<\/title>\n<meta name=\"robots\" content=\"index, follow, max-snippet:-1, max-image-preview:large, max-video-preview:-1\" \/>\n<link rel=\"canonical\" href=\"https:\/\/www.nettali.com\/2025\/07\/21\/lutte-siteu-envoie-balla-gaye-2-a-la-retraite\/\" \/>\n<meta property=\"og:locale\" content=\"fr_FR\" \/>\n<meta property=\"og:type\" content=\"article\" \/>\n<meta property=\"og:title\" content=\"LUTTE - Siteu envoie Balla Gaye 2 \u00e0 la retraite\" \/>\n<meta property=\"og:description\" content=\"NETTALI.COM - Le choc tant attendu a tenu toutes ses promesses, le dimanche 20 juillet \u00e0 l\u2019Ar\u00e8ne nationale. Le lutteur Moustapha Senghor alias Siteu a pris le dessus sur Balla Gaye 2. Plus fort que le Lion de Gu\u00e9diawaye, Tarkinda s\u2019offre une victoire \u00e9clatante face \u00e0 l\u2019un des cadors de la lutte s\u00e9n\u00e9galaise. Leader de [&hellip;]\" \/>\n<meta property=\"og:url\" content=\"https:\/\/www.nettali.com\/2025\/07\/21\/lutte-siteu-envoie-balla-gaye-2-a-la-retraite\/\" \/>\n<meta property=\"og:site_name\" content=\"Nettali.com\" \/>\n<meta property=\"article:publisher\" content=\"https:\/\/www.facebook.com\/nettalicom\" \/>\n<meta property=\"article:published_time\" content=\"2025-07-21T06:24:31+00:00\" \/>\n<meta property=\"og:image\" content=\"https:\/\/www.nettali.com\/wp-content\/uploads\/2025\/07\/capture-siteu.jpg\" \/>\n\t<meta property=\"og:image:width\" content=\"846\" \/>\n\t<meta property=\"og:image:height\" content=\"554\" \/>\n<meta name=\"twitter:card\" content=\"summary_large_image\" \/>\n<meta name=\"twitter:label1\" content=\"\u00c9crit par\" \/>\n\t<meta name=\"twitter:data1\" content=\"Ibrahima\" \/>\n\t<meta name=\"twitter:label2\" content=\"Dur\u00e9e de lecture estim\u00e9e\" \/>\n\t<meta name=\"twitter:data2\" content=\"1 minute\" \/>\n<script type=\"application\/ld+json\" class=\"yoast-schema-graph\">{\"@context\":\"https:\/\/schema.org\",\"@graph\":[{\"@type\":\"WebSite\",\"@id\":\"https:\/\/www.nettali.com\/#website\",\"url\":\"https:\/\/www.nettali.com\/\",\"name\":\"Nettali.com\",\"description\":\"Le rendez-vous critique du Net\",\"potentialAction\":[{\"@type\":\"SearchAction\",\"target\":{\"@type\":\"EntryPoint\",\"urlTemplate\":\"https:\/\/www.nettali.com\/?s={search_term_string}\"},\"query-input\":\"required name=search_term_string\"}],\"inLanguage\":\"fr-FR\"},{\"@type\":\"ImageObject\",\"@id\":\"https:\/\/www.nettali.com\/2025\/07\/21\/lutte-siteu-envoie-balla-gaye-2-a-la-retraite\/#primaryimage\",\"inLanguage\":\"fr-FR\",\"url\":\"https:\/\/www.nettali.com\/wp-content\/uploads\/2025\/07\/capture-siteu.jpg\",\"contentUrl\":\"https:\/\/www.nettali.com\/wp-content\/uploads\/2025\/07\/capture-siteu.jpg\",\"width\":846,\"height\":554},{\"@type\":\"WebPage\",\"@id\":\"https:\/\/www.nettali.com\/2025\/07\/21\/lutte-siteu-envoie-balla-gaye-2-a-la-retraite\/#webpage\",\"url\":\"https:\/\/www.nettali.com\/2025\/07\/21\/lutte-siteu-envoie-balla-gaye-2-a-la-retraite\/\",\"name\":\"LUTTE - Siteu envoie Balla Gaye 2 \\u00e0 la retraite | Nettali.com\",\"isPartOf\":{\"@id\":\"https:\/\/www.nettali.com\/#website\"},\"primaryImageOfPage\":{\"@id\":\"https:\/\/www.nettali.com\/2025\/07\/21\/lutte-siteu-envoie-balla-gaye-2-a-la-retraite\/#primaryimage\"},\"datePublished\":\"2025-07-21T06:24:31+00:00\",\"dateModified\":\"2025-07-21T06:24:31+00:00\",\"author\":{\"@id\":\"https:\/\/www.nettali.com\/#\/schema\/person\/bb147657c2986240405a608162b9bb23\"},\"breadcrumb\":{\"@id\":\"https:\/\/www.nettali.com\/2025\/07\/21\/lutte-siteu-envoie-balla-gaye-2-a-la-retraite\/#breadcrumb\"},\"inLanguage\":\"fr-FR\",\"potentialAction\":[{\"@type\":\"ReadAction\",\"target\":[\"https:\/\/www.nettali.com\/2025\/07\/21\/lutte-siteu-envoie-balla-gaye-2-a-la-retraite\/\"]}]},{\"@type\":\"BreadcrumbList\",\"@id\":\"https:\/\/www.nettali.com\/2025\/07\/21\/lutte-siteu-envoie-balla-gaye-2-a-la-retraite\/#breadcrumb\",\"itemListElement\":[{\"@type\":\"ListItem\",\"position\":1,\"name\":\"Accueil\",\"item\":\"https:\/\/www.nettali.com\/\"},{\"@type\":\"ListItem\",\"position\":2,\"name\":\"LUTTE - Siteu envoie Balla Gaye 2 \\u00e0 la retraite\"}]},{\"@type\":\"Person\",\"@id\":\"https:\/\/www.nettali.com\/#\/schema\/person\/bb147657c2986240405a608162b9bb23\",\"name\":\"Ibrahima\",\"image\":{\"@type\":\"ImageObject\",\"@id\":\"https:\/\/www.nettali.com\/#personlogo\",\"inLanguage\":\"fr-FR\",\"url\":\"https:\/\/secure.gravatar.com\/avatar\/26a8a81f09f0dd7624c9d5c36c9ba3a2?s=96&d=mm&r=g\",\"contentUrl\":\"https:\/\/secure.gravatar.com\/avatar\/26a8a81f09f0dd7624c9d5c36c9ba3a2?s=96&d=mm&r=g\",\"caption\":\"Ibrahima\"},\"sameAs\":[\"https:\/\/www.nettali.com\"]}]}<\/script>\n<!-- \/ Yoast SEO Premium plugin. -->","yoast_head_json":{"title":"LUTTE - Siteu envoie Balla Gaye 2 \u00e0 la retraite | Nettali.com","robots":{"index":"index","follow":"follow","max-snippet":"max-snippet:-1","max-image-preview":"max-image-preview:large","max-video-preview":"max-video-preview:-1"},"canonical":"https:\/\/www.nettali.com\/2025\/07\/21\/lutte-siteu-envoie-balla-gaye-2-a-la-retraite\/","og_locale":"fr_FR","og_type":"article","og_title":"LUTTE - Siteu envoie Balla Gaye 2 \u00e0 la retraite","og_description":"NETTALI.COM - Le choc tant attendu a tenu toutes ses promesses, le dimanche 20 juillet \u00e0 l\u2019Ar\u00e8ne nationale. Le lutteur Moustapha Senghor alias Siteu a pris le dessus sur Balla Gaye 2. Plus fort que le Lion de Gu\u00e9diawaye, Tarkinda s\u2019offre une victoire \u00e9clatante face \u00e0 l\u2019un des cadors de la lutte s\u00e9n\u00e9galaise. Leader de [&hellip;]","og_url":"https:\/\/www.nettali.com\/2025\/07\/21\/lutte-siteu-envoie-balla-gaye-2-a-la-retraite\/","og_site_name":"Nettali.com","article_publisher":"https:\/\/www.facebook.com\/nettalicom","article_published_time":"2025-07-21T06:24:31+00:00","og_image":[{"width":846,"height":554,"url":"https:\/\/www.nettali.com\/wp-content\/uploads\/2025\/07\/capture-siteu.jpg","type":"image\/jpeg"}],"twitter_card":"summary_large_image","twitter_misc":{"\u00c9crit par":"Ibrahima","Dur\u00e9e de lecture estim\u00e9e":"1 minute"},"schema":{"@context":"https:\/\/schema.org","@graph":[{"@type":"WebSite","@id":"https:\/\/www.nettali.com\/#website","url":"https:\/\/www.nettali.com\/","name":"Nettali.com","description":"Le rendez-vous critique du Net","potentialAction":[{"@type":"SearchAction","target":{"@type":"EntryPoint","urlTemplate":"https:\/\/www.nettali.com\/?s={search_term_string}"},"query-input":"required name=search_term_string"}],"inLanguage":"fr-FR"},{"@type":"ImageObject","@id":"https:\/\/www.nettali.com\/2025\/07\/21\/lutte-siteu-envoie-balla-gaye-2-a-la-retraite\/#primaryimage","inLanguage":"fr-FR","url":"https:\/\/www.nettali.com\/wp-content\/uploads\/2025\/07\/capture-siteu.jpg","contentUrl":"https:\/\/www.nettali.com\/wp-content\/uploads\/2025\/07\/capture-siteu.jpg","width":846,"height":554},{"@type":"WebPage","@id":"https:\/\/www.nettali.com\/2025\/07\/21\/lutte-siteu-envoie-balla-gaye-2-a-la-retraite\/#webpage","url":"https:\/\/www.nettali.com\/2025\/07\/21\/lutte-siteu-envoie-balla-gaye-2-a-la-retraite\/","name":"LUTTE - Siteu envoie Balla Gaye 2 \u00e0 la retraite | Nettali.com","isPartOf":{"@id":"https:\/\/www.nettali.com\/#website"},"primaryImageOfPage":{"@id":"https:\/\/www.nettali.com\/2025\/07\/21\/lutte-siteu-envoie-balla-gaye-2-a-la-retraite\/#primaryimage"},"datePublished":"2025-07-21T06:24:31+00:00","dateModified":"2025-07-21T06:24:31+00:00","author":{"@id":"https:\/\/www.nettali.com\/#\/schema\/person\/bb147657c2986240405a608162b9bb23"},"breadcrumb":{"@id":"https:\/\/www.nettali.com\/2025\/07\/21\/lutte-siteu-envoie-balla-gaye-2-a-la-retraite\/#breadcrumb"},"inLanguage":"fr-FR","potentialAction":[{"@type":"ReadAction","target":["https:\/\/www.nettali.com\/2025\/07\/21\/lutte-siteu-envoie-balla-gaye-2-a-la-retraite\/"]}]},{"@type":"BreadcrumbList","@id":"https:\/\/www.nettali.com\/2025\/07\/21\/lutte-siteu-envoie-balla-gaye-2-a-la-retraite\/#breadcrumb","itemListElement":[{"@type":"ListItem","position":1,"name":"Accueil","item":"https:\/\/www.nettali.com\/"},{"@type":"ListItem","position":2,"name":"LUTTE - Siteu envoie Balla Gaye 2 \u00e0 la retraite"}]},{"@type":"Person","@id":"https:\/\/www.nettali.com\/#\/schema\/person\/bb147657c2986240405a608162b9bb23","name":"Ibrahima","image":{"@type":"ImageObject","@id":"https:\/\/www.nettali.com\/#personlogo","inLanguage":"fr-FR","url":"https:\/\/secure.gravatar.com\/avatar\/26a8a81f09f0dd7624c9d5c36c9ba3a2?s=96&d=mm&r=g","contentUrl":"https:\/\/secure.gravatar.com\/avatar\/26a8a81f09f0dd7624c9d5c36c9ba3a2?s=96&d=mm&r=g","caption":"Ibrahima"},"sameAs":["https:\/\/www.nettali.com"]}]}},"_links":{"self":[{"href":"https:\/\/www.nettali.com\/rest\/wp\/v2\/posts\/157938"}],"collection":[{"href":"https:\/\/www.nettali.com\/rest\/wp\/v2\/posts"}],"about":[{"href":"https:\/\/www.nettali.com\/rest\/wp\/v2\/types\/post"}],"author":[{"embeddable":true,"href":"https:\/\/www.nettali.com\/rest\/wp\/v2\/users\/5"}],"replies":[{"embeddable":true,"href":"https:\/\/www.nettali.com\/rest\/wp\/v2\/comments?post=157938"}],"version-history":[{"count":2,"href":"https:\/\/www.nettali.com\/rest\/wp\/v2\/posts\/157938\/revisions"}],"predecessor-version":[{"id":157953,"href":"https:\/\/www.nettali.com\/rest\/wp\/v2\/posts\/157938\/revisions\/157953"}],"wp:featuredmedia":[{"embeddable":true,"href":"https:\/\/www.nettali.com\/rest\/wp\/v2\/media\/157939"}],"wp:attachment":[{"href":"https:\/\/www.nettali.com\/rest\/wp\/v2\/media?parent=157938"}],"wp:term":[{"taxonomy":"category","embeddable":true,"href":"https:\/\/www.nettali.com\/rest\/wp\/v2\/categories?post=157938"},{"taxonomy":"post_tag","embeddable":true,"href":"https:\/\/www.nettali.com\/rest\/wp\/v2\/tags?post=157938"}],"curies":[{"name":"wp","href":"https:\/\/api.w.org\/{rel}","templated":true}]}}