{"id":157870,"date":"2025-07-19T08:38:53","date_gmt":"2025-07-19T08:38:53","guid":{"rendered":"https:\/\/www.nettali.com\/?p=157870"},"modified":"2025-07-19T08:38:53","modified_gmt":"2025-07-19T08:38:53","slug":"bayern-luis-diaz-a-prevenu-liverpool","status":"publish","type":"post","link":"https:\/\/www.nettali.com\/2025\/07\/19\/bayern-luis-diaz-a-prevenu-liverpool\/","title":{"rendered":"BAYERN - Luis Diaz a pr\u00e9venu Liverpool"},"content":{"rendered":"<p><strong>NETTALI.COM -<\/strong> Associ\u00e9 avec insistance au Bayern Munich ces derniers jours, l'ailier de Liverpool Luis Diaz (28 ans, 36 matchs et 13 buts en Premier League pour la saison 2024-2025) se rapproche un peu plus du champion d'Allemagne.<\/p>\n<p>Selon Sky Sports ce vendredi, le Colombien a partag\u00e9 aux dirigeants des Reds son souhait de s'en aller, si possible pour rejoindre le Rekordmeister !<\/p>\n<p>Si ce transfert semble en bonne voie, aucun accord n'a \u00e9t\u00e9 trouv\u00e9 pour le moment. Ni entre le Bayern et Diaz, m\u00eame si le coach Vincent Kompany a donn\u00e9 son feu vert et qu'un contrat de quatre ans est dans les tuyaux, ni entre les deux clubs.<\/p>\n<p>Derni\u00e8rement, le champion d'Angleterre a d\u00e9cid\u00e9 d'\u00e9carter une offre de 67,5 millions d'euros.<\/p>\n<div class='share-to-whatsapp-wrapper'><div class='share-on-whsp'>PARTAGER SUR : <\/div><a data-text='BAYERN - Luis Diaz a pr\u00e9venu Liverpool' data-link='https:\/\/www.nettali.com\/2025\/07\/19\/bayern-luis-diaz-a-prevenu-liverpool\/' class='whatsapp-button whatsapp-share'>WhatsApp<\/a><div class='clear '><\/div><\/div>","protected":false},"excerpt":{"rendered":"<p>NETTALI.COM - Associ\u00e9 avec insistance au Bayern Munich ces derniers jours, l'ailier de Liverpool Luis Diaz (28 ans, 36 matchs et 13 buts en Premier League pour la saison 2024-2025) se rapproche un peu plus du champion d'Allemagne. Selon Sky Sports ce vendredi, le Colombien a partag\u00e9 aux dirigeants des Reds son souhait de s'en [&hellip;]<\/p>\n","protected":false},"author":2,"featured_media":157871,"comment_status":"open","ping_status":"open","sticky":false,"template":"","format":"standard","meta":{"_et_pb_use_builder":"","_et_pb_old_content":""},"categories":[6],"tags":[],"yoast_head":"<!-- This site is optimized with the Yoast SEO Premium plugin v17.8 (Yoast SEO v17.8) - https:\/\/yoast.com\/wordpress\/plugins\/seo\/ -->\n<title>BAYERN - Luis Diaz a pr\u00e9venu Liverpool | Nettali.com<\/title>\n<meta name=\"robots\" content=\"index, follow, max-snippet:-1, max-image-preview:large, max-video-preview:-1\" \/>\n<link rel=\"canonical\" href=\"https:\/\/www.nettali.com\/2025\/07\/19\/bayern-luis-diaz-a-prevenu-liverpool\/\" \/>\n<meta property=\"og:locale\" content=\"fr_FR\" \/>\n<meta property=\"og:type\" content=\"article\" \/>\n<meta property=\"og:title\" content=\"BAYERN - Luis Diaz a pr\u00e9venu Liverpool\" \/>\n<meta property=\"og:description\" content=\"NETTALI.COM - Associ\u00e9 avec insistance au Bayern Munich ces derniers jours, l&#039;ailier de Liverpool Luis Diaz (28 ans, 36 matchs et 13 buts en Premier League pour la saison 2024-2025) se rapproche un peu plus du champion d&#039;Allemagne. Selon Sky Sports ce vendredi, le Colombien a partag\u00e9 aux dirigeants des Reds son souhait de s&#039;en [&hellip;]\" \/>\n<meta property=\"og:url\" content=\"https:\/\/www.nettali.com\/2025\/07\/19\/bayern-luis-diaz-a-prevenu-liverpool\/\" \/>\n<meta property=\"og:site_name\" content=\"Nettali.com\" \/>\n<meta property=\"article:publisher\" content=\"https:\/\/www.facebook.com\/nettalicom\" \/>\n<meta property=\"article:published_time\" content=\"2025-07-19T08:38:53+00:00\" \/>\n<meta property=\"og:image\" content=\"https:\/\/www.nettali.com\/wp-content\/uploads\/2025\/07\/luis-diaz-682cc58228215.jpg\" \/>\n\t<meta property=\"og:image:width\" content=\"1200\" \/>\n\t<meta property=\"og:image:height\" content=\"900\" \/>\n<meta name=\"twitter:card\" content=\"summary_large_image\" \/>\n<meta name=\"twitter:label1\" content=\"\u00c9crit par\" \/>\n\t<meta name=\"twitter:data1\" content=\"CK\" \/>\n\t<meta name=\"twitter:label2\" content=\"Dur\u00e9e de lecture estim\u00e9e\" \/>\n\t<meta name=\"twitter:data2\" content=\"1 minute\" \/>\n<script type=\"application\/ld+json\" class=\"yoast-schema-graph\">{\"@context\":\"https:\/\/schema.org\",\"@graph\":[{\"@type\":\"WebSite\",\"@id\":\"https:\/\/www.nettali.com\/#website\",\"url\":\"https:\/\/www.nettali.com\/\",\"name\":\"Nettali.com\",\"description\":\"Le rendez-vous critique du Net\",\"potentialAction\":[{\"@type\":\"SearchAction\",\"target\":{\"@type\":\"EntryPoint\",\"urlTemplate\":\"https:\/\/www.nettali.com\/?s={search_term_string}\"},\"query-input\":\"required name=search_term_string\"}],\"inLanguage\":\"fr-FR\"},{\"@type\":\"ImageObject\",\"@id\":\"https:\/\/www.nettali.com\/2025\/07\/19\/bayern-luis-diaz-a-prevenu-liverpool\/#primaryimage\",\"inLanguage\":\"fr-FR\",\"url\":\"https:\/\/www.nettali.com\/wp-content\/uploads\/2025\/07\/luis-diaz-682cc58228215.jpg\",\"contentUrl\":\"https:\/\/www.nettali.com\/wp-content\/uploads\/2025\/07\/luis-diaz-682cc58228215.jpg\",\"width\":1200,\"height\":900},{\"@type\":\"WebPage\",\"@id\":\"https:\/\/www.nettali.com\/2025\/07\/19\/bayern-luis-diaz-a-prevenu-liverpool\/#webpage\",\"url\":\"https:\/\/www.nettali.com\/2025\/07\/19\/bayern-luis-diaz-a-prevenu-liverpool\/\",\"name\":\"BAYERN - Luis Diaz a pr\\u00e9venu Liverpool | Nettali.com\",\"isPartOf\":{\"@id\":\"https:\/\/www.nettali.com\/#website\"},\"primaryImageOfPage\":{\"@id\":\"https:\/\/www.nettali.com\/2025\/07\/19\/bayern-luis-diaz-a-prevenu-liverpool\/#primaryimage\"},\"datePublished\":\"2025-07-19T08:38:53+00:00\",\"dateModified\":\"2025-07-19T08:38:53+00:00\",\"author\":{\"@id\":\"https:\/\/www.nettali.com\/#\/schema\/person\/d8ac7b7e27ddad43f1c0d2ef090d7f71\"},\"breadcrumb\":{\"@id\":\"https:\/\/www.nettali.com\/2025\/07\/19\/bayern-luis-diaz-a-prevenu-liverpool\/#breadcrumb\"},\"inLanguage\":\"fr-FR\",\"potentialAction\":[{\"@type\":\"ReadAction\",\"target\":[\"https:\/\/www.nettali.com\/2025\/07\/19\/bayern-luis-diaz-a-prevenu-liverpool\/\"]}]},{\"@type\":\"BreadcrumbList\",\"@id\":\"https:\/\/www.nettali.com\/2025\/07\/19\/bayern-luis-diaz-a-prevenu-liverpool\/#breadcrumb\",\"itemListElement\":[{\"@type\":\"ListItem\",\"position\":1,\"name\":\"Accueil\",\"item\":\"https:\/\/www.nettali.com\/\"},{\"@type\":\"ListItem\",\"position\":2,\"name\":\"BAYERN - Luis Diaz a pr\\u00e9venu Liverpool\"}]},{\"@type\":\"Person\",\"@id\":\"https:\/\/www.nettali.com\/#\/schema\/person\/d8ac7b7e27ddad43f1c0d2ef090d7f71\",\"name\":\"CK\",\"image\":{\"@type\":\"ImageObject\",\"@id\":\"https:\/\/www.nettali.com\/#personlogo\",\"inLanguage\":\"fr-FR\",\"url\":\"https:\/\/secure.gravatar.com\/avatar\/1d8d5118b9327d94da7cd4ce7f17fec2?s=96&d=mm&r=g\",\"contentUrl\":\"https:\/\/secure.gravatar.com\/avatar\/1d8d5118b9327d94da7cd4ce7f17fec2?s=96&d=mm&r=g\",\"caption\":\"CK\"},\"sameAs\":[\"https:\/\/www.nettali.com\"]}]}<\/script>\n<!-- \/ Yoast SEO Premium plugin. -->","yoast_head_json":{"title":"BAYERN - Luis Diaz a pr\u00e9venu Liverpool | Nettali.com","robots":{"index":"index","follow":"follow","max-snippet":"max-snippet:-1","max-image-preview":"max-image-preview:large","max-video-preview":"max-video-preview:-1"},"canonical":"https:\/\/www.nettali.com\/2025\/07\/19\/bayern-luis-diaz-a-prevenu-liverpool\/","og_locale":"fr_FR","og_type":"article","og_title":"BAYERN - Luis Diaz a pr\u00e9venu Liverpool","og_description":"NETTALI.COM - Associ\u00e9 avec insistance au Bayern Munich ces derniers jours, l'ailier de Liverpool Luis Diaz (28 ans, 36 matchs et 13 buts en Premier League pour la saison 2024-2025) se rapproche un peu plus du champion d'Allemagne. Selon Sky Sports ce vendredi, le Colombien a partag\u00e9 aux dirigeants des Reds son souhait de s'en [&hellip;]","og_url":"https:\/\/www.nettali.com\/2025\/07\/19\/bayern-luis-diaz-a-prevenu-liverpool\/","og_site_name":"Nettali.com","article_publisher":"https:\/\/www.facebook.com\/nettalicom","article_published_time":"2025-07-19T08:38:53+00:00","og_image":[{"width":1200,"height":900,"url":"https:\/\/www.nettali.com\/wp-content\/uploads\/2025\/07\/luis-diaz-682cc58228215.jpg","type":"image\/jpeg"}],"twitter_card":"summary_large_image","twitter_misc":{"\u00c9crit par":"CK","Dur\u00e9e de lecture estim\u00e9e":"1 minute"},"schema":{"@context":"https:\/\/schema.org","@graph":[{"@type":"WebSite","@id":"https:\/\/www.nettali.com\/#website","url":"https:\/\/www.nettali.com\/","name":"Nettali.com","description":"Le rendez-vous critique du Net","potentialAction":[{"@type":"SearchAction","target":{"@type":"EntryPoint","urlTemplate":"https:\/\/www.nettali.com\/?s={search_term_string}"},"query-input":"required name=search_term_string"}],"inLanguage":"fr-FR"},{"@type":"ImageObject","@id":"https:\/\/www.nettali.com\/2025\/07\/19\/bayern-luis-diaz-a-prevenu-liverpool\/#primaryimage","inLanguage":"fr-FR","url":"https:\/\/www.nettali.com\/wp-content\/uploads\/2025\/07\/luis-diaz-682cc58228215.jpg","contentUrl":"https:\/\/www.nettali.com\/wp-content\/uploads\/2025\/07\/luis-diaz-682cc58228215.jpg","width":1200,"height":900},{"@type":"WebPage","@id":"https:\/\/www.nettali.com\/2025\/07\/19\/bayern-luis-diaz-a-prevenu-liverpool\/#webpage","url":"https:\/\/www.nettali.com\/2025\/07\/19\/bayern-luis-diaz-a-prevenu-liverpool\/","name":"BAYERN - Luis Diaz a pr\u00e9venu Liverpool | Nettali.com","isPartOf":{"@id":"https:\/\/www.nettali.com\/#website"},"primaryImageOfPage":{"@id":"https:\/\/www.nettali.com\/2025\/07\/19\/bayern-luis-diaz-a-prevenu-liverpool\/#primaryimage"},"datePublished":"2025-07-19T08:38:53+00:00","dateModified":"2025-07-19T08:38:53+00:00","author":{"@id":"https:\/\/www.nettali.com\/#\/schema\/person\/d8ac7b7e27ddad43f1c0d2ef090d7f71"},"breadcrumb":{"@id":"https:\/\/www.nettali.com\/2025\/07\/19\/bayern-luis-diaz-a-prevenu-liverpool\/#breadcrumb"},"inLanguage":"fr-FR","potentialAction":[{"@type":"ReadAction","target":["https:\/\/www.nettali.com\/2025\/07\/19\/bayern-luis-diaz-a-prevenu-liverpool\/"]}]},{"@type":"BreadcrumbList","@id":"https:\/\/www.nettali.com\/2025\/07\/19\/bayern-luis-diaz-a-prevenu-liverpool\/#breadcrumb","itemListElement":[{"@type":"ListItem","position":1,"name":"Accueil","item":"https:\/\/www.nettali.com\/"},{"@type":"ListItem","position":2,"name":"BAYERN - Luis Diaz a pr\u00e9venu Liverpool"}]},{"@type":"Person","@id":"https:\/\/www.nettali.com\/#\/schema\/person\/d8ac7b7e27ddad43f1c0d2ef090d7f71","name":"CK","image":{"@type":"ImageObject","@id":"https:\/\/www.nettali.com\/#personlogo","inLanguage":"fr-FR","url":"https:\/\/secure.gravatar.com\/avatar\/1d8d5118b9327d94da7cd4ce7f17fec2?s=96&d=mm&r=g","contentUrl":"https:\/\/secure.gravatar.com\/avatar\/1d8d5118b9327d94da7cd4ce7f17fec2?s=96&d=mm&r=g","caption":"CK"},"sameAs":["https:\/\/www.nettali.com"]}]}},"_links":{"self":[{"href":"https:\/\/www.nettali.com\/rest\/wp\/v2\/posts\/157870"}],"collection":[{"href":"https:\/\/www.nettali.com\/rest\/wp\/v2\/posts"}],"about":[{"href":"https:\/\/www.nettali.com\/rest\/wp\/v2\/types\/post"}],"author":[{"embeddable":true,"href":"https:\/\/www.nettali.com\/rest\/wp\/v2\/users\/2"}],"replies":[{"embeddable":true,"href":"https:\/\/www.nettali.com\/rest\/wp\/v2\/comments?post=157870"}],"version-history":[{"count":1,"href":"https:\/\/www.nettali.com\/rest\/wp\/v2\/posts\/157870\/revisions"}],"predecessor-version":[{"id":157872,"href":"https:\/\/www.nettali.com\/rest\/wp\/v2\/posts\/157870\/revisions\/157872"}],"wp:featuredmedia":[{"embeddable":true,"href":"https:\/\/www.nettali.com\/rest\/wp\/v2\/media\/157871"}],"wp:attachment":[{"href":"https:\/\/www.nettali.com\/rest\/wp\/v2\/media?parent=157870"}],"wp:term":[{"taxonomy":"category","embeddable":true,"href":"https:\/\/www.nettali.com\/rest\/wp\/v2\/categories?post=157870"},{"taxonomy":"post_tag","embeddable":true,"href":"https:\/\/www.nettali.com\/rest\/wp\/v2\/tags?post=157870"}],"curies":[{"name":"wp","href":"https:\/\/api.w.org\/{rel}","templated":true}]}}