{"id":157855,"date":"2025-07-19T08:09:19","date_gmt":"2025-07-19T08:09:19","guid":{"rendered":"https:\/\/www.nettali.com\/?p=157855"},"modified":"2025-07-20T01:36:55","modified_gmt":"2025-07-20T01:36:55","slug":"situation-politique-les-cadres-aperites-alertent-sur-une-crise-institutionnelle-et-denoncent-linaction-face-aux-drames-sociaux","status":"publish","type":"post","link":"https:\/\/www.nettali.com\/2025\/07\/19\/situation-politique-les-cadres-aperites-alertent-sur-une-crise-institutionnelle-et-denoncent-linaction-face-aux-drames-sociaux\/","title":{"rendered":"SITUATION POLITIQUE - Les cadres ap\u00e9rit\u00e9s alertent sur une crise institutionnelle et d\u00e9noncent l\u2019inaction face aux drames sociaux"},"content":{"rendered":"<p><strong>NETTALI.COM - La Convergence des cadres r\u00e9publicains (CCR) de l\u2019Alliance pour la R\u00e9publique s\u2019est r\u00e9unie le 18 juillet pour tirer le signal d\u2019alarme sur les rivalit\u00e9s internes \u00e0 l\u2019Ex\u00e9cutif et l\u2019\u00ab indiff\u00e9rence \u00bb des autorit\u00e9s face aux inondations et \u00e0 la d\u00e9gradation de la note souveraine du S\u00e9n\u00e9gal. Dans un communiqu\u00e9 s\u00e9v\u00e8re, la CCR fustige \u00e9galement la suspension des bourses sociales et appelle \u00e0 la lib\u00e9ration de plusieurs personnalit\u00e9s politiques d\u00e9tenues.<\/strong><\/p>\n<p>\u00ab <em>Les propos outranciers ainsi que l\u2019ultimatum du Premier ministre [\u2026] constituent un acte de d\u00e9fiance in\u00e9dit<\/em> \u00bb, a d\u00e9nonc\u00e9 la CCR, pointant un \u00ab <em>d\u00e9sordre au sommet de l\u2019\u00c9tat<\/em> \u00bb qui menace la stabilit\u00e9 du pays.<\/p>\n<p>R\u00e9unis \u00e0 Dakar, les cadres de l\u2019APR ont d\u2019abord mis en lumi\u00e8re la crise de confiance qui secoue l\u2019Ex\u00e9cutif. Selon le communiqu\u00e9, \u00ab <em>la crise au sein de l\u2019Ex\u00e9cutif sur fond de rivalit\u00e9s personnelles<\/em> \u00bb traduit un \u00ab d\u00e9sordre au sommet de l\u2019\u00c9tat \u00bb et risque de \u00ab <em>plonger notre pays dans une grave crise institutionnelle<\/em> \u00bb.<\/p>\n<p>La CCR accuse par ailleurs le leader de Pastef, Ousmane Sonko, de mettre en sc\u00e8ne \u00ab<em> sur la place publique<\/em> \u00bb ses \u00ab <em>frustrations personnelles<\/em> \u00bb pour \u00ab <em>prouver aux S\u00e9n\u00e9galais que leurs pr\u00e9occupations quotidiennes demeurent secondaires face \u00e0 son d\u00e9sir pathologique d\u2019acc\u00e9der \u00e0 la pr\u00e9sidenc<\/em>e \u00bb.<\/p>\n<p>Sur le plan social, la Convergence exprime sa solidarit\u00e9 avec les populations victimes des inondations dans les r\u00e9gions de Tambacounda et de Kolda, et d\u00e9plore \u00ab <em>l\u2019indiff\u00e9rence<\/em> \u00bb des autorit\u00e9s face \u00e0 ce \u00ab <em>sinistre de grande ampleur<\/em> \u00bb. Elle rappelle que \u00ab <em>des S\u00e9n\u00e9galais \u00e0 part enti\u00e8re<\/em> \u00bb ont souffert sans \u00ab <em>aucune action notable<\/em> \u00bb, comme cela avait d\u00e9j\u00e0 \u00e9t\u00e9 le cas en 2024 dans les d\u00e9partements de Matam et Bakel.<\/p>\n<p>Les cadres r\u00e9publicains s\u2019inqui\u00e8tent \u00e9galement de l\u2019abaissement de la note souveraine du S\u00e9n\u00e9gal par Standard and Poor\u2019s, de B \u00e0 B-, perspective n\u00e9gative. Cette d\u00e9gradation, jugent-ils, \u00ab <em>confirme l\u2019\u00e9tat catastrophique dans lequel ce r\u00e9gime a plong\u00e9 notre \u00e9conomie<\/em> \u00bb, avec un \u00ab <em>recours syst\u00e9matique au march\u00e9 int\u00e9rieur<\/em> \u00bb qui \u00ab <em>explose la dette, creuse le d\u00e9ficit<\/em> \u00bb et prive l\u2019\u00c9tat de marges de man\u0153uvre face aux besoins en \u00e9ducation, sant\u00e9 et \u00e9quit\u00e9 sociale.<\/p>\n<p>Dans le domaine de la politique sociale, la CCR d\u00e9nonce la suspension du paiement des bourses de s\u00e9curit\u00e9 familiale (BSF), l\u2019un des \u00ab <em>marqueurs les plus puissants de la politique sociale<\/em> \u00bb mise en place en 2012. Elle rappelle qu\u2019entre 2013 et 2024, les b\u00e9n\u00e9ficiaires sont pass\u00e9s de 50 000 \u00e0 355 626 m\u00e9nages, et que la bourse trimestrielle a \u00e9t\u00e9 port\u00e9e de 25 000 \u00e0 35 000 FCFA. Pour la CCR, \u00ab <em>l\u2019actualisation du Registre National Unique ne saurait justifier le blocage des paiements<\/em> \u00bb et elle exige la \u00ab <em>r\u00e9gularisation int\u00e9grale des arri\u00e9r\u00e9s<\/em> \u00bb, d\u00e9non\u00e7ant toute pr\u00e9sentation de cette reprise des versements comme un \u00ab <em>acte g\u00e9n\u00e9reux \u00bb alors qu\u2019il ne s\u2019agit que d\u2019un \u00ab retour \u00e0 l\u2019ordre r\u00e9publicain<\/em> \u00bb.<\/p>\n<p>Sur le plan \u00e9ducatif, la CCR s\u2019alarme des \u00ab r\u00e9sultats mitig\u00e9s \u00bb au baccalaur\u00e9at : seulement 21 % de r\u00e9ussite au premier tour et 42 % au final sur 156 000 candidats. Elle presse le gouvernement de \u00ab <em>quitter le registre du bavardage<\/em> \u00bb pour se consacrer \u00e0 la \u00ab <em>formation des esprits de la future \u00e9lite<\/em> \u00bb, rappelant que la jeunesse doit \u00eatre \u00ab <em>un levain d\u2019espoir pour construire le S\u00e9n\u00e9gal de tous, pour tous<\/em> \u00bb.<\/p>\n<p>S\u2019inclinant devant la m\u00e9moire des trois jeunes d\u00e9c\u00e9d\u00e9s \u00e0 Thiaroye et Camb\u00e9r\u00e8ne, la CCR \u00ab <em>exige toute la lumi\u00e8re<\/em> \u00bb sur ces drames. Elle presse le gouvernement d\u2019apporter \u00ab <em>des r\u00e9ponses urgentes<\/em> \u00bb aux pr\u00e9occupations sociales pour am\u00e9liorer \u00ab <em>significativement les conditions de vie<\/em> \u00bb des populations.<\/p>\n<p>Au sein m\u00eame de la sc\u00e8ne politique, la CCR r\u00e9clame la \u00ab <em>lib\u00e9ration imm\u00e9diate et sans condition<\/em> \u00bb d\u2019otages politiques tels que Farba Ngom, Mansour Faye, Lat Diop, Moustapha Diop et Abdoulaye Ndiaye, ainsi que la fin du bracelet \u00e9lectronique impos\u00e9 \u00e0 Isma\u00efla Madior Fall et A\u00efssatou Sophie Gladima, et la remise en libert\u00e9 de plusieurs autres d\u00e9tenus politiques, accus\u00e9s d\u2019\u00eatre victimes d\u2019une \u00ab <em>volont\u00e9 d\u2019effacement<\/em> \u00bb d\u2019un \u00ab <em>r\u00e9gime aux penchants dictatoriaux<\/em> \u00bb.<\/p>\n<p>Enfin, la CCR appelle l\u2019opposition et les forces vives de la nation \u00e0 constituer \u00ab <em>un front pour pr\u00e9server les libert\u00e9s fondamentales et sauver les institutions r\u00e9publicaines<\/em> \u00bb, avant de conclure sur la situation des S\u00e9n\u00e9galais en Mauritanie, victimes selon elle de \u00ab <em>rafles et de traitements discriminatoires<\/em> \u00bb, et d\u2019enjoindre le Minist\u00e8re de l\u2019Int\u00e9gration Africaine \u00e0 leur \u00ab <em>apporter le soutien et l\u2019assistance requis dans les plus brefs d\u00e9lais<\/em> \u00bb.<\/p>\n<div class='share-to-whatsapp-wrapper'><div class='share-on-whsp'>PARTAGER SUR : <\/div><a data-text='SITUATION POLITIQUE - Les cadres ap\u00e9rit\u00e9s alertent sur une crise institutionnelle et d\u00e9noncent l\u2019inaction face aux drames sociaux' data-link='https:\/\/www.nettali.com\/2025\/07\/19\/situation-politique-les-cadres-aperites-alertent-sur-une-crise-institutionnelle-et-denoncent-linaction-face-aux-drames-sociaux\/' class='whatsapp-button whatsapp-share'>WhatsApp<\/a><div class='clear '><\/div><\/div>","protected":false},"excerpt":{"rendered":"<p>NETTALI.COM - La Convergence des cadres r\u00e9publicains (CCR) de l\u2019Alliance pour la R\u00e9publique s\u2019est r\u00e9unie le 18 juillet pour tirer le signal d\u2019alarme sur les rivalit\u00e9s internes \u00e0 l\u2019Ex\u00e9cutif et l\u2019\u00ab indiff\u00e9rence \u00bb des autorit\u00e9s face aux inondations et \u00e0 la d\u00e9gradation de la note souveraine du S\u00e9n\u00e9gal. Dans un communiqu\u00e9 s\u00e9v\u00e8re, la CCR fustige [&hellip;]<\/p>\n","protected":false},"author":6,"featured_media":155035,"comment_status":"open","ping_status":"open","sticky":false,"template":"","format":"standard","meta":{"_et_pb_use_builder":"","_et_pb_old_content":""},"categories":[2],"tags":[],"yoast_head":"<!-- This site is optimized with the Yoast SEO Premium plugin v17.8 (Yoast SEO v17.8) - https:\/\/yoast.com\/wordpress\/plugins\/seo\/ -->\n<title>SITUATION POLITIQUE - Les cadres ap\u00e9rit\u00e9s alertent sur une crise institutionnelle et d\u00e9noncent l\u2019inaction face aux drames sociaux | Nettali.com<\/title>\n<meta name=\"robots\" content=\"index, follow, max-snippet:-1, max-image-preview:large, max-video-preview:-1\" \/>\n<link rel=\"canonical\" href=\"https:\/\/www.nettali.com\/2025\/07\/19\/situation-politique-les-cadres-aperites-alertent-sur-une-crise-institutionnelle-et-denoncent-linaction-face-aux-drames-sociaux\/\" \/>\n<meta property=\"og:locale\" content=\"fr_FR\" \/>\n<meta property=\"og:type\" content=\"article\" \/>\n<meta property=\"og:title\" content=\"SITUATION POLITIQUE - Les cadres ap\u00e9rit\u00e9s alertent sur une crise institutionnelle et d\u00e9noncent l\u2019inaction face aux drames sociaux\" \/>\n<meta property=\"og:description\" content=\"NETTALI.COM - La Convergence des cadres r\u00e9publicains (CCR) de l\u2019Alliance pour la R\u00e9publique s\u2019est r\u00e9unie le 18 juillet pour tirer le signal d\u2019alarme sur les rivalit\u00e9s internes \u00e0 l\u2019Ex\u00e9cutif et l\u2019\u00ab indiff\u00e9rence \u00bb des autorit\u00e9s face aux inondations et \u00e0 la d\u00e9gradation de la note souveraine du S\u00e9n\u00e9gal. Dans un communiqu\u00e9 s\u00e9v\u00e8re, la CCR fustige [&hellip;]\" \/>\n<meta property=\"og:url\" content=\"https:\/\/www.nettali.com\/2025\/07\/19\/situation-politique-les-cadres-aperites-alertent-sur-une-crise-institutionnelle-et-denoncent-linaction-face-aux-drames-sociaux\/\" \/>\n<meta property=\"og:site_name\" content=\"Nettali.com\" \/>\n<meta property=\"article:publisher\" content=\"https:\/\/www.facebook.com\/nettalicom\" \/>\n<meta property=\"article:published_time\" content=\"2025-07-19T08:09:19+00:00\" \/>\n<meta property=\"article:modified_time\" content=\"2025-07-20T01:36:55+00:00\" \/>\n<meta property=\"og:image\" content=\"https:\/\/www.nettali.com\/wp-content\/uploads\/2025\/05\/l-apr.jpg\" \/>\n\t<meta property=\"og:image:width\" content=\"1170\" \/>\n\t<meta property=\"og:image:height\" content=\"621\" \/>\n<meta name=\"twitter:card\" content=\"summary_large_image\" \/>\n<meta name=\"twitter:label1\" content=\"\u00c9crit par\" \/>\n\t<meta name=\"twitter:data1\" content=\"Fatou\" \/>\n\t<meta name=\"twitter:label2\" content=\"Dur\u00e9e de lecture estim\u00e9e\" \/>\n\t<meta name=\"twitter:data2\" content=\"4 minutes\" \/>\n<script type=\"application\/ld+json\" class=\"yoast-schema-graph\">{\"@context\":\"https:\/\/schema.org\",\"@graph\":[{\"@type\":\"WebSite\",\"@id\":\"https:\/\/www.nettali.com\/#website\",\"url\":\"https:\/\/www.nettali.com\/\",\"name\":\"Nettali.com\",\"description\":\"Le rendez-vous critique du Net\",\"potentialAction\":[{\"@type\":\"SearchAction\",\"target\":{\"@type\":\"EntryPoint\",\"urlTemplate\":\"https:\/\/www.nettali.com\/?s={search_term_string}\"},\"query-input\":\"required name=search_term_string\"}],\"inLanguage\":\"fr-FR\"},{\"@type\":\"ImageObject\",\"@id\":\"https:\/\/www.nettali.com\/2025\/07\/19\/situation-politique-les-cadres-aperites-alertent-sur-une-crise-institutionnelle-et-denoncent-linaction-face-aux-drames-sociaux\/#primaryimage\",\"inLanguage\":\"fr-FR\",\"url\":\"https:\/\/www.nettali.com\/wp-content\/uploads\/2025\/05\/l-apr.jpg\",\"contentUrl\":\"https:\/\/www.nettali.com\/wp-content\/uploads\/2025\/05\/l-apr.jpg\",\"width\":1170,\"height\":621},{\"@type\":\"WebPage\",\"@id\":\"https:\/\/www.nettali.com\/2025\/07\/19\/situation-politique-les-cadres-aperites-alertent-sur-une-crise-institutionnelle-et-denoncent-linaction-face-aux-drames-sociaux\/#webpage\",\"url\":\"https:\/\/www.nettali.com\/2025\/07\/19\/situation-politique-les-cadres-aperites-alertent-sur-une-crise-institutionnelle-et-denoncent-linaction-face-aux-drames-sociaux\/\",\"name\":\"SITUATION POLITIQUE - Les cadres ap\\u00e9rit\\u00e9s alertent sur une crise institutionnelle et d\\u00e9noncent l\\u2019inaction face aux drames sociaux | Nettali.com\",\"isPartOf\":{\"@id\":\"https:\/\/www.nettali.com\/#website\"},\"primaryImageOfPage\":{\"@id\":\"https:\/\/www.nettali.com\/2025\/07\/19\/situation-politique-les-cadres-aperites-alertent-sur-une-crise-institutionnelle-et-denoncent-linaction-face-aux-drames-sociaux\/#primaryimage\"},\"datePublished\":\"2025-07-19T08:09:19+00:00\",\"dateModified\":\"2025-07-20T01:36:55+00:00\",\"author\":{\"@id\":\"https:\/\/www.nettali.com\/#\/schema\/person\/418274a86bdf87caff7a3ef476bd0bbf\"},\"breadcrumb\":{\"@id\":\"https:\/\/www.nettali.com\/2025\/07\/19\/situation-politique-les-cadres-aperites-alertent-sur-une-crise-institutionnelle-et-denoncent-linaction-face-aux-drames-sociaux\/#breadcrumb\"},\"inLanguage\":\"fr-FR\",\"potentialAction\":[{\"@type\":\"ReadAction\",\"target\":[\"https:\/\/www.nettali.com\/2025\/07\/19\/situation-politique-les-cadres-aperites-alertent-sur-une-crise-institutionnelle-et-denoncent-linaction-face-aux-drames-sociaux\/\"]}]},{\"@type\":\"BreadcrumbList\",\"@id\":\"https:\/\/www.nettali.com\/2025\/07\/19\/situation-politique-les-cadres-aperites-alertent-sur-une-crise-institutionnelle-et-denoncent-linaction-face-aux-drames-sociaux\/#breadcrumb\",\"itemListElement\":[{\"@type\":\"ListItem\",\"position\":1,\"name\":\"Accueil\",\"item\":\"https:\/\/www.nettali.com\/\"},{\"@type\":\"ListItem\",\"position\":2,\"name\":\"SITUATION POLITIQUE - Les cadres ap\\u00e9rit\\u00e9s alertent sur une crise institutionnelle et d\\u00e9noncent l\\u2019inaction face aux drames sociaux\"}]},{\"@type\":\"Person\",\"@id\":\"https:\/\/www.nettali.com\/#\/schema\/person\/418274a86bdf87caff7a3ef476bd0bbf\",\"name\":\"Fatou\",\"image\":{\"@type\":\"ImageObject\",\"@id\":\"https:\/\/www.nettali.com\/#personlogo\",\"inLanguage\":\"fr-FR\",\"url\":\"https:\/\/secure.gravatar.com\/avatar\/5a9442a2bee7b4dcf167cab035858e9a?s=96&d=mm&r=g\",\"contentUrl\":\"https:\/\/secure.gravatar.com\/avatar\/5a9442a2bee7b4dcf167cab035858e9a?s=96&d=mm&r=g\",\"caption\":\"Fatou\"},\"sameAs\":[\"https:\/\/www.nettali.com\"]}]}<\/script>\n<!-- \/ Yoast SEO Premium plugin. -->","yoast_head_json":{"title":"SITUATION POLITIQUE - Les cadres ap\u00e9rit\u00e9s alertent sur une crise institutionnelle et d\u00e9noncent l\u2019inaction face aux drames sociaux | Nettali.com","robots":{"index":"index","follow":"follow","max-snippet":"max-snippet:-1","max-image-preview":"max-image-preview:large","max-video-preview":"max-video-preview:-1"},"canonical":"https:\/\/www.nettali.com\/2025\/07\/19\/situation-politique-les-cadres-aperites-alertent-sur-une-crise-institutionnelle-et-denoncent-linaction-face-aux-drames-sociaux\/","og_locale":"fr_FR","og_type":"article","og_title":"SITUATION POLITIQUE - Les cadres ap\u00e9rit\u00e9s alertent sur une crise institutionnelle et d\u00e9noncent l\u2019inaction face aux drames sociaux","og_description":"NETTALI.COM - La Convergence des cadres r\u00e9publicains (CCR) de l\u2019Alliance pour la R\u00e9publique s\u2019est r\u00e9unie le 18 juillet pour tirer le signal d\u2019alarme sur les rivalit\u00e9s internes \u00e0 l\u2019Ex\u00e9cutif et l\u2019\u00ab indiff\u00e9rence \u00bb des autorit\u00e9s face aux inondations et \u00e0 la d\u00e9gradation de la note souveraine du S\u00e9n\u00e9gal. Dans un communiqu\u00e9 s\u00e9v\u00e8re, la CCR fustige [&hellip;]","og_url":"https:\/\/www.nettali.com\/2025\/07\/19\/situation-politique-les-cadres-aperites-alertent-sur-une-crise-institutionnelle-et-denoncent-linaction-face-aux-drames-sociaux\/","og_site_name":"Nettali.com","article_publisher":"https:\/\/www.facebook.com\/nettalicom","article_published_time":"2025-07-19T08:09:19+00:00","article_modified_time":"2025-07-20T01:36:55+00:00","og_image":[{"width":1170,"height":621,"url":"https:\/\/www.nettali.com\/wp-content\/uploads\/2025\/05\/l-apr.jpg","type":"image\/jpeg"}],"twitter_card":"summary_large_image","twitter_misc":{"\u00c9crit par":"Fatou","Dur\u00e9e de lecture estim\u00e9e":"4 minutes"},"schema":{"@context":"https:\/\/schema.org","@graph":[{"@type":"WebSite","@id":"https:\/\/www.nettali.com\/#website","url":"https:\/\/www.nettali.com\/","name":"Nettali.com","description":"Le rendez-vous critique du Net","potentialAction":[{"@type":"SearchAction","target":{"@type":"EntryPoint","urlTemplate":"https:\/\/www.nettali.com\/?s={search_term_string}"},"query-input":"required name=search_term_string"}],"inLanguage":"fr-FR"},{"@type":"ImageObject","@id":"https:\/\/www.nettali.com\/2025\/07\/19\/situation-politique-les-cadres-aperites-alertent-sur-une-crise-institutionnelle-et-denoncent-linaction-face-aux-drames-sociaux\/#primaryimage","inLanguage":"fr-FR","url":"https:\/\/www.nettali.com\/wp-content\/uploads\/2025\/05\/l-apr.jpg","contentUrl":"https:\/\/www.nettali.com\/wp-content\/uploads\/2025\/05\/l-apr.jpg","width":1170,"height":621},{"@type":"WebPage","@id":"https:\/\/www.nettali.com\/2025\/07\/19\/situation-politique-les-cadres-aperites-alertent-sur-une-crise-institutionnelle-et-denoncent-linaction-face-aux-drames-sociaux\/#webpage","url":"https:\/\/www.nettali.com\/2025\/07\/19\/situation-politique-les-cadres-aperites-alertent-sur-une-crise-institutionnelle-et-denoncent-linaction-face-aux-drames-sociaux\/","name":"SITUATION POLITIQUE - Les cadres ap\u00e9rit\u00e9s alertent sur une crise institutionnelle et d\u00e9noncent l\u2019inaction face aux drames sociaux | Nettali.com","isPartOf":{"@id":"https:\/\/www.nettali.com\/#website"},"primaryImageOfPage":{"@id":"https:\/\/www.nettali.com\/2025\/07\/19\/situation-politique-les-cadres-aperites-alertent-sur-une-crise-institutionnelle-et-denoncent-linaction-face-aux-drames-sociaux\/#primaryimage"},"datePublished":"2025-07-19T08:09:19+00:00","dateModified":"2025-07-20T01:36:55+00:00","author":{"@id":"https:\/\/www.nettali.com\/#\/schema\/person\/418274a86bdf87caff7a3ef476bd0bbf"},"breadcrumb":{"@id":"https:\/\/www.nettali.com\/2025\/07\/19\/situation-politique-les-cadres-aperites-alertent-sur-une-crise-institutionnelle-et-denoncent-linaction-face-aux-drames-sociaux\/#breadcrumb"},"inLanguage":"fr-FR","potentialAction":[{"@type":"ReadAction","target":["https:\/\/www.nettali.com\/2025\/07\/19\/situation-politique-les-cadres-aperites-alertent-sur-une-crise-institutionnelle-et-denoncent-linaction-face-aux-drames-sociaux\/"]}]},{"@type":"BreadcrumbList","@id":"https:\/\/www.nettali.com\/2025\/07\/19\/situation-politique-les-cadres-aperites-alertent-sur-une-crise-institutionnelle-et-denoncent-linaction-face-aux-drames-sociaux\/#breadcrumb","itemListElement":[{"@type":"ListItem","position":1,"name":"Accueil","item":"https:\/\/www.nettali.com\/"},{"@type":"ListItem","position":2,"name":"SITUATION POLITIQUE - Les cadres ap\u00e9rit\u00e9s alertent sur une crise institutionnelle et d\u00e9noncent l\u2019inaction face aux drames sociaux"}]},{"@type":"Person","@id":"https:\/\/www.nettali.com\/#\/schema\/person\/418274a86bdf87caff7a3ef476bd0bbf","name":"Fatou","image":{"@type":"ImageObject","@id":"https:\/\/www.nettali.com\/#personlogo","inLanguage":"fr-FR","url":"https:\/\/secure.gravatar.com\/avatar\/5a9442a2bee7b4dcf167cab035858e9a?s=96&d=mm&r=g","contentUrl":"https:\/\/secure.gravatar.com\/avatar\/5a9442a2bee7b4dcf167cab035858e9a?s=96&d=mm&r=g","caption":"Fatou"},"sameAs":["https:\/\/www.nettali.com"]}]}},"_links":{"self":[{"href":"https:\/\/www.nettali.com\/rest\/wp\/v2\/posts\/157855"}],"collection":[{"href":"https:\/\/www.nettali.com\/rest\/wp\/v2\/posts"}],"about":[{"href":"https:\/\/www.nettali.com\/rest\/wp\/v2\/types\/post"}],"author":[{"embeddable":true,"href":"https:\/\/www.nettali.com\/rest\/wp\/v2\/users\/6"}],"replies":[{"embeddable":true,"href":"https:\/\/www.nettali.com\/rest\/wp\/v2\/comments?post=157855"}],"version-history":[{"count":4,"href":"https:\/\/www.nettali.com\/rest\/wp\/v2\/posts\/157855\/revisions"}],"predecessor-version":[{"id":157868,"href":"https:\/\/www.nettali.com\/rest\/wp\/v2\/posts\/157855\/revisions\/157868"}],"wp:featuredmedia":[{"embeddable":true,"href":"https:\/\/www.nettali.com\/rest\/wp\/v2\/media\/155035"}],"wp:attachment":[{"href":"https:\/\/www.nettali.com\/rest\/wp\/v2\/media?parent=157855"}],"wp:term":[{"taxonomy":"category","embeddable":true,"href":"https:\/\/www.nettali.com\/rest\/wp\/v2\/categories?post=157855"},{"taxonomy":"post_tag","embeddable":true,"href":"https:\/\/www.nettali.com\/rest\/wp\/v2\/tags?post=157855"}],"curies":[{"name":"wp","href":"https:\/\/api.w.org\/{rel}","templated":true}]}}