{"id":157853,"date":"2025-07-19T08:03:23","date_gmt":"2025-07-19T08:03:23","guid":{"rendered":"https:\/\/www.nettali.com\/?p=157853"},"modified":"2025-07-20T01:36:10","modified_gmt":"2025-07-20T01:36:10","slug":"tricherie-au-bfem-2025-le-ministere-de-leducation-nationale-clarifie-et-rassure","status":"publish","type":"post","link":"https:\/\/www.nettali.com\/2025\/07\/19\/tricherie-au-bfem-2025-le-ministere-de-leducation-nationale-clarifie-et-rassure\/","title":{"rendered":"TRICHERIE AU BFEM 2025-\u00a0 Le minist\u00e8re de l'\u00c9ducation nationale clarifie et rassure"},"content":{"rendered":"<p><strong>NETTALI.COM - Apr\u00e8s la diffusion sur les r\u00e9seaux sociaux de cas de tricherie pr\u00e9sum\u00e9e, lors des \u00e9preuves du Brevet de Fin d\u2019\u00c9tudes Moyennes (BFEM), le minist\u00e8re de l\u2019\u00c9ducation nationale est sorti de son silence pour \u00e9clairer l\u2019opinion publique et r\u00e9affirmer son engagement en faveur de la transparence et de l\u2019int\u00e9grit\u00e9 dans l\u2019organisation des examens nationaux.<\/strong><\/p>\n<p>Dans un communiqu\u00e9 rendu public le vendredi 18 juillet 2025, les autorit\u00e9s \u00e9ducatives ont tenu \u00e0 faire une mise au point, suite \u00e0 l\u2019arrestation de plusieurs candidats \u00e0 Louga (18) et Mbour (6), en possession de corrig\u00e9s manuscrits pendant les \u00e9preuves.<\/p>\n<p>Le minist\u00e8re pr\u00e9cise qu\u2019il ne s\u2019agit pas des corrig\u00e9s officiels, ces derniers \u00e9tant transmis \u00e9lectroniquement et uniquement apr\u00e8s la fin de chaque \u00e9preuve, dans le cadre d\u2019un syst\u00e8me renforc\u00e9 de s\u00e9curisation instaur\u00e9 depuis la session 2024. Ces documents authentiques sont estampill\u00e9s du cachet de la Direction des Examens et Concours (DEXCO), ce qui n\u2019est pas le cas de ceux retrouv\u00e9s sur les candidats.<\/p>\n<p>En ce qui concerne l\u2019ampleur du ph\u00e9nom\u00e8ne, le minist\u00e8re relativise : \u00ab <em>Ces cas repr\u00e9sentent 0,012 % des 188 151 candidats ayant effectivement compos\u00e9 cette ann\u00e9e<\/em> \u00bb, soit 26 cas isol\u00e9s. Ils ont \u00e9t\u00e9 imm\u00e9diatement pris en charge, conform\u00e9ment \u00e0 la r\u00e9glementation en vigueur, par les pr\u00e9sidents de jury en coordination avec les Inspecteurs de l\u2019\u00c9ducation et de la Formation (IEF) et les Inspecteurs d\u2019Acad\u00e9mie (IA).<\/p>\n<p>Le minist\u00e8re insiste : \"<em>Ces incidents isol\u00e9s n\u2019ont eu aucun impact sur le d\u00e9roulement global de l\u2019examen <\/em>\".<\/p>\n<p>Tout en appelant \u00e0 la responsabilit\u00e9 et \u00e0 la prudence dans la diffusion des informations li\u00e9es aux examens, l\u2019institution alerte contre les risques de d\u00e9sinformation, susceptibles de nuire aux efforts de s\u00e9curisation et de transparence.<\/p>\n<p>Enfin, le minist\u00e8re de l\u2019\u00c9ducation nationale assure qu\u2019il fera toute la lumi\u00e8re sur ces faits et communiquera en temps opportun par les canaux officiels. Il conclut en rappelant que la lutte contre la tricherie ne vise pas uniquement \u00e0 prot\u00e9ger l\u2019\u00e9valuation scolaire, mais s\u2019inscrit aussi dans un travail d\u2019\u00e9ducation aux valeurs, qui doit concerner toute la soci\u00e9t\u00e9.<\/p>\n<div class='share-to-whatsapp-wrapper'><div class='share-on-whsp'>PARTAGER SUR : <\/div><a data-text='TRICHERIE AU BFEM 2025-\u00a0 Le minist\u00e8re de l'\u00c9ducation nationale clarifie et rassure' data-link='https:\/\/www.nettali.com\/2025\/07\/19\/tricherie-au-bfem-2025-le-ministere-de-leducation-nationale-clarifie-et-rassure\/' class='whatsapp-button whatsapp-share'>WhatsApp<\/a><div class='clear '><\/div><\/div>","protected":false},"excerpt":{"rendered":"<p>NETTALI.COM - Apr\u00e8s la diffusion sur les r\u00e9seaux sociaux de cas de tricherie pr\u00e9sum\u00e9e, lors des \u00e9preuves du Brevet de Fin d\u2019\u00c9tudes Moyennes (BFEM), le minist\u00e8re de l\u2019\u00c9ducation nationale est sorti de son silence pour \u00e9clairer l\u2019opinion publique et r\u00e9affirmer son engagement en faveur de la transparence et de l\u2019int\u00e9grit\u00e9 dans l\u2019organisation des examens nationaux. [&hellip;]<\/p>\n","protected":false},"author":6,"featured_media":32026,"comment_status":"open","ping_status":"open","sticky":false,"template":"","format":"standard","meta":{"_et_pb_use_builder":"","_et_pb_old_content":""},"categories":[3],"tags":[],"yoast_head":"<!-- This site is optimized with the Yoast SEO Premium plugin v17.8 (Yoast SEO v17.8) - https:\/\/yoast.com\/wordpress\/plugins\/seo\/ -->\n<title>TRICHERIE AU BFEM 2025-\u00a0 Le minist\u00e8re de l&#039;\u00c9ducation nationale clarifie et rassure | Nettali.com<\/title>\n<meta name=\"robots\" content=\"index, follow, max-snippet:-1, max-image-preview:large, max-video-preview:-1\" \/>\n<link rel=\"canonical\" href=\"https:\/\/www.nettali.com\/2025\/07\/19\/tricherie-au-bfem-2025-le-ministere-de-leducation-nationale-clarifie-et-rassure\/\" \/>\n<meta property=\"og:locale\" content=\"fr_FR\" \/>\n<meta property=\"og:type\" content=\"article\" \/>\n<meta property=\"og:title\" content=\"TRICHERIE AU BFEM 2025-\u00a0 Le minist\u00e8re de l&#039;\u00c9ducation nationale clarifie et rassure\" \/>\n<meta property=\"og:description\" content=\"NETTALI.COM - Apr\u00e8s la diffusion sur les r\u00e9seaux sociaux de cas de tricherie pr\u00e9sum\u00e9e, lors des \u00e9preuves du Brevet de Fin d\u2019\u00c9tudes Moyennes (BFEM), le minist\u00e8re de l\u2019\u00c9ducation nationale est sorti de son silence pour \u00e9clairer l\u2019opinion publique et r\u00e9affirmer son engagement en faveur de la transparence et de l\u2019int\u00e9grit\u00e9 dans l\u2019organisation des examens nationaux. [&hellip;]\" \/>\n<meta property=\"og:url\" content=\"https:\/\/www.nettali.com\/2025\/07\/19\/tricherie-au-bfem-2025-le-ministere-de-leducation-nationale-clarifie-et-rassure\/\" \/>\n<meta property=\"og:site_name\" content=\"Nettali.com\" \/>\n<meta property=\"article:publisher\" content=\"https:\/\/www.facebook.com\/nettalicom\" \/>\n<meta property=\"article:published_time\" content=\"2025-07-19T08:03:23+00:00\" \/>\n<meta property=\"article:modified_time\" content=\"2025-07-20T01:36:10+00:00\" \/>\n<meta property=\"og:image\" content=\"https:\/\/www.nettali.com\/wp-content\/uploads\/2020\/03\/moustapha-guirassy1.jpg\" \/>\n\t<meta property=\"og:image:width\" content=\"750\" \/>\n\t<meta property=\"og:image:height\" content=\"500\" \/>\n<meta name=\"twitter:card\" content=\"summary_large_image\" \/>\n<meta name=\"twitter:label1\" content=\"\u00c9crit par\" \/>\n\t<meta name=\"twitter:data1\" content=\"Fatou\" \/>\n\t<meta name=\"twitter:label2\" content=\"Dur\u00e9e de lecture estim\u00e9e\" \/>\n\t<meta name=\"twitter:data2\" content=\"2 minutes\" \/>\n<script type=\"application\/ld+json\" class=\"yoast-schema-graph\">{\"@context\":\"https:\/\/schema.org\",\"@graph\":[{\"@type\":\"WebSite\",\"@id\":\"https:\/\/www.nettali.com\/#website\",\"url\":\"https:\/\/www.nettali.com\/\",\"name\":\"Nettali.com\",\"description\":\"Le rendez-vous critique du Net\",\"potentialAction\":[{\"@type\":\"SearchAction\",\"target\":{\"@type\":\"EntryPoint\",\"urlTemplate\":\"https:\/\/www.nettali.com\/?s={search_term_string}\"},\"query-input\":\"required name=search_term_string\"}],\"inLanguage\":\"fr-FR\"},{\"@type\":\"ImageObject\",\"@id\":\"https:\/\/www.nettali.com\/2025\/07\/19\/tricherie-au-bfem-2025-le-ministere-de-leducation-nationale-clarifie-et-rassure\/#primaryimage\",\"inLanguage\":\"fr-FR\",\"url\":\"https:\/\/www.nettali.com\/wp-content\/uploads\/2020\/03\/moustapha-guirassy1.jpg\",\"contentUrl\":\"https:\/\/www.nettali.com\/wp-content\/uploads\/2020\/03\/moustapha-guirassy1.jpg\",\"width\":750,\"height\":500},{\"@type\":\"WebPage\",\"@id\":\"https:\/\/www.nettali.com\/2025\/07\/19\/tricherie-au-bfem-2025-le-ministere-de-leducation-nationale-clarifie-et-rassure\/#webpage\",\"url\":\"https:\/\/www.nettali.com\/2025\/07\/19\/tricherie-au-bfem-2025-le-ministere-de-leducation-nationale-clarifie-et-rassure\/\",\"name\":\"TRICHERIE AU BFEM 2025-\\u00a0 Le minist\\u00e8re de l'\\u00c9ducation nationale clarifie et rassure | Nettali.com\",\"isPartOf\":{\"@id\":\"https:\/\/www.nettali.com\/#website\"},\"primaryImageOfPage\":{\"@id\":\"https:\/\/www.nettali.com\/2025\/07\/19\/tricherie-au-bfem-2025-le-ministere-de-leducation-nationale-clarifie-et-rassure\/#primaryimage\"},\"datePublished\":\"2025-07-19T08:03:23+00:00\",\"dateModified\":\"2025-07-20T01:36:10+00:00\",\"author\":{\"@id\":\"https:\/\/www.nettali.com\/#\/schema\/person\/418274a86bdf87caff7a3ef476bd0bbf\"},\"breadcrumb\":{\"@id\":\"https:\/\/www.nettali.com\/2025\/07\/19\/tricherie-au-bfem-2025-le-ministere-de-leducation-nationale-clarifie-et-rassure\/#breadcrumb\"},\"inLanguage\":\"fr-FR\",\"potentialAction\":[{\"@type\":\"ReadAction\",\"target\":[\"https:\/\/www.nettali.com\/2025\/07\/19\/tricherie-au-bfem-2025-le-ministere-de-leducation-nationale-clarifie-et-rassure\/\"]}]},{\"@type\":\"BreadcrumbList\",\"@id\":\"https:\/\/www.nettali.com\/2025\/07\/19\/tricherie-au-bfem-2025-le-ministere-de-leducation-nationale-clarifie-et-rassure\/#breadcrumb\",\"itemListElement\":[{\"@type\":\"ListItem\",\"position\":1,\"name\":\"Accueil\",\"item\":\"https:\/\/www.nettali.com\/\"},{\"@type\":\"ListItem\",\"position\":2,\"name\":\"TRICHERIE AU BFEM 2025-\\u00a0 Le minist\\u00e8re de l'\\u00c9ducation nationale clarifie et rassure\"}]},{\"@type\":\"Person\",\"@id\":\"https:\/\/www.nettali.com\/#\/schema\/person\/418274a86bdf87caff7a3ef476bd0bbf\",\"name\":\"Fatou\",\"image\":{\"@type\":\"ImageObject\",\"@id\":\"https:\/\/www.nettali.com\/#personlogo\",\"inLanguage\":\"fr-FR\",\"url\":\"https:\/\/secure.gravatar.com\/avatar\/5a9442a2bee7b4dcf167cab035858e9a?s=96&d=mm&r=g\",\"contentUrl\":\"https:\/\/secure.gravatar.com\/avatar\/5a9442a2bee7b4dcf167cab035858e9a?s=96&d=mm&r=g\",\"caption\":\"Fatou\"},\"sameAs\":[\"https:\/\/www.nettali.com\"]}]}<\/script>\n<!-- \/ Yoast SEO Premium plugin. -->","yoast_head_json":{"title":"TRICHERIE AU BFEM 2025-\u00a0 Le minist\u00e8re de l'\u00c9ducation nationale clarifie et rassure | Nettali.com","robots":{"index":"index","follow":"follow","max-snippet":"max-snippet:-1","max-image-preview":"max-image-preview:large","max-video-preview":"max-video-preview:-1"},"canonical":"https:\/\/www.nettali.com\/2025\/07\/19\/tricherie-au-bfem-2025-le-ministere-de-leducation-nationale-clarifie-et-rassure\/","og_locale":"fr_FR","og_type":"article","og_title":"TRICHERIE AU BFEM 2025-\u00a0 Le minist\u00e8re de l'\u00c9ducation nationale clarifie et rassure","og_description":"NETTALI.COM - Apr\u00e8s la diffusion sur les r\u00e9seaux sociaux de cas de tricherie pr\u00e9sum\u00e9e, lors des \u00e9preuves du Brevet de Fin d\u2019\u00c9tudes Moyennes (BFEM), le minist\u00e8re de l\u2019\u00c9ducation nationale est sorti de son silence pour \u00e9clairer l\u2019opinion publique et r\u00e9affirmer son engagement en faveur de la transparence et de l\u2019int\u00e9grit\u00e9 dans l\u2019organisation des examens nationaux. [&hellip;]","og_url":"https:\/\/www.nettali.com\/2025\/07\/19\/tricherie-au-bfem-2025-le-ministere-de-leducation-nationale-clarifie-et-rassure\/","og_site_name":"Nettali.com","article_publisher":"https:\/\/www.facebook.com\/nettalicom","article_published_time":"2025-07-19T08:03:23+00:00","article_modified_time":"2025-07-20T01:36:10+00:00","og_image":[{"width":750,"height":500,"url":"https:\/\/www.nettali.com\/wp-content\/uploads\/2020\/03\/moustapha-guirassy1.jpg","type":"image\/jpeg"}],"twitter_card":"summary_large_image","twitter_misc":{"\u00c9crit par":"Fatou","Dur\u00e9e de lecture estim\u00e9e":"2 minutes"},"schema":{"@context":"https:\/\/schema.org","@graph":[{"@type":"WebSite","@id":"https:\/\/www.nettali.com\/#website","url":"https:\/\/www.nettali.com\/","name":"Nettali.com","description":"Le rendez-vous critique du Net","potentialAction":[{"@type":"SearchAction","target":{"@type":"EntryPoint","urlTemplate":"https:\/\/www.nettali.com\/?s={search_term_string}"},"query-input":"required name=search_term_string"}],"inLanguage":"fr-FR"},{"@type":"ImageObject","@id":"https:\/\/www.nettali.com\/2025\/07\/19\/tricherie-au-bfem-2025-le-ministere-de-leducation-nationale-clarifie-et-rassure\/#primaryimage","inLanguage":"fr-FR","url":"https:\/\/www.nettali.com\/wp-content\/uploads\/2020\/03\/moustapha-guirassy1.jpg","contentUrl":"https:\/\/www.nettali.com\/wp-content\/uploads\/2020\/03\/moustapha-guirassy1.jpg","width":750,"height":500},{"@type":"WebPage","@id":"https:\/\/www.nettali.com\/2025\/07\/19\/tricherie-au-bfem-2025-le-ministere-de-leducation-nationale-clarifie-et-rassure\/#webpage","url":"https:\/\/www.nettali.com\/2025\/07\/19\/tricherie-au-bfem-2025-le-ministere-de-leducation-nationale-clarifie-et-rassure\/","name":"TRICHERIE AU BFEM 2025-\u00a0 Le minist\u00e8re de l'\u00c9ducation nationale clarifie et rassure | Nettali.com","isPartOf":{"@id":"https:\/\/www.nettali.com\/#website"},"primaryImageOfPage":{"@id":"https:\/\/www.nettali.com\/2025\/07\/19\/tricherie-au-bfem-2025-le-ministere-de-leducation-nationale-clarifie-et-rassure\/#primaryimage"},"datePublished":"2025-07-19T08:03:23+00:00","dateModified":"2025-07-20T01:36:10+00:00","author":{"@id":"https:\/\/www.nettali.com\/#\/schema\/person\/418274a86bdf87caff7a3ef476bd0bbf"},"breadcrumb":{"@id":"https:\/\/www.nettali.com\/2025\/07\/19\/tricherie-au-bfem-2025-le-ministere-de-leducation-nationale-clarifie-et-rassure\/#breadcrumb"},"inLanguage":"fr-FR","potentialAction":[{"@type":"ReadAction","target":["https:\/\/www.nettali.com\/2025\/07\/19\/tricherie-au-bfem-2025-le-ministere-de-leducation-nationale-clarifie-et-rassure\/"]}]},{"@type":"BreadcrumbList","@id":"https:\/\/www.nettali.com\/2025\/07\/19\/tricherie-au-bfem-2025-le-ministere-de-leducation-nationale-clarifie-et-rassure\/#breadcrumb","itemListElement":[{"@type":"ListItem","position":1,"name":"Accueil","item":"https:\/\/www.nettali.com\/"},{"@type":"ListItem","position":2,"name":"TRICHERIE AU BFEM 2025-\u00a0 Le minist\u00e8re de l'\u00c9ducation nationale clarifie et rassure"}]},{"@type":"Person","@id":"https:\/\/www.nettali.com\/#\/schema\/person\/418274a86bdf87caff7a3ef476bd0bbf","name":"Fatou","image":{"@type":"ImageObject","@id":"https:\/\/www.nettali.com\/#personlogo","inLanguage":"fr-FR","url":"https:\/\/secure.gravatar.com\/avatar\/5a9442a2bee7b4dcf167cab035858e9a?s=96&d=mm&r=g","contentUrl":"https:\/\/secure.gravatar.com\/avatar\/5a9442a2bee7b4dcf167cab035858e9a?s=96&d=mm&r=g","caption":"Fatou"},"sameAs":["https:\/\/www.nettali.com"]}]}},"_links":{"self":[{"href":"https:\/\/www.nettali.com\/rest\/wp\/v2\/posts\/157853"}],"collection":[{"href":"https:\/\/www.nettali.com\/rest\/wp\/v2\/posts"}],"about":[{"href":"https:\/\/www.nettali.com\/rest\/wp\/v2\/types\/post"}],"author":[{"embeddable":true,"href":"https:\/\/www.nettali.com\/rest\/wp\/v2\/users\/6"}],"replies":[{"embeddable":true,"href":"https:\/\/www.nettali.com\/rest\/wp\/v2\/comments?post=157853"}],"version-history":[{"count":3,"href":"https:\/\/www.nettali.com\/rest\/wp\/v2\/posts\/157853\/revisions"}],"predecessor-version":[{"id":157865,"href":"https:\/\/www.nettali.com\/rest\/wp\/v2\/posts\/157853\/revisions\/157865"}],"wp:featuredmedia":[{"embeddable":true,"href":"https:\/\/www.nettali.com\/rest\/wp\/v2\/media\/32026"}],"wp:attachment":[{"href":"https:\/\/www.nettali.com\/rest\/wp\/v2\/media?parent=157853"}],"wp:term":[{"taxonomy":"category","embeddable":true,"href":"https:\/\/www.nettali.com\/rest\/wp\/v2\/categories?post=157853"},{"taxonomy":"post_tag","embeddable":true,"href":"https:\/\/www.nettali.com\/rest\/wp\/v2\/tags?post=157853"}],"curies":[{"name":"wp","href":"https:\/\/api.w.org\/{rel}","templated":true}]}}