{"id":157835,"date":"2025-07-18T10:05:48","date_gmt":"2025-07-18T10:05:48","guid":{"rendered":"https:\/\/www.nettali.com\/?p=157835"},"modified":"2025-07-18T19:00:49","modified_gmt":"2025-07-18T19:00:49","slug":"espagne-vise-par-une-enquete-du-gouvernement-lamine-yamal-defendu-par-des-nains","status":"publish","type":"post","link":"https:\/\/www.nettali.com\/2025\/07\/18\/espagne-vise-par-une-enquete-du-gouvernement-lamine-yamal-defendu-par-des-nains\/","title":{"rendered":"ESPAGNE - Vis\u00e9 par une enqu\u00eate du gouvernement, Lamine Yamal d\u00e9fendu par des nains"},"content":{"rendered":"<p><strong>NETTALI.COM - La star du Bar\u00e7a est dans la tourmente depuis la f\u00eate qu\u2019il a organis\u00e9e samedi pour ses 18 ans, pour laquelle il a embauch\u00e9 des personnes atteintes de nanisme.<\/strong><\/p>\n<p>La polemica grimpe en fl\u00e8che en Espagne depuis dimanche et la d\u00e9couverte des contours de la soir\u00e9e du 18e anniversaire de Lamine Yamal. La jeune star du FC Barcelone se voit ainsi reprocher d\u2019avoir embauch\u00e9 pour sa fiesta des personnes atteintes de nanisme, ce qui est susceptible de porter atteinte \u00e0 la dignit\u00e9 des personnes concern\u00e9es. D\u00e8s dimanche soir, l\u2019Association des personnes atteintes de dysplasies squelettiques avec nanisme (ADEE) a d\u2019ailleurs \"<em>condamn\u00e9<\/em>\" ces faits dans un communiqu\u00e9, jugeant \"<em>inacceptable qu\u2019au XXIe si\u00e8cle, des personnes atteintes de nanisme continuent d\u2019\u00eatre utilis\u00e9es comme divertissement lors de f\u00eates priv\u00e9es<\/em>\".<\/p>\n<p>A la suite d\u2019un d\u00e9p\u00f4t de plainte de l\u2019ADEE, on a appris mardi que Lamine Yamal faisait l\u2019objet d\u2019une demande d\u2019enqu\u00eate de la part du gouvernement espagnol. Le minist\u00e8re des Droits sociaux a en effet \"<em>demand\u00e9 au parquet d\u2019enqu\u00eater pour voir si la loi a \u00e9t\u00e9 enfreinte et, par cons\u00e9quent, s\u2019il y a eu une atteinte aux droits des personnes handicap\u00e9es<\/em>\".<\/p>\n<p><em><strong>\"L\u2019ADEE veut nous nuire\"<\/strong><\/em><\/p>\n<p>En pleine tourmente, le principal concurrent d\u2019Ousmane Demb\u00e9l\u00e9 pour le Ballon d\u2019or 2025 a tout de m\u00eame re\u00e7u mardi le soutien de certains des artistes atteints de nanisme pr\u00e9sents \u00e0 sa f\u00eate pour des danses et des tours de magie. L\u2019un d\u2019eux, interrog\u00e9 par la radio catalane RAC1, a d\u00e9nonc\u00e9 la d\u00e9marche de l\u2019ADEE, assurant que personne ne leur avait \"<em>manqu\u00e9 de respect<\/em>\" durant l\u2019anniversaire de l\u2019attaquant du Bar\u00e7a.<\/p>\n<p>\"<em>Depuis quelques ann\u00e9es, l\u2019ADEE veut nous nuire et nous emp\u00eacher de faire ce que nous aimons, mais ils n\u2019ont propos\u00e9 ni travail ni formation aux personnes concern\u00e9es. Tout ce bruit est uniquement d\u00fb au fait que c\u2019\u00e9tait la f\u00eate de Lamine Yamal<\/em>\", regrette l\u2019artiste ayant tenu \u00e0 garder l\u2019anonymat. Une autre personne atteinte de nanisme a publi\u00e9 un communiqu\u00e9 relay\u00e9 mardi soir par la Cope.<\/p>\n<p><strong><em>\"Nous avons \u00e9t\u00e9 trait\u00e9s avec respect\"<\/em><\/strong><\/p>\n<p>\"<em>Nous sommes des individus pleinement capables de d\u00e9cider de notre propre vie, lance-t-il d\u2019abord. Nous rejetons fermement toute all\u00e9gation de ridicule ou d\u2019exploitation, comme cela a \u00e9t\u00e9 publiquement affirm\u00e9 sans preuve. Ceux qui nous accusent sans nous conna\u00eetre nous d\u00e9shumanisent et nous privent de notre autonomie. Nous exhortons l\u2019ADEE et toute autre entit\u00e9 \u00e0 mener leur travail de mani\u00e8re responsable, sans g\u00e9n\u00e9raliser, sans parler au nom de ceux qui n\u2019ont pas \u00e9t\u00e9 entendus, et sans devenir un outil de discours sans rapport avec notre r\u00e9alit\u00e9 v\u00e9cue<\/em>.\"<\/p>\n<p>Restant lui aussi anonyme, cet artiste indique qu\u2019il se r\u00e9serve \"<em>le droit d\u2019engager des poursuites judiciaires si de fausses informations portant atteinte \u00e0 [notre] r\u00e9putation et \u00e0 [notre] image publique continuent d\u2019\u00eatre diffus\u00e9es<\/em>\". Avant de conclure, en soutien \u00e0 Lamine Yamal et \u00e0 ses invit\u00e9s : \"<em>Nous tenons \u00e0 le dire haut et fort : nous sommes profond\u00e9ment fiers d\u2019avoir \u00e9t\u00e9 invit\u00e9s \u00e0 cet \u00e9v\u00e9nement. Ce fut une exp\u00e9rience professionnelle et humaine o\u00f9 nous avons \u00e9t\u00e9 trait\u00e9s avec respect<\/em>\".<\/p>\n<p><strong><em>\"En dehors des terrains, je profite de la vie\"<\/em><\/strong><\/p>\n<p>Interrog\u00e9 sur la r\u00e9action \u00e0 l'action en justice de l'ADEE concernant la pr\u00e9sence d'artistes atteints de nanisme \u00e0 son anniversaire, il a r\u00e9pondu avec fermet\u00e9, passant d\u00e9lib\u00e9r\u00e9ment du catalan \u00e0 l'espagnol.<\/p>\n<p>\"<em>En fin de compte, je travaille pour le Bar\u00e7a, je joue pour le Bar\u00e7a. Et quand je ne suis pas au centre d'entra\u00eenement, je profite de la vie, c'est tout<\/em>\", a-t-il d\u00e9clar\u00e9 \u00e0 Sport.<\/p>\n<p><strong><em>\"Ceux qui parlent en mal de mon fils devraient...\"<\/em><\/strong><\/p>\n<p>Son p\u00e8re, Mounir Nasraoui, souvent pr\u00e9sent dans les m\u00e9dias, n'a pas m\u00e2ch\u00e9 ses mots. Il s'est exprim\u00e9 aupr\u00e8s d'Europa Press, comme le rapporte Sport, et a soulign\u00e9 que cette r\u00e9action \u00e9tait due \u00e0 la jalousie, et que l'Espagne ne devrait pas se concentrer autant sur le fait d'essayer de perturber l'un de ses meilleurs joueurs.<\/p>\n<p>\"<em>Ceux qui parlent en mal de mon fils devraient surveiller leurs arri\u00e8res, et les surveiller attentivement, car Lamine est la meilleure chose que j'ai, un point c'est tout. Je pense qu'il est \u00e9galement la meilleure chose que nous ayons jamais eue dans le football.<\/em>\"<\/p>\n<p>Il a \u00e9galement soulign\u00e9 qu'il ne pensait pas que Lamine Yamal avait quoi que ce soit \u00e0 se reprocher.<\/p>\n<p>\"<em>Je serais le premier \u00e0 donner une tape derri\u00e8re l'oreille \u00e0 mon fils et \u00e0 lui dire : ' Lamine, tu ne peux pas faire \u00e7a, mon fils... ' mais il n'a rien fait de mal.<\/em>\"<\/p>\n<div class='share-to-whatsapp-wrapper'><div class='share-on-whsp'>PARTAGER SUR : <\/div><a data-text='ESPAGNE - Vis\u00e9 par une enqu\u00eate du gouvernement, Lamine Yamal d\u00e9fendu par des nains' data-link='https:\/\/www.nettali.com\/2025\/07\/18\/espagne-vise-par-une-enquete-du-gouvernement-lamine-yamal-defendu-par-des-nains\/' class='whatsapp-button whatsapp-share'>WhatsApp<\/a><div class='clear '><\/div><\/div>","protected":false},"excerpt":{"rendered":"<p>NETTALI.COM - La star du Bar\u00e7a est dans la tourmente depuis la f\u00eate qu\u2019il a organis\u00e9e samedi pour ses 18 ans, pour laquelle il a embauch\u00e9 des personnes atteintes de nanisme. La polemica grimpe en fl\u00e8che en Espagne depuis dimanche et la d\u00e9couverte des contours de la soir\u00e9e du 18e anniversaire de Lamine Yamal. La [&hellip;]<\/p>\n","protected":false},"author":5,"featured_media":155227,"comment_status":"open","ping_status":"open","sticky":false,"template":"","format":"standard","meta":{"_et_pb_use_builder":"","_et_pb_old_content":""},"categories":[3],"tags":[],"yoast_head":"<!-- This site is optimized with the Yoast SEO Premium plugin v17.8 (Yoast SEO v17.8) - https:\/\/yoast.com\/wordpress\/plugins\/seo\/ -->\n<title>ESPAGNE - Vis\u00e9 par une enqu\u00eate du gouvernement, Lamine Yamal d\u00e9fendu par des nains | Nettali.com<\/title>\n<meta name=\"robots\" content=\"index, follow, max-snippet:-1, max-image-preview:large, max-video-preview:-1\" \/>\n<link rel=\"canonical\" href=\"https:\/\/www.nettali.com\/2025\/07\/18\/espagne-vise-par-une-enquete-du-gouvernement-lamine-yamal-defendu-par-des-nains\/\" \/>\n<meta property=\"og:locale\" content=\"fr_FR\" \/>\n<meta property=\"og:type\" content=\"article\" \/>\n<meta property=\"og:title\" content=\"ESPAGNE - Vis\u00e9 par une enqu\u00eate du gouvernement, Lamine Yamal d\u00e9fendu par des nains\" \/>\n<meta property=\"og:description\" content=\"NETTALI.COM - La star du Bar\u00e7a est dans la tourmente depuis la f\u00eate qu\u2019il a organis\u00e9e samedi pour ses 18 ans, pour laquelle il a embauch\u00e9 des personnes atteintes de nanisme. La polemica grimpe en fl\u00e8che en Espagne depuis dimanche et la d\u00e9couverte des contours de la soir\u00e9e du 18e anniversaire de Lamine Yamal. La [&hellip;]\" \/>\n<meta property=\"og:url\" content=\"https:\/\/www.nettali.com\/2025\/07\/18\/espagne-vise-par-une-enquete-du-gouvernement-lamine-yamal-defendu-par-des-nains\/\" \/>\n<meta property=\"og:site_name\" content=\"Nettali.com\" \/>\n<meta property=\"article:publisher\" content=\"https:\/\/www.facebook.com\/nettalicom\" \/>\n<meta property=\"article:published_time\" content=\"2025-07-18T10:05:48+00:00\" \/>\n<meta property=\"article:modified_time\" content=\"2025-07-18T19:00:49+00:00\" \/>\n<meta property=\"og:image\" content=\"https:\/\/www.nettali.com\/wp-content\/uploads\/2025\/06\/Lamine-Yamal-Je-ne-pense-pas-au-Ballon-dOr-ce-serait-mauvais-de\u2026-1024x683-1.jpg\" \/>\n\t<meta property=\"og:image:width\" content=\"1024\" \/>\n\t<meta property=\"og:image:height\" content=\"683\" \/>\n<meta name=\"twitter:card\" content=\"summary_large_image\" \/>\n<meta name=\"twitter:label1\" content=\"\u00c9crit par\" \/>\n\t<meta name=\"twitter:data1\" content=\"Ibrahima\" \/>\n\t<meta name=\"twitter:label2\" content=\"Dur\u00e9e de lecture estim\u00e9e\" \/>\n\t<meta name=\"twitter:data2\" content=\"4 minutes\" \/>\n<script type=\"application\/ld+json\" class=\"yoast-schema-graph\">{\"@context\":\"https:\/\/schema.org\",\"@graph\":[{\"@type\":\"WebSite\",\"@id\":\"https:\/\/www.nettali.com\/#website\",\"url\":\"https:\/\/www.nettali.com\/\",\"name\":\"Nettali.com\",\"description\":\"Le rendez-vous critique du Net\",\"potentialAction\":[{\"@type\":\"SearchAction\",\"target\":{\"@type\":\"EntryPoint\",\"urlTemplate\":\"https:\/\/www.nettali.com\/?s={search_term_string}\"},\"query-input\":\"required name=search_term_string\"}],\"inLanguage\":\"fr-FR\"},{\"@type\":\"ImageObject\",\"@id\":\"https:\/\/www.nettali.com\/2025\/07\/18\/espagne-vise-par-une-enquete-du-gouvernement-lamine-yamal-defendu-par-des-nains\/#primaryimage\",\"inLanguage\":\"fr-FR\",\"url\":\"https:\/\/www.nettali.com\/wp-content\/uploads\/2025\/06\/Lamine-Yamal-Je-ne-pense-pas-au-Ballon-dOr-ce-serait-mauvais-de\\u2026-1024x683-1.jpg\",\"contentUrl\":\"https:\/\/www.nettali.com\/wp-content\/uploads\/2025\/06\/Lamine-Yamal-Je-ne-pense-pas-au-Ballon-dOr-ce-serait-mauvais-de\\u2026-1024x683-1.jpg\",\"width\":1024,\"height\":683},{\"@type\":\"WebPage\",\"@id\":\"https:\/\/www.nettali.com\/2025\/07\/18\/espagne-vise-par-une-enquete-du-gouvernement-lamine-yamal-defendu-par-des-nains\/#webpage\",\"url\":\"https:\/\/www.nettali.com\/2025\/07\/18\/espagne-vise-par-une-enquete-du-gouvernement-lamine-yamal-defendu-par-des-nains\/\",\"name\":\"ESPAGNE - Vis\\u00e9 par une enqu\\u00eate du gouvernement, Lamine Yamal d\\u00e9fendu par des nains | Nettali.com\",\"isPartOf\":{\"@id\":\"https:\/\/www.nettali.com\/#website\"},\"primaryImageOfPage\":{\"@id\":\"https:\/\/www.nettali.com\/2025\/07\/18\/espagne-vise-par-une-enquete-du-gouvernement-lamine-yamal-defendu-par-des-nains\/#primaryimage\"},\"datePublished\":\"2025-07-18T10:05:48+00:00\",\"dateModified\":\"2025-07-18T19:00:49+00:00\",\"author\":{\"@id\":\"https:\/\/www.nettali.com\/#\/schema\/person\/bb147657c2986240405a608162b9bb23\"},\"breadcrumb\":{\"@id\":\"https:\/\/www.nettali.com\/2025\/07\/18\/espagne-vise-par-une-enquete-du-gouvernement-lamine-yamal-defendu-par-des-nains\/#breadcrumb\"},\"inLanguage\":\"fr-FR\",\"potentialAction\":[{\"@type\":\"ReadAction\",\"target\":[\"https:\/\/www.nettali.com\/2025\/07\/18\/espagne-vise-par-une-enquete-du-gouvernement-lamine-yamal-defendu-par-des-nains\/\"]}]},{\"@type\":\"BreadcrumbList\",\"@id\":\"https:\/\/www.nettali.com\/2025\/07\/18\/espagne-vise-par-une-enquete-du-gouvernement-lamine-yamal-defendu-par-des-nains\/#breadcrumb\",\"itemListElement\":[{\"@type\":\"ListItem\",\"position\":1,\"name\":\"Accueil\",\"item\":\"https:\/\/www.nettali.com\/\"},{\"@type\":\"ListItem\",\"position\":2,\"name\":\"ESPAGNE - Vis\\u00e9 par une enqu\\u00eate du gouvernement, Lamine Yamal d\\u00e9fendu par des nains\"}]},{\"@type\":\"Person\",\"@id\":\"https:\/\/www.nettali.com\/#\/schema\/person\/bb147657c2986240405a608162b9bb23\",\"name\":\"Ibrahima\",\"image\":{\"@type\":\"ImageObject\",\"@id\":\"https:\/\/www.nettali.com\/#personlogo\",\"inLanguage\":\"fr-FR\",\"url\":\"https:\/\/secure.gravatar.com\/avatar\/26a8a81f09f0dd7624c9d5c36c9ba3a2?s=96&d=mm&r=g\",\"contentUrl\":\"https:\/\/secure.gravatar.com\/avatar\/26a8a81f09f0dd7624c9d5c36c9ba3a2?s=96&d=mm&r=g\",\"caption\":\"Ibrahima\"},\"sameAs\":[\"https:\/\/www.nettali.com\"]}]}<\/script>\n<!-- \/ Yoast SEO Premium plugin. -->","yoast_head_json":{"title":"ESPAGNE - Vis\u00e9 par une enqu\u00eate du gouvernement, Lamine Yamal d\u00e9fendu par des nains | Nettali.com","robots":{"index":"index","follow":"follow","max-snippet":"max-snippet:-1","max-image-preview":"max-image-preview:large","max-video-preview":"max-video-preview:-1"},"canonical":"https:\/\/www.nettali.com\/2025\/07\/18\/espagne-vise-par-une-enquete-du-gouvernement-lamine-yamal-defendu-par-des-nains\/","og_locale":"fr_FR","og_type":"article","og_title":"ESPAGNE - Vis\u00e9 par une enqu\u00eate du gouvernement, Lamine Yamal d\u00e9fendu par des nains","og_description":"NETTALI.COM - La star du Bar\u00e7a est dans la tourmente depuis la f\u00eate qu\u2019il a organis\u00e9e samedi pour ses 18 ans, pour laquelle il a embauch\u00e9 des personnes atteintes de nanisme. La polemica grimpe en fl\u00e8che en Espagne depuis dimanche et la d\u00e9couverte des contours de la soir\u00e9e du 18e anniversaire de Lamine Yamal. La [&hellip;]","og_url":"https:\/\/www.nettali.com\/2025\/07\/18\/espagne-vise-par-une-enquete-du-gouvernement-lamine-yamal-defendu-par-des-nains\/","og_site_name":"Nettali.com","article_publisher":"https:\/\/www.facebook.com\/nettalicom","article_published_time":"2025-07-18T10:05:48+00:00","article_modified_time":"2025-07-18T19:00:49+00:00","og_image":[{"width":1024,"height":683,"url":"https:\/\/www.nettali.com\/wp-content\/uploads\/2025\/06\/Lamine-Yamal-Je-ne-pense-pas-au-Ballon-dOr-ce-serait-mauvais-de\u2026-1024x683-1.jpg","type":"image\/jpeg"}],"twitter_card":"summary_large_image","twitter_misc":{"\u00c9crit par":"Ibrahima","Dur\u00e9e de lecture estim\u00e9e":"4 minutes"},"schema":{"@context":"https:\/\/schema.org","@graph":[{"@type":"WebSite","@id":"https:\/\/www.nettali.com\/#website","url":"https:\/\/www.nettali.com\/","name":"Nettali.com","description":"Le rendez-vous critique du Net","potentialAction":[{"@type":"SearchAction","target":{"@type":"EntryPoint","urlTemplate":"https:\/\/www.nettali.com\/?s={search_term_string}"},"query-input":"required name=search_term_string"}],"inLanguage":"fr-FR"},{"@type":"ImageObject","@id":"https:\/\/www.nettali.com\/2025\/07\/18\/espagne-vise-par-une-enquete-du-gouvernement-lamine-yamal-defendu-par-des-nains\/#primaryimage","inLanguage":"fr-FR","url":"https:\/\/www.nettali.com\/wp-content\/uploads\/2025\/06\/Lamine-Yamal-Je-ne-pense-pas-au-Ballon-dOr-ce-serait-mauvais-de\u2026-1024x683-1.jpg","contentUrl":"https:\/\/www.nettali.com\/wp-content\/uploads\/2025\/06\/Lamine-Yamal-Je-ne-pense-pas-au-Ballon-dOr-ce-serait-mauvais-de\u2026-1024x683-1.jpg","width":1024,"height":683},{"@type":"WebPage","@id":"https:\/\/www.nettali.com\/2025\/07\/18\/espagne-vise-par-une-enquete-du-gouvernement-lamine-yamal-defendu-par-des-nains\/#webpage","url":"https:\/\/www.nettali.com\/2025\/07\/18\/espagne-vise-par-une-enquete-du-gouvernement-lamine-yamal-defendu-par-des-nains\/","name":"ESPAGNE - Vis\u00e9 par une enqu\u00eate du gouvernement, Lamine Yamal d\u00e9fendu par des nains | Nettali.com","isPartOf":{"@id":"https:\/\/www.nettali.com\/#website"},"primaryImageOfPage":{"@id":"https:\/\/www.nettali.com\/2025\/07\/18\/espagne-vise-par-une-enquete-du-gouvernement-lamine-yamal-defendu-par-des-nains\/#primaryimage"},"datePublished":"2025-07-18T10:05:48+00:00","dateModified":"2025-07-18T19:00:49+00:00","author":{"@id":"https:\/\/www.nettali.com\/#\/schema\/person\/bb147657c2986240405a608162b9bb23"},"breadcrumb":{"@id":"https:\/\/www.nettali.com\/2025\/07\/18\/espagne-vise-par-une-enquete-du-gouvernement-lamine-yamal-defendu-par-des-nains\/#breadcrumb"},"inLanguage":"fr-FR","potentialAction":[{"@type":"ReadAction","target":["https:\/\/www.nettali.com\/2025\/07\/18\/espagne-vise-par-une-enquete-du-gouvernement-lamine-yamal-defendu-par-des-nains\/"]}]},{"@type":"BreadcrumbList","@id":"https:\/\/www.nettali.com\/2025\/07\/18\/espagne-vise-par-une-enquete-du-gouvernement-lamine-yamal-defendu-par-des-nains\/#breadcrumb","itemListElement":[{"@type":"ListItem","position":1,"name":"Accueil","item":"https:\/\/www.nettali.com\/"},{"@type":"ListItem","position":2,"name":"ESPAGNE - Vis\u00e9 par une enqu\u00eate du gouvernement, Lamine Yamal d\u00e9fendu par des nains"}]},{"@type":"Person","@id":"https:\/\/www.nettali.com\/#\/schema\/person\/bb147657c2986240405a608162b9bb23","name":"Ibrahima","image":{"@type":"ImageObject","@id":"https:\/\/www.nettali.com\/#personlogo","inLanguage":"fr-FR","url":"https:\/\/secure.gravatar.com\/avatar\/26a8a81f09f0dd7624c9d5c36c9ba3a2?s=96&d=mm&r=g","contentUrl":"https:\/\/secure.gravatar.com\/avatar\/26a8a81f09f0dd7624c9d5c36c9ba3a2?s=96&d=mm&r=g","caption":"Ibrahima"},"sameAs":["https:\/\/www.nettali.com"]}]}},"_links":{"self":[{"href":"https:\/\/www.nettali.com\/rest\/wp\/v2\/posts\/157835"}],"collection":[{"href":"https:\/\/www.nettali.com\/rest\/wp\/v2\/posts"}],"about":[{"href":"https:\/\/www.nettali.com\/rest\/wp\/v2\/types\/post"}],"author":[{"embeddable":true,"href":"https:\/\/www.nettali.com\/rest\/wp\/v2\/users\/5"}],"replies":[{"embeddable":true,"href":"https:\/\/www.nettali.com\/rest\/wp\/v2\/comments?post=157835"}],"version-history":[{"count":1,"href":"https:\/\/www.nettali.com\/rest\/wp\/v2\/posts\/157835\/revisions"}],"predecessor-version":[{"id":157836,"href":"https:\/\/www.nettali.com\/rest\/wp\/v2\/posts\/157835\/revisions\/157836"}],"wp:featuredmedia":[{"embeddable":true,"href":"https:\/\/www.nettali.com\/rest\/wp\/v2\/media\/155227"}],"wp:attachment":[{"href":"https:\/\/www.nettali.com\/rest\/wp\/v2\/media?parent=157835"}],"wp:term":[{"taxonomy":"category","embeddable":true,"href":"https:\/\/www.nettali.com\/rest\/wp\/v2\/categories?post=157835"},{"taxonomy":"post_tag","embeddable":true,"href":"https:\/\/www.nettali.com\/rest\/wp\/v2\/tags?post=157835"}],"curies":[{"name":"wp","href":"https:\/\/api.w.org\/{rel}","templated":true}]}}