{"id":157825,"date":"2025-07-18T08:02:58","date_gmt":"2025-07-18T08:02:58","guid":{"rendered":"https:\/\/www.nettali.com\/?p=157825"},"modified":"2025-07-18T08:02:58","modified_gmt":"2025-07-18T08:02:58","slug":"la-sones-revient-sur-les-acquis-du-contrat-renegocie","status":"publish","type":"post","link":"https:\/\/www.nettali.com\/2025\/07\/18\/la-sones-revient-sur-les-acquis-du-contrat-renegocie\/","title":{"rendered":"La Sones revient sur les acquis du contrat ren\u00e9goci\u00e9"},"content":{"rendered":"<p><strong>NETTALI.COM -<\/strong> Bras arm\u00e9 de l\u2019\u00c9tat dans le cadre de la mise en oeuvre de ce partenariat, la Soci\u00e9t\u00e9 nationale des eaux du S\u00e9n\u00e9gal a produit un document dans lequel, elle revient largement sur les acquis de la ren\u00e9gociation.<\/p>\n<p>Le document informe que dans l\u2019ancien contrat, \u201cl<em>\u2019\u00c9tat devait d\u00e9bourser un loyer annuel net d\u2019environ 20 milliards FCFA \u00e0 partir de 2027 puis 40 milliards FCFA \u00e0 partir de 2030 pour maintenir le prix de l\u2019eau dans des proportions soutenables pour les populations<\/em>\u201d.<\/p>\n<p>Gr\u00e2ce \u00e0 ce m\u00e9canisme de subvention, soutient la source, cette eau sera revendue \u00e0 la SEN\u2019EAU au prix usuel de 150 FCFA HT\/m. Dans le contrat ren\u00e9goci\u00e9, \u201cl<em>\u2019effort de soutenabilit\u00e9 de l\u2019\u00c9tat est de 17,5 milliards sur la p\u00e9riode 2027-2029 et 35 milliards FCFA\/an \u00e0 partir de 2030<\/em>\u201d. La finalit\u00e9, selon le document, est d\u2019all\u00e9ger les finances publiques tout en apportant des r\u00e9ponses aux besoins en eau potable des populations.<\/p>\n<p>La ren\u00e9gociation a aussi permis de revoir le prix de l\u2019eau dessal\u00e9e qui \u00e9tait de 427 FCFA HT\/m dans le contrat initial. \u201cDans le nouveau contrat, le prix de l\u2019eau dessal\u00e9e est de 389,8 FCFA\/m\u201d, gr\u00e2ce notamment \u00e0 une meilleure ma\u00eetrise du facteur \u00e9nerg\u00e9tique. En effet, alors que dans la version initiale, on faisait \u00e9tat de deux centrales solaires de 75 MW chacune; dans le contrat ren\u00e9goci\u00e9, les capacit\u00e9s de production ont \u00e9t\u00e9 port\u00e9es \u00e0 300 MW, soit le double. \u201c<em>Cette \u00e9nergie couvrira enti\u00e8rement les besoins de l\u2019Usine de dessalement. La production suppl\u00e9mentaire sera revendue \u00e0 la SENELEC au prix de 18 FCFA\/KWh, permettant ainsi de baisser le prix de l\u2019eau et g\u00e9n\u00e9rer des gains au profit de la SENELEC<\/em>\u201d, indique la Sones qui accorde aussi une grande importance au volet contenu local.<\/p>\n<p><strong>Le prix de l\u2019eau dessal\u00e9e passe de 427 FCFA HT\/m \u00e0 389,8 FCFA\/m <\/strong><\/p>\n<p>En ce qui concerne le volet financement, l\u2019ancien contrat pr\u00e9voyait un besoin de 30 milliards FCFA \u00e0 rechercher. Dans le nouveau contrat, un financement concessionnel est obtenu du Fonds saoudien d\u2019investissement, sur portage de la SONES et un remboursement avec les dividendes de l\u2019actionnariat. \u201c<em>Le nouveau contrat enregistrera une baisse des co\u00fbts d\u2019exploitation \u00e0 hauteur de 4,5 millions d\u2019euros par an (3 milliards FCFA). Il n\u2019y aura pas d\u2019exon\u00e9ration de droits de douanes pour 300.000 USD (275.230 Euros), soit 180 millions FCFA<\/em>\u201d, indique le document, qui pr\u00e9cise que le pourcentage des pr\u00eats concessionnels est aussi pass\u00e9 de 33% \u00e0 50%.<\/p>\n<p>Il ressort \u00e9galement du document de pr\u00e9sentation que la Sones et la Senelec qui n\u2019\u00e9taient pas actionnaires vont aussi entrer dans le capital, chacune dans le volet qui le concerne.<\/p>\n<p>Il faut rappeler que ce projet, initialement conclu sous le r\u00e9gime du Pr\u00e9sident Sall avant sa remise en cause, consiste \u00e0 r\u00e9aliser une station de traitement dans le p\u00e9rim\u00e8tre du P\u00f4le urbain de Diamniadio et du Lac Rose, pr\u00e8s des villages de Keur Mari\u00e8me Mbengue et Benoba, sur le littoral, dans la commune de Tivaouane Peul-Niaga. L\u2019Usine de dessalement de la Grande C\u00f4te est une r\u00e9ponse \u00e0 la croissance des besoins en eau potable dans le triangle Dakar, Mbour et Thi\u00e8s (DMT). Elle est n\u00e9e d\u2019une \u00e9tude portant sur le Sch\u00e9ma directeur de l\u2019hydraulique urbaine et p\u00e9ri-urbaine qui avait relev\u00e9 que les besoins en eau de ce triangle DMT passeront de pr\u00e8s de 763.000 m \/jour en 2025 \u00e0 1.800. 000 m \/jour en 2040 puis \u00e0 plus de 3.000.000 m \/jour en 2050.<\/p>\n<p><strong>Retour sur les caract\u00e9ristiques du projet <\/strong><\/p>\n<p>\u201c<em>Avec 400.000 m \/jour en deux phases de 200.000 m \/jour chacune, la future Usine de dessalement d\u2019eau de mer de la Grande C\u00f4te produira deux fois plus d\u2019eau que l\u2019Usine KMS3 qui a pourtant permis au secteur de passer un cap dans la formulation de r\u00e9ponses viables \u00e0 la demande en eau potable<\/em>\u201d, informe le Maitre d\u2019ouvrage. R\u00e9alis\u00e9e sous forme de PPP, le contrat pr\u00e9voit que la charge de l\u2019investissement, de l\u2019exploitation et de la maintenance revient au partenaire priv\u00e9. \u201cLe S\u00e9n\u00e9gal aura \u00e0 sa charge l\u2019achat de l\u2019eau dessal\u00e9e et a tout mis en oeuvre pour des gains dans cette ren\u00e9gociation\u201d, soutient le repr\u00e9sentant de l\u2019\u00c9tat qui a aussi justifi\u00e9 le choix fond\u00e9 sur Acwa power.<\/p>\n<p>Pour rappel, le contrat du Projet d\u2019Usine de dessalement de la Grande C\u00f4te a \u00e9t\u00e9 sign\u00e9 le 27 mars 2024 entre la SONES et la compagnie saoudienne ACWA POWER, aux derniers jours du pr\u00e9c\u00e9dent r\u00e9gime. Les nouvelles autorit\u00e9s s\u00e9n\u00e9galaises avaient d\u00e9cid\u00e9 de le suspendre \u00e0 cause, principalement, du co\u00fbt global sur trente ans et du prix de l\u2019eau dessal\u00e9e au m\u00e8tre cube. L\u2019\u00c9tat avait \u00e9galement d\u00e9plor\u00e9 la non prise en compte, dans le contrat sign\u00e9, de certaines recommandations et r\u00e9serves de l\u2019Unit\u00e9 Nationale d\u2019Appui aux Partenariats public-priv\u00e9 (UNAPPP) et de la Direction centrale des Marches publics (DCMP).<\/p>\n<div class='share-to-whatsapp-wrapper'><div class='share-on-whsp'>PARTAGER SUR : <\/div><a data-text='La Sones revient sur les acquis du contrat ren\u00e9goci\u00e9' data-link='https:\/\/www.nettali.com\/2025\/07\/18\/la-sones-revient-sur-les-acquis-du-contrat-renegocie\/' class='whatsapp-button whatsapp-share'>WhatsApp<\/a><div class='clear '><\/div><\/div>","protected":false},"excerpt":{"rendered":"<p>NETTALI.COM - Bras arm\u00e9 de l\u2019\u00c9tat dans le cadre de la mise en oeuvre de ce partenariat, la Soci\u00e9t\u00e9 nationale des eaux du S\u00e9n\u00e9gal a produit un document dans lequel, elle revient largement sur les acquis de la ren\u00e9gociation. Le document informe que dans l\u2019ancien contrat, \u201cl\u2019\u00c9tat devait d\u00e9bourser un loyer annuel net d\u2019environ 20 [&hellip;]<\/p>\n","protected":false},"author":2,"featured_media":157826,"comment_status":"open","ping_status":"open","sticky":false,"template":"","format":"standard","meta":{"_et_pb_use_builder":"","_et_pb_old_content":""},"categories":[4],"tags":[],"yoast_head":"<!-- This site is optimized with the Yoast SEO Premium plugin v17.8 (Yoast SEO v17.8) - https:\/\/yoast.com\/wordpress\/plugins\/seo\/ -->\n<title>La Sones revient sur les acquis du contrat ren\u00e9goci\u00e9 | Nettali.com<\/title>\n<meta name=\"robots\" content=\"index, follow, max-snippet:-1, max-image-preview:large, max-video-preview:-1\" \/>\n<link rel=\"canonical\" href=\"https:\/\/www.nettali.com\/2025\/07\/18\/la-sones-revient-sur-les-acquis-du-contrat-renegocie\/\" \/>\n<meta property=\"og:locale\" content=\"fr_FR\" \/>\n<meta property=\"og:type\" content=\"article\" \/>\n<meta property=\"og:title\" content=\"La Sones revient sur les acquis du contrat ren\u00e9goci\u00e9\" \/>\n<meta property=\"og:description\" content=\"NETTALI.COM - Bras arm\u00e9 de l\u2019\u00c9tat dans le cadre de la mise en oeuvre de ce partenariat, la Soci\u00e9t\u00e9 nationale des eaux du S\u00e9n\u00e9gal a produit un document dans lequel, elle revient largement sur les acquis de la ren\u00e9gociation. Le document informe que dans l\u2019ancien contrat, \u201cl\u2019\u00c9tat devait d\u00e9bourser un loyer annuel net d\u2019environ 20 [&hellip;]\" \/>\n<meta property=\"og:url\" content=\"https:\/\/www.nettali.com\/2025\/07\/18\/la-sones-revient-sur-les-acquis-du-contrat-renegocie\/\" \/>\n<meta property=\"og:site_name\" content=\"Nettali.com\" \/>\n<meta property=\"article:publisher\" content=\"https:\/\/www.facebook.com\/nettalicom\" \/>\n<meta property=\"article:published_time\" content=\"2025-07-18T08:02:58+00:00\" \/>\n<meta property=\"og:image\" content=\"https:\/\/www.nettali.com\/wp-content\/uploads\/2025\/07\/PHOTO-2025-07-17-20-54-09.jpg\" \/>\n\t<meta property=\"og:image:width\" content=\"1280\" \/>\n\t<meta property=\"og:image:height\" content=\"853\" \/>\n<meta name=\"twitter:card\" content=\"summary_large_image\" \/>\n<meta name=\"twitter:label1\" content=\"\u00c9crit par\" \/>\n\t<meta name=\"twitter:data1\" content=\"CK\" \/>\n\t<meta name=\"twitter:label2\" content=\"Dur\u00e9e de lecture estim\u00e9e\" \/>\n\t<meta name=\"twitter:data2\" content=\"4 minutes\" \/>\n<script type=\"application\/ld+json\" class=\"yoast-schema-graph\">{\"@context\":\"https:\/\/schema.org\",\"@graph\":[{\"@type\":\"WebSite\",\"@id\":\"https:\/\/www.nettali.com\/#website\",\"url\":\"https:\/\/www.nettali.com\/\",\"name\":\"Nettali.com\",\"description\":\"Le rendez-vous critique du Net\",\"potentialAction\":[{\"@type\":\"SearchAction\",\"target\":{\"@type\":\"EntryPoint\",\"urlTemplate\":\"https:\/\/www.nettali.com\/?s={search_term_string}\"},\"query-input\":\"required name=search_term_string\"}],\"inLanguage\":\"fr-FR\"},{\"@type\":\"ImageObject\",\"@id\":\"https:\/\/www.nettali.com\/2025\/07\/18\/la-sones-revient-sur-les-acquis-du-contrat-renegocie\/#primaryimage\",\"inLanguage\":\"fr-FR\",\"url\":\"https:\/\/www.nettali.com\/wp-content\/uploads\/2025\/07\/PHOTO-2025-07-17-20-54-09.jpg\",\"contentUrl\":\"https:\/\/www.nettali.com\/wp-content\/uploads\/2025\/07\/PHOTO-2025-07-17-20-54-09.jpg\",\"width\":1280,\"height\":853},{\"@type\":\"WebPage\",\"@id\":\"https:\/\/www.nettali.com\/2025\/07\/18\/la-sones-revient-sur-les-acquis-du-contrat-renegocie\/#webpage\",\"url\":\"https:\/\/www.nettali.com\/2025\/07\/18\/la-sones-revient-sur-les-acquis-du-contrat-renegocie\/\",\"name\":\"La Sones revient sur les acquis du contrat ren\\u00e9goci\\u00e9 | Nettali.com\",\"isPartOf\":{\"@id\":\"https:\/\/www.nettali.com\/#website\"},\"primaryImageOfPage\":{\"@id\":\"https:\/\/www.nettali.com\/2025\/07\/18\/la-sones-revient-sur-les-acquis-du-contrat-renegocie\/#primaryimage\"},\"datePublished\":\"2025-07-18T08:02:58+00:00\",\"dateModified\":\"2025-07-18T08:02:58+00:00\",\"author\":{\"@id\":\"https:\/\/www.nettali.com\/#\/schema\/person\/d8ac7b7e27ddad43f1c0d2ef090d7f71\"},\"breadcrumb\":{\"@id\":\"https:\/\/www.nettali.com\/2025\/07\/18\/la-sones-revient-sur-les-acquis-du-contrat-renegocie\/#breadcrumb\"},\"inLanguage\":\"fr-FR\",\"potentialAction\":[{\"@type\":\"ReadAction\",\"target\":[\"https:\/\/www.nettali.com\/2025\/07\/18\/la-sones-revient-sur-les-acquis-du-contrat-renegocie\/\"]}]},{\"@type\":\"BreadcrumbList\",\"@id\":\"https:\/\/www.nettali.com\/2025\/07\/18\/la-sones-revient-sur-les-acquis-du-contrat-renegocie\/#breadcrumb\",\"itemListElement\":[{\"@type\":\"ListItem\",\"position\":1,\"name\":\"Accueil\",\"item\":\"https:\/\/www.nettali.com\/\"},{\"@type\":\"ListItem\",\"position\":2,\"name\":\"La Sones revient sur les acquis du contrat ren\\u00e9goci\\u00e9\"}]},{\"@type\":\"Person\",\"@id\":\"https:\/\/www.nettali.com\/#\/schema\/person\/d8ac7b7e27ddad43f1c0d2ef090d7f71\",\"name\":\"CK\",\"image\":{\"@type\":\"ImageObject\",\"@id\":\"https:\/\/www.nettali.com\/#personlogo\",\"inLanguage\":\"fr-FR\",\"url\":\"https:\/\/secure.gravatar.com\/avatar\/1d8d5118b9327d94da7cd4ce7f17fec2?s=96&d=mm&r=g\",\"contentUrl\":\"https:\/\/secure.gravatar.com\/avatar\/1d8d5118b9327d94da7cd4ce7f17fec2?s=96&d=mm&r=g\",\"caption\":\"CK\"},\"sameAs\":[\"https:\/\/www.nettali.com\"]}]}<\/script>\n<!-- \/ Yoast SEO Premium plugin. -->","yoast_head_json":{"title":"La Sones revient sur les acquis du contrat ren\u00e9goci\u00e9 | Nettali.com","robots":{"index":"index","follow":"follow","max-snippet":"max-snippet:-1","max-image-preview":"max-image-preview:large","max-video-preview":"max-video-preview:-1"},"canonical":"https:\/\/www.nettali.com\/2025\/07\/18\/la-sones-revient-sur-les-acquis-du-contrat-renegocie\/","og_locale":"fr_FR","og_type":"article","og_title":"La Sones revient sur les acquis du contrat ren\u00e9goci\u00e9","og_description":"NETTALI.COM - Bras arm\u00e9 de l\u2019\u00c9tat dans le cadre de la mise en oeuvre de ce partenariat, la Soci\u00e9t\u00e9 nationale des eaux du S\u00e9n\u00e9gal a produit un document dans lequel, elle revient largement sur les acquis de la ren\u00e9gociation. Le document informe que dans l\u2019ancien contrat, \u201cl\u2019\u00c9tat devait d\u00e9bourser un loyer annuel net d\u2019environ 20 [&hellip;]","og_url":"https:\/\/www.nettali.com\/2025\/07\/18\/la-sones-revient-sur-les-acquis-du-contrat-renegocie\/","og_site_name":"Nettali.com","article_publisher":"https:\/\/www.facebook.com\/nettalicom","article_published_time":"2025-07-18T08:02:58+00:00","og_image":[{"width":1280,"height":853,"url":"https:\/\/www.nettali.com\/wp-content\/uploads\/2025\/07\/PHOTO-2025-07-17-20-54-09.jpg","type":"image\/jpeg"}],"twitter_card":"summary_large_image","twitter_misc":{"\u00c9crit par":"CK","Dur\u00e9e de lecture estim\u00e9e":"4 minutes"},"schema":{"@context":"https:\/\/schema.org","@graph":[{"@type":"WebSite","@id":"https:\/\/www.nettali.com\/#website","url":"https:\/\/www.nettali.com\/","name":"Nettali.com","description":"Le rendez-vous critique du Net","potentialAction":[{"@type":"SearchAction","target":{"@type":"EntryPoint","urlTemplate":"https:\/\/www.nettali.com\/?s={search_term_string}"},"query-input":"required name=search_term_string"}],"inLanguage":"fr-FR"},{"@type":"ImageObject","@id":"https:\/\/www.nettali.com\/2025\/07\/18\/la-sones-revient-sur-les-acquis-du-contrat-renegocie\/#primaryimage","inLanguage":"fr-FR","url":"https:\/\/www.nettali.com\/wp-content\/uploads\/2025\/07\/PHOTO-2025-07-17-20-54-09.jpg","contentUrl":"https:\/\/www.nettali.com\/wp-content\/uploads\/2025\/07\/PHOTO-2025-07-17-20-54-09.jpg","width":1280,"height":853},{"@type":"WebPage","@id":"https:\/\/www.nettali.com\/2025\/07\/18\/la-sones-revient-sur-les-acquis-du-contrat-renegocie\/#webpage","url":"https:\/\/www.nettali.com\/2025\/07\/18\/la-sones-revient-sur-les-acquis-du-contrat-renegocie\/","name":"La Sones revient sur les acquis du contrat ren\u00e9goci\u00e9 | Nettali.com","isPartOf":{"@id":"https:\/\/www.nettali.com\/#website"},"primaryImageOfPage":{"@id":"https:\/\/www.nettali.com\/2025\/07\/18\/la-sones-revient-sur-les-acquis-du-contrat-renegocie\/#primaryimage"},"datePublished":"2025-07-18T08:02:58+00:00","dateModified":"2025-07-18T08:02:58+00:00","author":{"@id":"https:\/\/www.nettali.com\/#\/schema\/person\/d8ac7b7e27ddad43f1c0d2ef090d7f71"},"breadcrumb":{"@id":"https:\/\/www.nettali.com\/2025\/07\/18\/la-sones-revient-sur-les-acquis-du-contrat-renegocie\/#breadcrumb"},"inLanguage":"fr-FR","potentialAction":[{"@type":"ReadAction","target":["https:\/\/www.nettali.com\/2025\/07\/18\/la-sones-revient-sur-les-acquis-du-contrat-renegocie\/"]}]},{"@type":"BreadcrumbList","@id":"https:\/\/www.nettali.com\/2025\/07\/18\/la-sones-revient-sur-les-acquis-du-contrat-renegocie\/#breadcrumb","itemListElement":[{"@type":"ListItem","position":1,"name":"Accueil","item":"https:\/\/www.nettali.com\/"},{"@type":"ListItem","position":2,"name":"La Sones revient sur les acquis du contrat ren\u00e9goci\u00e9"}]},{"@type":"Person","@id":"https:\/\/www.nettali.com\/#\/schema\/person\/d8ac7b7e27ddad43f1c0d2ef090d7f71","name":"CK","image":{"@type":"ImageObject","@id":"https:\/\/www.nettali.com\/#personlogo","inLanguage":"fr-FR","url":"https:\/\/secure.gravatar.com\/avatar\/1d8d5118b9327d94da7cd4ce7f17fec2?s=96&d=mm&r=g","contentUrl":"https:\/\/secure.gravatar.com\/avatar\/1d8d5118b9327d94da7cd4ce7f17fec2?s=96&d=mm&r=g","caption":"CK"},"sameAs":["https:\/\/www.nettali.com"]}]}},"_links":{"self":[{"href":"https:\/\/www.nettali.com\/rest\/wp\/v2\/posts\/157825"}],"collection":[{"href":"https:\/\/www.nettali.com\/rest\/wp\/v2\/posts"}],"about":[{"href":"https:\/\/www.nettali.com\/rest\/wp\/v2\/types\/post"}],"author":[{"embeddable":true,"href":"https:\/\/www.nettali.com\/rest\/wp\/v2\/users\/2"}],"replies":[{"embeddable":true,"href":"https:\/\/www.nettali.com\/rest\/wp\/v2\/comments?post=157825"}],"version-history":[{"count":1,"href":"https:\/\/www.nettali.com\/rest\/wp\/v2\/posts\/157825\/revisions"}],"predecessor-version":[{"id":157827,"href":"https:\/\/www.nettali.com\/rest\/wp\/v2\/posts\/157825\/revisions\/157827"}],"wp:featuredmedia":[{"embeddable":true,"href":"https:\/\/www.nettali.com\/rest\/wp\/v2\/media\/157826"}],"wp:attachment":[{"href":"https:\/\/www.nettali.com\/rest\/wp\/v2\/media?parent=157825"}],"wp:term":[{"taxonomy":"category","embeddable":true,"href":"https:\/\/www.nettali.com\/rest\/wp\/v2\/categories?post=157825"},{"taxonomy":"post_tag","embeddable":true,"href":"https:\/\/www.nettali.com\/rest\/wp\/v2\/tags?post=157825"}],"curies":[{"name":"wp","href":"https:\/\/api.w.org\/{rel}","templated":true}]}}