{"id":157817,"date":"2025-07-18T07:11:24","date_gmt":"2025-07-18T07:11:24","guid":{"rendered":"https:\/\/www.nettali.com\/?p=157817"},"modified":"2025-07-18T07:11:24","modified_gmt":"2025-07-18T07:11:24","slug":"le-general-ianni-sur-le-transfert-des-bases-francaises-ce-depart-ne-signifie-pas-une-rupture-mais","status":"publish","type":"post","link":"https:\/\/www.nettali.com\/2025\/07\/18\/le-general-ianni-sur-le-transfert-des-bases-francaises-ce-depart-ne-signifie-pas-une-rupture-mais\/","title":{"rendered":"LE GENERAL IANNI SUR LE TRANSFERT DES BASES FRAN\u00c7AISES - \"Ce d\u00e9part ne signifie pas une rupture, mais...\""},"content":{"rendered":"<p><strong>NETTALI.COM -<\/strong> Le transfert du camp Geille aux autorit\u00e9s s\u00e9n\u00e9galaises marque une \u00e9tape majeure dans la r\u00e9orientation de la coop\u00e9ration militaire entre la France et le S\u00e9n\u00e9gal, dans un contexte de retrait des bases fran\u00e7aises permanentes en Afrique occidentale et centrale, a affirm\u00e9, le jeudi 17 juillet \u00e0 Dakar, le commandant du commandement fran\u00e7ais pour l\u2019Afrique, le g\u00e9n\u00e9ral de division Pascal Ianni.<\/p>\n<p>S\u2019exprimant lors de la c\u00e9r\u00e9monie officielle de r\u00e9trocession du camp, \u00e0 Ouakam, le g\u00e9n\u00e9ral Ianni a pr\u00e9cis\u00e9 que cette d\u00e9cision s\u2019inscrit dans une dynamique voulue par Paris, tout en r\u00e9pondant \u00e0 la volont\u00e9 des autorit\u00e9s s\u00e9n\u00e9galaises de ne plus accueillir de forces \u00e9trang\u00e8res permanentes sur leur territoire. \u201c<em>Nous op\u00e9rons donc un changement structurel de notre pr\u00e9sence. Ce changement ne retire rien au sacrifice consenti hier par nos fr\u00e8res d\u2019armes en Afrique pour nos int\u00e9r\u00eats respectifs, notre s\u00e9curit\u00e9 commune et des valeurs partag\u00e9es<\/em>\u201d, a affirm\u00e9 l\u2019officier g\u00e9n\u00e9ral fran\u00e7ais.<\/p>\n<p>Il a soulign\u00e9 que ce tournant traduit la volont\u00e9 de r\u00e9inventer les relations de d\u00e9fense avec une Afrique en pleine mutation, port\u00e9e par une jeunesse prometteuse, insistant sur la n\u00e9cessit\u00e9 d\u2019agir d\u00e9sormais \u201cdiff\u00e9remment\u201d, sans recourir \u00e0 des bases permanentes.<\/p>\n<p>\u201c<em>Prolonger artificiellement une empreinte l\u00e0 o\u00f9 elle n\u2019\u00e9tait plus souhait\u00e9e aurait \u00e9t\u00e9 une mauvaise politique<\/em>\u201d, a-t-il reconnu, saluant la m\u00e9moire des militaires fran\u00e7ais et s\u00e9n\u00e9galais, qui ont combattu ensemble en Afrique au nom d\u2019un id\u00e9al commun.<\/p>\n<p>Le g\u00e9n\u00e9ral Ianni a enfin exprim\u00e9 sa confiance en l\u2019avenir du partenariat militaire franco-s\u00e9n\u00e9galais, qu\u2019il souhaite d\u00e9sormais ax\u00e9 sur le respect mutuel, la souverainet\u00e9 et des int\u00e9r\u00eats partag\u00e9s. \u201c<em>Il nous reste \u00e0 \u00e9crire l\u2019avenir de ce partenariat strat\u00e9gique, essentiel pour la stabilit\u00e9 de la r\u00e9gion. Nous le ferons ensemble<\/em>\u201d, a-t-il dit esp\u00e9rer.<\/p>\n<p>\u201c<em>Ce d\u00e9part ne signifie pas une rupture, mais une \u00e9volution vers un partenariat renouvel\u00e9, fond\u00e9 sur la confiance, le respect mutuel et la souverainet\u00e9 de nos deux pays<\/em>\u201d\u2019, a conclu le g\u00e9n\u00e9ral Ianni.<\/p>\n<p>\u00c9tabli en 1920 comme l\u2019une des premi\u00e8res bases a\u00e9riennes fran\u00e7aises en Afrique, le camp Geille a vu passer des pionniers de l\u2019aviation, particip\u00e9 aux grandes heures de l\u2019A\u00e9ropostale, et accueilli les premi\u00e8res escadrilles militaires fran\u00e7aises en Afrique.\u201d Ce site historique t\u00e9moigne de la continuit\u00e9 de notre coop\u00e9ration militaire et de la relation sp\u00e9ciale entre nos deux arm\u00e9es\u201d, a soulign\u00e9 le g\u00e9n\u00e9ral Ianni. La c\u00e9r\u00e9monie marque \u00e9galement la fin d\u2019une pr\u00e9sence militaire fran\u00e7aise permanente initi\u00e9e bien avant les ind\u00e9pendances, remontant \u00e0 l\u2019\u00e9poque coloniale, quand Saint-Louis du S\u00e9n\u00e9gal \u00e9tait la capitale de l\u2019Afrique occidentale fran\u00e7aise.<\/p>\n<div class='share-to-whatsapp-wrapper'><div class='share-on-whsp'>PARTAGER SUR : <\/div><a data-text='LE GENERAL IANNI SUR LE TRANSFERT DES BASES FRAN\u00c7AISES - \"Ce d\u00e9part ne signifie pas une rupture, mais...\"' data-link='https:\/\/www.nettali.com\/2025\/07\/18\/le-general-ianni-sur-le-transfert-des-bases-francaises-ce-depart-ne-signifie-pas-une-rupture-mais\/' class='whatsapp-button whatsapp-share'>WhatsApp<\/a><div class='clear '><\/div><\/div>","protected":false},"excerpt":{"rendered":"<p>NETTALI.COM - Le transfert du camp Geille aux autorit\u00e9s s\u00e9n\u00e9galaises marque une \u00e9tape majeure dans la r\u00e9orientation de la coop\u00e9ration militaire entre la France et le S\u00e9n\u00e9gal, dans un contexte de retrait des bases fran\u00e7aises permanentes en Afrique occidentale et centrale, a affirm\u00e9, le jeudi 17 juillet \u00e0 Dakar, le commandant du commandement fran\u00e7ais pour [&hellip;]<\/p>\n","protected":false},"author":2,"featured_media":157814,"comment_status":"open","ping_status":"open","sticky":false,"template":"","format":"standard","meta":{"_et_pb_use_builder":"","_et_pb_old_content":""},"categories":[34945],"tags":[],"yoast_head":"<!-- This site is optimized with the Yoast SEO Premium plugin v17.8 (Yoast SEO v17.8) - https:\/\/yoast.com\/wordpress\/plugins\/seo\/ -->\n<title>LE GENERAL IANNI SUR LE TRANSFERT DES BASES FRAN\u00c7AISES - &quot;Ce d\u00e9part ne signifie pas une rupture, mais...&quot; | Nettali.com<\/title>\n<meta name=\"robots\" content=\"index, follow, max-snippet:-1, max-image-preview:large, max-video-preview:-1\" \/>\n<link rel=\"canonical\" href=\"https:\/\/www.nettali.com\/2025\/07\/18\/le-general-ianni-sur-le-transfert-des-bases-francaises-ce-depart-ne-signifie-pas-une-rupture-mais\/\" \/>\n<meta property=\"og:locale\" content=\"fr_FR\" \/>\n<meta property=\"og:type\" content=\"article\" \/>\n<meta property=\"og:title\" content=\"LE GENERAL IANNI SUR LE TRANSFERT DES BASES FRAN\u00c7AISES - &quot;Ce d\u00e9part ne signifie pas une rupture, mais...&quot;\" \/>\n<meta property=\"og:description\" content=\"NETTALI.COM - Le transfert du camp Geille aux autorit\u00e9s s\u00e9n\u00e9galaises marque une \u00e9tape majeure dans la r\u00e9orientation de la coop\u00e9ration militaire entre la France et le S\u00e9n\u00e9gal, dans un contexte de retrait des bases fran\u00e7aises permanentes en Afrique occidentale et centrale, a affirm\u00e9, le jeudi 17 juillet \u00e0 Dakar, le commandant du commandement fran\u00e7ais pour [&hellip;]\" \/>\n<meta property=\"og:url\" content=\"https:\/\/www.nettali.com\/2025\/07\/18\/le-general-ianni-sur-le-transfert-des-bases-francaises-ce-depart-ne-signifie-pas-une-rupture-mais\/\" \/>\n<meta property=\"og:site_name\" content=\"Nettali.com\" \/>\n<meta property=\"article:publisher\" content=\"https:\/\/www.facebook.com\/nettalicom\" \/>\n<meta property=\"article:published_time\" content=\"2025-07-18T07:11:24+00:00\" \/>\n<meta property=\"og:image\" content=\"https:\/\/www.nettali.com\/wp-content\/uploads\/2025\/07\/field_media_image-2941714-485385863b02ad55ca76714a5cd4f92e0829ecbf.jpg\" \/>\n\t<meta property=\"og:image:width\" content=\"650\" \/>\n\t<meta property=\"og:image:height\" content=\"433\" \/>\n<meta name=\"twitter:card\" content=\"summary_large_image\" \/>\n<meta name=\"twitter:label1\" content=\"\u00c9crit par\" \/>\n\t<meta name=\"twitter:data1\" content=\"CK\" \/>\n\t<meta name=\"twitter:label2\" content=\"Dur\u00e9e de lecture estim\u00e9e\" \/>\n\t<meta name=\"twitter:data2\" content=\"3 minutes\" \/>\n<script type=\"application\/ld+json\" class=\"yoast-schema-graph\">{\"@context\":\"https:\/\/schema.org\",\"@graph\":[{\"@type\":\"WebSite\",\"@id\":\"https:\/\/www.nettali.com\/#website\",\"url\":\"https:\/\/www.nettali.com\/\",\"name\":\"Nettali.com\",\"description\":\"Le rendez-vous critique du Net\",\"potentialAction\":[{\"@type\":\"SearchAction\",\"target\":{\"@type\":\"EntryPoint\",\"urlTemplate\":\"https:\/\/www.nettali.com\/?s={search_term_string}\"},\"query-input\":\"required name=search_term_string\"}],\"inLanguage\":\"fr-FR\"},{\"@type\":\"ImageObject\",\"@id\":\"https:\/\/www.nettali.com\/2025\/07\/18\/le-general-ianni-sur-le-transfert-des-bases-francaises-ce-depart-ne-signifie-pas-une-rupture-mais\/#primaryimage\",\"inLanguage\":\"fr-FR\",\"url\":\"https:\/\/www.nettali.com\/wp-content\/uploads\/2025\/07\/field_media_image-2941714-485385863b02ad55ca76714a5cd4f92e0829ecbf.jpg\",\"contentUrl\":\"https:\/\/www.nettali.com\/wp-content\/uploads\/2025\/07\/field_media_image-2941714-485385863b02ad55ca76714a5cd4f92e0829ecbf.jpg\",\"width\":650,\"height\":433},{\"@type\":\"WebPage\",\"@id\":\"https:\/\/www.nettali.com\/2025\/07\/18\/le-general-ianni-sur-le-transfert-des-bases-francaises-ce-depart-ne-signifie-pas-une-rupture-mais\/#webpage\",\"url\":\"https:\/\/www.nettali.com\/2025\/07\/18\/le-general-ianni-sur-le-transfert-des-bases-francaises-ce-depart-ne-signifie-pas-une-rupture-mais\/\",\"name\":\"LE GENERAL IANNI SUR LE TRANSFERT DES BASES FRAN\\u00c7AISES - \\\"Ce d\\u00e9part ne signifie pas une rupture, mais...\\\" | Nettali.com\",\"isPartOf\":{\"@id\":\"https:\/\/www.nettali.com\/#website\"},\"primaryImageOfPage\":{\"@id\":\"https:\/\/www.nettali.com\/2025\/07\/18\/le-general-ianni-sur-le-transfert-des-bases-francaises-ce-depart-ne-signifie-pas-une-rupture-mais\/#primaryimage\"},\"datePublished\":\"2025-07-18T07:11:24+00:00\",\"dateModified\":\"2025-07-18T07:11:24+00:00\",\"author\":{\"@id\":\"https:\/\/www.nettali.com\/#\/schema\/person\/d8ac7b7e27ddad43f1c0d2ef090d7f71\"},\"breadcrumb\":{\"@id\":\"https:\/\/www.nettali.com\/2025\/07\/18\/le-general-ianni-sur-le-transfert-des-bases-francaises-ce-depart-ne-signifie-pas-une-rupture-mais\/#breadcrumb\"},\"inLanguage\":\"fr-FR\",\"potentialAction\":[{\"@type\":\"ReadAction\",\"target\":[\"https:\/\/www.nettali.com\/2025\/07\/18\/le-general-ianni-sur-le-transfert-des-bases-francaises-ce-depart-ne-signifie-pas-une-rupture-mais\/\"]}]},{\"@type\":\"BreadcrumbList\",\"@id\":\"https:\/\/www.nettali.com\/2025\/07\/18\/le-general-ianni-sur-le-transfert-des-bases-francaises-ce-depart-ne-signifie-pas-une-rupture-mais\/#breadcrumb\",\"itemListElement\":[{\"@type\":\"ListItem\",\"position\":1,\"name\":\"Accueil\",\"item\":\"https:\/\/www.nettali.com\/\"},{\"@type\":\"ListItem\",\"position\":2,\"name\":\"LE GENERAL IANNI SUR LE TRANSFERT DES BASES FRAN\\u00c7AISES - \\\"Ce d\\u00e9part ne signifie pas une rupture, mais...\\\"\"}]},{\"@type\":\"Person\",\"@id\":\"https:\/\/www.nettali.com\/#\/schema\/person\/d8ac7b7e27ddad43f1c0d2ef090d7f71\",\"name\":\"CK\",\"image\":{\"@type\":\"ImageObject\",\"@id\":\"https:\/\/www.nettali.com\/#personlogo\",\"inLanguage\":\"fr-FR\",\"url\":\"https:\/\/secure.gravatar.com\/avatar\/1d8d5118b9327d94da7cd4ce7f17fec2?s=96&d=mm&r=g\",\"contentUrl\":\"https:\/\/secure.gravatar.com\/avatar\/1d8d5118b9327d94da7cd4ce7f17fec2?s=96&d=mm&r=g\",\"caption\":\"CK\"},\"sameAs\":[\"https:\/\/www.nettali.com\"]}]}<\/script>\n<!-- \/ Yoast SEO Premium plugin. -->","yoast_head_json":{"title":"LE GENERAL IANNI SUR LE TRANSFERT DES BASES FRAN\u00c7AISES - \"Ce d\u00e9part ne signifie pas une rupture, mais...\" | Nettali.com","robots":{"index":"index","follow":"follow","max-snippet":"max-snippet:-1","max-image-preview":"max-image-preview:large","max-video-preview":"max-video-preview:-1"},"canonical":"https:\/\/www.nettali.com\/2025\/07\/18\/le-general-ianni-sur-le-transfert-des-bases-francaises-ce-depart-ne-signifie-pas-une-rupture-mais\/","og_locale":"fr_FR","og_type":"article","og_title":"LE GENERAL IANNI SUR LE TRANSFERT DES BASES FRAN\u00c7AISES - \"Ce d\u00e9part ne signifie pas une rupture, mais...\"","og_description":"NETTALI.COM - Le transfert du camp Geille aux autorit\u00e9s s\u00e9n\u00e9galaises marque une \u00e9tape majeure dans la r\u00e9orientation de la coop\u00e9ration militaire entre la France et le S\u00e9n\u00e9gal, dans un contexte de retrait des bases fran\u00e7aises permanentes en Afrique occidentale et centrale, a affirm\u00e9, le jeudi 17 juillet \u00e0 Dakar, le commandant du commandement fran\u00e7ais pour [&hellip;]","og_url":"https:\/\/www.nettali.com\/2025\/07\/18\/le-general-ianni-sur-le-transfert-des-bases-francaises-ce-depart-ne-signifie-pas-une-rupture-mais\/","og_site_name":"Nettali.com","article_publisher":"https:\/\/www.facebook.com\/nettalicom","article_published_time":"2025-07-18T07:11:24+00:00","og_image":[{"width":650,"height":433,"url":"https:\/\/www.nettali.com\/wp-content\/uploads\/2025\/07\/field_media_image-2941714-485385863b02ad55ca76714a5cd4f92e0829ecbf.jpg","type":"image\/jpeg"}],"twitter_card":"summary_large_image","twitter_misc":{"\u00c9crit par":"CK","Dur\u00e9e de lecture estim\u00e9e":"3 minutes"},"schema":{"@context":"https:\/\/schema.org","@graph":[{"@type":"WebSite","@id":"https:\/\/www.nettali.com\/#website","url":"https:\/\/www.nettali.com\/","name":"Nettali.com","description":"Le rendez-vous critique du Net","potentialAction":[{"@type":"SearchAction","target":{"@type":"EntryPoint","urlTemplate":"https:\/\/www.nettali.com\/?s={search_term_string}"},"query-input":"required name=search_term_string"}],"inLanguage":"fr-FR"},{"@type":"ImageObject","@id":"https:\/\/www.nettali.com\/2025\/07\/18\/le-general-ianni-sur-le-transfert-des-bases-francaises-ce-depart-ne-signifie-pas-une-rupture-mais\/#primaryimage","inLanguage":"fr-FR","url":"https:\/\/www.nettali.com\/wp-content\/uploads\/2025\/07\/field_media_image-2941714-485385863b02ad55ca76714a5cd4f92e0829ecbf.jpg","contentUrl":"https:\/\/www.nettali.com\/wp-content\/uploads\/2025\/07\/field_media_image-2941714-485385863b02ad55ca76714a5cd4f92e0829ecbf.jpg","width":650,"height":433},{"@type":"WebPage","@id":"https:\/\/www.nettali.com\/2025\/07\/18\/le-general-ianni-sur-le-transfert-des-bases-francaises-ce-depart-ne-signifie-pas-une-rupture-mais\/#webpage","url":"https:\/\/www.nettali.com\/2025\/07\/18\/le-general-ianni-sur-le-transfert-des-bases-francaises-ce-depart-ne-signifie-pas-une-rupture-mais\/","name":"LE GENERAL IANNI SUR LE TRANSFERT DES BASES FRAN\u00c7AISES - \"Ce d\u00e9part ne signifie pas une rupture, mais...\" | Nettali.com","isPartOf":{"@id":"https:\/\/www.nettali.com\/#website"},"primaryImageOfPage":{"@id":"https:\/\/www.nettali.com\/2025\/07\/18\/le-general-ianni-sur-le-transfert-des-bases-francaises-ce-depart-ne-signifie-pas-une-rupture-mais\/#primaryimage"},"datePublished":"2025-07-18T07:11:24+00:00","dateModified":"2025-07-18T07:11:24+00:00","author":{"@id":"https:\/\/www.nettali.com\/#\/schema\/person\/d8ac7b7e27ddad43f1c0d2ef090d7f71"},"breadcrumb":{"@id":"https:\/\/www.nettali.com\/2025\/07\/18\/le-general-ianni-sur-le-transfert-des-bases-francaises-ce-depart-ne-signifie-pas-une-rupture-mais\/#breadcrumb"},"inLanguage":"fr-FR","potentialAction":[{"@type":"ReadAction","target":["https:\/\/www.nettali.com\/2025\/07\/18\/le-general-ianni-sur-le-transfert-des-bases-francaises-ce-depart-ne-signifie-pas-une-rupture-mais\/"]}]},{"@type":"BreadcrumbList","@id":"https:\/\/www.nettali.com\/2025\/07\/18\/le-general-ianni-sur-le-transfert-des-bases-francaises-ce-depart-ne-signifie-pas-une-rupture-mais\/#breadcrumb","itemListElement":[{"@type":"ListItem","position":1,"name":"Accueil","item":"https:\/\/www.nettali.com\/"},{"@type":"ListItem","position":2,"name":"LE GENERAL IANNI SUR LE TRANSFERT DES BASES FRAN\u00c7AISES - \"Ce d\u00e9part ne signifie pas une rupture, mais...\""}]},{"@type":"Person","@id":"https:\/\/www.nettali.com\/#\/schema\/person\/d8ac7b7e27ddad43f1c0d2ef090d7f71","name":"CK","image":{"@type":"ImageObject","@id":"https:\/\/www.nettali.com\/#personlogo","inLanguage":"fr-FR","url":"https:\/\/secure.gravatar.com\/avatar\/1d8d5118b9327d94da7cd4ce7f17fec2?s=96&d=mm&r=g","contentUrl":"https:\/\/secure.gravatar.com\/avatar\/1d8d5118b9327d94da7cd4ce7f17fec2?s=96&d=mm&r=g","caption":"CK"},"sameAs":["https:\/\/www.nettali.com"]}]}},"_links":{"self":[{"href":"https:\/\/www.nettali.com\/rest\/wp\/v2\/posts\/157817"}],"collection":[{"href":"https:\/\/www.nettali.com\/rest\/wp\/v2\/posts"}],"about":[{"href":"https:\/\/www.nettali.com\/rest\/wp\/v2\/types\/post"}],"author":[{"embeddable":true,"href":"https:\/\/www.nettali.com\/rest\/wp\/v2\/users\/2"}],"replies":[{"embeddable":true,"href":"https:\/\/www.nettali.com\/rest\/wp\/v2\/comments?post=157817"}],"version-history":[{"count":1,"href":"https:\/\/www.nettali.com\/rest\/wp\/v2\/posts\/157817\/revisions"}],"predecessor-version":[{"id":157819,"href":"https:\/\/www.nettali.com\/rest\/wp\/v2\/posts\/157817\/revisions\/157819"}],"wp:featuredmedia":[{"embeddable":true,"href":"https:\/\/www.nettali.com\/rest\/wp\/v2\/media\/157814"}],"wp:attachment":[{"href":"https:\/\/www.nettali.com\/rest\/wp\/v2\/media?parent=157817"}],"wp:term":[{"taxonomy":"category","embeddable":true,"href":"https:\/\/www.nettali.com\/rest\/wp\/v2\/categories?post=157817"},{"taxonomy":"post_tag","embeddable":true,"href":"https:\/\/www.nettali.com\/rest\/wp\/v2\/tags?post=157817"}],"curies":[{"name":"wp","href":"https:\/\/api.w.org\/{rel}","templated":true}]}}