{"id":157816,"date":"2025-07-18T11:03:58","date_gmt":"2025-07-18T11:03:58","guid":{"rendered":"https:\/\/www.nettali.com\/?p=157816"},"modified":"2025-07-18T07:09:09","modified_gmt":"2025-07-18T07:09:09","slug":"fass-delorme-un-etudiant-burkinabe-se-suicide-en-laissant-une-lettre-poignante","status":"publish","type":"post","link":"https:\/\/www.nettali.com\/2025\/07\/18\/fass-delorme-un-etudiant-burkinabe-se-suicide-en-laissant-une-lettre-poignante\/","title":{"rendered":"FASS DELORME - Un \u00e9tudiant burkinab\u00e9 se suicide en laissant une lettre poignante"},"content":{"rendered":"<p data-start=\"259\" data-end=\"523\"><strong>NETTALI.COM - Un drame bouleversant secoue la communaut\u00e9 burkinab\u00e8 vivant au S\u00e9n\u00e9gal. Sanon Khalil Ilias Kevin, \u00e9tudiant en pharmacie \u00e2g\u00e9 de 29 ans, s\u2019est donn\u00e9 la mort dans la nuit du mercredi 16 au jeudi 17 juillet 2025, \u00e0 Fass Delorme, un quartier populaire de Dakar.<\/strong><\/p>\n<p data-start=\"573\" data-end=\"850\">Selon nos informations, le jeune homme aurait volontairement saut\u00e9 du haut de la terrasse d\u2019un immeuble de quatre \u00e9tages. Alert\u00e9s par le bruit de la chute, des riverains se sont pr\u00e9cipit\u00e9s sur les lieux avant de d\u00e9couvrir le corps inerte de l\u2019\u00e9tudiant.<\/p>\n<p data-start=\"852\" data-end=\"1165\">La police du commissariat de la M\u00e9dina, appuy\u00e9e par la brigade technique et scientifique, s\u2019est rendue sur place peu avant minuit pour proc\u00e9der aux premi\u00e8res constatations. Le corps sans vie a \u00e9t\u00e9 achemin\u00e9 par les sapeurs-pompiers \u00e0 la morgue d\u2019un h\u00f4pital de la capitale, en attendant les r\u00e9sultats de l\u2019autopsie.<\/p>\n<p data-start=\"1206\" data-end=\"1547\">Originaire de Ouagadougou, Sanon Khalil Ilias Kevin a laiss\u00e9 derri\u00e8re lui une lettre d\u2019adieu adress\u00e9e \u00e0 sa s\u0153ur, r\u00e9sidant \u00e9galement \u00e0 Dakar. Dans ce message, il confie sa d\u00e9tresse face aux difficult\u00e9s de la vie et exprime une derni\u00e8re fois son amour, sa gratitude et sa reconnaissance envers sa famille pour son soutien constant.<\/p>\n<p data-start=\"1597\" data-end=\"1875\">L\u2019\u00e9tudiant \u00e9tait \u00e0 quelques jours de l\u2019aboutissement de son parcours universitaire. Sa soutenance de th\u00e8se en pharmacie, initialement pr\u00e9vue pour ce jeudi 17 juillet, avait \u00e9t\u00e9 report\u00e9e au samedi 26 juillet 2025. Une \u00e9ch\u00e9ance qu\u2019il n\u2019aura malheureusement pas pu honorer.<\/p>\n<p data-start=\"1908\" data-end=\"2164\">Une enqu\u00eate a \u00e9t\u00e9 ouverte par les autorit\u00e9s polici\u00e8res pour faire toute la lumi\u00e8re sur les circonstances de ce drame. En attendant, la communaut\u00e9 estudiantine et burkinab\u00e8 au S\u00e9n\u00e9gal est sous le choc, endeuill\u00e9e par cette perte aussi soudaine que tragique.<\/p>\n<div class='share-to-whatsapp-wrapper'><div class='share-on-whsp'>PARTAGER SUR : <\/div><a data-text='FASS DELORME - Un \u00e9tudiant burkinab\u00e9 se suicide en laissant une lettre poignante' data-link='https:\/\/www.nettali.com\/2025\/07\/18\/fass-delorme-un-etudiant-burkinabe-se-suicide-en-laissant-une-lettre-poignante\/' class='whatsapp-button whatsapp-share'>WhatsApp<\/a><div class='clear '><\/div><\/div>","protected":false},"excerpt":{"rendered":"<p>NETTALI.COM - Un drame bouleversant secoue la communaut\u00e9 burkinab\u00e8 vivant au S\u00e9n\u00e9gal. Sanon Khalil Ilias Kevin, \u00e9tudiant en pharmacie \u00e2g\u00e9 de 29 ans, s\u2019est donn\u00e9 la mort dans la nuit du mercredi 16 au jeudi 17 juillet 2025, \u00e0 Fass Delorme, un quartier populaire de Dakar. Selon nos informations, le jeune homme aurait volontairement saut\u00e9 [&hellip;]<\/p>\n","protected":false},"author":4,"featured_media":3667,"comment_status":"open","ping_status":"open","sticky":false,"template":"","format":"standard","meta":{"_et_pb_use_builder":"","_et_pb_old_content":""},"categories":[3],"tags":[],"yoast_head":"<!-- This site is optimized with the Yoast SEO Premium plugin v17.8 (Yoast SEO v17.8) - https:\/\/yoast.com\/wordpress\/plugins\/seo\/ -->\n<title>FASS DELORME - Un \u00e9tudiant burkinab\u00e9 se suicide en laissant une lettre poignante | Nettali.com<\/title>\n<meta name=\"robots\" content=\"index, follow, max-snippet:-1, max-image-preview:large, max-video-preview:-1\" \/>\n<link rel=\"canonical\" href=\"https:\/\/www.nettali.com\/2025\/07\/18\/fass-delorme-un-etudiant-burkinabe-se-suicide-en-laissant-une-lettre-poignante\/\" \/>\n<meta property=\"og:locale\" content=\"fr_FR\" \/>\n<meta property=\"og:type\" content=\"article\" \/>\n<meta property=\"og:title\" content=\"FASS DELORME - Un \u00e9tudiant burkinab\u00e9 se suicide en laissant une lettre poignante\" \/>\n<meta property=\"og:description\" content=\"NETTALI.COM - Un drame bouleversant secoue la communaut\u00e9 burkinab\u00e8 vivant au S\u00e9n\u00e9gal. Sanon Khalil Ilias Kevin, \u00e9tudiant en pharmacie \u00e2g\u00e9 de 29 ans, s\u2019est donn\u00e9 la mort dans la nuit du mercredi 16 au jeudi 17 juillet 2025, \u00e0 Fass Delorme, un quartier populaire de Dakar. Selon nos informations, le jeune homme aurait volontairement saut\u00e9 [&hellip;]\" \/>\n<meta property=\"og:url\" content=\"https:\/\/www.nettali.com\/2025\/07\/18\/fass-delorme-un-etudiant-burkinabe-se-suicide-en-laissant-une-lettre-poignante\/\" \/>\n<meta property=\"og:site_name\" content=\"Nettali.com\" \/>\n<meta property=\"article:publisher\" content=\"https:\/\/www.facebook.com\/nettalicom\" \/>\n<meta property=\"article:published_time\" content=\"2025-07-18T11:03:58+00:00\" \/>\n<meta property=\"article:modified_time\" content=\"2025-07-18T07:09:09+00:00\" \/>\n<meta property=\"og:image\" content=\"https:\/\/www.nettali.com\/wp-content\/uploads\/2019\/03\/Mort.jpg\" \/>\n\t<meta property=\"og:image:width\" content=\"620\" \/>\n\t<meta property=\"og:image:height\" content=\"387\" \/>\n<meta name=\"twitter:card\" content=\"summary_large_image\" \/>\n<meta name=\"twitter:label1\" content=\"\u00c9crit par\" \/>\n\t<meta name=\"twitter:data1\" content=\"Daouda\" \/>\n\t<meta name=\"twitter:label2\" content=\"Dur\u00e9e de lecture estim\u00e9e\" \/>\n\t<meta name=\"twitter:data2\" content=\"2 minutes\" \/>\n<script type=\"application\/ld+json\" class=\"yoast-schema-graph\">{\"@context\":\"https:\/\/schema.org\",\"@graph\":[{\"@type\":\"WebSite\",\"@id\":\"https:\/\/www.nettali.com\/#website\",\"url\":\"https:\/\/www.nettali.com\/\",\"name\":\"Nettali.com\",\"description\":\"Le rendez-vous critique du Net\",\"potentialAction\":[{\"@type\":\"SearchAction\",\"target\":{\"@type\":\"EntryPoint\",\"urlTemplate\":\"https:\/\/www.nettali.com\/?s={search_term_string}\"},\"query-input\":\"required name=search_term_string\"}],\"inLanguage\":\"fr-FR\"},{\"@type\":\"ImageObject\",\"@id\":\"https:\/\/www.nettali.com\/2025\/07\/18\/fass-delorme-un-etudiant-burkinabe-se-suicide-en-laissant-une-lettre-poignante\/#primaryimage\",\"inLanguage\":\"fr-FR\",\"url\":\"https:\/\/www.nettali.com\/wp-content\/uploads\/2019\/03\/Mort.jpg\",\"contentUrl\":\"https:\/\/www.nettali.com\/wp-content\/uploads\/2019\/03\/Mort.jpg\",\"width\":620,\"height\":387},{\"@type\":\"WebPage\",\"@id\":\"https:\/\/www.nettali.com\/2025\/07\/18\/fass-delorme-un-etudiant-burkinabe-se-suicide-en-laissant-une-lettre-poignante\/#webpage\",\"url\":\"https:\/\/www.nettali.com\/2025\/07\/18\/fass-delorme-un-etudiant-burkinabe-se-suicide-en-laissant-une-lettre-poignante\/\",\"name\":\"FASS DELORME - Un \\u00e9tudiant burkinab\\u00e9 se suicide en laissant une lettre poignante | Nettali.com\",\"isPartOf\":{\"@id\":\"https:\/\/www.nettali.com\/#website\"},\"primaryImageOfPage\":{\"@id\":\"https:\/\/www.nettali.com\/2025\/07\/18\/fass-delorme-un-etudiant-burkinabe-se-suicide-en-laissant-une-lettre-poignante\/#primaryimage\"},\"datePublished\":\"2025-07-18T11:03:58+00:00\",\"dateModified\":\"2025-07-18T07:09:09+00:00\",\"author\":{\"@id\":\"https:\/\/www.nettali.com\/#\/schema\/person\/3317e0bb3aa1da309fbf7b2780901bf4\"},\"breadcrumb\":{\"@id\":\"https:\/\/www.nettali.com\/2025\/07\/18\/fass-delorme-un-etudiant-burkinabe-se-suicide-en-laissant-une-lettre-poignante\/#breadcrumb\"},\"inLanguage\":\"fr-FR\",\"potentialAction\":[{\"@type\":\"ReadAction\",\"target\":[\"https:\/\/www.nettali.com\/2025\/07\/18\/fass-delorme-un-etudiant-burkinabe-se-suicide-en-laissant-une-lettre-poignante\/\"]}]},{\"@type\":\"BreadcrumbList\",\"@id\":\"https:\/\/www.nettali.com\/2025\/07\/18\/fass-delorme-un-etudiant-burkinabe-se-suicide-en-laissant-une-lettre-poignante\/#breadcrumb\",\"itemListElement\":[{\"@type\":\"ListItem\",\"position\":1,\"name\":\"Accueil\",\"item\":\"https:\/\/www.nettali.com\/\"},{\"@type\":\"ListItem\",\"position\":2,\"name\":\"FASS DELORME - Un \\u00e9tudiant burkinab\\u00e9 se suicide en laissant une lettre poignante\"}]},{\"@type\":\"Person\",\"@id\":\"https:\/\/www.nettali.com\/#\/schema\/person\/3317e0bb3aa1da309fbf7b2780901bf4\",\"name\":\"Daouda\",\"image\":{\"@type\":\"ImageObject\",\"@id\":\"https:\/\/www.nettali.com\/#personlogo\",\"inLanguage\":\"fr-FR\",\"url\":\"https:\/\/secure.gravatar.com\/avatar\/8d143b5a49345098ddcfee1c49c2f47c?s=96&d=mm&r=g\",\"contentUrl\":\"https:\/\/secure.gravatar.com\/avatar\/8d143b5a49345098ddcfee1c49c2f47c?s=96&d=mm&r=g\",\"caption\":\"Daouda\"},\"sameAs\":[\"https:\/\/www.nettali.com\"]}]}<\/script>\n<!-- \/ Yoast SEO Premium plugin. -->","yoast_head_json":{"title":"FASS DELORME - Un \u00e9tudiant burkinab\u00e9 se suicide en laissant une lettre poignante | Nettali.com","robots":{"index":"index","follow":"follow","max-snippet":"max-snippet:-1","max-image-preview":"max-image-preview:large","max-video-preview":"max-video-preview:-1"},"canonical":"https:\/\/www.nettali.com\/2025\/07\/18\/fass-delorme-un-etudiant-burkinabe-se-suicide-en-laissant-une-lettre-poignante\/","og_locale":"fr_FR","og_type":"article","og_title":"FASS DELORME - Un \u00e9tudiant burkinab\u00e9 se suicide en laissant une lettre poignante","og_description":"NETTALI.COM - Un drame bouleversant secoue la communaut\u00e9 burkinab\u00e8 vivant au S\u00e9n\u00e9gal. Sanon Khalil Ilias Kevin, \u00e9tudiant en pharmacie \u00e2g\u00e9 de 29 ans, s\u2019est donn\u00e9 la mort dans la nuit du mercredi 16 au jeudi 17 juillet 2025, \u00e0 Fass Delorme, un quartier populaire de Dakar. Selon nos informations, le jeune homme aurait volontairement saut\u00e9 [&hellip;]","og_url":"https:\/\/www.nettali.com\/2025\/07\/18\/fass-delorme-un-etudiant-burkinabe-se-suicide-en-laissant-une-lettre-poignante\/","og_site_name":"Nettali.com","article_publisher":"https:\/\/www.facebook.com\/nettalicom","article_published_time":"2025-07-18T11:03:58+00:00","article_modified_time":"2025-07-18T07:09:09+00:00","og_image":[{"width":620,"height":387,"url":"https:\/\/www.nettali.com\/wp-content\/uploads\/2019\/03\/Mort.jpg","type":"image\/jpeg"}],"twitter_card":"summary_large_image","twitter_misc":{"\u00c9crit par":"Daouda","Dur\u00e9e de lecture estim\u00e9e":"2 minutes"},"schema":{"@context":"https:\/\/schema.org","@graph":[{"@type":"WebSite","@id":"https:\/\/www.nettali.com\/#website","url":"https:\/\/www.nettali.com\/","name":"Nettali.com","description":"Le rendez-vous critique du Net","potentialAction":[{"@type":"SearchAction","target":{"@type":"EntryPoint","urlTemplate":"https:\/\/www.nettali.com\/?s={search_term_string}"},"query-input":"required name=search_term_string"}],"inLanguage":"fr-FR"},{"@type":"ImageObject","@id":"https:\/\/www.nettali.com\/2025\/07\/18\/fass-delorme-un-etudiant-burkinabe-se-suicide-en-laissant-une-lettre-poignante\/#primaryimage","inLanguage":"fr-FR","url":"https:\/\/www.nettali.com\/wp-content\/uploads\/2019\/03\/Mort.jpg","contentUrl":"https:\/\/www.nettali.com\/wp-content\/uploads\/2019\/03\/Mort.jpg","width":620,"height":387},{"@type":"WebPage","@id":"https:\/\/www.nettali.com\/2025\/07\/18\/fass-delorme-un-etudiant-burkinabe-se-suicide-en-laissant-une-lettre-poignante\/#webpage","url":"https:\/\/www.nettali.com\/2025\/07\/18\/fass-delorme-un-etudiant-burkinabe-se-suicide-en-laissant-une-lettre-poignante\/","name":"FASS DELORME - Un \u00e9tudiant burkinab\u00e9 se suicide en laissant une lettre poignante | Nettali.com","isPartOf":{"@id":"https:\/\/www.nettali.com\/#website"},"primaryImageOfPage":{"@id":"https:\/\/www.nettali.com\/2025\/07\/18\/fass-delorme-un-etudiant-burkinabe-se-suicide-en-laissant-une-lettre-poignante\/#primaryimage"},"datePublished":"2025-07-18T11:03:58+00:00","dateModified":"2025-07-18T07:09:09+00:00","author":{"@id":"https:\/\/www.nettali.com\/#\/schema\/person\/3317e0bb3aa1da309fbf7b2780901bf4"},"breadcrumb":{"@id":"https:\/\/www.nettali.com\/2025\/07\/18\/fass-delorme-un-etudiant-burkinabe-se-suicide-en-laissant-une-lettre-poignante\/#breadcrumb"},"inLanguage":"fr-FR","potentialAction":[{"@type":"ReadAction","target":["https:\/\/www.nettali.com\/2025\/07\/18\/fass-delorme-un-etudiant-burkinabe-se-suicide-en-laissant-une-lettre-poignante\/"]}]},{"@type":"BreadcrumbList","@id":"https:\/\/www.nettali.com\/2025\/07\/18\/fass-delorme-un-etudiant-burkinabe-se-suicide-en-laissant-une-lettre-poignante\/#breadcrumb","itemListElement":[{"@type":"ListItem","position":1,"name":"Accueil","item":"https:\/\/www.nettali.com\/"},{"@type":"ListItem","position":2,"name":"FASS DELORME - Un \u00e9tudiant burkinab\u00e9 se suicide en laissant une lettre poignante"}]},{"@type":"Person","@id":"https:\/\/www.nettali.com\/#\/schema\/person\/3317e0bb3aa1da309fbf7b2780901bf4","name":"Daouda","image":{"@type":"ImageObject","@id":"https:\/\/www.nettali.com\/#personlogo","inLanguage":"fr-FR","url":"https:\/\/secure.gravatar.com\/avatar\/8d143b5a49345098ddcfee1c49c2f47c?s=96&d=mm&r=g","contentUrl":"https:\/\/secure.gravatar.com\/avatar\/8d143b5a49345098ddcfee1c49c2f47c?s=96&d=mm&r=g","caption":"Daouda"},"sameAs":["https:\/\/www.nettali.com"]}]}},"_links":{"self":[{"href":"https:\/\/www.nettali.com\/rest\/wp\/v2\/posts\/157816"}],"collection":[{"href":"https:\/\/www.nettali.com\/rest\/wp\/v2\/posts"}],"about":[{"href":"https:\/\/www.nettali.com\/rest\/wp\/v2\/types\/post"}],"author":[{"embeddable":true,"href":"https:\/\/www.nettali.com\/rest\/wp\/v2\/users\/4"}],"replies":[{"embeddable":true,"href":"https:\/\/www.nettali.com\/rest\/wp\/v2\/comments?post=157816"}],"version-history":[{"count":1,"href":"https:\/\/www.nettali.com\/rest\/wp\/v2\/posts\/157816\/revisions"}],"predecessor-version":[{"id":157818,"href":"https:\/\/www.nettali.com\/rest\/wp\/v2\/posts\/157816\/revisions\/157818"}],"wp:featuredmedia":[{"embeddable":true,"href":"https:\/\/www.nettali.com\/rest\/wp\/v2\/media\/3667"}],"wp:attachment":[{"href":"https:\/\/www.nettali.com\/rest\/wp\/v2\/media?parent=157816"}],"wp:term":[{"taxonomy":"category","embeddable":true,"href":"https:\/\/www.nettali.com\/rest\/wp\/v2\/categories?post=157816"},{"taxonomy":"post_tag","embeddable":true,"href":"https:\/\/www.nettali.com\/rest\/wp\/v2\/tags?post=157816"}],"curies":[{"name":"wp","href":"https:\/\/api.w.org\/{rel}","templated":true}]}}