{"id":157808,"date":"2025-07-18T06:59:18","date_gmt":"2025-07-18T06:59:18","guid":{"rendered":"https:\/\/www.nettali.com\/?p=157808"},"modified":"2025-07-18T06:59:18","modified_gmt":"2025-07-18T06:59:18","slug":"vers-une-reconnaissance-internationale-du-magal-de-touba-le-senegal-prepare-son-dossier-pour-lunesco","status":"publish","type":"post","link":"https:\/\/www.nettali.com\/2025\/07\/18\/vers-une-reconnaissance-internationale-du-magal-de-touba-le-senegal-prepare-son-dossier-pour-lunesco\/","title":{"rendered":"VERS UNE RECONNAISSANCE INTERNATIONALE DU MAGAL DE TOUBA - Le S\u00e9n\u00e9gal pr\u00e9pare son dossier pour l\u2019Unesco"},"content":{"rendered":"<p data-start=\"186\" data-end=\"638\"><strong>NETTALI.COM - Quelques jours apr\u00e8s son inscription au patrimoine immat\u00e9riel national, le Magal de Touba pourrait bient\u00f4t franchir une nouvelle \u00e9tape symbolique. Le minist\u00e8re de la Jeunesse, des Sports et de la Culture, \u00e0 travers sa direction du Patrimoine culturel, pr\u00e9pare activement un dossier de candidature pour l\u2019UNESCO, visant \u00e0 faire reconna\u00eetre le d\u00e9part en exil de Cheikh Ahmadou Bamba comme patrimoine culturel immat\u00e9riel de l\u2019humanit\u00e9.<\/strong><\/p>\n<p data-start=\"640\" data-end=\"899\">C\u2019est ce que r\u00e9v\u00e8le <em data-start=\"660\" data-end=\"675\">L\u2019Observateur<\/em>, citant des sources proches du dossier. Cette initiative s\u2019inscrit dans une volont\u00e9 de donner une port\u00e9e universelle \u00e0 cette comm\u00e9moration historique, c\u0153ur de la foi mouride et pilier de la spiritualit\u00e9 s\u00e9n\u00e9galaise.<\/p>\n<p data-start=\"946\" data-end=\"1119\">Selon Serigne Khadim Ngom, coordonnateur de Turaas, plateforme d\u00e9di\u00e9e \u00e0 la recherche et \u00e0 la valorisation du patrimoine de Serigne Touba, ce projet est suivi de pr\u00e8s : \u00ab C\u2019est un travail rigoureux, men\u00e9 sous le regard attentif du pr\u00e9sident de la R\u00e9publique \u00bb, souligne-t-il.<\/p>\n<p data-start=\"1230\" data-end=\"1372\">Le dossier en gestation ambitionne de souligner la dimension cultuelle, culturelle et \u00e9ducative du Magal, au-del\u00e0 de sa charge religieuse.<\/p>\n<p data-start=\"1422\" data-end=\"1609\">En parall\u00e8le, un plan de sauvegarde est en cours d\u2019\u00e9laboration. Selon l\u2019historien Massamba Gu\u00e8ye, ce plan vise \u00e0 donner une profondeur acad\u00e9mique et patrimoniale \u00e0 l\u2019\u00e9v\u00e9nement : <em>\u00ab Il sera accompagn\u00e9 d\u2019\u00e9tudes et de publications qui permettront d\u2019inscrire le Magal non seulement comme \u00e9v\u00e9nement religieux, mais aussi comme patrimoine culturel et p\u00e9dagogique \u00bb<\/em>.<\/p>\n<p data-start=\"1798\" data-end=\"1974\">Ce projet pourrait ouvrir la voie \u00e0 une reconnaissance internationale d\u2019une manifestation qui mobilise chaque ann\u00e9e des millions de fid\u00e8les \u00e0 Touba et dans la diaspora.<\/p>\n<div class='share-to-whatsapp-wrapper'><div class='share-on-whsp'>PARTAGER SUR : <\/div><a data-text='VERS UNE RECONNAISSANCE INTERNATIONALE DU MAGAL DE TOUBA - Le S\u00e9n\u00e9gal pr\u00e9pare son dossier pour l\u2019Unesco' data-link='https:\/\/www.nettali.com\/2025\/07\/18\/vers-une-reconnaissance-internationale-du-magal-de-touba-le-senegal-prepare-son-dossier-pour-lunesco\/' class='whatsapp-button whatsapp-share'>WhatsApp<\/a><div class='clear '><\/div><\/div>","protected":false},"excerpt":{"rendered":"<p>NETTALI.COM - Quelques jours apr\u00e8s son inscription au patrimoine immat\u00e9riel national, le Magal de Touba pourrait bient\u00f4t franchir une nouvelle \u00e9tape symbolique. Le minist\u00e8re de la Jeunesse, des Sports et de la Culture, \u00e0 travers sa direction du Patrimoine culturel, pr\u00e9pare activement un dossier de candidature pour l\u2019UNESCO, visant \u00e0 faire reconna\u00eetre le d\u00e9part en [&hellip;]<\/p>\n","protected":false},"author":4,"featured_media":157812,"comment_status":"open","ping_status":"open","sticky":false,"template":"","format":"standard","meta":{"_et_pb_use_builder":"","_et_pb_old_content":""},"categories":[3],"tags":[],"yoast_head":"<!-- This site is optimized with the Yoast SEO Premium plugin v17.8 (Yoast SEO v17.8) - https:\/\/yoast.com\/wordpress\/plugins\/seo\/ -->\n<title>VERS UNE RECONNAISSANCE INTERNATIONALE DU MAGAL DE TOUBA - Le S\u00e9n\u00e9gal pr\u00e9pare son dossier pour l\u2019Unesco | Nettali.com<\/title>\n<meta name=\"robots\" content=\"index, follow, max-snippet:-1, max-image-preview:large, max-video-preview:-1\" \/>\n<link rel=\"canonical\" href=\"https:\/\/www.nettali.com\/2025\/07\/18\/vers-une-reconnaissance-internationale-du-magal-de-touba-le-senegal-prepare-son-dossier-pour-lunesco\/\" \/>\n<meta property=\"og:locale\" content=\"fr_FR\" \/>\n<meta property=\"og:type\" content=\"article\" \/>\n<meta property=\"og:title\" content=\"VERS UNE RECONNAISSANCE INTERNATIONALE DU MAGAL DE TOUBA - Le S\u00e9n\u00e9gal pr\u00e9pare son dossier pour l\u2019Unesco\" \/>\n<meta property=\"og:description\" content=\"NETTALI.COM - Quelques jours apr\u00e8s son inscription au patrimoine immat\u00e9riel national, le Magal de Touba pourrait bient\u00f4t franchir une nouvelle \u00e9tape symbolique. Le minist\u00e8re de la Jeunesse, des Sports et de la Culture, \u00e0 travers sa direction du Patrimoine culturel, pr\u00e9pare activement un dossier de candidature pour l\u2019UNESCO, visant \u00e0 faire reconna\u00eetre le d\u00e9part en [&hellip;]\" \/>\n<meta property=\"og:url\" content=\"https:\/\/www.nettali.com\/2025\/07\/18\/vers-une-reconnaissance-internationale-du-magal-de-touba-le-senegal-prepare-son-dossier-pour-lunesco\/\" \/>\n<meta property=\"og:site_name\" content=\"Nettali.com\" \/>\n<meta property=\"article:publisher\" content=\"https:\/\/www.facebook.com\/nettalicom\" \/>\n<meta property=\"article:published_time\" content=\"2025-07-18T06:59:18+00:00\" \/>\n<meta property=\"og:image\" content=\"https:\/\/www.nettali.com\/wp-content\/uploads\/2025\/07\/Capture-de\u0301cran-2025-07-18-a\u0300-06.58.43.png\" \/>\n\t<meta property=\"og:image:width\" content=\"954\" \/>\n\t<meta property=\"og:image:height\" content=\"631\" \/>\n<meta name=\"twitter:card\" content=\"summary_large_image\" \/>\n<meta name=\"twitter:label1\" content=\"\u00c9crit par\" \/>\n\t<meta name=\"twitter:data1\" content=\"Daouda\" \/>\n\t<meta name=\"twitter:label2\" content=\"Dur\u00e9e de lecture estim\u00e9e\" \/>\n\t<meta name=\"twitter:data2\" content=\"2 minutes\" \/>\n<script type=\"application\/ld+json\" class=\"yoast-schema-graph\">{\"@context\":\"https:\/\/schema.org\",\"@graph\":[{\"@type\":\"WebSite\",\"@id\":\"https:\/\/www.nettali.com\/#website\",\"url\":\"https:\/\/www.nettali.com\/\",\"name\":\"Nettali.com\",\"description\":\"Le rendez-vous critique du Net\",\"potentialAction\":[{\"@type\":\"SearchAction\",\"target\":{\"@type\":\"EntryPoint\",\"urlTemplate\":\"https:\/\/www.nettali.com\/?s={search_term_string}\"},\"query-input\":\"required name=search_term_string\"}],\"inLanguage\":\"fr-FR\"},{\"@type\":\"ImageObject\",\"@id\":\"https:\/\/www.nettali.com\/2025\/07\/18\/vers-une-reconnaissance-internationale-du-magal-de-touba-le-senegal-prepare-son-dossier-pour-lunesco\/#primaryimage\",\"inLanguage\":\"fr-FR\",\"url\":\"https:\/\/www.nettali.com\/wp-content\/uploads\/2025\/07\/Capture-de\\u0301cran-2025-07-18-a\\u0300-06.58.43.png\",\"contentUrl\":\"https:\/\/www.nettali.com\/wp-content\/uploads\/2025\/07\/Capture-de\\u0301cran-2025-07-18-a\\u0300-06.58.43.png\",\"width\":954,\"height\":631},{\"@type\":\"WebPage\",\"@id\":\"https:\/\/www.nettali.com\/2025\/07\/18\/vers-une-reconnaissance-internationale-du-magal-de-touba-le-senegal-prepare-son-dossier-pour-lunesco\/#webpage\",\"url\":\"https:\/\/www.nettali.com\/2025\/07\/18\/vers-une-reconnaissance-internationale-du-magal-de-touba-le-senegal-prepare-son-dossier-pour-lunesco\/\",\"name\":\"VERS UNE RECONNAISSANCE INTERNATIONALE DU MAGAL DE TOUBA - Le S\\u00e9n\\u00e9gal pr\\u00e9pare son dossier pour l\\u2019Unesco | Nettali.com\",\"isPartOf\":{\"@id\":\"https:\/\/www.nettali.com\/#website\"},\"primaryImageOfPage\":{\"@id\":\"https:\/\/www.nettali.com\/2025\/07\/18\/vers-une-reconnaissance-internationale-du-magal-de-touba-le-senegal-prepare-son-dossier-pour-lunesco\/#primaryimage\"},\"datePublished\":\"2025-07-18T06:59:18+00:00\",\"dateModified\":\"2025-07-18T06:59:18+00:00\",\"author\":{\"@id\":\"https:\/\/www.nettali.com\/#\/schema\/person\/3317e0bb3aa1da309fbf7b2780901bf4\"},\"breadcrumb\":{\"@id\":\"https:\/\/www.nettali.com\/2025\/07\/18\/vers-une-reconnaissance-internationale-du-magal-de-touba-le-senegal-prepare-son-dossier-pour-lunesco\/#breadcrumb\"},\"inLanguage\":\"fr-FR\",\"potentialAction\":[{\"@type\":\"ReadAction\",\"target\":[\"https:\/\/www.nettali.com\/2025\/07\/18\/vers-une-reconnaissance-internationale-du-magal-de-touba-le-senegal-prepare-son-dossier-pour-lunesco\/\"]}]},{\"@type\":\"BreadcrumbList\",\"@id\":\"https:\/\/www.nettali.com\/2025\/07\/18\/vers-une-reconnaissance-internationale-du-magal-de-touba-le-senegal-prepare-son-dossier-pour-lunesco\/#breadcrumb\",\"itemListElement\":[{\"@type\":\"ListItem\",\"position\":1,\"name\":\"Accueil\",\"item\":\"https:\/\/www.nettali.com\/\"},{\"@type\":\"ListItem\",\"position\":2,\"name\":\"VERS UNE RECONNAISSANCE INTERNATIONALE DU MAGAL DE TOUBA - Le S\\u00e9n\\u00e9gal pr\\u00e9pare son dossier pour l\\u2019Unesco\"}]},{\"@type\":\"Person\",\"@id\":\"https:\/\/www.nettali.com\/#\/schema\/person\/3317e0bb3aa1da309fbf7b2780901bf4\",\"name\":\"Daouda\",\"image\":{\"@type\":\"ImageObject\",\"@id\":\"https:\/\/www.nettali.com\/#personlogo\",\"inLanguage\":\"fr-FR\",\"url\":\"https:\/\/secure.gravatar.com\/avatar\/8d143b5a49345098ddcfee1c49c2f47c?s=96&d=mm&r=g\",\"contentUrl\":\"https:\/\/secure.gravatar.com\/avatar\/8d143b5a49345098ddcfee1c49c2f47c?s=96&d=mm&r=g\",\"caption\":\"Daouda\"},\"sameAs\":[\"https:\/\/www.nettali.com\"]}]}<\/script>\n<!-- \/ Yoast SEO Premium plugin. -->","yoast_head_json":{"title":"VERS UNE RECONNAISSANCE INTERNATIONALE DU MAGAL DE TOUBA - Le S\u00e9n\u00e9gal pr\u00e9pare son dossier pour l\u2019Unesco | Nettali.com","robots":{"index":"index","follow":"follow","max-snippet":"max-snippet:-1","max-image-preview":"max-image-preview:large","max-video-preview":"max-video-preview:-1"},"canonical":"https:\/\/www.nettali.com\/2025\/07\/18\/vers-une-reconnaissance-internationale-du-magal-de-touba-le-senegal-prepare-son-dossier-pour-lunesco\/","og_locale":"fr_FR","og_type":"article","og_title":"VERS UNE RECONNAISSANCE INTERNATIONALE DU MAGAL DE TOUBA - Le S\u00e9n\u00e9gal pr\u00e9pare son dossier pour l\u2019Unesco","og_description":"NETTALI.COM - Quelques jours apr\u00e8s son inscription au patrimoine immat\u00e9riel national, le Magal de Touba pourrait bient\u00f4t franchir une nouvelle \u00e9tape symbolique. Le minist\u00e8re de la Jeunesse, des Sports et de la Culture, \u00e0 travers sa direction du Patrimoine culturel, pr\u00e9pare activement un dossier de candidature pour l\u2019UNESCO, visant \u00e0 faire reconna\u00eetre le d\u00e9part en [&hellip;]","og_url":"https:\/\/www.nettali.com\/2025\/07\/18\/vers-une-reconnaissance-internationale-du-magal-de-touba-le-senegal-prepare-son-dossier-pour-lunesco\/","og_site_name":"Nettali.com","article_publisher":"https:\/\/www.facebook.com\/nettalicom","article_published_time":"2025-07-18T06:59:18+00:00","og_image":[{"width":954,"height":631,"url":"https:\/\/www.nettali.com\/wp-content\/uploads\/2025\/07\/Capture-de\u0301cran-2025-07-18-a\u0300-06.58.43.png","type":"image\/png"}],"twitter_card":"summary_large_image","twitter_misc":{"\u00c9crit par":"Daouda","Dur\u00e9e de lecture estim\u00e9e":"2 minutes"},"schema":{"@context":"https:\/\/schema.org","@graph":[{"@type":"WebSite","@id":"https:\/\/www.nettali.com\/#website","url":"https:\/\/www.nettali.com\/","name":"Nettali.com","description":"Le rendez-vous critique du Net","potentialAction":[{"@type":"SearchAction","target":{"@type":"EntryPoint","urlTemplate":"https:\/\/www.nettali.com\/?s={search_term_string}"},"query-input":"required name=search_term_string"}],"inLanguage":"fr-FR"},{"@type":"ImageObject","@id":"https:\/\/www.nettali.com\/2025\/07\/18\/vers-une-reconnaissance-internationale-du-magal-de-touba-le-senegal-prepare-son-dossier-pour-lunesco\/#primaryimage","inLanguage":"fr-FR","url":"https:\/\/www.nettali.com\/wp-content\/uploads\/2025\/07\/Capture-de\u0301cran-2025-07-18-a\u0300-06.58.43.png","contentUrl":"https:\/\/www.nettali.com\/wp-content\/uploads\/2025\/07\/Capture-de\u0301cran-2025-07-18-a\u0300-06.58.43.png","width":954,"height":631},{"@type":"WebPage","@id":"https:\/\/www.nettali.com\/2025\/07\/18\/vers-une-reconnaissance-internationale-du-magal-de-touba-le-senegal-prepare-son-dossier-pour-lunesco\/#webpage","url":"https:\/\/www.nettali.com\/2025\/07\/18\/vers-une-reconnaissance-internationale-du-magal-de-touba-le-senegal-prepare-son-dossier-pour-lunesco\/","name":"VERS UNE RECONNAISSANCE INTERNATIONALE DU MAGAL DE TOUBA - Le S\u00e9n\u00e9gal pr\u00e9pare son dossier pour l\u2019Unesco | Nettali.com","isPartOf":{"@id":"https:\/\/www.nettali.com\/#website"},"primaryImageOfPage":{"@id":"https:\/\/www.nettali.com\/2025\/07\/18\/vers-une-reconnaissance-internationale-du-magal-de-touba-le-senegal-prepare-son-dossier-pour-lunesco\/#primaryimage"},"datePublished":"2025-07-18T06:59:18+00:00","dateModified":"2025-07-18T06:59:18+00:00","author":{"@id":"https:\/\/www.nettali.com\/#\/schema\/person\/3317e0bb3aa1da309fbf7b2780901bf4"},"breadcrumb":{"@id":"https:\/\/www.nettali.com\/2025\/07\/18\/vers-une-reconnaissance-internationale-du-magal-de-touba-le-senegal-prepare-son-dossier-pour-lunesco\/#breadcrumb"},"inLanguage":"fr-FR","potentialAction":[{"@type":"ReadAction","target":["https:\/\/www.nettali.com\/2025\/07\/18\/vers-une-reconnaissance-internationale-du-magal-de-touba-le-senegal-prepare-son-dossier-pour-lunesco\/"]}]},{"@type":"BreadcrumbList","@id":"https:\/\/www.nettali.com\/2025\/07\/18\/vers-une-reconnaissance-internationale-du-magal-de-touba-le-senegal-prepare-son-dossier-pour-lunesco\/#breadcrumb","itemListElement":[{"@type":"ListItem","position":1,"name":"Accueil","item":"https:\/\/www.nettali.com\/"},{"@type":"ListItem","position":2,"name":"VERS UNE RECONNAISSANCE INTERNATIONALE DU MAGAL DE TOUBA - Le S\u00e9n\u00e9gal pr\u00e9pare son dossier pour l\u2019Unesco"}]},{"@type":"Person","@id":"https:\/\/www.nettali.com\/#\/schema\/person\/3317e0bb3aa1da309fbf7b2780901bf4","name":"Daouda","image":{"@type":"ImageObject","@id":"https:\/\/www.nettali.com\/#personlogo","inLanguage":"fr-FR","url":"https:\/\/secure.gravatar.com\/avatar\/8d143b5a49345098ddcfee1c49c2f47c?s=96&d=mm&r=g","contentUrl":"https:\/\/secure.gravatar.com\/avatar\/8d143b5a49345098ddcfee1c49c2f47c?s=96&d=mm&r=g","caption":"Daouda"},"sameAs":["https:\/\/www.nettali.com"]}]}},"_links":{"self":[{"href":"https:\/\/www.nettali.com\/rest\/wp\/v2\/posts\/157808"}],"collection":[{"href":"https:\/\/www.nettali.com\/rest\/wp\/v2\/posts"}],"about":[{"href":"https:\/\/www.nettali.com\/rest\/wp\/v2\/types\/post"}],"author":[{"embeddable":true,"href":"https:\/\/www.nettali.com\/rest\/wp\/v2\/users\/4"}],"replies":[{"embeddable":true,"href":"https:\/\/www.nettali.com\/rest\/wp\/v2\/comments?post=157808"}],"version-history":[{"count":1,"href":"https:\/\/www.nettali.com\/rest\/wp\/v2\/posts\/157808\/revisions"}],"predecessor-version":[{"id":157813,"href":"https:\/\/www.nettali.com\/rest\/wp\/v2\/posts\/157808\/revisions\/157813"}],"wp:featuredmedia":[{"embeddable":true,"href":"https:\/\/www.nettali.com\/rest\/wp\/v2\/media\/157812"}],"wp:attachment":[{"href":"https:\/\/www.nettali.com\/rest\/wp\/v2\/media?parent=157808"}],"wp:term":[{"taxonomy":"category","embeddable":true,"href":"https:\/\/www.nettali.com\/rest\/wp\/v2\/categories?post=157808"},{"taxonomy":"post_tag","embeddable":true,"href":"https:\/\/www.nettali.com\/rest\/wp\/v2\/tags?post=157808"}],"curies":[{"name":"wp","href":"https:\/\/api.w.org\/{rel}","templated":true}]}}