{"id":157807,"date":"2025-07-18T12:00:02","date_gmt":"2025-07-18T12:00:02","guid":{"rendered":"https:\/\/www.nettali.com\/?p=157807"},"modified":"2025-07-18T07:20:31","modified_gmt":"2025-07-18T07:20:31","slug":"situation-nationale-lalerte-du-fdr","status":"publish","type":"post","link":"https:\/\/www.nettali.com\/2025\/07\/18\/situation-nationale-lalerte-du-fdr\/","title":{"rendered":"SITUATION NATIONALE - L\u2019alerte du FDR"},"content":{"rendered":"<p><strong>NETTALI.COM -<\/strong> La Conf\u00e9rence des Leaders du Front pour la D\u00e9fense de la D\u00e9mocratie et de la R\u00e9publique (FDR) a livr\u00e9 une analyse s\u00e9v\u00e8re de la situation actuelle du pays, qu\u2019elle juge \u201cgrave\u201d sur les plans \u00e9conomique, politique et social. Dans un communiqu\u00e9 publi\u00e9 \u00e0 l\u2019issue d\u2019une r\u00e9union tenue mardi dernier, le FDR a d\u00e9nonc\u00e9 l\u2019\u201dirresponsabilit\u00e9\u201d du gouvernement face \u00e0 ce qu\u2019il d\u00e9crit comme une s\u00e9rie d\u2019alertes majeures ignor\u00e9es.<\/p>\n<p>Le FDR s\u2019est particuli\u00e8rement attard\u00e9 sur la r\u00e9cente d\u00e9gradation de la note souveraine du S\u00e9n\u00e9gal par l\u2019agence Standard and Poor\u2019s, pass\u00e9e de \u201cB\u201d \u00e0 \u201cB-\u201d avec une perspective n\u00e9gative. Une d\u00e9cision que le gouvernement a accueillie avec une \u201cd\u00e9sinvolture pr\u00e9occupante\u201d, selon le FDR, qui reproche \u00e0 l\u2019ex\u00e9cutif de ne tirer aucune le\u00e7on de cet avertissement des partenaires financiers, au premier rang desquels le Fonds mon\u00e9taire international.<\/p>\n<p>Le FDR critique \u00e9galement la mani\u00e8re dont l\u2019\u00c9tat a engag\u00e9 la campagne agricole 2025, sans tirer les enseignements des \u00e9checs de l\u2019ann\u00e9e pr\u00e9c\u00e9dente.<\/p>\n<p>Il d\u00e9nonce, dans le m\u00eame \u00e9lan, l\u2019indiff\u00e9rence suppos\u00e9e du gouvernement face aux \u201caffligeants r\u00e9sultats\u201d du baccalaur\u00e9at 2025, r\u00e9v\u00e9lateurs selon lui d\u2019un d\u00e9litement plus large du syst\u00e8me \u00e9ducatif.<\/p>\n<p>Le communiqu\u00e9 revient par ailleurs sur les tensions entre le pr\u00e9sident de la R\u00e9publique et son Premier ministre, qualifi\u00e9es d\u2019\u201dincroyables\u201d et d\u2019\u201din\u00e9dites dans l\u2019histoire du pays\u201d. Pour le FDR, ce bras de fer au sommet de l\u2019\u00c9tat contribue \u00e0 affaiblir la fonction pr\u00e9sidentielle et expose le S\u00e9n\u00e9gal \u00e0 une instabilit\u00e9 institutionnelle sans pr\u00e9c\u00e9dent. Arrestations arbitraires, pressions sur la presse, licenciements massifs, suppression des bourses de s\u00e9curit\u00e9 familiale, diplomatie en berne\u2026<\/p>\n<p>Le FDR dresse un tableau sombre de la gouvernance actuelle, marqu\u00e9e selon lui par l\u2019absence de cap, l\u2019\u00e9rosion de la solidarit\u00e9 nationale et la perte de confiance g\u00e9n\u00e9ralis\u00e9e.<\/p>\n<p>Face \u00e0 cette situation, le FDR appelle le gouvernement \u00e0 faire preuve d\u2019un plus grand sens des responsabilit\u00e9s. \u201cIl se fait tard\u201d, avertit le communiqu\u00e9, insistant sur l\u2019urgence de rassurer et d\u2019assister les populations, qui manquent selon le FDR de \u201cpain, de soins, de ressources et surtout d\u2019espoir\u201d.<\/p>\n<p>Le Front invite enfin l\u2019ensemble des forces vives de la Nation \u00e0 \u201cse p\u00e9n\u00e9trer de la gravit\u00e9 du moment\u201d pour inciter le gouvernement \u00e0 une r\u00e9orientation profonde de ses priorit\u00e9s, dans le sens de l\u2019int\u00e9r\u00eat national. \u201cIl y va de notre pr\u00e9sent et, sans doute, d\u2019une bonne part de notre avenir\u201d, conclut la Conf\u00e9rence des Leaders.<\/p>\n<div class='share-to-whatsapp-wrapper'><div class='share-on-whsp'>PARTAGER SUR : <\/div><a data-text='SITUATION NATIONALE - L\u2019alerte du FDR' data-link='https:\/\/www.nettali.com\/2025\/07\/18\/situation-nationale-lalerte-du-fdr\/' class='whatsapp-button whatsapp-share'>WhatsApp<\/a><div class='clear '><\/div><\/div>","protected":false},"excerpt":{"rendered":"<p>NETTALI.COM - La Conf\u00e9rence des Leaders du Front pour la D\u00e9fense de la D\u00e9mocratie et de la R\u00e9publique (FDR) a livr\u00e9 une analyse s\u00e9v\u00e8re de la situation actuelle du pays, qu\u2019elle juge \u201cgrave\u201d sur les plans \u00e9conomique, politique et social. Dans un communiqu\u00e9 publi\u00e9 \u00e0 l\u2019issue d\u2019une r\u00e9union tenue mardi dernier, le FDR a d\u00e9nonc\u00e9 [&hellip;]<\/p>\n","protected":false},"author":2,"featured_media":157809,"comment_status":"open","ping_status":"open","sticky":false,"template":"","format":"standard","meta":{"_et_pb_use_builder":"","_et_pb_old_content":""},"categories":[2],"tags":[],"yoast_head":"<!-- This site is optimized with the Yoast SEO Premium plugin v17.8 (Yoast SEO v17.8) - https:\/\/yoast.com\/wordpress\/plugins\/seo\/ -->\n<title>SITUATION NATIONALE - L\u2019alerte du FDR | Nettali.com<\/title>\n<meta name=\"robots\" content=\"index, follow, max-snippet:-1, max-image-preview:large, max-video-preview:-1\" \/>\n<link rel=\"canonical\" href=\"https:\/\/www.nettali.com\/2025\/07\/18\/situation-nationale-lalerte-du-fdr\/\" \/>\n<meta property=\"og:locale\" content=\"fr_FR\" \/>\n<meta property=\"og:type\" content=\"article\" \/>\n<meta property=\"og:title\" content=\"SITUATION NATIONALE - L\u2019alerte du FDR\" \/>\n<meta property=\"og:description\" content=\"NETTALI.COM - La Conf\u00e9rence des Leaders du Front pour la D\u00e9fense de la D\u00e9mocratie et de la R\u00e9publique (FDR) a livr\u00e9 une analyse s\u00e9v\u00e8re de la situation actuelle du pays, qu\u2019elle juge \u201cgrave\u201d sur les plans \u00e9conomique, politique et social. Dans un communiqu\u00e9 publi\u00e9 \u00e0 l\u2019issue d\u2019une r\u00e9union tenue mardi dernier, le FDR a d\u00e9nonc\u00e9 [&hellip;]\" \/>\n<meta property=\"og:url\" content=\"https:\/\/www.nettali.com\/2025\/07\/18\/situation-nationale-lalerte-du-fdr\/\" \/>\n<meta property=\"og:site_name\" content=\"Nettali.com\" \/>\n<meta property=\"article:publisher\" content=\"https:\/\/www.facebook.com\/nettalicom\" \/>\n<meta property=\"article:published_time\" content=\"2025-07-18T12:00:02+00:00\" \/>\n<meta property=\"article:modified_time\" content=\"2025-07-18T07:20:31+00:00\" \/>\n<meta property=\"og:image\" content=\"https:\/\/www.nettali.com\/wp-content\/uploads\/2025\/07\/86226918-61368553.jpg\" \/>\n\t<meta property=\"og:image:width\" content=\"1280\" \/>\n\t<meta property=\"og:image:height\" content=\"960\" \/>\n<meta name=\"twitter:card\" content=\"summary_large_image\" \/>\n<meta name=\"twitter:label1\" content=\"\u00c9crit par\" \/>\n\t<meta name=\"twitter:data1\" content=\"CK\" \/>\n\t<meta name=\"twitter:label2\" content=\"Dur\u00e9e de lecture estim\u00e9e\" \/>\n\t<meta name=\"twitter:data2\" content=\"2 minutes\" \/>\n<script type=\"application\/ld+json\" class=\"yoast-schema-graph\">{\"@context\":\"https:\/\/schema.org\",\"@graph\":[{\"@type\":\"WebSite\",\"@id\":\"https:\/\/www.nettali.com\/#website\",\"url\":\"https:\/\/www.nettali.com\/\",\"name\":\"Nettali.com\",\"description\":\"Le rendez-vous critique du Net\",\"potentialAction\":[{\"@type\":\"SearchAction\",\"target\":{\"@type\":\"EntryPoint\",\"urlTemplate\":\"https:\/\/www.nettali.com\/?s={search_term_string}\"},\"query-input\":\"required name=search_term_string\"}],\"inLanguage\":\"fr-FR\"},{\"@type\":\"ImageObject\",\"@id\":\"https:\/\/www.nettali.com\/2025\/07\/18\/situation-nationale-lalerte-du-fdr\/#primaryimage\",\"inLanguage\":\"fr-FR\",\"url\":\"https:\/\/www.nettali.com\/wp-content\/uploads\/2025\/07\/86226918-61368553.jpg\",\"contentUrl\":\"https:\/\/www.nettali.com\/wp-content\/uploads\/2025\/07\/86226918-61368553.jpg\",\"width\":1280,\"height\":960},{\"@type\":\"WebPage\",\"@id\":\"https:\/\/www.nettali.com\/2025\/07\/18\/situation-nationale-lalerte-du-fdr\/#webpage\",\"url\":\"https:\/\/www.nettali.com\/2025\/07\/18\/situation-nationale-lalerte-du-fdr\/\",\"name\":\"SITUATION NATIONALE - L\\u2019alerte du FDR | Nettali.com\",\"isPartOf\":{\"@id\":\"https:\/\/www.nettali.com\/#website\"},\"primaryImageOfPage\":{\"@id\":\"https:\/\/www.nettali.com\/2025\/07\/18\/situation-nationale-lalerte-du-fdr\/#primaryimage\"},\"datePublished\":\"2025-07-18T12:00:02+00:00\",\"dateModified\":\"2025-07-18T07:20:31+00:00\",\"author\":{\"@id\":\"https:\/\/www.nettali.com\/#\/schema\/person\/d8ac7b7e27ddad43f1c0d2ef090d7f71\"},\"breadcrumb\":{\"@id\":\"https:\/\/www.nettali.com\/2025\/07\/18\/situation-nationale-lalerte-du-fdr\/#breadcrumb\"},\"inLanguage\":\"fr-FR\",\"potentialAction\":[{\"@type\":\"ReadAction\",\"target\":[\"https:\/\/www.nettali.com\/2025\/07\/18\/situation-nationale-lalerte-du-fdr\/\"]}]},{\"@type\":\"BreadcrumbList\",\"@id\":\"https:\/\/www.nettali.com\/2025\/07\/18\/situation-nationale-lalerte-du-fdr\/#breadcrumb\",\"itemListElement\":[{\"@type\":\"ListItem\",\"position\":1,\"name\":\"Accueil\",\"item\":\"https:\/\/www.nettali.com\/\"},{\"@type\":\"ListItem\",\"position\":2,\"name\":\"SITUATION NATIONALE - L\\u2019alerte du FDR\"}]},{\"@type\":\"Person\",\"@id\":\"https:\/\/www.nettali.com\/#\/schema\/person\/d8ac7b7e27ddad43f1c0d2ef090d7f71\",\"name\":\"CK\",\"image\":{\"@type\":\"ImageObject\",\"@id\":\"https:\/\/www.nettali.com\/#personlogo\",\"inLanguage\":\"fr-FR\",\"url\":\"https:\/\/secure.gravatar.com\/avatar\/1d8d5118b9327d94da7cd4ce7f17fec2?s=96&d=mm&r=g\",\"contentUrl\":\"https:\/\/secure.gravatar.com\/avatar\/1d8d5118b9327d94da7cd4ce7f17fec2?s=96&d=mm&r=g\",\"caption\":\"CK\"},\"sameAs\":[\"https:\/\/www.nettali.com\"]}]}<\/script>\n<!-- \/ Yoast SEO Premium plugin. -->","yoast_head_json":{"title":"SITUATION NATIONALE - L\u2019alerte du FDR | Nettali.com","robots":{"index":"index","follow":"follow","max-snippet":"max-snippet:-1","max-image-preview":"max-image-preview:large","max-video-preview":"max-video-preview:-1"},"canonical":"https:\/\/www.nettali.com\/2025\/07\/18\/situation-nationale-lalerte-du-fdr\/","og_locale":"fr_FR","og_type":"article","og_title":"SITUATION NATIONALE - L\u2019alerte du FDR","og_description":"NETTALI.COM - La Conf\u00e9rence des Leaders du Front pour la D\u00e9fense de la D\u00e9mocratie et de la R\u00e9publique (FDR) a livr\u00e9 une analyse s\u00e9v\u00e8re de la situation actuelle du pays, qu\u2019elle juge \u201cgrave\u201d sur les plans \u00e9conomique, politique et social. Dans un communiqu\u00e9 publi\u00e9 \u00e0 l\u2019issue d\u2019une r\u00e9union tenue mardi dernier, le FDR a d\u00e9nonc\u00e9 [&hellip;]","og_url":"https:\/\/www.nettali.com\/2025\/07\/18\/situation-nationale-lalerte-du-fdr\/","og_site_name":"Nettali.com","article_publisher":"https:\/\/www.facebook.com\/nettalicom","article_published_time":"2025-07-18T12:00:02+00:00","article_modified_time":"2025-07-18T07:20:31+00:00","og_image":[{"width":1280,"height":960,"url":"https:\/\/www.nettali.com\/wp-content\/uploads\/2025\/07\/86226918-61368553.jpg","type":"image\/jpeg"}],"twitter_card":"summary_large_image","twitter_misc":{"\u00c9crit par":"CK","Dur\u00e9e de lecture estim\u00e9e":"2 minutes"},"schema":{"@context":"https:\/\/schema.org","@graph":[{"@type":"WebSite","@id":"https:\/\/www.nettali.com\/#website","url":"https:\/\/www.nettali.com\/","name":"Nettali.com","description":"Le rendez-vous critique du Net","potentialAction":[{"@type":"SearchAction","target":{"@type":"EntryPoint","urlTemplate":"https:\/\/www.nettali.com\/?s={search_term_string}"},"query-input":"required name=search_term_string"}],"inLanguage":"fr-FR"},{"@type":"ImageObject","@id":"https:\/\/www.nettali.com\/2025\/07\/18\/situation-nationale-lalerte-du-fdr\/#primaryimage","inLanguage":"fr-FR","url":"https:\/\/www.nettali.com\/wp-content\/uploads\/2025\/07\/86226918-61368553.jpg","contentUrl":"https:\/\/www.nettali.com\/wp-content\/uploads\/2025\/07\/86226918-61368553.jpg","width":1280,"height":960},{"@type":"WebPage","@id":"https:\/\/www.nettali.com\/2025\/07\/18\/situation-nationale-lalerte-du-fdr\/#webpage","url":"https:\/\/www.nettali.com\/2025\/07\/18\/situation-nationale-lalerte-du-fdr\/","name":"SITUATION NATIONALE - L\u2019alerte du FDR | Nettali.com","isPartOf":{"@id":"https:\/\/www.nettali.com\/#website"},"primaryImageOfPage":{"@id":"https:\/\/www.nettali.com\/2025\/07\/18\/situation-nationale-lalerte-du-fdr\/#primaryimage"},"datePublished":"2025-07-18T12:00:02+00:00","dateModified":"2025-07-18T07:20:31+00:00","author":{"@id":"https:\/\/www.nettali.com\/#\/schema\/person\/d8ac7b7e27ddad43f1c0d2ef090d7f71"},"breadcrumb":{"@id":"https:\/\/www.nettali.com\/2025\/07\/18\/situation-nationale-lalerte-du-fdr\/#breadcrumb"},"inLanguage":"fr-FR","potentialAction":[{"@type":"ReadAction","target":["https:\/\/www.nettali.com\/2025\/07\/18\/situation-nationale-lalerte-du-fdr\/"]}]},{"@type":"BreadcrumbList","@id":"https:\/\/www.nettali.com\/2025\/07\/18\/situation-nationale-lalerte-du-fdr\/#breadcrumb","itemListElement":[{"@type":"ListItem","position":1,"name":"Accueil","item":"https:\/\/www.nettali.com\/"},{"@type":"ListItem","position":2,"name":"SITUATION NATIONALE - L\u2019alerte du FDR"}]},{"@type":"Person","@id":"https:\/\/www.nettali.com\/#\/schema\/person\/d8ac7b7e27ddad43f1c0d2ef090d7f71","name":"CK","image":{"@type":"ImageObject","@id":"https:\/\/www.nettali.com\/#personlogo","inLanguage":"fr-FR","url":"https:\/\/secure.gravatar.com\/avatar\/1d8d5118b9327d94da7cd4ce7f17fec2?s=96&d=mm&r=g","contentUrl":"https:\/\/secure.gravatar.com\/avatar\/1d8d5118b9327d94da7cd4ce7f17fec2?s=96&d=mm&r=g","caption":"CK"},"sameAs":["https:\/\/www.nettali.com"]}]}},"_links":{"self":[{"href":"https:\/\/www.nettali.com\/rest\/wp\/v2\/posts\/157807"}],"collection":[{"href":"https:\/\/www.nettali.com\/rest\/wp\/v2\/posts"}],"about":[{"href":"https:\/\/www.nettali.com\/rest\/wp\/v2\/types\/post"}],"author":[{"embeddable":true,"href":"https:\/\/www.nettali.com\/rest\/wp\/v2\/users\/2"}],"replies":[{"embeddable":true,"href":"https:\/\/www.nettali.com\/rest\/wp\/v2\/comments?post=157807"}],"version-history":[{"count":1,"href":"https:\/\/www.nettali.com\/rest\/wp\/v2\/posts\/157807\/revisions"}],"predecessor-version":[{"id":157810,"href":"https:\/\/www.nettali.com\/rest\/wp\/v2\/posts\/157807\/revisions\/157810"}],"wp:featuredmedia":[{"embeddable":true,"href":"https:\/\/www.nettali.com\/rest\/wp\/v2\/media\/157809"}],"wp:attachment":[{"href":"https:\/\/www.nettali.com\/rest\/wp\/v2\/media?parent=157807"}],"wp:term":[{"taxonomy":"category","embeddable":true,"href":"https:\/\/www.nettali.com\/rest\/wp\/v2\/categories?post=157807"},{"taxonomy":"post_tag","embeddable":true,"href":"https:\/\/www.nettali.com\/rest\/wp\/v2\/tags?post=157807"}],"curies":[{"name":"wp","href":"https:\/\/api.w.org\/{rel}","templated":true}]}}