{"id":157802,"date":"2025-07-18T06:29:03","date_gmt":"2025-07-18T06:29:03","guid":{"rendered":"https:\/\/www.nettali.com\/?p=157802"},"modified":"2025-07-19T08:04:08","modified_gmt":"2025-07-19T08:04:08","slug":"desalement-de-leau-de-mer-le-senegal-signe-un-contrat-historique-avec-acwa-power","status":"publish","type":"post","link":"https:\/\/www.nettali.com\/2025\/07\/18\/desalement-de-leau-de-mer-le-senegal-signe-un-contrat-historique-avec-acwa-power\/","title":{"rendered":"DESALEMENT DE L'EAU DE MER - Le S\u00e9n\u00e9gal signe un contrat \"historique\" avec ACWA Power"},"content":{"rendered":"<p data-start=\"218\" data-end=\"746\"><strong>NETTALI.COM - Jeudi 17 juillet 2025, sous la pr\u00e9sidence de Bassirou Diomaye Faye, le gouvernement s\u00e9n\u00e9galais a sign\u00e9, au Palais de la R\u00e9publique, un nouveau contrat de Partenariat Public-Priv\u00e9 (PPP) avec la soci\u00e9t\u00e9 saoudienne ACWA Power, en vue de la construction et de l\u2019exploitation d\u2019une usine de dessalement d\u2019eau de mer sur la Grande C\u00f4te, pr\u00e8s du Lac Rose. Un accord que Cheikh Tidiane Di\u00e8ye, ministre de l\u2019Hydraulique et de l\u2019Assainissement, a qualifi\u00e9 d\u2019\u00ab historique \u00bb lors de son intervention sur la RTS1.<\/strong><\/p>\n<p data-start=\"808\" data-end=\"1264\">Le projet, initialement sign\u00e9 en mars 2024, a \u00e9t\u00e9 ren\u00e9goci\u00e9 dans le cadre de l'engagement pr\u00e9sidentiel visant \u00e0 r\u00e9viser tous les contrats jug\u00e9s non conformes ou d\u00e9savantageux pour le S\u00e9n\u00e9gal. \u00ab Le premier contrat n\u2019\u00e9tait pas conforme \u00e0 la loi et au r\u00e8glement \u00bb, a affirm\u00e9 le ministre. Le nouveau document respecte d\u00e9sormais toutes les proc\u00e9dures, avec les avis de non-objection de l\u2019UNAPP et de la SMP, garantissant sa r\u00e9gularit\u00e9 juridique.<\/p>\n<p data-start=\"808\" data-end=\"1264\">C\u2019 est en effet l\u2019\u00e9pilogue dans la longue et d\u00e9licate n\u00e9gociation entre la Soci\u00e9t\u00e9 nationale des eaux du S\u00e9n\u00e9gal (Sones) et l\u2019entreprise saoudienne Acwa power. Des n\u00e9gociations qui ont eu lieu sous la supervision des plus hautes autorit\u00e9s des deux pays. La c\u00e9r\u00e9monie de signature du contrat ren\u00e9goci\u00e9 a eu lieu sous la pr\u00e9sidence du pr\u00e9sident de la R\u00e9publique Bassirou Diomaye Faye, du ministre en charge des Finances et de son homologue en charge de l\u2019\u00c9conomie, mais aussi du directeur g\u00e9n\u00e9ral de la Sones qui est le bras arm\u00e9 technique de l\u2019\u00c9tat dans le cadre de ce partenariat.<\/p>\n<p data-start=\"808\" data-end=\"1264\"><strong>L\u2019implication d\u00e9finitive des plus hautes autorit\u00e9s saoudiennes<\/strong><\/p>\n<p data-start=\"808\" data-end=\"1264\">A cette occasion, le pr\u00e9sident de la R\u00e9publique a survol\u00e9 le long processus qui a men\u00e9 \u00e0 ce r\u00e9sultat et dont l\u2019une des \u00e9tapes d\u00e9cisives a \u00e9t\u00e9 la rencontre avec le Prince h\u00e9ritier Mohammed Ben Salmane. \u201c<em>Je tiens \u00e0 remercier particuli\u00e8rement le Prince h\u00e9ritier Mohammed Ben Salmane pour son engagement aux c\u00f4t\u00e9s d\u2019Acwa power et de toutes les soci\u00e9t\u00e9s saoudiennes. Quand je me suis rendu au forum sur l\u2019investissement \u00e0 Ryad sur son invitation, il m\u2019a accord\u00e9 une audience et cela \u00e9tait l\u2019occasion de discuter des perspectives de ce contrat\u2026<\/em>\u201d<\/p>\n<p data-start=\"808\" data-end=\"1264\">Pour le Pr\u00e9sident Faye, si le contrat initial a pu \u00eatre remis en cause, c\u2019est parce qu\u2019il y avait des aspects qui n\u2019\u00e9taient pas en conformit\u00e9 avec la loi s\u00e9n\u00e9galaise. Il a cependant tenu \u00e0 pr\u00e9ciser qu\u2019il n\u2019avait rien \u00e0 reprocher \u00e0 la partie saoudienne. \u201c<em>Je l\u2019avais fait savoir aux responsables d\u2019Acwa power, d\u00e8s notre premi\u00e8re audience. C\u2019est des manquements de notre c\u00f4t\u00e9, que nous cherchions \u00e0 corriger. Et cela s\u2019est pass\u00e9 avec votre accord<\/em>\u201d, a-t-il lanc\u00e9 face aux autorit\u00e9s saoudiennes pr\u00e9sentes \u00e0 la c\u00e9r\u00e9monie.<\/p>\n<p data-start=\"808\" data-end=\"1264\">L\u2019objectif, selon lui, \u00e9tait de b\u00e2tir un partenariat mutuellement gagnant pour les deux pays. \u201c<em>Ce partenariat doit ouvrir des perspectives heureuses en termes de diversification et de renforcement de nos relations d\u2019amiti\u00e9 et de coop\u00e9ration. Je suis s\u00fbr que d\u2019autres signatures interviendront dans d\u2019autres secteurs. Je suis aussi convaincu que l\u2019Arabie Saoudite sera bien \u00e0 l\u2019aise pour faire du S\u00e9n\u00e9gal son centre de d\u00e9ploiement pour aller \u00e0 la conqu\u00eate du continent africain<\/em>\u201d, a souhait\u00e9 le chef de l\u2019\u00c9tat.<\/p>\n<p data-start=\"808\" data-end=\"1264\"><strong>\u201cIl n\u2019y a pas eu de contraintes, nous avons tout fait dans les discussions\u2026.\u201d <\/strong><\/p>\n<p data-start=\"808\" data-end=\"1264\">Le Pr\u00e9sident Faye a salu\u00e9 un coup \u201cformidable\u201d qui n\u2019aurait pu \u00eatre r\u00e9alis\u00e9 sans l\u2019adh\u00e9sion de la partie saoudienne. C\u2019est pour lui un exemple pour montrer au monde entier que le S\u00e9n\u00e9gal respecte les droits des investisseurs. \u201c<em>Parce qu\u2019il n\u2019y a eu aucune contrainte. Tout a \u00e9t\u00e9 fait dans les discussions, dans l\u2019\u00e9coute attentive et dans le d\u00e9sir ardent de b\u00e2tir quelque chose de nouveau, de plus fort, et de plus solide<\/em>\u201d, se d\u00e9fend le chef de l\u2019\u00c9tat, conscient que la t\u00e2che n\u2019\u00e9tait pas \u00e9vidente. \u201c<em>Ce n\u2019\u00e9tait pas \u00e9vident, dans la mesure o\u00f9, nous avions d\u00e9j\u00e0 trouv\u00e9 un contrat d\u00e9j\u00e0 sign\u00e9 et qui \u00e9tait en phase d\u2019\u00eatre parfait. Mais nous savons qu\u2019avec la qualit\u00e9 et l\u2019historique des relations entre nos deux pays, qui sont des relations fraternelles, conviviales et de grande qualit\u00e9, nous ne pouvions qu\u2019aboutir \u00e0 un accord.<\/em>\u201d<\/p>\n<p data-start=\"808\" data-end=\"1264\">Le Pr\u00e9sident Faye a profit\u00e9 de l\u2019occasion pour informer que l\u2019Arabie Saoudite sera l\u2019invit\u00e9 d\u2019honneur du Forum Invest in Senegal, pr\u00e9vu en Octobre prochain.<\/p>\n<p data-start=\"1338\" data-end=\"1734\">A noter que le projet, \u00e9valu\u00e9 \u00e0 459 milliards de FCFA, est enti\u00e8rement financ\u00e9 par investissement direct \u00e9tranger, sans impact sur le budget de l\u2019\u00c9tat. Le co\u00fbt du m\u00e8tre cube d\u2019eau dessal\u00e9e baisse de 427 FCFA \u00e0 389 FCFA, gr\u00e2ce \u00e0 la ren\u00e9gociation.<\/p>\n<p data-start=\"1338\" data-end=\"1734\">Le loyer annuel d\u00fb par l\u2019\u00c9tat passe \u00e9galement de 20 \u00e0 17,5 milliards FCFA (2027-2029), puis de 40 \u00e0 35 milliards \u00e0 partir de 2030.<\/p>\n<p data-start=\"1338\" data-end=\"1734\"><img loading=\"lazy\" class=\"alignnone size-medium wp-image-157828\" src=\"https:\/\/www.nettali.com\/wp-content\/uploads\/2025\/07\/PHOTO-2025-07-17-20-54-11-300x200.jpg\" alt=\"\" width=\"300\" height=\"200\" srcset=\"https:\/\/www.nettali.com\/wp-content\/uploads\/2025\/07\/PHOTO-2025-07-17-20-54-11-300x200.jpg 300w, https:\/\/www.nettali.com\/wp-content\/uploads\/2025\/07\/PHOTO-2025-07-17-20-54-11-768x512.jpg 768w, https:\/\/www.nettali.com\/wp-content\/uploads\/2025\/07\/PHOTO-2025-07-17-20-54-11.jpg 960w\" sizes=\"(max-width: 300px) 100vw, 300px\" \/><img loading=\"lazy\" class=\"alignnone size-medium wp-image-157829\" src=\"https:\/\/www.nettali.com\/wp-content\/uploads\/2025\/07\/PHOTO-2025-07-17-20-54-091-300x200.jpg\" alt=\"\" width=\"300\" height=\"200\" srcset=\"https:\/\/www.nettali.com\/wp-content\/uploads\/2025\/07\/PHOTO-2025-07-17-20-54-091-300x200.jpg 300w, https:\/\/www.nettali.com\/wp-content\/uploads\/2025\/07\/PHOTO-2025-07-17-20-54-091-1024x682.jpg 1024w, https:\/\/www.nettali.com\/wp-content\/uploads\/2025\/07\/PHOTO-2025-07-17-20-54-091-768x512.jpg 768w, https:\/\/www.nettali.com\/wp-content\/uploads\/2025\/07\/PHOTO-2025-07-17-20-54-091-1080x720.jpg 1080w, https:\/\/www.nettali.com\/wp-content\/uploads\/2025\/07\/PHOTO-2025-07-17-20-54-091.jpg 1280w\" sizes=\"(max-width: 300px) 100vw, 300px\" \/><img loading=\"lazy\" class=\"alignnone size-medium wp-image-157830\" src=\"https:\/\/www.nettali.com\/wp-content\/uploads\/2025\/07\/PHOTO-2025-07-17-20-54-092-300x200.jpg\" alt=\"\" width=\"300\" height=\"200\" srcset=\"https:\/\/www.nettali.com\/wp-content\/uploads\/2025\/07\/PHOTO-2025-07-17-20-54-092-300x200.jpg 300w, https:\/\/www.nettali.com\/wp-content\/uploads\/2025\/07\/PHOTO-2025-07-17-20-54-092-1024x682.jpg 1024w, https:\/\/www.nettali.com\/wp-content\/uploads\/2025\/07\/PHOTO-2025-07-17-20-54-092-768x512.jpg 768w, https:\/\/www.nettali.com\/wp-content\/uploads\/2025\/07\/PHOTO-2025-07-17-20-54-092-1080x720.jpg 1080w, https:\/\/www.nettali.com\/wp-content\/uploads\/2025\/07\/PHOTO-2025-07-17-20-54-092.jpg 1280w\" sizes=\"(max-width: 300px) 100vw, 300px\" \/><\/p>\n<h3 data-start=\"1741\" data-end=\"1793\">\u00a0\u00c9nergie : doublement de la puissance install\u00e9e<\/h3>\n<p data-start=\"1795\" data-end=\"2019\">La puissance de la centrale \u00e9lectrique d\u00e9di\u00e9e passe de 150 \u00e0 300 MW, dont la moiti\u00e9 alimentera l\u2019usine, et l\u2019autre sera vendue \u00e0 Senelec \u00e0 18 FCFA\/kWh, un prix \u00ab parmi les plus bas du march\u00e9 \u00bb, selon le ministre.<\/p>\n<p data-start=\"2088\" data-end=\"2160\">Le S\u00e9n\u00e9gal entre d\u00e9sormais dans le capital des entit\u00e9s op\u00e9rationnelles :<\/p>\n<ul data-start=\"2161\" data-end=\"2311\">\n<li data-start=\"2161\" data-end=\"2241\">\n<p data-start=\"2163\" data-end=\"2241\">Sones sera actionnaire de la soci\u00e9t\u00e9 de gestion de l\u2019usine de dessalement,<\/p>\n<\/li>\n<li data-start=\"2242\" data-end=\"2311\">\n<p data-start=\"2244\" data-end=\"2311\">Senelec participera \u00e0 celle charg\u00e9e de la production d\u2019\u00e9nergie.<\/p>\n<\/li>\n<\/ul>\n<p data-start=\"2313\" data-end=\"2455\">Ces participations seront financ\u00e9es par un pr\u00eat \u00e0 taux concessionnel accord\u00e9 par l\u2019Arabie saoudite, sans peser sur les finances publiques.<\/p>\n<p data-start=\"2457\" data-end=\"2546\">Un institut de formation sera \u00e9galement cr\u00e9\u00e9 pour d\u00e9velopper les comp\u00e9tences locales.<\/p>\n<p data-start=\"2592\" data-end=\"2917\">Toutes les \u00e9tudes d\u2019impact environnemental et social seront men\u00e9es conform\u00e9ment aux normes en vigueur. Le ministre a assur\u00e9 qu\u2019aucune hausse du prix de l\u2019eau ne sera appliqu\u00e9e, malgr\u00e9 un arr\u00eat\u00e9 interminist\u00e9riel h\u00e9rit\u00e9. Au contraire, le gouvernement ambitionne de faire baisser progressivement les tarifs de l\u2019eau.<\/p>\n<p data-start=\"2971\" data-end=\"3325\">L\u2019usine produira \u00e0 terme 400 000 m\u00b3 d\u2019eau par jour, en deux phases. \u00c0 horizon 2040, les besoins dans la zone Dakar\u2013Thi\u00e8s\u2013Mbour atteindront 1,8 million m\u00b3\/jour, et plus de 3 millions en 2050. Ce projet s\u2019int\u00e8gre dans une strat\u00e9gie nationale globale, incluant le transfert d\u2019eau vers Touba, les Niayes et d\u2019autres zones \u00e0 forte demande.<\/p>\n<p data-start=\"3378\" data-end=\"3669\">La pr\u00e9sence d\u2019ACWA Power, un g\u00e9ant mondial du dessalement, est per\u00e7ue comme un signe de confiance en l\u2019avenir \u00e9conomique du S\u00e9n\u00e9gal. \u00ab Ce partenaire parie sur ce que nous promettons de devenir : un pays stable, fort, \u00e9conomiquement en transformation \u00bb, a conclu Cheikh Tidiane Dieye.<\/p>\n<div class='share-to-whatsapp-wrapper'><div class='share-on-whsp'>PARTAGER SUR : <\/div><a data-text='DESALEMENT DE L'EAU DE MER - Le S\u00e9n\u00e9gal signe un contrat \"historique\" avec ACWA Power' data-link='https:\/\/www.nettali.com\/2025\/07\/18\/desalement-de-leau-de-mer-le-senegal-signe-un-contrat-historique-avec-acwa-power\/' class='whatsapp-button whatsapp-share'>WhatsApp<\/a><div class='clear '><\/div><\/div>","protected":false},"excerpt":{"rendered":"<p>NETTALI.COM - Jeudi 17 juillet 2025, sous la pr\u00e9sidence de Bassirou Diomaye Faye, le gouvernement s\u00e9n\u00e9galais a sign\u00e9, au Palais de la R\u00e9publique, un nouveau contrat de Partenariat Public-Priv\u00e9 (PPP) avec la soci\u00e9t\u00e9 saoudienne ACWA Power, en vue de la construction et de l\u2019exploitation d\u2019une usine de dessalement d\u2019eau de mer sur la Grande C\u00f4te, [&hellip;]<\/p>\n","protected":false},"author":4,"featured_media":157803,"comment_status":"open","ping_status":"open","sticky":false,"template":"","format":"standard","meta":{"_et_pb_use_builder":"","_et_pb_old_content":""},"categories":[2],"tags":[],"yoast_head":"<!-- This site is optimized with the Yoast SEO Premium plugin v17.8 (Yoast SEO v17.8) - https:\/\/yoast.com\/wordpress\/plugins\/seo\/ -->\n<title>DESALEMENT DE L&#039;EAU DE MER - Le S\u00e9n\u00e9gal signe un contrat &quot;historique&quot; avec ACWA Power | Nettali.com<\/title>\n<meta name=\"robots\" content=\"index, follow, max-snippet:-1, max-image-preview:large, max-video-preview:-1\" \/>\n<link rel=\"canonical\" href=\"https:\/\/www.nettali.com\/2025\/07\/18\/desalement-de-leau-de-mer-le-senegal-signe-un-contrat-historique-avec-acwa-power\/\" \/>\n<meta property=\"og:locale\" content=\"fr_FR\" \/>\n<meta property=\"og:type\" content=\"article\" \/>\n<meta property=\"og:title\" content=\"DESALEMENT DE L&#039;EAU DE MER - Le S\u00e9n\u00e9gal signe un contrat &quot;historique&quot; avec ACWA Power\" \/>\n<meta property=\"og:description\" content=\"NETTALI.COM - Jeudi 17 juillet 2025, sous la pr\u00e9sidence de Bassirou Diomaye Faye, le gouvernement s\u00e9n\u00e9galais a sign\u00e9, au Palais de la R\u00e9publique, un nouveau contrat de Partenariat Public-Priv\u00e9 (PPP) avec la soci\u00e9t\u00e9 saoudienne ACWA Power, en vue de la construction et de l\u2019exploitation d\u2019une usine de dessalement d\u2019eau de mer sur la Grande C\u00f4te, [&hellip;]\" \/>\n<meta property=\"og:url\" content=\"https:\/\/www.nettali.com\/2025\/07\/18\/desalement-de-leau-de-mer-le-senegal-signe-un-contrat-historique-avec-acwa-power\/\" \/>\n<meta property=\"og:site_name\" content=\"Nettali.com\" \/>\n<meta property=\"article:publisher\" content=\"https:\/\/www.facebook.com\/nettalicom\" \/>\n<meta property=\"article:published_time\" content=\"2025-07-18T06:29:03+00:00\" \/>\n<meta property=\"article:modified_time\" content=\"2025-07-19T08:04:08+00:00\" \/>\n<meta property=\"og:image\" content=\"https:\/\/www.nettali.com\/wp-content\/uploads\/2025\/07\/usine-de-desalement.jpeg\" \/>\n\t<meta property=\"og:image:width\" content=\"1106\" \/>\n\t<meta property=\"og:image:height\" content=\"782\" \/>\n<meta name=\"twitter:card\" content=\"summary_large_image\" \/>\n<meta name=\"twitter:label1\" content=\"\u00c9crit par\" \/>\n\t<meta name=\"twitter:data1\" content=\"Daouda\" \/>\n\t<meta name=\"twitter:label2\" content=\"Dur\u00e9e de lecture estim\u00e9e\" \/>\n\t<meta name=\"twitter:data2\" content=\"6 minutes\" \/>\n<script type=\"application\/ld+json\" class=\"yoast-schema-graph\">{\"@context\":\"https:\/\/schema.org\",\"@graph\":[{\"@type\":\"WebSite\",\"@id\":\"https:\/\/www.nettali.com\/#website\",\"url\":\"https:\/\/www.nettali.com\/\",\"name\":\"Nettali.com\",\"description\":\"Le rendez-vous critique du Net\",\"potentialAction\":[{\"@type\":\"SearchAction\",\"target\":{\"@type\":\"EntryPoint\",\"urlTemplate\":\"https:\/\/www.nettali.com\/?s={search_term_string}\"},\"query-input\":\"required name=search_term_string\"}],\"inLanguage\":\"fr-FR\"},{\"@type\":\"ImageObject\",\"@id\":\"https:\/\/www.nettali.com\/2025\/07\/18\/desalement-de-leau-de-mer-le-senegal-signe-un-contrat-historique-avec-acwa-power\/#primaryimage\",\"inLanguage\":\"fr-FR\",\"url\":\"https:\/\/www.nettali.com\/wp-content\/uploads\/2025\/07\/usine-de-desalement.jpeg\",\"contentUrl\":\"https:\/\/www.nettali.com\/wp-content\/uploads\/2025\/07\/usine-de-desalement.jpeg\",\"width\":1106,\"height\":782},{\"@type\":\"WebPage\",\"@id\":\"https:\/\/www.nettali.com\/2025\/07\/18\/desalement-de-leau-de-mer-le-senegal-signe-un-contrat-historique-avec-acwa-power\/#webpage\",\"url\":\"https:\/\/www.nettali.com\/2025\/07\/18\/desalement-de-leau-de-mer-le-senegal-signe-un-contrat-historique-avec-acwa-power\/\",\"name\":\"DESALEMENT DE L'EAU DE MER - Le S\\u00e9n\\u00e9gal signe un contrat \\\"historique\\\" avec ACWA Power | Nettali.com\",\"isPartOf\":{\"@id\":\"https:\/\/www.nettali.com\/#website\"},\"primaryImageOfPage\":{\"@id\":\"https:\/\/www.nettali.com\/2025\/07\/18\/desalement-de-leau-de-mer-le-senegal-signe-un-contrat-historique-avec-acwa-power\/#primaryimage\"},\"datePublished\":\"2025-07-18T06:29:03+00:00\",\"dateModified\":\"2025-07-19T08:04:08+00:00\",\"author\":{\"@id\":\"https:\/\/www.nettali.com\/#\/schema\/person\/3317e0bb3aa1da309fbf7b2780901bf4\"},\"breadcrumb\":{\"@id\":\"https:\/\/www.nettali.com\/2025\/07\/18\/desalement-de-leau-de-mer-le-senegal-signe-un-contrat-historique-avec-acwa-power\/#breadcrumb\"},\"inLanguage\":\"fr-FR\",\"potentialAction\":[{\"@type\":\"ReadAction\",\"target\":[\"https:\/\/www.nettali.com\/2025\/07\/18\/desalement-de-leau-de-mer-le-senegal-signe-un-contrat-historique-avec-acwa-power\/\"]}]},{\"@type\":\"BreadcrumbList\",\"@id\":\"https:\/\/www.nettali.com\/2025\/07\/18\/desalement-de-leau-de-mer-le-senegal-signe-un-contrat-historique-avec-acwa-power\/#breadcrumb\",\"itemListElement\":[{\"@type\":\"ListItem\",\"position\":1,\"name\":\"Accueil\",\"item\":\"https:\/\/www.nettali.com\/\"},{\"@type\":\"ListItem\",\"position\":2,\"name\":\"DESALEMENT DE L'EAU DE MER - Le S\\u00e9n\\u00e9gal signe un contrat \\\"historique\\\" avec ACWA Power\"}]},{\"@type\":\"Person\",\"@id\":\"https:\/\/www.nettali.com\/#\/schema\/person\/3317e0bb3aa1da309fbf7b2780901bf4\",\"name\":\"Daouda\",\"image\":{\"@type\":\"ImageObject\",\"@id\":\"https:\/\/www.nettali.com\/#personlogo\",\"inLanguage\":\"fr-FR\",\"url\":\"https:\/\/secure.gravatar.com\/avatar\/8d143b5a49345098ddcfee1c49c2f47c?s=96&d=mm&r=g\",\"contentUrl\":\"https:\/\/secure.gravatar.com\/avatar\/8d143b5a49345098ddcfee1c49c2f47c?s=96&d=mm&r=g\",\"caption\":\"Daouda\"},\"sameAs\":[\"https:\/\/www.nettali.com\"]}]}<\/script>\n<!-- \/ Yoast SEO Premium plugin. -->","yoast_head_json":{"title":"DESALEMENT DE L'EAU DE MER - Le S\u00e9n\u00e9gal signe un contrat \"historique\" avec ACWA Power | Nettali.com","robots":{"index":"index","follow":"follow","max-snippet":"max-snippet:-1","max-image-preview":"max-image-preview:large","max-video-preview":"max-video-preview:-1"},"canonical":"https:\/\/www.nettali.com\/2025\/07\/18\/desalement-de-leau-de-mer-le-senegal-signe-un-contrat-historique-avec-acwa-power\/","og_locale":"fr_FR","og_type":"article","og_title":"DESALEMENT DE L'EAU DE MER - Le S\u00e9n\u00e9gal signe un contrat \"historique\" avec ACWA Power","og_description":"NETTALI.COM - Jeudi 17 juillet 2025, sous la pr\u00e9sidence de Bassirou Diomaye Faye, le gouvernement s\u00e9n\u00e9galais a sign\u00e9, au Palais de la R\u00e9publique, un nouveau contrat de Partenariat Public-Priv\u00e9 (PPP) avec la soci\u00e9t\u00e9 saoudienne ACWA Power, en vue de la construction et de l\u2019exploitation d\u2019une usine de dessalement d\u2019eau de mer sur la Grande C\u00f4te, [&hellip;]","og_url":"https:\/\/www.nettali.com\/2025\/07\/18\/desalement-de-leau-de-mer-le-senegal-signe-un-contrat-historique-avec-acwa-power\/","og_site_name":"Nettali.com","article_publisher":"https:\/\/www.facebook.com\/nettalicom","article_published_time":"2025-07-18T06:29:03+00:00","article_modified_time":"2025-07-19T08:04:08+00:00","og_image":[{"width":1106,"height":782,"url":"https:\/\/www.nettali.com\/wp-content\/uploads\/2025\/07\/usine-de-desalement.jpeg","type":"image\/jpeg"}],"twitter_card":"summary_large_image","twitter_misc":{"\u00c9crit par":"Daouda","Dur\u00e9e de lecture estim\u00e9e":"6 minutes"},"schema":{"@context":"https:\/\/schema.org","@graph":[{"@type":"WebSite","@id":"https:\/\/www.nettali.com\/#website","url":"https:\/\/www.nettali.com\/","name":"Nettali.com","description":"Le rendez-vous critique du Net","potentialAction":[{"@type":"SearchAction","target":{"@type":"EntryPoint","urlTemplate":"https:\/\/www.nettali.com\/?s={search_term_string}"},"query-input":"required name=search_term_string"}],"inLanguage":"fr-FR"},{"@type":"ImageObject","@id":"https:\/\/www.nettali.com\/2025\/07\/18\/desalement-de-leau-de-mer-le-senegal-signe-un-contrat-historique-avec-acwa-power\/#primaryimage","inLanguage":"fr-FR","url":"https:\/\/www.nettali.com\/wp-content\/uploads\/2025\/07\/usine-de-desalement.jpeg","contentUrl":"https:\/\/www.nettali.com\/wp-content\/uploads\/2025\/07\/usine-de-desalement.jpeg","width":1106,"height":782},{"@type":"WebPage","@id":"https:\/\/www.nettali.com\/2025\/07\/18\/desalement-de-leau-de-mer-le-senegal-signe-un-contrat-historique-avec-acwa-power\/#webpage","url":"https:\/\/www.nettali.com\/2025\/07\/18\/desalement-de-leau-de-mer-le-senegal-signe-un-contrat-historique-avec-acwa-power\/","name":"DESALEMENT DE L'EAU DE MER - Le S\u00e9n\u00e9gal signe un contrat \"historique\" avec ACWA Power | Nettali.com","isPartOf":{"@id":"https:\/\/www.nettali.com\/#website"},"primaryImageOfPage":{"@id":"https:\/\/www.nettali.com\/2025\/07\/18\/desalement-de-leau-de-mer-le-senegal-signe-un-contrat-historique-avec-acwa-power\/#primaryimage"},"datePublished":"2025-07-18T06:29:03+00:00","dateModified":"2025-07-19T08:04:08+00:00","author":{"@id":"https:\/\/www.nettali.com\/#\/schema\/person\/3317e0bb3aa1da309fbf7b2780901bf4"},"breadcrumb":{"@id":"https:\/\/www.nettali.com\/2025\/07\/18\/desalement-de-leau-de-mer-le-senegal-signe-un-contrat-historique-avec-acwa-power\/#breadcrumb"},"inLanguage":"fr-FR","potentialAction":[{"@type":"ReadAction","target":["https:\/\/www.nettali.com\/2025\/07\/18\/desalement-de-leau-de-mer-le-senegal-signe-un-contrat-historique-avec-acwa-power\/"]}]},{"@type":"BreadcrumbList","@id":"https:\/\/www.nettali.com\/2025\/07\/18\/desalement-de-leau-de-mer-le-senegal-signe-un-contrat-historique-avec-acwa-power\/#breadcrumb","itemListElement":[{"@type":"ListItem","position":1,"name":"Accueil","item":"https:\/\/www.nettali.com\/"},{"@type":"ListItem","position":2,"name":"DESALEMENT DE L'EAU DE MER - Le S\u00e9n\u00e9gal signe un contrat \"historique\" avec ACWA Power"}]},{"@type":"Person","@id":"https:\/\/www.nettali.com\/#\/schema\/person\/3317e0bb3aa1da309fbf7b2780901bf4","name":"Daouda","image":{"@type":"ImageObject","@id":"https:\/\/www.nettali.com\/#personlogo","inLanguage":"fr-FR","url":"https:\/\/secure.gravatar.com\/avatar\/8d143b5a49345098ddcfee1c49c2f47c?s=96&d=mm&r=g","contentUrl":"https:\/\/secure.gravatar.com\/avatar\/8d143b5a49345098ddcfee1c49c2f47c?s=96&d=mm&r=g","caption":"Daouda"},"sameAs":["https:\/\/www.nettali.com"]}]}},"_links":{"self":[{"href":"https:\/\/www.nettali.com\/rest\/wp\/v2\/posts\/157802"}],"collection":[{"href":"https:\/\/www.nettali.com\/rest\/wp\/v2\/posts"}],"about":[{"href":"https:\/\/www.nettali.com\/rest\/wp\/v2\/types\/post"}],"author":[{"embeddable":true,"href":"https:\/\/www.nettali.com\/rest\/wp\/v2\/users\/4"}],"replies":[{"embeddable":true,"href":"https:\/\/www.nettali.com\/rest\/wp\/v2\/comments?post=157802"}],"version-history":[{"count":4,"href":"https:\/\/www.nettali.com\/rest\/wp\/v2\/posts\/157802\/revisions"}],"predecessor-version":[{"id":157831,"href":"https:\/\/www.nettali.com\/rest\/wp\/v2\/posts\/157802\/revisions\/157831"}],"wp:featuredmedia":[{"embeddable":true,"href":"https:\/\/www.nettali.com\/rest\/wp\/v2\/media\/157803"}],"wp:attachment":[{"href":"https:\/\/www.nettali.com\/rest\/wp\/v2\/media?parent=157802"}],"wp:term":[{"taxonomy":"category","embeddable":true,"href":"https:\/\/www.nettali.com\/rest\/wp\/v2\/categories?post=157802"},{"taxonomy":"post_tag","embeddable":true,"href":"https:\/\/www.nettali.com\/rest\/wp\/v2\/tags?post=157802"}],"curies":[{"name":"wp","href":"https:\/\/api.w.org\/{rel}","templated":true}]}}