{"id":157794,"date":"2025-07-17T22:32:35","date_gmt":"2025-07-17T22:32:35","guid":{"rendered":"https:\/\/www.nettali.com\/?p=157794"},"modified":"2025-07-17T22:32:35","modified_gmt":"2025-07-17T22:32:35","slug":"depart-de-larmee-francaise-du-senegal-les-ex-travailleurs-des-bases-militaires-reclament-leur-redeploiement-dans-la-fonction-publique","status":"publish","type":"post","link":"https:\/\/www.nettali.com\/2025\/07\/17\/depart-de-larmee-francaise-du-senegal-les-ex-travailleurs-des-bases-militaires-reclament-leur-redeploiement-dans-la-fonction-publique\/","title":{"rendered":"D\u00c9PART DE L\u2019ARM\u00c9E FRAN\u00c7AISE DU S\u00c9N\u00c9GAL - Les ex-travailleurs des bases militaires r\u00e9clament leur red\u00e9ploiement dans la fonction publique"},"content":{"rendered":"<p><strong>NETTALI.COM \u2013 \u00c0 la suite du d\u00e9part de l\u2019arm\u00e9e fran\u00e7aise du territoire s\u00e9n\u00e9galais, les anciens travailleurs civils des bases militaires fran\u00e7aises tirent la sonnette d\u2019alarme. Trois d\u2019entre eux, dont les contrats ont expir\u00e9 le 30 juin dernier, interpellent les autorit\u00e9s et r\u00e9clament leur r\u00e9affectation dans la fonction publique s\u00e9n\u00e9galaise.<\/strong><\/p>\n<p>Depuis la fermeture des installations militaires fran\u00e7aises, ces travailleurs se disent livr\u00e9s \u00e0 eux-m\u00eames, sans accompagnement ni prise en charge.<br \/>\n<em>\u00ab Depuis quinze jours, nous sommes officiellement licenci\u00e9s. Nous esp\u00e9rions, avant cette date, une r\u00e9action de l\u2019\u00c9tat du S\u00e9n\u00e9gal concernant notre sort. Nous sommes des citoyens s\u00e9n\u00e9galais, nous respectons une d\u00e9cision souveraine, mais nous attendons un geste de l\u2019\u00c9tat pour assurer notre reconversion \u00bb<\/em>, a d\u00e9clar\u00e9 Djibril Ndiaye, secr\u00e9taire g\u00e9n\u00e9ral du syndicat des travailleurs civils des \u00e9l\u00e9ments fran\u00e7ais au S\u00e9n\u00e9gal.<\/p>\n<p>Selon lui, un dossier complet a \u00e9t\u00e9 transmis \u00e0 la pr\u00e9sidence de la R\u00e9publique, sous la supervision du minist\u00e8re des Forces arm\u00e9es et du minist\u00e8re du Travail. Ce document d\u00e9taille les impacts juridiques du licenciement, les pr\u00e9judices subis ainsi que les attentes des int\u00e9ress\u00e9s.<br \/>\n<em>\u00ab Depuis la remise de ce document, nous n\u2019avons re\u00e7u aucun retour. Nous attendons que l\u2019\u00c9tat prenne pleinement la mesure des cons\u00e9quences de sa d\u00e9cision. Pour le moment, c\u2019est le silence total \u00bb<\/em>, d\u00e9plore-t-il.<\/p>\n<p>Djibril Ndiaye souligne l\u2019angoisse que vivent ces p\u00e8res de famille brutalement priv\u00e9s de leur emploi : <em>\u00ab C\u2019est une situation difficile. Nous avions une stabilit\u00e9 professionnelle, un revenu s\u00e9curis\u00e9, une couverture sanitaire et sociale. Aujourd\u2019hui, tout cela s\u2019effondre. L\u2019\u00c9tat fran\u00e7ais nous a vers\u00e9 une indemnit\u00e9 n\u00e9goci\u00e9e, mais elle reste en de\u00e7\u00e0 de nos esp\u00e9rances, m\u00eame si nous comprenons le contexte\u00bb<\/em>.<\/p>\n<p>Les ex-travailleurs esp\u00e8rent d\u00e9sormais une r\u00e9ponse rapide et concr\u00e8te de l\u2019\u00c9tat du S\u00e9n\u00e9gal pour leur permettre de rebondir, dignement, apr\u00e8s des ann\u00e9es de service au sein des bases militaires fran\u00e7aises.<\/p>\n<div class='share-to-whatsapp-wrapper'><div class='share-on-whsp'>PARTAGER SUR : <\/div><a data-text='D\u00c9PART DE L\u2019ARM\u00c9E FRAN\u00c7AISE DU S\u00c9N\u00c9GAL - Les ex-travailleurs des bases militaires r\u00e9clament leur red\u00e9ploiement dans la fonction publique' data-link='https:\/\/www.nettali.com\/2025\/07\/17\/depart-de-larmee-francaise-du-senegal-les-ex-travailleurs-des-bases-militaires-reclament-leur-redeploiement-dans-la-fonction-publique\/' class='whatsapp-button whatsapp-share'>WhatsApp<\/a><div class='clear '><\/div><\/div>","protected":false},"excerpt":{"rendered":"<p>NETTALI.COM \u2013 \u00c0 la suite du d\u00e9part de l\u2019arm\u00e9e fran\u00e7aise du territoire s\u00e9n\u00e9galais, les anciens travailleurs civils des bases militaires fran\u00e7aises tirent la sonnette d\u2019alarme. Trois d\u2019entre eux, dont les contrats ont expir\u00e9 le 30 juin dernier, interpellent les autorit\u00e9s et r\u00e9clament leur r\u00e9affectation dans la fonction publique s\u00e9n\u00e9galaise. Depuis la fermeture des installations militaires [&hellip;]<\/p>\n","protected":false},"author":4,"featured_media":157796,"comment_status":"open","ping_status":"open","sticky":false,"template":"","format":"standard","meta":{"_et_pb_use_builder":"","_et_pb_old_content":""},"categories":[3],"tags":[],"yoast_head":"<!-- This site is optimized with the Yoast SEO Premium plugin v17.8 (Yoast SEO v17.8) - https:\/\/yoast.com\/wordpress\/plugins\/seo\/ -->\n<title>D\u00c9PART DE L\u2019ARM\u00c9E FRAN\u00c7AISE DU S\u00c9N\u00c9GAL - Les ex-travailleurs des bases militaires r\u00e9clament leur red\u00e9ploiement dans la fonction publique | Nettali.com<\/title>\n<meta name=\"robots\" content=\"index, follow, max-snippet:-1, max-image-preview:large, max-video-preview:-1\" \/>\n<link rel=\"canonical\" href=\"https:\/\/www.nettali.com\/2025\/07\/17\/depart-de-larmee-francaise-du-senegal-les-ex-travailleurs-des-bases-militaires-reclament-leur-redeploiement-dans-la-fonction-publique\/\" \/>\n<meta property=\"og:locale\" content=\"fr_FR\" \/>\n<meta property=\"og:type\" content=\"article\" \/>\n<meta property=\"og:title\" content=\"D\u00c9PART DE L\u2019ARM\u00c9E FRAN\u00c7AISE DU S\u00c9N\u00c9GAL - Les ex-travailleurs des bases militaires r\u00e9clament leur red\u00e9ploiement dans la fonction publique\" \/>\n<meta property=\"og:description\" content=\"NETTALI.COM \u2013 \u00c0 la suite du d\u00e9part de l\u2019arm\u00e9e fran\u00e7aise du territoire s\u00e9n\u00e9galais, les anciens travailleurs civils des bases militaires fran\u00e7aises tirent la sonnette d\u2019alarme. Trois d\u2019entre eux, dont les contrats ont expir\u00e9 le 30 juin dernier, interpellent les autorit\u00e9s et r\u00e9clament leur r\u00e9affectation dans la fonction publique s\u00e9n\u00e9galaise. Depuis la fermeture des installations militaires [&hellip;]\" \/>\n<meta property=\"og:url\" content=\"https:\/\/www.nettali.com\/2025\/07\/17\/depart-de-larmee-francaise-du-senegal-les-ex-travailleurs-des-bases-militaires-reclament-leur-redeploiement-dans-la-fonction-publique\/\" \/>\n<meta property=\"og:site_name\" content=\"Nettali.com\" \/>\n<meta property=\"article:publisher\" content=\"https:\/\/www.facebook.com\/nettalicom\" \/>\n<meta property=\"article:published_time\" content=\"2025-07-17T22:32:35+00:00\" \/>\n<meta property=\"og:image\" content=\"https:\/\/www.nettali.com\/wp-content\/uploads\/2025\/07\/militaires-franc\u0327ais.jpg\" \/>\n\t<meta property=\"og:image:width\" content=\"932\" \/>\n\t<meta property=\"og:image:height\" content=\"582\" \/>\n<meta name=\"twitter:card\" content=\"summary_large_image\" \/>\n<meta name=\"twitter:label1\" content=\"\u00c9crit par\" \/>\n\t<meta name=\"twitter:data1\" content=\"Daouda\" \/>\n\t<meta name=\"twitter:label2\" content=\"Dur\u00e9e de lecture estim\u00e9e\" \/>\n\t<meta name=\"twitter:data2\" content=\"2 minutes\" \/>\n<script type=\"application\/ld+json\" class=\"yoast-schema-graph\">{\"@context\":\"https:\/\/schema.org\",\"@graph\":[{\"@type\":\"WebSite\",\"@id\":\"https:\/\/www.nettali.com\/#website\",\"url\":\"https:\/\/www.nettali.com\/\",\"name\":\"Nettali.com\",\"description\":\"Le rendez-vous critique du Net\",\"potentialAction\":[{\"@type\":\"SearchAction\",\"target\":{\"@type\":\"EntryPoint\",\"urlTemplate\":\"https:\/\/www.nettali.com\/?s={search_term_string}\"},\"query-input\":\"required name=search_term_string\"}],\"inLanguage\":\"fr-FR\"},{\"@type\":\"ImageObject\",\"@id\":\"https:\/\/www.nettali.com\/2025\/07\/17\/depart-de-larmee-francaise-du-senegal-les-ex-travailleurs-des-bases-militaires-reclament-leur-redeploiement-dans-la-fonction-publique\/#primaryimage\",\"inLanguage\":\"fr-FR\",\"url\":\"https:\/\/www.nettali.com\/wp-content\/uploads\/2025\/07\/militaires-franc\\u0327ais.jpg\",\"contentUrl\":\"https:\/\/www.nettali.com\/wp-content\/uploads\/2025\/07\/militaires-franc\\u0327ais.jpg\",\"width\":932,\"height\":582,\"caption\":\"Senegal's Chief of General Staff, General Mbaye Cisse (R), and France's General Pascal Ianni (L), who commands France's troops in Africa, walk towards a flag pole where the Senegalese flag will be raised during a ceremony where France will return Camp Geille, its largest base in the country, and its airfield at Dakar airport, in Dakar on\\u00a0July\\u00a017,\\u00a02025. France will on July 17, 2025 formally hand back its last military bases in Senegal, leaving the French army with no permanent camps in west and central Africa. Ending the French army's 65 years in Senegal, the pull-out comes after similar withdrawals across the continent, with former colonies increasingly turning their backs on their former ruler. Around 350 French soldiers, primarily tasked with conducting joint operations with the Senegalese army, will leave the west African nation after a three-month departure process. France started ceding its bases to Senegal in March. (Photo by Patrick Meinhardt \/ AFP)\"},{\"@type\":\"WebPage\",\"@id\":\"https:\/\/www.nettali.com\/2025\/07\/17\/depart-de-larmee-francaise-du-senegal-les-ex-travailleurs-des-bases-militaires-reclament-leur-redeploiement-dans-la-fonction-publique\/#webpage\",\"url\":\"https:\/\/www.nettali.com\/2025\/07\/17\/depart-de-larmee-francaise-du-senegal-les-ex-travailleurs-des-bases-militaires-reclament-leur-redeploiement-dans-la-fonction-publique\/\",\"name\":\"D\\u00c9PART DE L\\u2019ARM\\u00c9E FRAN\\u00c7AISE DU S\\u00c9N\\u00c9GAL - Les ex-travailleurs des bases militaires r\\u00e9clament leur red\\u00e9ploiement dans la fonction publique | Nettali.com\",\"isPartOf\":{\"@id\":\"https:\/\/www.nettali.com\/#website\"},\"primaryImageOfPage\":{\"@id\":\"https:\/\/www.nettali.com\/2025\/07\/17\/depart-de-larmee-francaise-du-senegal-les-ex-travailleurs-des-bases-militaires-reclament-leur-redeploiement-dans-la-fonction-publique\/#primaryimage\"},\"datePublished\":\"2025-07-17T22:32:35+00:00\",\"dateModified\":\"2025-07-17T22:32:35+00:00\",\"author\":{\"@id\":\"https:\/\/www.nettali.com\/#\/schema\/person\/3317e0bb3aa1da309fbf7b2780901bf4\"},\"breadcrumb\":{\"@id\":\"https:\/\/www.nettali.com\/2025\/07\/17\/depart-de-larmee-francaise-du-senegal-les-ex-travailleurs-des-bases-militaires-reclament-leur-redeploiement-dans-la-fonction-publique\/#breadcrumb\"},\"inLanguage\":\"fr-FR\",\"potentialAction\":[{\"@type\":\"ReadAction\",\"target\":[\"https:\/\/www.nettali.com\/2025\/07\/17\/depart-de-larmee-francaise-du-senegal-les-ex-travailleurs-des-bases-militaires-reclament-leur-redeploiement-dans-la-fonction-publique\/\"]}]},{\"@type\":\"BreadcrumbList\",\"@id\":\"https:\/\/www.nettali.com\/2025\/07\/17\/depart-de-larmee-francaise-du-senegal-les-ex-travailleurs-des-bases-militaires-reclament-leur-redeploiement-dans-la-fonction-publique\/#breadcrumb\",\"itemListElement\":[{\"@type\":\"ListItem\",\"position\":1,\"name\":\"Accueil\",\"item\":\"https:\/\/www.nettali.com\/\"},{\"@type\":\"ListItem\",\"position\":2,\"name\":\"D\\u00c9PART DE L\\u2019ARM\\u00c9E FRAN\\u00c7AISE DU S\\u00c9N\\u00c9GAL - Les ex-travailleurs des bases militaires r\\u00e9clament leur red\\u00e9ploiement dans la fonction publique\"}]},{\"@type\":\"Person\",\"@id\":\"https:\/\/www.nettali.com\/#\/schema\/person\/3317e0bb3aa1da309fbf7b2780901bf4\",\"name\":\"Daouda\",\"image\":{\"@type\":\"ImageObject\",\"@id\":\"https:\/\/www.nettali.com\/#personlogo\",\"inLanguage\":\"fr-FR\",\"url\":\"https:\/\/secure.gravatar.com\/avatar\/8d143b5a49345098ddcfee1c49c2f47c?s=96&d=mm&r=g\",\"contentUrl\":\"https:\/\/secure.gravatar.com\/avatar\/8d143b5a49345098ddcfee1c49c2f47c?s=96&d=mm&r=g\",\"caption\":\"Daouda\"},\"sameAs\":[\"https:\/\/www.nettali.com\"]}]}<\/script>\n<!-- \/ Yoast SEO Premium plugin. -->","yoast_head_json":{"title":"D\u00c9PART DE L\u2019ARM\u00c9E FRAN\u00c7AISE DU S\u00c9N\u00c9GAL - Les ex-travailleurs des bases militaires r\u00e9clament leur red\u00e9ploiement dans la fonction publique | Nettali.com","robots":{"index":"index","follow":"follow","max-snippet":"max-snippet:-1","max-image-preview":"max-image-preview:large","max-video-preview":"max-video-preview:-1"},"canonical":"https:\/\/www.nettali.com\/2025\/07\/17\/depart-de-larmee-francaise-du-senegal-les-ex-travailleurs-des-bases-militaires-reclament-leur-redeploiement-dans-la-fonction-publique\/","og_locale":"fr_FR","og_type":"article","og_title":"D\u00c9PART DE L\u2019ARM\u00c9E FRAN\u00c7AISE DU S\u00c9N\u00c9GAL - Les ex-travailleurs des bases militaires r\u00e9clament leur red\u00e9ploiement dans la fonction publique","og_description":"NETTALI.COM \u2013 \u00c0 la suite du d\u00e9part de l\u2019arm\u00e9e fran\u00e7aise du territoire s\u00e9n\u00e9galais, les anciens travailleurs civils des bases militaires fran\u00e7aises tirent la sonnette d\u2019alarme. Trois d\u2019entre eux, dont les contrats ont expir\u00e9 le 30 juin dernier, interpellent les autorit\u00e9s et r\u00e9clament leur r\u00e9affectation dans la fonction publique s\u00e9n\u00e9galaise. Depuis la fermeture des installations militaires [&hellip;]","og_url":"https:\/\/www.nettali.com\/2025\/07\/17\/depart-de-larmee-francaise-du-senegal-les-ex-travailleurs-des-bases-militaires-reclament-leur-redeploiement-dans-la-fonction-publique\/","og_site_name":"Nettali.com","article_publisher":"https:\/\/www.facebook.com\/nettalicom","article_published_time":"2025-07-17T22:32:35+00:00","og_image":[{"width":932,"height":582,"url":"https:\/\/www.nettali.com\/wp-content\/uploads\/2025\/07\/militaires-franc\u0327ais.jpg","type":"image\/jpeg"}],"twitter_card":"summary_large_image","twitter_misc":{"\u00c9crit par":"Daouda","Dur\u00e9e de lecture estim\u00e9e":"2 minutes"},"schema":{"@context":"https:\/\/schema.org","@graph":[{"@type":"WebSite","@id":"https:\/\/www.nettali.com\/#website","url":"https:\/\/www.nettali.com\/","name":"Nettali.com","description":"Le rendez-vous critique du Net","potentialAction":[{"@type":"SearchAction","target":{"@type":"EntryPoint","urlTemplate":"https:\/\/www.nettali.com\/?s={search_term_string}"},"query-input":"required name=search_term_string"}],"inLanguage":"fr-FR"},{"@type":"ImageObject","@id":"https:\/\/www.nettali.com\/2025\/07\/17\/depart-de-larmee-francaise-du-senegal-les-ex-travailleurs-des-bases-militaires-reclament-leur-redeploiement-dans-la-fonction-publique\/#primaryimage","inLanguage":"fr-FR","url":"https:\/\/www.nettali.com\/wp-content\/uploads\/2025\/07\/militaires-franc\u0327ais.jpg","contentUrl":"https:\/\/www.nettali.com\/wp-content\/uploads\/2025\/07\/militaires-franc\u0327ais.jpg","width":932,"height":582,"caption":"Senegal's Chief of General Staff, General Mbaye Cisse (R), and France's General Pascal Ianni (L), who commands France's troops in Africa, walk towards a flag pole where the Senegalese flag will be raised during a ceremony where France will return Camp Geille, its largest base in the country, and its airfield at Dakar airport, in Dakar on\u00a0July\u00a017,\u00a02025. France will on July 17, 2025 formally hand back its last military bases in Senegal, leaving the French army with no permanent camps in west and central Africa. Ending the French army's 65 years in Senegal, the pull-out comes after similar withdrawals across the continent, with former colonies increasingly turning their backs on their former ruler. Around 350 French soldiers, primarily tasked with conducting joint operations with the Senegalese army, will leave the west African nation after a three-month departure process. France started ceding its bases to Senegal in March. (Photo by Patrick Meinhardt \/ AFP)"},{"@type":"WebPage","@id":"https:\/\/www.nettali.com\/2025\/07\/17\/depart-de-larmee-francaise-du-senegal-les-ex-travailleurs-des-bases-militaires-reclament-leur-redeploiement-dans-la-fonction-publique\/#webpage","url":"https:\/\/www.nettali.com\/2025\/07\/17\/depart-de-larmee-francaise-du-senegal-les-ex-travailleurs-des-bases-militaires-reclament-leur-redeploiement-dans-la-fonction-publique\/","name":"D\u00c9PART DE L\u2019ARM\u00c9E FRAN\u00c7AISE DU S\u00c9N\u00c9GAL - Les ex-travailleurs des bases militaires r\u00e9clament leur red\u00e9ploiement dans la fonction publique | Nettali.com","isPartOf":{"@id":"https:\/\/www.nettali.com\/#website"},"primaryImageOfPage":{"@id":"https:\/\/www.nettali.com\/2025\/07\/17\/depart-de-larmee-francaise-du-senegal-les-ex-travailleurs-des-bases-militaires-reclament-leur-redeploiement-dans-la-fonction-publique\/#primaryimage"},"datePublished":"2025-07-17T22:32:35+00:00","dateModified":"2025-07-17T22:32:35+00:00","author":{"@id":"https:\/\/www.nettali.com\/#\/schema\/person\/3317e0bb3aa1da309fbf7b2780901bf4"},"breadcrumb":{"@id":"https:\/\/www.nettali.com\/2025\/07\/17\/depart-de-larmee-francaise-du-senegal-les-ex-travailleurs-des-bases-militaires-reclament-leur-redeploiement-dans-la-fonction-publique\/#breadcrumb"},"inLanguage":"fr-FR","potentialAction":[{"@type":"ReadAction","target":["https:\/\/www.nettali.com\/2025\/07\/17\/depart-de-larmee-francaise-du-senegal-les-ex-travailleurs-des-bases-militaires-reclament-leur-redeploiement-dans-la-fonction-publique\/"]}]},{"@type":"BreadcrumbList","@id":"https:\/\/www.nettali.com\/2025\/07\/17\/depart-de-larmee-francaise-du-senegal-les-ex-travailleurs-des-bases-militaires-reclament-leur-redeploiement-dans-la-fonction-publique\/#breadcrumb","itemListElement":[{"@type":"ListItem","position":1,"name":"Accueil","item":"https:\/\/www.nettali.com\/"},{"@type":"ListItem","position":2,"name":"D\u00c9PART DE L\u2019ARM\u00c9E FRAN\u00c7AISE DU S\u00c9N\u00c9GAL - Les ex-travailleurs des bases militaires r\u00e9clament leur red\u00e9ploiement dans la fonction publique"}]},{"@type":"Person","@id":"https:\/\/www.nettali.com\/#\/schema\/person\/3317e0bb3aa1da309fbf7b2780901bf4","name":"Daouda","image":{"@type":"ImageObject","@id":"https:\/\/www.nettali.com\/#personlogo","inLanguage":"fr-FR","url":"https:\/\/secure.gravatar.com\/avatar\/8d143b5a49345098ddcfee1c49c2f47c?s=96&d=mm&r=g","contentUrl":"https:\/\/secure.gravatar.com\/avatar\/8d143b5a49345098ddcfee1c49c2f47c?s=96&d=mm&r=g","caption":"Daouda"},"sameAs":["https:\/\/www.nettali.com"]}]}},"_links":{"self":[{"href":"https:\/\/www.nettali.com\/rest\/wp\/v2\/posts\/157794"}],"collection":[{"href":"https:\/\/www.nettali.com\/rest\/wp\/v2\/posts"}],"about":[{"href":"https:\/\/www.nettali.com\/rest\/wp\/v2\/types\/post"}],"author":[{"embeddable":true,"href":"https:\/\/www.nettali.com\/rest\/wp\/v2\/users\/4"}],"replies":[{"embeddable":true,"href":"https:\/\/www.nettali.com\/rest\/wp\/v2\/comments?post=157794"}],"version-history":[{"count":1,"href":"https:\/\/www.nettali.com\/rest\/wp\/v2\/posts\/157794\/revisions"}],"predecessor-version":[{"id":157797,"href":"https:\/\/www.nettali.com\/rest\/wp\/v2\/posts\/157794\/revisions\/157797"}],"wp:featuredmedia":[{"embeddable":true,"href":"https:\/\/www.nettali.com\/rest\/wp\/v2\/media\/157796"}],"wp:attachment":[{"href":"https:\/\/www.nettali.com\/rest\/wp\/v2\/media?parent=157794"}],"wp:term":[{"taxonomy":"category","embeddable":true,"href":"https:\/\/www.nettali.com\/rest\/wp\/v2\/categories?post=157794"},{"taxonomy":"post_tag","embeddable":true,"href":"https:\/\/www.nettali.com\/rest\/wp\/v2\/tags?post=157794"}],"curies":[{"name":"wp","href":"https:\/\/api.w.org\/{rel}","templated":true}]}}