{"id":157787,"date":"2025-07-17T21:41:33","date_gmt":"2025-07-17T21:41:33","guid":{"rendered":"https:\/\/www.nettali.com\/?p=157787"},"modified":"2025-07-17T21:42:39","modified_gmt":"2025-07-17T21:42:39","slug":"decision-le-grand-magal-de-touba-officiellement-inscrit-au-patrimoine-immateriel-national","status":"publish","type":"post","link":"https:\/\/www.nettali.com\/2025\/07\/17\/decision-le-grand-magal-de-touba-officiellement-inscrit-au-patrimoine-immateriel-national\/","title":{"rendered":"DECISION - Le Grand Magal de Touba officiellement inscrit au patrimoine immat\u00e9riel national"},"content":{"rendered":"<p data-start=\"182\" data-end=\"554\"><strong>NETTALI.COM - C\u2019est d\u00e9sormais une r\u00e9alit\u00e9 : le Grand Magal de Touba figure officiellement sur la liste nationale du patrimoine culturel immat\u00e9riel du S\u00e9n\u00e9gal. La d\u00e9cision a \u00e9t\u00e9 ent\u00e9rin\u00e9e par un arr\u00eat\u00e9 de la ministre de la Jeunesse, des Sports et de la Culture, Khady Di\u00e8ne Gaye, marquant une reconnaissance institutionnelle forte de cette c\u00e9l\u00e9bration religieuse majeure.<\/strong><\/p>\n<p data-start=\"556\" data-end=\"586\">Selon le document officiel : <em data-start=\"589\" data-end=\"886\">\u00ab Il est ajout\u00e9, \u00e0 l\u2019article premier de l\u2019arr\u00eat\u00e9 n\u00b0012411 du 29 juillet 2020 portant publication de la liste repr\u00e9sentative nationale du patrimoine culturel immat\u00e9riel, plus pr\u00e9cis\u00e9ment dans la r\u00e9gion de Diourbel, un nouvel \u00e9l\u00e9ment du patrimoine culturel immat\u00e9riel, appel\u00e9 \u2018le Magal de Touba\u2019 \u00bb<\/em>.<\/p>\n<p data-start=\"889\" data-end=\"1114\">Par cette inscription, l\u2019\u00c9tat s\u00e9n\u00e9galais reconna\u00eet pleinement la valeur culturelle, historique et spirituelle du Magal, comm\u00e9moration annuelle du d\u00e9part en exil du fondateur du mouridisme, Cheikh Ahmadou Bamba Mback\u00e9.<\/p>\n<h3 data-start=\"1116\" data-end=\"1167\">Un \u00e9v\u00e9nement au c\u0153ur de l\u2019identit\u00e9 nationale<\/h3>\n<p data-start=\"1169\" data-end=\"1537\">Au-del\u00e0 de son ancrage religieux, le Magal est une manifestation culturelle d\u2019envergure, qui mobilise chaque ann\u00e9e plusieurs millions de fid\u00e8les venant de toutes les r\u00e9gions du S\u00e9n\u00e9gal et de la diaspora. Il donne lieu \u00e0 des formes d\u2019expression vari\u00e9es : chants religieux, r\u00e9citations, offrandes, hospitalit\u00e9, rites et mobilisations logistiques exceptionnelles.<\/p>\n<p data-start=\"1597\" data-end=\"1832\">La ministre Khady Di\u00e8ne Gaye a \u00e9galement annonc\u00e9 l\u2019\u00e9laboration d\u2019un plan de sauvegarde et de mise en valeur de cet h\u00e9ritage vivant, en lien avec les autorit\u00e9s religieuses, les collectivit\u00e9s locales et les experts du patrimoine. <em data-start=\"1836\" data-end=\"2039\">\u00ab Le Magal de Touba ne se r\u00e9duit pas \u00e0 un \u00e9v\u00e9nement religieux. Il constitue un rep\u00e8re fondamental dans notre m\u00e9moire collective et m\u00e9rite d\u2019\u00eatre prot\u00e9g\u00e9, transmis et c\u00e9l\u00e9br\u00e9 \u00e0 travers les g\u00e9n\u00e9rations \u00bb<\/em>, a-t-elle d\u00e9clar\u00e9.<\/p>\n<p data-start=\"1597\" data-end=\"1832\"><img loading=\"lazy\" class=\"alignnone size-large wp-image-157789\" src=\"https:\/\/www.nettali.com\/wp-content\/uploads\/2025\/07\/magalpatrimoine-741x1024.png\" alt=\"\" width=\"741\" height=\"1024\" srcset=\"https:\/\/www.nettali.com\/wp-content\/uploads\/2025\/07\/magalpatrimoine-741x1024.png 741w, https:\/\/www.nettali.com\/wp-content\/uploads\/2025\/07\/magalpatrimoine-217x300.png 217w, https:\/\/www.nettali.com\/wp-content\/uploads\/2025\/07\/magalpatrimoine.png 742w\" sizes=\"(max-width: 741px) 100vw, 741px\" \/><\/p>\n<div class='share-to-whatsapp-wrapper'><div class='share-on-whsp'>PARTAGER SUR : <\/div><a data-text='DECISION - Le Grand Magal de Touba officiellement inscrit au patrimoine immat\u00e9riel national' data-link='https:\/\/www.nettali.com\/2025\/07\/17\/decision-le-grand-magal-de-touba-officiellement-inscrit-au-patrimoine-immateriel-national\/' class='whatsapp-button whatsapp-share'>WhatsApp<\/a><div class='clear '><\/div><\/div>","protected":false},"excerpt":{"rendered":"<p>NETTALI.COM - C\u2019est d\u00e9sormais une r\u00e9alit\u00e9 : le Grand Magal de Touba figure officiellement sur la liste nationale du patrimoine culturel immat\u00e9riel du S\u00e9n\u00e9gal. La d\u00e9cision a \u00e9t\u00e9 ent\u00e9rin\u00e9e par un arr\u00eat\u00e9 de la ministre de la Jeunesse, des Sports et de la Culture, Khady Di\u00e8ne Gaye, marquant une reconnaissance institutionnelle forte de cette c\u00e9l\u00e9bration [&hellip;]<\/p>\n","protected":false},"author":4,"featured_media":84111,"comment_status":"open","ping_status":"open","sticky":false,"template":"","format":"standard","meta":{"_et_pb_use_builder":"","_et_pb_old_content":""},"categories":[3],"tags":[],"yoast_head":"<!-- This site is optimized with the Yoast SEO Premium plugin v17.8 (Yoast SEO v17.8) - https:\/\/yoast.com\/wordpress\/plugins\/seo\/ -->\n<title>DECISION - Le Grand Magal de Touba officiellement inscrit au patrimoine immat\u00e9riel national | Nettali.com<\/title>\n<meta name=\"robots\" content=\"index, follow, max-snippet:-1, max-image-preview:large, max-video-preview:-1\" \/>\n<link rel=\"canonical\" href=\"https:\/\/www.nettali.com\/2025\/07\/17\/decision-le-grand-magal-de-touba-officiellement-inscrit-au-patrimoine-immateriel-national\/\" \/>\n<meta property=\"og:locale\" content=\"fr_FR\" \/>\n<meta property=\"og:type\" content=\"article\" \/>\n<meta property=\"og:title\" content=\"DECISION - Le Grand Magal de Touba officiellement inscrit au patrimoine immat\u00e9riel national\" \/>\n<meta property=\"og:description\" content=\"NETTALI.COM - C\u2019est d\u00e9sormais une r\u00e9alit\u00e9 : le Grand Magal de Touba figure officiellement sur la liste nationale du patrimoine culturel immat\u00e9riel du S\u00e9n\u00e9gal. La d\u00e9cision a \u00e9t\u00e9 ent\u00e9rin\u00e9e par un arr\u00eat\u00e9 de la ministre de la Jeunesse, des Sports et de la Culture, Khady Di\u00e8ne Gaye, marquant une reconnaissance institutionnelle forte de cette c\u00e9l\u00e9bration [&hellip;]\" \/>\n<meta property=\"og:url\" content=\"https:\/\/www.nettali.com\/2025\/07\/17\/decision-le-grand-magal-de-touba-officiellement-inscrit-au-patrimoine-immateriel-national\/\" \/>\n<meta property=\"og:site_name\" content=\"Nettali.com\" \/>\n<meta property=\"article:publisher\" content=\"https:\/\/www.facebook.com\/nettalicom\" \/>\n<meta property=\"article:published_time\" content=\"2025-07-17T21:41:33+00:00\" \/>\n<meta property=\"article:modified_time\" content=\"2025-07-17T21:42:39+00:00\" \/>\n<meta property=\"og:image\" content=\"https:\/\/www.nettali.com\/wp-content\/uploads\/2022\/04\/11c6366_679694346-000-1ad91w.jpg\" \/>\n\t<meta property=\"og:image:width\" content=\"664\" \/>\n\t<meta property=\"og:image:height\" content=\"443\" \/>\n<meta name=\"twitter:card\" content=\"summary_large_image\" \/>\n<meta name=\"twitter:label1\" content=\"\u00c9crit par\" \/>\n\t<meta name=\"twitter:data1\" content=\"Daouda\" \/>\n\t<meta name=\"twitter:label2\" content=\"Dur\u00e9e de lecture estim\u00e9e\" \/>\n\t<meta name=\"twitter:data2\" content=\"2 minutes\" \/>\n<script type=\"application\/ld+json\" class=\"yoast-schema-graph\">{\"@context\":\"https:\/\/schema.org\",\"@graph\":[{\"@type\":\"WebSite\",\"@id\":\"https:\/\/www.nettali.com\/#website\",\"url\":\"https:\/\/www.nettali.com\/\",\"name\":\"Nettali.com\",\"description\":\"Le rendez-vous critique du Net\",\"potentialAction\":[{\"@type\":\"SearchAction\",\"target\":{\"@type\":\"EntryPoint\",\"urlTemplate\":\"https:\/\/www.nettali.com\/?s={search_term_string}\"},\"query-input\":\"required name=search_term_string\"}],\"inLanguage\":\"fr-FR\"},{\"@type\":\"ImageObject\",\"@id\":\"https:\/\/www.nettali.com\/2025\/07\/17\/decision-le-grand-magal-de-touba-officiellement-inscrit-au-patrimoine-immateriel-national\/#primaryimage\",\"inLanguage\":\"fr-FR\",\"url\":\"https:\/\/www.nettali.com\/wp-content\/uploads\/2022\/04\/11c6366_679694346-000-1ad91w.jpg\",\"contentUrl\":\"https:\/\/www.nettali.com\/wp-content\/uploads\/2022\/04\/11c6366_679694346-000-1ad91w.jpg\",\"width\":664,\"height\":443,\"caption\":\"Pilgrims gather at The Grand Mosque in Touba on October 28, 2018, the day of the Grand Magal des Mourites, the largest annual pilgrimage in Senegal. (Photo by SEYLLOU \/ AFP)\"},{\"@type\":\"WebPage\",\"@id\":\"https:\/\/www.nettali.com\/2025\/07\/17\/decision-le-grand-magal-de-touba-officiellement-inscrit-au-patrimoine-immateriel-national\/#webpage\",\"url\":\"https:\/\/www.nettali.com\/2025\/07\/17\/decision-le-grand-magal-de-touba-officiellement-inscrit-au-patrimoine-immateriel-national\/\",\"name\":\"DECISION - Le Grand Magal de Touba officiellement inscrit au patrimoine immat\\u00e9riel national | Nettali.com\",\"isPartOf\":{\"@id\":\"https:\/\/www.nettali.com\/#website\"},\"primaryImageOfPage\":{\"@id\":\"https:\/\/www.nettali.com\/2025\/07\/17\/decision-le-grand-magal-de-touba-officiellement-inscrit-au-patrimoine-immateriel-national\/#primaryimage\"},\"datePublished\":\"2025-07-17T21:41:33+00:00\",\"dateModified\":\"2025-07-17T21:42:39+00:00\",\"author\":{\"@id\":\"https:\/\/www.nettali.com\/#\/schema\/person\/3317e0bb3aa1da309fbf7b2780901bf4\"},\"breadcrumb\":{\"@id\":\"https:\/\/www.nettali.com\/2025\/07\/17\/decision-le-grand-magal-de-touba-officiellement-inscrit-au-patrimoine-immateriel-national\/#breadcrumb\"},\"inLanguage\":\"fr-FR\",\"potentialAction\":[{\"@type\":\"ReadAction\",\"target\":[\"https:\/\/www.nettali.com\/2025\/07\/17\/decision-le-grand-magal-de-touba-officiellement-inscrit-au-patrimoine-immateriel-national\/\"]}]},{\"@type\":\"BreadcrumbList\",\"@id\":\"https:\/\/www.nettali.com\/2025\/07\/17\/decision-le-grand-magal-de-touba-officiellement-inscrit-au-patrimoine-immateriel-national\/#breadcrumb\",\"itemListElement\":[{\"@type\":\"ListItem\",\"position\":1,\"name\":\"Accueil\",\"item\":\"https:\/\/www.nettali.com\/\"},{\"@type\":\"ListItem\",\"position\":2,\"name\":\"DECISION - Le Grand Magal de Touba officiellement inscrit au patrimoine immat\\u00e9riel national\"}]},{\"@type\":\"Person\",\"@id\":\"https:\/\/www.nettali.com\/#\/schema\/person\/3317e0bb3aa1da309fbf7b2780901bf4\",\"name\":\"Daouda\",\"image\":{\"@type\":\"ImageObject\",\"@id\":\"https:\/\/www.nettali.com\/#personlogo\",\"inLanguage\":\"fr-FR\",\"url\":\"https:\/\/secure.gravatar.com\/avatar\/8d143b5a49345098ddcfee1c49c2f47c?s=96&d=mm&r=g\",\"contentUrl\":\"https:\/\/secure.gravatar.com\/avatar\/8d143b5a49345098ddcfee1c49c2f47c?s=96&d=mm&r=g\",\"caption\":\"Daouda\"},\"sameAs\":[\"https:\/\/www.nettali.com\"]}]}<\/script>\n<!-- \/ Yoast SEO Premium plugin. -->","yoast_head_json":{"title":"DECISION - Le Grand Magal de Touba officiellement inscrit au patrimoine immat\u00e9riel national | Nettali.com","robots":{"index":"index","follow":"follow","max-snippet":"max-snippet:-1","max-image-preview":"max-image-preview:large","max-video-preview":"max-video-preview:-1"},"canonical":"https:\/\/www.nettali.com\/2025\/07\/17\/decision-le-grand-magal-de-touba-officiellement-inscrit-au-patrimoine-immateriel-national\/","og_locale":"fr_FR","og_type":"article","og_title":"DECISION - Le Grand Magal de Touba officiellement inscrit au patrimoine immat\u00e9riel national","og_description":"NETTALI.COM - C\u2019est d\u00e9sormais une r\u00e9alit\u00e9 : le Grand Magal de Touba figure officiellement sur la liste nationale du patrimoine culturel immat\u00e9riel du S\u00e9n\u00e9gal. La d\u00e9cision a \u00e9t\u00e9 ent\u00e9rin\u00e9e par un arr\u00eat\u00e9 de la ministre de la Jeunesse, des Sports et de la Culture, Khady Di\u00e8ne Gaye, marquant une reconnaissance institutionnelle forte de cette c\u00e9l\u00e9bration [&hellip;]","og_url":"https:\/\/www.nettali.com\/2025\/07\/17\/decision-le-grand-magal-de-touba-officiellement-inscrit-au-patrimoine-immateriel-national\/","og_site_name":"Nettali.com","article_publisher":"https:\/\/www.facebook.com\/nettalicom","article_published_time":"2025-07-17T21:41:33+00:00","article_modified_time":"2025-07-17T21:42:39+00:00","og_image":[{"width":664,"height":443,"url":"https:\/\/www.nettali.com\/wp-content\/uploads\/2022\/04\/11c6366_679694346-000-1ad91w.jpg","type":"image\/jpeg"}],"twitter_card":"summary_large_image","twitter_misc":{"\u00c9crit par":"Daouda","Dur\u00e9e de lecture estim\u00e9e":"2 minutes"},"schema":{"@context":"https:\/\/schema.org","@graph":[{"@type":"WebSite","@id":"https:\/\/www.nettali.com\/#website","url":"https:\/\/www.nettali.com\/","name":"Nettali.com","description":"Le rendez-vous critique du Net","potentialAction":[{"@type":"SearchAction","target":{"@type":"EntryPoint","urlTemplate":"https:\/\/www.nettali.com\/?s={search_term_string}"},"query-input":"required name=search_term_string"}],"inLanguage":"fr-FR"},{"@type":"ImageObject","@id":"https:\/\/www.nettali.com\/2025\/07\/17\/decision-le-grand-magal-de-touba-officiellement-inscrit-au-patrimoine-immateriel-national\/#primaryimage","inLanguage":"fr-FR","url":"https:\/\/www.nettali.com\/wp-content\/uploads\/2022\/04\/11c6366_679694346-000-1ad91w.jpg","contentUrl":"https:\/\/www.nettali.com\/wp-content\/uploads\/2022\/04\/11c6366_679694346-000-1ad91w.jpg","width":664,"height":443,"caption":"Pilgrims gather at The Grand Mosque in Touba on October 28, 2018, the day of the Grand Magal des Mourites, the largest annual pilgrimage in Senegal. (Photo by SEYLLOU \/ AFP)"},{"@type":"WebPage","@id":"https:\/\/www.nettali.com\/2025\/07\/17\/decision-le-grand-magal-de-touba-officiellement-inscrit-au-patrimoine-immateriel-national\/#webpage","url":"https:\/\/www.nettali.com\/2025\/07\/17\/decision-le-grand-magal-de-touba-officiellement-inscrit-au-patrimoine-immateriel-national\/","name":"DECISION - Le Grand Magal de Touba officiellement inscrit au patrimoine immat\u00e9riel national | Nettali.com","isPartOf":{"@id":"https:\/\/www.nettali.com\/#website"},"primaryImageOfPage":{"@id":"https:\/\/www.nettali.com\/2025\/07\/17\/decision-le-grand-magal-de-touba-officiellement-inscrit-au-patrimoine-immateriel-national\/#primaryimage"},"datePublished":"2025-07-17T21:41:33+00:00","dateModified":"2025-07-17T21:42:39+00:00","author":{"@id":"https:\/\/www.nettali.com\/#\/schema\/person\/3317e0bb3aa1da309fbf7b2780901bf4"},"breadcrumb":{"@id":"https:\/\/www.nettali.com\/2025\/07\/17\/decision-le-grand-magal-de-touba-officiellement-inscrit-au-patrimoine-immateriel-national\/#breadcrumb"},"inLanguage":"fr-FR","potentialAction":[{"@type":"ReadAction","target":["https:\/\/www.nettali.com\/2025\/07\/17\/decision-le-grand-magal-de-touba-officiellement-inscrit-au-patrimoine-immateriel-national\/"]}]},{"@type":"BreadcrumbList","@id":"https:\/\/www.nettali.com\/2025\/07\/17\/decision-le-grand-magal-de-touba-officiellement-inscrit-au-patrimoine-immateriel-national\/#breadcrumb","itemListElement":[{"@type":"ListItem","position":1,"name":"Accueil","item":"https:\/\/www.nettali.com\/"},{"@type":"ListItem","position":2,"name":"DECISION - Le Grand Magal de Touba officiellement inscrit au patrimoine immat\u00e9riel national"}]},{"@type":"Person","@id":"https:\/\/www.nettali.com\/#\/schema\/person\/3317e0bb3aa1da309fbf7b2780901bf4","name":"Daouda","image":{"@type":"ImageObject","@id":"https:\/\/www.nettali.com\/#personlogo","inLanguage":"fr-FR","url":"https:\/\/secure.gravatar.com\/avatar\/8d143b5a49345098ddcfee1c49c2f47c?s=96&d=mm&r=g","contentUrl":"https:\/\/secure.gravatar.com\/avatar\/8d143b5a49345098ddcfee1c49c2f47c?s=96&d=mm&r=g","caption":"Daouda"},"sameAs":["https:\/\/www.nettali.com"]}]}},"_links":{"self":[{"href":"https:\/\/www.nettali.com\/rest\/wp\/v2\/posts\/157787"}],"collection":[{"href":"https:\/\/www.nettali.com\/rest\/wp\/v2\/posts"}],"about":[{"href":"https:\/\/www.nettali.com\/rest\/wp\/v2\/types\/post"}],"author":[{"embeddable":true,"href":"https:\/\/www.nettali.com\/rest\/wp\/v2\/users\/4"}],"replies":[{"embeddable":true,"href":"https:\/\/www.nettali.com\/rest\/wp\/v2\/comments?post=157787"}],"version-history":[{"count":2,"href":"https:\/\/www.nettali.com\/rest\/wp\/v2\/posts\/157787\/revisions"}],"predecessor-version":[{"id":157790,"href":"https:\/\/www.nettali.com\/rest\/wp\/v2\/posts\/157787\/revisions\/157790"}],"wp:featuredmedia":[{"embeddable":true,"href":"https:\/\/www.nettali.com\/rest\/wp\/v2\/media\/84111"}],"wp:attachment":[{"href":"https:\/\/www.nettali.com\/rest\/wp\/v2\/media?parent=157787"}],"wp:term":[{"taxonomy":"category","embeddable":true,"href":"https:\/\/www.nettali.com\/rest\/wp\/v2\/categories?post=157787"},{"taxonomy":"post_tag","embeddable":true,"href":"https:\/\/www.nettali.com\/rest\/wp\/v2\/tags?post=157787"}],"curies":[{"name":"wp","href":"https:\/\/api.w.org\/{rel}","templated":true}]}}