{"id":157785,"date":"2025-07-17T19:33:54","date_gmt":"2025-07-17T19:33:54","guid":{"rendered":"https:\/\/www.nettali.com\/?p=157785"},"modified":"2025-07-19T08:04:48","modified_gmt":"2025-07-19T08:04:48","slug":"lancement-officiel-des-concertations-sur-lenseignement-superieur-le-president-diomaye-faye-mise-sur-une-universite-enracinee-et-souveraine","status":"publish","type":"post","link":"https:\/\/www.nettali.com\/2025\/07\/17\/lancement-officiel-des-concertations-sur-lenseignement-superieur-le-president-diomaye-faye-mise-sur-une-universite-enracinee-et-souveraine\/","title":{"rendered":"LANCEMENT OFFICIEL DES CONCERTATIONS SUR L\u2019ENSEIGNEMENT SUP\u00c9RIEUR - Le Pr\u00e9sident Diomaye Faye mise sur une universit\u00e9 enracin\u00e9e et souveraine"},"content":{"rendered":"<p><strong>NETTALI.COM \u2013 Ce jeudi 17 juillet 2025, s\u2019est tenu \u00e0 Diamniadio le lancement officiel de l\u2019Agenda National de Transformation de l\u2019Enseignement Sup\u00e9rieur, de la Recherche et de l\u2019Innovation. Pr\u00e9sid\u00e9e par le chef de l\u2019\u00c9tat, Bassirou Diomaye Diakhar Faye, la rencontre marque le d\u00e9but d\u2019une r\u00e9flexion nationale sur la refondation du syst\u00e8me universitaire s\u00e9n\u00e9galais.<\/strong><\/p>\n<p>Le pr\u00e9sident a saisi l\u2019occasion pour appeler \u00e0 une r\u00e9forme en profondeur de l\u2019universit\u00e9, qu\u2019il souhaite d\u00e9barrass\u00e9e de <em>\u00ab l\u2019h\u00e9ritage colonial \u00bb<\/em> et <em>\u00ab recentr\u00e9e sur nos r\u00e9alit\u00e9s culturelles, sociales et \u00e9conomiques \u00bb.<\/em><\/p>\n<p>Devant un parterre d\u2019universitaires, de chercheurs et d\u2019acteurs du secteur, Diomaye Faye a affirm\u00e9 qu\u2019il est temps que l\u2019universit\u00e9 s\u00e9n\u00e9galaise s\u2019affirme pleinement dans sa singularit\u00e9. <em>\u00ab Nos savoirs sont authentiques. Ils doivent cesser d\u2019\u00eatre marginalis\u00e9s au profit de mod\u00e8les import\u00e9s qui ne correspondent pas \u00e0 nos contextes \u00bb<\/em>, a-t-il d\u00e9clar\u00e9, plaidant pour un v\u00e9ritable acte de souverainet\u00e9 scientifique et culturelle.<\/p>\n<p>Parmi les r\u00e9formes envisag\u00e9es, le pr\u00e9sident a mis l\u2019accent sur la valorisation des langues nationales et africaines, consid\u00e9r\u00e9es comme des leviers puissants d\u2019inclusion et de cr\u00e9ativit\u00e9. Le plurilinguisme, aux c\u00f4t\u00e9s du fran\u00e7ais et de l\u2019anglais, devra \u00eatre int\u00e9gr\u00e9 aux curricula, afin de promouvoir l\u2019h\u00e9ritage linguistique du pays et stimuler l\u2019\u00e9mancipation intellectuelle des \u00e9tudiants.<\/p>\n<p>Bassirou Diomaye Faye a \u00e9galement insist\u00e9 sur la r\u00e9habilitation des savoirs traditionnels dans l\u2019enseignement et la recherche, saluant la pertinence des connaissances ancestrales face aux d\u00e9fis contemporains.<\/p>\n<p><em>\u00ab Il est temps de valoriser nos propres \u00e9pist\u00e9mologies, notre m\u00e9moire, nos arts, notre capacit\u00e9 \u00e0 penser par nous-m\u00eames \u00bb<\/em>, a-t-il martel\u00e9, avant d\u2019appeler \u00e0 faire de l\u2019universit\u00e9 un v\u00e9ritable levier de transformation sociale et de d\u00e9veloppement durable.<\/p>\n<div class='share-to-whatsapp-wrapper'><div class='share-on-whsp'>PARTAGER SUR : <\/div><a data-text='LANCEMENT OFFICIEL DES CONCERTATIONS SUR L\u2019ENSEIGNEMENT SUP\u00c9RIEUR - Le Pr\u00e9sident Diomaye Faye mise sur une universit\u00e9 enracin\u00e9e et souveraine' data-link='https:\/\/www.nettali.com\/2025\/07\/17\/lancement-officiel-des-concertations-sur-lenseignement-superieur-le-president-diomaye-faye-mise-sur-une-universite-enracinee-et-souveraine\/' class='whatsapp-button whatsapp-share'>WhatsApp<\/a><div class='clear '><\/div><\/div>","protected":false},"excerpt":{"rendered":"<p>NETTALI.COM \u2013 Ce jeudi 17 juillet 2025, s\u2019est tenu \u00e0 Diamniadio le lancement officiel de l\u2019Agenda National de Transformation de l\u2019Enseignement Sup\u00e9rieur, de la Recherche et de l\u2019Innovation. Pr\u00e9sid\u00e9e par le chef de l\u2019\u00c9tat, Bassirou Diomaye Diakhar Faye, la rencontre marque le d\u00e9but d\u2019une r\u00e9flexion nationale sur la refondation du syst\u00e8me universitaire s\u00e9n\u00e9galais. Le pr\u00e9sident [&hellip;]<\/p>\n","protected":false},"author":4,"featured_media":157801,"comment_status":"open","ping_status":"open","sticky":false,"template":"","format":"standard","meta":{"_et_pb_use_builder":"","_et_pb_old_content":""},"categories":[3],"tags":[],"yoast_head":"<!-- This site is optimized with the Yoast SEO Premium plugin v17.8 (Yoast SEO v17.8) - https:\/\/yoast.com\/wordpress\/plugins\/seo\/ -->\n<title>LANCEMENT OFFICIEL DES CONCERTATIONS SUR L\u2019ENSEIGNEMENT SUP\u00c9RIEUR - Le Pr\u00e9sident Diomaye Faye mise sur une universit\u00e9 enracin\u00e9e et souveraine | Nettali.com<\/title>\n<meta name=\"robots\" content=\"index, follow, max-snippet:-1, max-image-preview:large, max-video-preview:-1\" \/>\n<link rel=\"canonical\" href=\"https:\/\/www.nettali.com\/2025\/07\/17\/lancement-officiel-des-concertations-sur-lenseignement-superieur-le-president-diomaye-faye-mise-sur-une-universite-enracinee-et-souveraine\/\" \/>\n<meta property=\"og:locale\" content=\"fr_FR\" \/>\n<meta property=\"og:type\" content=\"article\" \/>\n<meta property=\"og:title\" content=\"LANCEMENT OFFICIEL DES CONCERTATIONS SUR L\u2019ENSEIGNEMENT SUP\u00c9RIEUR - Le Pr\u00e9sident Diomaye Faye mise sur une universit\u00e9 enracin\u00e9e et souveraine\" \/>\n<meta property=\"og:description\" content=\"NETTALI.COM \u2013 Ce jeudi 17 juillet 2025, s\u2019est tenu \u00e0 Diamniadio le lancement officiel de l\u2019Agenda National de Transformation de l\u2019Enseignement Sup\u00e9rieur, de la Recherche et de l\u2019Innovation. Pr\u00e9sid\u00e9e par le chef de l\u2019\u00c9tat, Bassirou Diomaye Diakhar Faye, la rencontre marque le d\u00e9but d\u2019une r\u00e9flexion nationale sur la refondation du syst\u00e8me universitaire s\u00e9n\u00e9galais. Le pr\u00e9sident [&hellip;]\" \/>\n<meta property=\"og:url\" content=\"https:\/\/www.nettali.com\/2025\/07\/17\/lancement-officiel-des-concertations-sur-lenseignement-superieur-le-president-diomaye-faye-mise-sur-une-universite-enracinee-et-souveraine\/\" \/>\n<meta property=\"og:site_name\" content=\"Nettali.com\" \/>\n<meta property=\"article:publisher\" content=\"https:\/\/www.facebook.com\/nettalicom\" \/>\n<meta property=\"article:published_time\" content=\"2025-07-17T19:33:54+00:00\" \/>\n<meta property=\"article:modified_time\" content=\"2025-07-19T08:04:48+00:00\" \/>\n<meta property=\"og:image\" content=\"https:\/\/www.nettali.com\/wp-content\/uploads\/2025\/07\/diomaye-et-universites.png\" \/>\n\t<meta property=\"og:image:width\" content=\"737\" \/>\n\t<meta property=\"og:image:height\" content=\"520\" \/>\n<meta name=\"twitter:card\" content=\"summary_large_image\" \/>\n<meta name=\"twitter:label1\" content=\"\u00c9crit par\" \/>\n\t<meta name=\"twitter:data1\" content=\"Daouda\" \/>\n\t<meta name=\"twitter:label2\" content=\"Dur\u00e9e de lecture estim\u00e9e\" \/>\n\t<meta name=\"twitter:data2\" content=\"2 minutes\" \/>\n<script type=\"application\/ld+json\" class=\"yoast-schema-graph\">{\"@context\":\"https:\/\/schema.org\",\"@graph\":[{\"@type\":\"WebSite\",\"@id\":\"https:\/\/www.nettali.com\/#website\",\"url\":\"https:\/\/www.nettali.com\/\",\"name\":\"Nettali.com\",\"description\":\"Le rendez-vous critique du Net\",\"potentialAction\":[{\"@type\":\"SearchAction\",\"target\":{\"@type\":\"EntryPoint\",\"urlTemplate\":\"https:\/\/www.nettali.com\/?s={search_term_string}\"},\"query-input\":\"required name=search_term_string\"}],\"inLanguage\":\"fr-FR\"},{\"@type\":\"ImageObject\",\"@id\":\"https:\/\/www.nettali.com\/2025\/07\/17\/lancement-officiel-des-concertations-sur-lenseignement-superieur-le-president-diomaye-faye-mise-sur-une-universite-enracinee-et-souveraine\/#primaryimage\",\"inLanguage\":\"fr-FR\",\"url\":\"https:\/\/www.nettali.com\/wp-content\/uploads\/2025\/07\/diomaye-et-universites.png\",\"contentUrl\":\"https:\/\/www.nettali.com\/wp-content\/uploads\/2025\/07\/diomaye-et-universites.png\",\"width\":737,\"height\":520},{\"@type\":\"WebPage\",\"@id\":\"https:\/\/www.nettali.com\/2025\/07\/17\/lancement-officiel-des-concertations-sur-lenseignement-superieur-le-president-diomaye-faye-mise-sur-une-universite-enracinee-et-souveraine\/#webpage\",\"url\":\"https:\/\/www.nettali.com\/2025\/07\/17\/lancement-officiel-des-concertations-sur-lenseignement-superieur-le-president-diomaye-faye-mise-sur-une-universite-enracinee-et-souveraine\/\",\"name\":\"LANCEMENT OFFICIEL DES CONCERTATIONS SUR L\\u2019ENSEIGNEMENT SUP\\u00c9RIEUR - Le Pr\\u00e9sident Diomaye Faye mise sur une universit\\u00e9 enracin\\u00e9e et souveraine | Nettali.com\",\"isPartOf\":{\"@id\":\"https:\/\/www.nettali.com\/#website\"},\"primaryImageOfPage\":{\"@id\":\"https:\/\/www.nettali.com\/2025\/07\/17\/lancement-officiel-des-concertations-sur-lenseignement-superieur-le-president-diomaye-faye-mise-sur-une-universite-enracinee-et-souveraine\/#primaryimage\"},\"datePublished\":\"2025-07-17T19:33:54+00:00\",\"dateModified\":\"2025-07-19T08:04:48+00:00\",\"author\":{\"@id\":\"https:\/\/www.nettali.com\/#\/schema\/person\/3317e0bb3aa1da309fbf7b2780901bf4\"},\"breadcrumb\":{\"@id\":\"https:\/\/www.nettali.com\/2025\/07\/17\/lancement-officiel-des-concertations-sur-lenseignement-superieur-le-president-diomaye-faye-mise-sur-une-universite-enracinee-et-souveraine\/#breadcrumb\"},\"inLanguage\":\"fr-FR\",\"potentialAction\":[{\"@type\":\"ReadAction\",\"target\":[\"https:\/\/www.nettali.com\/2025\/07\/17\/lancement-officiel-des-concertations-sur-lenseignement-superieur-le-president-diomaye-faye-mise-sur-une-universite-enracinee-et-souveraine\/\"]}]},{\"@type\":\"BreadcrumbList\",\"@id\":\"https:\/\/www.nettali.com\/2025\/07\/17\/lancement-officiel-des-concertations-sur-lenseignement-superieur-le-president-diomaye-faye-mise-sur-une-universite-enracinee-et-souveraine\/#breadcrumb\",\"itemListElement\":[{\"@type\":\"ListItem\",\"position\":1,\"name\":\"Accueil\",\"item\":\"https:\/\/www.nettali.com\/\"},{\"@type\":\"ListItem\",\"position\":2,\"name\":\"LANCEMENT OFFICIEL DES CONCERTATIONS SUR L\\u2019ENSEIGNEMENT SUP\\u00c9RIEUR - Le Pr\\u00e9sident Diomaye Faye mise sur une universit\\u00e9 enracin\\u00e9e et souveraine\"}]},{\"@type\":\"Person\",\"@id\":\"https:\/\/www.nettali.com\/#\/schema\/person\/3317e0bb3aa1da309fbf7b2780901bf4\",\"name\":\"Daouda\",\"image\":{\"@type\":\"ImageObject\",\"@id\":\"https:\/\/www.nettali.com\/#personlogo\",\"inLanguage\":\"fr-FR\",\"url\":\"https:\/\/secure.gravatar.com\/avatar\/8d143b5a49345098ddcfee1c49c2f47c?s=96&d=mm&r=g\",\"contentUrl\":\"https:\/\/secure.gravatar.com\/avatar\/8d143b5a49345098ddcfee1c49c2f47c?s=96&d=mm&r=g\",\"caption\":\"Daouda\"},\"sameAs\":[\"https:\/\/www.nettali.com\"]}]}<\/script>\n<!-- \/ Yoast SEO Premium plugin. -->","yoast_head_json":{"title":"LANCEMENT OFFICIEL DES CONCERTATIONS SUR L\u2019ENSEIGNEMENT SUP\u00c9RIEUR - Le Pr\u00e9sident Diomaye Faye mise sur une universit\u00e9 enracin\u00e9e et souveraine | Nettali.com","robots":{"index":"index","follow":"follow","max-snippet":"max-snippet:-1","max-image-preview":"max-image-preview:large","max-video-preview":"max-video-preview:-1"},"canonical":"https:\/\/www.nettali.com\/2025\/07\/17\/lancement-officiel-des-concertations-sur-lenseignement-superieur-le-president-diomaye-faye-mise-sur-une-universite-enracinee-et-souveraine\/","og_locale":"fr_FR","og_type":"article","og_title":"LANCEMENT OFFICIEL DES CONCERTATIONS SUR L\u2019ENSEIGNEMENT SUP\u00c9RIEUR - Le Pr\u00e9sident Diomaye Faye mise sur une universit\u00e9 enracin\u00e9e et souveraine","og_description":"NETTALI.COM \u2013 Ce jeudi 17 juillet 2025, s\u2019est tenu \u00e0 Diamniadio le lancement officiel de l\u2019Agenda National de Transformation de l\u2019Enseignement Sup\u00e9rieur, de la Recherche et de l\u2019Innovation. Pr\u00e9sid\u00e9e par le chef de l\u2019\u00c9tat, Bassirou Diomaye Diakhar Faye, la rencontre marque le d\u00e9but d\u2019une r\u00e9flexion nationale sur la refondation du syst\u00e8me universitaire s\u00e9n\u00e9galais. Le pr\u00e9sident [&hellip;]","og_url":"https:\/\/www.nettali.com\/2025\/07\/17\/lancement-officiel-des-concertations-sur-lenseignement-superieur-le-president-diomaye-faye-mise-sur-une-universite-enracinee-et-souveraine\/","og_site_name":"Nettali.com","article_publisher":"https:\/\/www.facebook.com\/nettalicom","article_published_time":"2025-07-17T19:33:54+00:00","article_modified_time":"2025-07-19T08:04:48+00:00","og_image":[{"width":737,"height":520,"url":"https:\/\/www.nettali.com\/wp-content\/uploads\/2025\/07\/diomaye-et-universites.png","type":"image\/png"}],"twitter_card":"summary_large_image","twitter_misc":{"\u00c9crit par":"Daouda","Dur\u00e9e de lecture estim\u00e9e":"2 minutes"},"schema":{"@context":"https:\/\/schema.org","@graph":[{"@type":"WebSite","@id":"https:\/\/www.nettali.com\/#website","url":"https:\/\/www.nettali.com\/","name":"Nettali.com","description":"Le rendez-vous critique du Net","potentialAction":[{"@type":"SearchAction","target":{"@type":"EntryPoint","urlTemplate":"https:\/\/www.nettali.com\/?s={search_term_string}"},"query-input":"required name=search_term_string"}],"inLanguage":"fr-FR"},{"@type":"ImageObject","@id":"https:\/\/www.nettali.com\/2025\/07\/17\/lancement-officiel-des-concertations-sur-lenseignement-superieur-le-president-diomaye-faye-mise-sur-une-universite-enracinee-et-souveraine\/#primaryimage","inLanguage":"fr-FR","url":"https:\/\/www.nettali.com\/wp-content\/uploads\/2025\/07\/diomaye-et-universites.png","contentUrl":"https:\/\/www.nettali.com\/wp-content\/uploads\/2025\/07\/diomaye-et-universites.png","width":737,"height":520},{"@type":"WebPage","@id":"https:\/\/www.nettali.com\/2025\/07\/17\/lancement-officiel-des-concertations-sur-lenseignement-superieur-le-president-diomaye-faye-mise-sur-une-universite-enracinee-et-souveraine\/#webpage","url":"https:\/\/www.nettali.com\/2025\/07\/17\/lancement-officiel-des-concertations-sur-lenseignement-superieur-le-president-diomaye-faye-mise-sur-une-universite-enracinee-et-souveraine\/","name":"LANCEMENT OFFICIEL DES CONCERTATIONS SUR L\u2019ENSEIGNEMENT SUP\u00c9RIEUR - Le Pr\u00e9sident Diomaye Faye mise sur une universit\u00e9 enracin\u00e9e et souveraine | Nettali.com","isPartOf":{"@id":"https:\/\/www.nettali.com\/#website"},"primaryImageOfPage":{"@id":"https:\/\/www.nettali.com\/2025\/07\/17\/lancement-officiel-des-concertations-sur-lenseignement-superieur-le-president-diomaye-faye-mise-sur-une-universite-enracinee-et-souveraine\/#primaryimage"},"datePublished":"2025-07-17T19:33:54+00:00","dateModified":"2025-07-19T08:04:48+00:00","author":{"@id":"https:\/\/www.nettali.com\/#\/schema\/person\/3317e0bb3aa1da309fbf7b2780901bf4"},"breadcrumb":{"@id":"https:\/\/www.nettali.com\/2025\/07\/17\/lancement-officiel-des-concertations-sur-lenseignement-superieur-le-president-diomaye-faye-mise-sur-une-universite-enracinee-et-souveraine\/#breadcrumb"},"inLanguage":"fr-FR","potentialAction":[{"@type":"ReadAction","target":["https:\/\/www.nettali.com\/2025\/07\/17\/lancement-officiel-des-concertations-sur-lenseignement-superieur-le-president-diomaye-faye-mise-sur-une-universite-enracinee-et-souveraine\/"]}]},{"@type":"BreadcrumbList","@id":"https:\/\/www.nettali.com\/2025\/07\/17\/lancement-officiel-des-concertations-sur-lenseignement-superieur-le-president-diomaye-faye-mise-sur-une-universite-enracinee-et-souveraine\/#breadcrumb","itemListElement":[{"@type":"ListItem","position":1,"name":"Accueil","item":"https:\/\/www.nettali.com\/"},{"@type":"ListItem","position":2,"name":"LANCEMENT OFFICIEL DES CONCERTATIONS SUR L\u2019ENSEIGNEMENT SUP\u00c9RIEUR - Le Pr\u00e9sident Diomaye Faye mise sur une universit\u00e9 enracin\u00e9e et souveraine"}]},{"@type":"Person","@id":"https:\/\/www.nettali.com\/#\/schema\/person\/3317e0bb3aa1da309fbf7b2780901bf4","name":"Daouda","image":{"@type":"ImageObject","@id":"https:\/\/www.nettali.com\/#personlogo","inLanguage":"fr-FR","url":"https:\/\/secure.gravatar.com\/avatar\/8d143b5a49345098ddcfee1c49c2f47c?s=96&d=mm&r=g","contentUrl":"https:\/\/secure.gravatar.com\/avatar\/8d143b5a49345098ddcfee1c49c2f47c?s=96&d=mm&r=g","caption":"Daouda"},"sameAs":["https:\/\/www.nettali.com"]}]}},"_links":{"self":[{"href":"https:\/\/www.nettali.com\/rest\/wp\/v2\/posts\/157785"}],"collection":[{"href":"https:\/\/www.nettali.com\/rest\/wp\/v2\/posts"}],"about":[{"href":"https:\/\/www.nettali.com\/rest\/wp\/v2\/types\/post"}],"author":[{"embeddable":true,"href":"https:\/\/www.nettali.com\/rest\/wp\/v2\/users\/4"}],"replies":[{"embeddable":true,"href":"https:\/\/www.nettali.com\/rest\/wp\/v2\/comments?post=157785"}],"version-history":[{"count":1,"href":"https:\/\/www.nettali.com\/rest\/wp\/v2\/posts\/157785\/revisions"}],"predecessor-version":[{"id":157786,"href":"https:\/\/www.nettali.com\/rest\/wp\/v2\/posts\/157785\/revisions\/157786"}],"wp:featuredmedia":[{"embeddable":true,"href":"https:\/\/www.nettali.com\/rest\/wp\/v2\/media\/157801"}],"wp:attachment":[{"href":"https:\/\/www.nettali.com\/rest\/wp\/v2\/media?parent=157785"}],"wp:term":[{"taxonomy":"category","embeddable":true,"href":"https:\/\/www.nettali.com\/rest\/wp\/v2\/categories?post=157785"},{"taxonomy":"post_tag","embeddable":true,"href":"https:\/\/www.nettali.com\/rest\/wp\/v2\/tags?post=157785"}],"curies":[{"name":"wp","href":"https:\/\/api.w.org\/{rel}","templated":true}]}}