{"id":157779,"date":"2025-07-17T18:28:29","date_gmt":"2025-07-17T18:28:29","guid":{"rendered":"https:\/\/www.nettali.com\/?p=157779"},"modified":"2025-07-17T21:28:52","modified_gmt":"2025-07-17T21:28:52","slug":"al-qadsiah-aubameyang-sen-va","status":"publish","type":"post","link":"https:\/\/www.nettali.com\/2025\/07\/17\/al-qadsiah-aubameyang-sen-va\/","title":{"rendered":"AL-QADSIAH - Aubameyang s'en va!"},"content":{"rendered":"<p><strong>NETTALI.COM - Pierre-Emerick Aubameyang (36 ans) quitte officiellement Al-Qadsiah \u00e0 l\u2019occasion de ce mercato d\u2019\u00e9t\u00e9. Ce jeudi, le club saoudien a annonc\u00e9 la r\u00e9siliation du contrat de l\u2019international gabonais, initialement engag\u00e9 jusqu\u2019en juin 2026.<\/strong><\/p>\n<p>Pierre-Emerick Aubameyang n'est plus un joueur d'Al-Qadsiah. Le Gabonais, qui \u00e9tait encore sous contrat avec le club saoudien jusqu'en 2026, a r\u00e9sili\u00e9 son bail ce jeudi et est d\u00e9sormais libre de s'engager o\u00f9 il le souhaite. Il n'aura pass\u00e9 qu'une saison \u00e0 Al-Qadsiah, inscrivant 17 buts et d\u00e9livrant 3 passes d\u00e9cisives en 32 matches de Championnat avec le quatri\u00e8me de Saudi Pro League.<\/p>\n<p>Libre de tout contrat, Aubameyang (36 ans) serait proche de l'OM, o\u00f9 il pourrait signer un contrat de deux ans. Il est \u00e9galement pist\u00e9 par plusieurs clubs du Golfe (Qatar, \u00c9mirats arabes unis, Arabie saoudite, dont Al-Ettifaq), mais la tendance serait tr\u00e8s favorable au club phoc\u00e9en, \u00e0 qui il a donn\u00e9 sa priorit\u00e9 en Europe. L'attaquant a d\u00e9j\u00e0 \u00e9volu\u00e9 \u00e0 Marseille lors de la saison 2023-2024, juste avant de partir en Arabie saoudite.<\/p>\n<div class='share-to-whatsapp-wrapper'><div class='share-on-whsp'>PARTAGER SUR : <\/div><a data-text='AL-QADSIAH - Aubameyang s'en va!' data-link='https:\/\/www.nettali.com\/2025\/07\/17\/al-qadsiah-aubameyang-sen-va\/' class='whatsapp-button whatsapp-share'>WhatsApp<\/a><div class='clear '><\/div><\/div>","protected":false},"excerpt":{"rendered":"<p>NETTALI.COM - Pierre-Emerick Aubameyang (36 ans) quitte officiellement Al-Qadsiah \u00e0 l\u2019occasion de ce mercato d\u2019\u00e9t\u00e9. Ce jeudi, le club saoudien a annonc\u00e9 la r\u00e9siliation du contrat de l\u2019international gabonais, initialement engag\u00e9 jusqu\u2019en juin 2026. Pierre-Emerick Aubameyang n'est plus un joueur d'Al-Qadsiah. Le Gabonais, qui \u00e9tait encore sous contrat avec le club saoudien jusqu'en 2026, a [&hellip;]<\/p>\n","protected":false},"author":5,"featured_media":157780,"comment_status":"open","ping_status":"open","sticky":false,"template":"","format":"standard","meta":{"_et_pb_use_builder":"","_et_pb_old_content":""},"categories":[6],"tags":[],"yoast_head":"<!-- This site is optimized with the Yoast SEO Premium plugin v17.8 (Yoast SEO v17.8) - https:\/\/yoast.com\/wordpress\/plugins\/seo\/ -->\n<title>AL-QADSIAH - Aubameyang s&#039;en va! | Nettali.com<\/title>\n<meta name=\"robots\" content=\"index, follow, max-snippet:-1, max-image-preview:large, max-video-preview:-1\" \/>\n<link rel=\"canonical\" href=\"https:\/\/www.nettali.com\/2025\/07\/17\/al-qadsiah-aubameyang-sen-va\/\" \/>\n<meta property=\"og:locale\" content=\"fr_FR\" \/>\n<meta property=\"og:type\" content=\"article\" \/>\n<meta property=\"og:title\" content=\"AL-QADSIAH - Aubameyang s&#039;en va!\" \/>\n<meta property=\"og:description\" content=\"NETTALI.COM - Pierre-Emerick Aubameyang (36 ans) quitte officiellement Al-Qadsiah \u00e0 l\u2019occasion de ce mercato d\u2019\u00e9t\u00e9. Ce jeudi, le club saoudien a annonc\u00e9 la r\u00e9siliation du contrat de l\u2019international gabonais, initialement engag\u00e9 jusqu\u2019en juin 2026. Pierre-Emerick Aubameyang n&#039;est plus un joueur d&#039;Al-Qadsiah. Le Gabonais, qui \u00e9tait encore sous contrat avec le club saoudien jusqu&#039;en 2026, a [&hellip;]\" \/>\n<meta property=\"og:url\" content=\"https:\/\/www.nettali.com\/2025\/07\/17\/al-qadsiah-aubameyang-sen-va\/\" \/>\n<meta property=\"og:site_name\" content=\"Nettali.com\" \/>\n<meta property=\"article:publisher\" content=\"https:\/\/www.facebook.com\/nettalicom\" \/>\n<meta property=\"article:published_time\" content=\"2025-07-17T18:28:29+00:00\" \/>\n<meta property=\"article:modified_time\" content=\"2025-07-17T21:28:52+00:00\" \/>\n<meta property=\"og:image\" content=\"https:\/\/www.nettali.com\/wp-content\/uploads\/2025\/07\/Pierre-Emerick-Aubameyang1.jpg\" \/>\n\t<meta property=\"og:image:width\" content=\"900\" \/>\n\t<meta property=\"og:image:height\" content=\"600\" \/>\n<meta name=\"twitter:card\" content=\"summary_large_image\" \/>\n<meta name=\"twitter:label1\" content=\"\u00c9crit par\" \/>\n\t<meta name=\"twitter:data1\" content=\"Ibrahima\" \/>\n\t<meta name=\"twitter:label2\" content=\"Dur\u00e9e de lecture estim\u00e9e\" \/>\n\t<meta name=\"twitter:data2\" content=\"1 minute\" \/>\n<script type=\"application\/ld+json\" class=\"yoast-schema-graph\">{\"@context\":\"https:\/\/schema.org\",\"@graph\":[{\"@type\":\"WebSite\",\"@id\":\"https:\/\/www.nettali.com\/#website\",\"url\":\"https:\/\/www.nettali.com\/\",\"name\":\"Nettali.com\",\"description\":\"Le rendez-vous critique du Net\",\"potentialAction\":[{\"@type\":\"SearchAction\",\"target\":{\"@type\":\"EntryPoint\",\"urlTemplate\":\"https:\/\/www.nettali.com\/?s={search_term_string}\"},\"query-input\":\"required name=search_term_string\"}],\"inLanguage\":\"fr-FR\"},{\"@type\":\"ImageObject\",\"@id\":\"https:\/\/www.nettali.com\/2025\/07\/17\/al-qadsiah-aubameyang-sen-va\/#primaryimage\",\"inLanguage\":\"fr-FR\",\"url\":\"https:\/\/www.nettali.com\/wp-content\/uploads\/2025\/07\/Pierre-Emerick-Aubameyang1.jpg\",\"contentUrl\":\"https:\/\/www.nettali.com\/wp-content\/uploads\/2025\/07\/Pierre-Emerick-Aubameyang1.jpg\",\"width\":900,\"height\":600},{\"@type\":\"WebPage\",\"@id\":\"https:\/\/www.nettali.com\/2025\/07\/17\/al-qadsiah-aubameyang-sen-va\/#webpage\",\"url\":\"https:\/\/www.nettali.com\/2025\/07\/17\/al-qadsiah-aubameyang-sen-va\/\",\"name\":\"AL-QADSIAH - Aubameyang s'en va! | Nettali.com\",\"isPartOf\":{\"@id\":\"https:\/\/www.nettali.com\/#website\"},\"primaryImageOfPage\":{\"@id\":\"https:\/\/www.nettali.com\/2025\/07\/17\/al-qadsiah-aubameyang-sen-va\/#primaryimage\"},\"datePublished\":\"2025-07-17T18:28:29+00:00\",\"dateModified\":\"2025-07-17T21:28:52+00:00\",\"author\":{\"@id\":\"https:\/\/www.nettali.com\/#\/schema\/person\/bb147657c2986240405a608162b9bb23\"},\"breadcrumb\":{\"@id\":\"https:\/\/www.nettali.com\/2025\/07\/17\/al-qadsiah-aubameyang-sen-va\/#breadcrumb\"},\"inLanguage\":\"fr-FR\",\"potentialAction\":[{\"@type\":\"ReadAction\",\"target\":[\"https:\/\/www.nettali.com\/2025\/07\/17\/al-qadsiah-aubameyang-sen-va\/\"]}]},{\"@type\":\"BreadcrumbList\",\"@id\":\"https:\/\/www.nettali.com\/2025\/07\/17\/al-qadsiah-aubameyang-sen-va\/#breadcrumb\",\"itemListElement\":[{\"@type\":\"ListItem\",\"position\":1,\"name\":\"Accueil\",\"item\":\"https:\/\/www.nettali.com\/\"},{\"@type\":\"ListItem\",\"position\":2,\"name\":\"AL-QADSIAH - Aubameyang s'en va!\"}]},{\"@type\":\"Person\",\"@id\":\"https:\/\/www.nettali.com\/#\/schema\/person\/bb147657c2986240405a608162b9bb23\",\"name\":\"Ibrahima\",\"image\":{\"@type\":\"ImageObject\",\"@id\":\"https:\/\/www.nettali.com\/#personlogo\",\"inLanguage\":\"fr-FR\",\"url\":\"https:\/\/secure.gravatar.com\/avatar\/26a8a81f09f0dd7624c9d5c36c9ba3a2?s=96&d=mm&r=g\",\"contentUrl\":\"https:\/\/secure.gravatar.com\/avatar\/26a8a81f09f0dd7624c9d5c36c9ba3a2?s=96&d=mm&r=g\",\"caption\":\"Ibrahima\"},\"sameAs\":[\"https:\/\/www.nettali.com\"]}]}<\/script>\n<!-- \/ Yoast SEO Premium plugin. -->","yoast_head_json":{"title":"AL-QADSIAH - Aubameyang s'en va! | Nettali.com","robots":{"index":"index","follow":"follow","max-snippet":"max-snippet:-1","max-image-preview":"max-image-preview:large","max-video-preview":"max-video-preview:-1"},"canonical":"https:\/\/www.nettali.com\/2025\/07\/17\/al-qadsiah-aubameyang-sen-va\/","og_locale":"fr_FR","og_type":"article","og_title":"AL-QADSIAH - Aubameyang s'en va!","og_description":"NETTALI.COM - Pierre-Emerick Aubameyang (36 ans) quitte officiellement Al-Qadsiah \u00e0 l\u2019occasion de ce mercato d\u2019\u00e9t\u00e9. Ce jeudi, le club saoudien a annonc\u00e9 la r\u00e9siliation du contrat de l\u2019international gabonais, initialement engag\u00e9 jusqu\u2019en juin 2026. Pierre-Emerick Aubameyang n'est plus un joueur d'Al-Qadsiah. Le Gabonais, qui \u00e9tait encore sous contrat avec le club saoudien jusqu'en 2026, a [&hellip;]","og_url":"https:\/\/www.nettali.com\/2025\/07\/17\/al-qadsiah-aubameyang-sen-va\/","og_site_name":"Nettali.com","article_publisher":"https:\/\/www.facebook.com\/nettalicom","article_published_time":"2025-07-17T18:28:29+00:00","article_modified_time":"2025-07-17T21:28:52+00:00","og_image":[{"width":900,"height":600,"url":"https:\/\/www.nettali.com\/wp-content\/uploads\/2025\/07\/Pierre-Emerick-Aubameyang1.jpg","type":"image\/jpeg"}],"twitter_card":"summary_large_image","twitter_misc":{"\u00c9crit par":"Ibrahima","Dur\u00e9e de lecture estim\u00e9e":"1 minute"},"schema":{"@context":"https:\/\/schema.org","@graph":[{"@type":"WebSite","@id":"https:\/\/www.nettali.com\/#website","url":"https:\/\/www.nettali.com\/","name":"Nettali.com","description":"Le rendez-vous critique du Net","potentialAction":[{"@type":"SearchAction","target":{"@type":"EntryPoint","urlTemplate":"https:\/\/www.nettali.com\/?s={search_term_string}"},"query-input":"required name=search_term_string"}],"inLanguage":"fr-FR"},{"@type":"ImageObject","@id":"https:\/\/www.nettali.com\/2025\/07\/17\/al-qadsiah-aubameyang-sen-va\/#primaryimage","inLanguage":"fr-FR","url":"https:\/\/www.nettali.com\/wp-content\/uploads\/2025\/07\/Pierre-Emerick-Aubameyang1.jpg","contentUrl":"https:\/\/www.nettali.com\/wp-content\/uploads\/2025\/07\/Pierre-Emerick-Aubameyang1.jpg","width":900,"height":600},{"@type":"WebPage","@id":"https:\/\/www.nettali.com\/2025\/07\/17\/al-qadsiah-aubameyang-sen-va\/#webpage","url":"https:\/\/www.nettali.com\/2025\/07\/17\/al-qadsiah-aubameyang-sen-va\/","name":"AL-QADSIAH - Aubameyang s'en va! | Nettali.com","isPartOf":{"@id":"https:\/\/www.nettali.com\/#website"},"primaryImageOfPage":{"@id":"https:\/\/www.nettali.com\/2025\/07\/17\/al-qadsiah-aubameyang-sen-va\/#primaryimage"},"datePublished":"2025-07-17T18:28:29+00:00","dateModified":"2025-07-17T21:28:52+00:00","author":{"@id":"https:\/\/www.nettali.com\/#\/schema\/person\/bb147657c2986240405a608162b9bb23"},"breadcrumb":{"@id":"https:\/\/www.nettali.com\/2025\/07\/17\/al-qadsiah-aubameyang-sen-va\/#breadcrumb"},"inLanguage":"fr-FR","potentialAction":[{"@type":"ReadAction","target":["https:\/\/www.nettali.com\/2025\/07\/17\/al-qadsiah-aubameyang-sen-va\/"]}]},{"@type":"BreadcrumbList","@id":"https:\/\/www.nettali.com\/2025\/07\/17\/al-qadsiah-aubameyang-sen-va\/#breadcrumb","itemListElement":[{"@type":"ListItem","position":1,"name":"Accueil","item":"https:\/\/www.nettali.com\/"},{"@type":"ListItem","position":2,"name":"AL-QADSIAH - Aubameyang s'en va!"}]},{"@type":"Person","@id":"https:\/\/www.nettali.com\/#\/schema\/person\/bb147657c2986240405a608162b9bb23","name":"Ibrahima","image":{"@type":"ImageObject","@id":"https:\/\/www.nettali.com\/#personlogo","inLanguage":"fr-FR","url":"https:\/\/secure.gravatar.com\/avatar\/26a8a81f09f0dd7624c9d5c36c9ba3a2?s=96&d=mm&r=g","contentUrl":"https:\/\/secure.gravatar.com\/avatar\/26a8a81f09f0dd7624c9d5c36c9ba3a2?s=96&d=mm&r=g","caption":"Ibrahima"},"sameAs":["https:\/\/www.nettali.com"]}]}},"_links":{"self":[{"href":"https:\/\/www.nettali.com\/rest\/wp\/v2\/posts\/157779"}],"collection":[{"href":"https:\/\/www.nettali.com\/rest\/wp\/v2\/posts"}],"about":[{"href":"https:\/\/www.nettali.com\/rest\/wp\/v2\/types\/post"}],"author":[{"embeddable":true,"href":"https:\/\/www.nettali.com\/rest\/wp\/v2\/users\/5"}],"replies":[{"embeddable":true,"href":"https:\/\/www.nettali.com\/rest\/wp\/v2\/comments?post=157779"}],"version-history":[{"count":1,"href":"https:\/\/www.nettali.com\/rest\/wp\/v2\/posts\/157779\/revisions"}],"predecessor-version":[{"id":157781,"href":"https:\/\/www.nettali.com\/rest\/wp\/v2\/posts\/157779\/revisions\/157781"}],"wp:featuredmedia":[{"embeddable":true,"href":"https:\/\/www.nettali.com\/rest\/wp\/v2\/media\/157780"}],"wp:attachment":[{"href":"https:\/\/www.nettali.com\/rest\/wp\/v2\/media?parent=157779"}],"wp:term":[{"taxonomy":"category","embeddable":true,"href":"https:\/\/www.nettali.com\/rest\/wp\/v2\/categories?post=157779"},{"taxonomy":"post_tag","embeddable":true,"href":"https:\/\/www.nettali.com\/rest\/wp\/v2\/tags?post=157779"}],"curies":[{"name":"wp","href":"https:\/\/api.w.org\/{rel}","templated":true}]}}