{"id":157777,"date":"2025-07-17T17:21:11","date_gmt":"2025-07-17T17:21:11","guid":{"rendered":"https:\/\/www.nettali.com\/?p=157777"},"modified":"2025-07-17T15:25:42","modified_gmt":"2025-07-17T15:25:42","slug":"affaire-assane-diouf-lactiviste-devant-le-juge-pour-offense-diffusion-de-fausses-nouvelles-et-propos-obscenes","status":"publish","type":"post","link":"https:\/\/www.nettali.com\/2025\/07\/17\/affaire-assane-diouf-lactiviste-devant-le-juge-pour-offense-diffusion-de-fausses-nouvelles-et-propos-obscenes\/","title":{"rendered":"AFFAIRE ASSANE DIOUF - L\u2019activiste devant le juge pour offense, diffusion de fausses nouvelles et propos obsc\u00e8nes"},"content":{"rendered":"<p data-start=\"256\" data-end=\"571\"><strong data-start=\"256\" data-end=\"284\">NETTALI.COM\u00a0 \u2013 L\u2019activiste controvers\u00e9 Assane Diouf a comparu ce jeudi devant le tribunal correctionnel de Dakar. Il est poursuivi pour diffusion de fausses nouvelles, propos contraires aux bonnes m\u0153urs et offense \u00e0 une personne exer\u00e7ant les pr\u00e9rogatives du pr\u00e9sident de la R\u00e9publique.<\/strong><\/p>\n<p data-start=\"573\" data-end=\"841\">\u00c2g\u00e9 de 53 ans, p\u00e8re de cinq enfants, et se pr\u00e9sentant comme entrepreneur domicili\u00e9 \u00e0 Gu\u00e9diawaye, le pr\u00e9venu a fermement ni\u00e9 les faits \u00e0 la barre, tout en reconnaissant certains propos qui lui sont reproch\u00e9s dans une vid\u00e9o largement relay\u00e9e sur les r\u00e9seaux sociaux.<\/p>\n<h3 data-start=\"843\" data-end=\"897\">\u00ab Je n\u2019ai jamais cit\u00e9 le nom du Premier ministre \u00bb<\/h3>\n<p data-start=\"899\" data-end=\"1046\">Interpell\u00e9 sur des d\u00e9clarations jug\u00e9es outranci\u00e8res, notamment l\u2019expression \u00ab jakarlo ak xar xarou tank Adji Sarr \u00bb, Assane Diouf a affirm\u00e9 : \u00ab Je n\u2019ai rien invent\u00e9. J\u2019ai combattu dans l\u2019affaire Adji Sarr, j\u2019ai v\u00e9cu ces faits. Je suis un lanceur d\u2019alerte, pas un menteur. \u00bb<\/p>\n<p data-start=\"1182\" data-end=\"1307\">S\u2019il admet avoir tenu des propos crus, il rejette l\u2019id\u00e9e d\u2019avoir vis\u00e9 explicitement le Premier ministre Ousmane Sonko : <em>\u00ab Je n\u2019ai jamais cit\u00e9 son nom. Je parlais de mani\u00e8re g\u00e9n\u00e9rale. \u00bb<\/em><\/p>\n<p data-start=\"1376\" data-end=\"1507\">Interrog\u00e9 par le juge sur le qualificatif de \u00ab premier menteur de la R\u00e9publique \u00bb, l\u2019activiste s\u2019est d\u00e9fendu maladroitement : \u00ab Je peux parler du premier pr\u00e9sident qui occupe un poste, mais je ne l\u2019ai jamais trait\u00e9 de menteur. \u00bb<\/p>\n<p data-start=\"1614\" data-end=\"2008\">Le procureur, de son c\u00f4t\u00e9, a \u00e9t\u00e9 cat\u00e9gorique. Selon lui, la vid\u00e9o litigieuse diffus\u00e9e sur TikTok met clairement en cause le Premier ministre, en des termes \u00ab graveleux et diffamatoires \u00bb, notamment en \u00e9voquant des cadeaux suppos\u00e9s \u2013 un v\u00e9hicule et un appartement \u2013 qu\u2019il aurait re\u00e7us du patron de Seneguindia. Des all\u00e9gations sans fondement ni preuve, a rappel\u00e9 le minist\u00e8re public.<\/p>\n<h3 data-start=\"2010\" data-end=\"2063\">Le parquet requiert deux ans, dont six mois ferme<\/h3>\n<p data-start=\"2065\" data-end=\"2163\">Dans son r\u00e9quisitoire, le procureur a estim\u00e9 que toutes les infractions sont caract\u00e9ris\u00e9es : <em>\u00ab Il nie aujourd\u2019hui, mais les images parlent d\u2019elles-m\u00eames. Il a tenu des propos obsc\u00e8nes et prof\u00e9r\u00e9 des accusations graves sans en justifier. \u00bb<\/em> Il a requis deux ans d\u2019emprisonnement, dont six mois ferme.<\/p>\n<p data-start=\"2431\" data-end=\"2622\">En face, la d\u00e9fense, assur\u00e9e par Me Alioune Badara Fall et Me Aboubacry Barro, a plaid\u00e9 la relaxe.<br data-start=\"2537\" data-end=\"2540\" \/>Me Fall a insist\u00e9 sur l'absence de d\u00e9signation directe du Premier ministre : <em>\u00ab Mon client ne l\u2019a jamais nomm\u00e9. Et m\u00eame si c\u2019\u00e9tait le cas, la qualification d\u2019offense ne saurait s\u2019appliquer car il ne s\u2019agit ni d\u2019un chef d\u2019\u00c9tat ni d\u2019un d\u00e9positaire d\u2019autorit\u00e9 publique au sens strict. \u00bb<\/em><\/p>\n<p data-start=\"2832\" data-end=\"2957\">Me Barro a ajout\u00e9 que le Premier ministre n\u2019est pas une institution prot\u00e9g\u00e9e par le Code p\u00e9nal dans ces circonstances : <em>\u00ab L\u2019article invoqu\u00e9 est inop\u00e9rant ici. Nous demandons un renvoi pur et simple des fins de poursuite, ou une lecture indulgente de la loi. \u00bb<\/em><\/p>\n<p data-start=\"3147\" data-end=\"3337\">Les avocats ont en outre sollicit\u00e9 la lib\u00e9ration provisoire de leur client, demande rejet\u00e9e par le tribunal, suivant l\u2019avis du parquet qui a mis en avant un risque \u00e9lev\u00e9 de r\u00e9cidive.<\/p>\n<p data-start=\"3339\" data-end=\"3389\">L\u2019affaire est mise en d\u00e9lib\u00e9r\u00e9 au 7 ao\u00fbt 2025.<\/p>\n<div class='share-to-whatsapp-wrapper'><div class='share-on-whsp'>PARTAGER SUR : <\/div><a data-text='AFFAIRE ASSANE DIOUF - L\u2019activiste devant le juge pour offense, diffusion de fausses nouvelles et propos obsc\u00e8nes' data-link='https:\/\/www.nettali.com\/2025\/07\/17\/affaire-assane-diouf-lactiviste-devant-le-juge-pour-offense-diffusion-de-fausses-nouvelles-et-propos-obscenes\/' class='whatsapp-button whatsapp-share'>WhatsApp<\/a><div class='clear '><\/div><\/div>","protected":false},"excerpt":{"rendered":"<p>NETTALI.COM\u00a0 \u2013 L\u2019activiste controvers\u00e9 Assane Diouf a comparu ce jeudi devant le tribunal correctionnel de Dakar. Il est poursuivi pour diffusion de fausses nouvelles, propos contraires aux bonnes m\u0153urs et offense \u00e0 une personne exer\u00e7ant les pr\u00e9rogatives du pr\u00e9sident de la R\u00e9publique. \u00c2g\u00e9 de 53 ans, p\u00e8re de cinq enfants, et se pr\u00e9sentant comme entrepreneur [&hellip;]<\/p>\n","protected":false},"author":4,"featured_media":149739,"comment_status":"open","ping_status":"open","sticky":false,"template":"","format":"standard","meta":{"_et_pb_use_builder":"","_et_pb_old_content":""},"categories":[3],"tags":[],"yoast_head":"<!-- This site is optimized with the Yoast SEO Premium plugin v17.8 (Yoast SEO v17.8) - https:\/\/yoast.com\/wordpress\/plugins\/seo\/ -->\n<title>AFFAIRE ASSANE DIOUF - L\u2019activiste devant le juge pour offense, diffusion de fausses nouvelles et propos obsc\u00e8nes | Nettali.com<\/title>\n<meta name=\"robots\" content=\"index, follow, max-snippet:-1, max-image-preview:large, max-video-preview:-1\" \/>\n<link rel=\"canonical\" href=\"https:\/\/www.nettali.com\/2025\/07\/17\/affaire-assane-diouf-lactiviste-devant-le-juge-pour-offense-diffusion-de-fausses-nouvelles-et-propos-obscenes\/\" \/>\n<meta property=\"og:locale\" content=\"fr_FR\" \/>\n<meta property=\"og:type\" content=\"article\" \/>\n<meta property=\"og:title\" content=\"AFFAIRE ASSANE DIOUF - L\u2019activiste devant le juge pour offense, diffusion de fausses nouvelles et propos obsc\u00e8nes\" \/>\n<meta property=\"og:description\" content=\"NETTALI.COM\u00a0 \u2013 L\u2019activiste controvers\u00e9 Assane Diouf a comparu ce jeudi devant le tribunal correctionnel de Dakar. Il est poursuivi pour diffusion de fausses nouvelles, propos contraires aux bonnes m\u0153urs et offense \u00e0 une personne exer\u00e7ant les pr\u00e9rogatives du pr\u00e9sident de la R\u00e9publique. \u00c2g\u00e9 de 53 ans, p\u00e8re de cinq enfants, et se pr\u00e9sentant comme entrepreneur [&hellip;]\" \/>\n<meta property=\"og:url\" content=\"https:\/\/www.nettali.com\/2025\/07\/17\/affaire-assane-diouf-lactiviste-devant-le-juge-pour-offense-diffusion-de-fausses-nouvelles-et-propos-obscenes\/\" \/>\n<meta property=\"og:site_name\" content=\"Nettali.com\" \/>\n<meta property=\"article:publisher\" content=\"https:\/\/www.facebook.com\/nettalicom\" \/>\n<meta property=\"article:published_time\" content=\"2025-07-17T17:21:11+00:00\" \/>\n<meta property=\"article:modified_time\" content=\"2025-07-17T15:25:42+00:00\" \/>\n<meta property=\"og:image\" content=\"https:\/\/www.nettali.com\/wp-content\/uploads\/2025\/02\/assane-diouf.png\" \/>\n\t<meta property=\"og:image:width\" content=\"620\" \/>\n\t<meta property=\"og:image:height\" content=\"380\" \/>\n<meta name=\"twitter:card\" content=\"summary_large_image\" \/>\n<meta name=\"twitter:label1\" content=\"\u00c9crit par\" \/>\n\t<meta name=\"twitter:data1\" content=\"Daouda\" \/>\n\t<meta name=\"twitter:label2\" content=\"Dur\u00e9e de lecture estim\u00e9e\" \/>\n\t<meta name=\"twitter:data2\" content=\"3 minutes\" \/>\n<script type=\"application\/ld+json\" class=\"yoast-schema-graph\">{\"@context\":\"https:\/\/schema.org\",\"@graph\":[{\"@type\":\"WebSite\",\"@id\":\"https:\/\/www.nettali.com\/#website\",\"url\":\"https:\/\/www.nettali.com\/\",\"name\":\"Nettali.com\",\"description\":\"Le rendez-vous critique du Net\",\"potentialAction\":[{\"@type\":\"SearchAction\",\"target\":{\"@type\":\"EntryPoint\",\"urlTemplate\":\"https:\/\/www.nettali.com\/?s={search_term_string}\"},\"query-input\":\"required name=search_term_string\"}],\"inLanguage\":\"fr-FR\"},{\"@type\":\"ImageObject\",\"@id\":\"https:\/\/www.nettali.com\/2025\/07\/17\/affaire-assane-diouf-lactiviste-devant-le-juge-pour-offense-diffusion-de-fausses-nouvelles-et-propos-obscenes\/#primaryimage\",\"inLanguage\":\"fr-FR\",\"url\":\"https:\/\/www.nettali.com\/wp-content\/uploads\/2025\/02\/assane-diouf.png\",\"contentUrl\":\"https:\/\/www.nettali.com\/wp-content\/uploads\/2025\/02\/assane-diouf.png\",\"width\":620,\"height\":380},{\"@type\":\"WebPage\",\"@id\":\"https:\/\/www.nettali.com\/2025\/07\/17\/affaire-assane-diouf-lactiviste-devant-le-juge-pour-offense-diffusion-de-fausses-nouvelles-et-propos-obscenes\/#webpage\",\"url\":\"https:\/\/www.nettali.com\/2025\/07\/17\/affaire-assane-diouf-lactiviste-devant-le-juge-pour-offense-diffusion-de-fausses-nouvelles-et-propos-obscenes\/\",\"name\":\"AFFAIRE ASSANE DIOUF - L\\u2019activiste devant le juge pour offense, diffusion de fausses nouvelles et propos obsc\\u00e8nes | Nettali.com\",\"isPartOf\":{\"@id\":\"https:\/\/www.nettali.com\/#website\"},\"primaryImageOfPage\":{\"@id\":\"https:\/\/www.nettali.com\/2025\/07\/17\/affaire-assane-diouf-lactiviste-devant-le-juge-pour-offense-diffusion-de-fausses-nouvelles-et-propos-obscenes\/#primaryimage\"},\"datePublished\":\"2025-07-17T17:21:11+00:00\",\"dateModified\":\"2025-07-17T15:25:42+00:00\",\"author\":{\"@id\":\"https:\/\/www.nettali.com\/#\/schema\/person\/3317e0bb3aa1da309fbf7b2780901bf4\"},\"breadcrumb\":{\"@id\":\"https:\/\/www.nettali.com\/2025\/07\/17\/affaire-assane-diouf-lactiviste-devant-le-juge-pour-offense-diffusion-de-fausses-nouvelles-et-propos-obscenes\/#breadcrumb\"},\"inLanguage\":\"fr-FR\",\"potentialAction\":[{\"@type\":\"ReadAction\",\"target\":[\"https:\/\/www.nettali.com\/2025\/07\/17\/affaire-assane-diouf-lactiviste-devant-le-juge-pour-offense-diffusion-de-fausses-nouvelles-et-propos-obscenes\/\"]}]},{\"@type\":\"BreadcrumbList\",\"@id\":\"https:\/\/www.nettali.com\/2025\/07\/17\/affaire-assane-diouf-lactiviste-devant-le-juge-pour-offense-diffusion-de-fausses-nouvelles-et-propos-obscenes\/#breadcrumb\",\"itemListElement\":[{\"@type\":\"ListItem\",\"position\":1,\"name\":\"Accueil\",\"item\":\"https:\/\/www.nettali.com\/\"},{\"@type\":\"ListItem\",\"position\":2,\"name\":\"AFFAIRE ASSANE DIOUF - L\\u2019activiste devant le juge pour offense, diffusion de fausses nouvelles et propos obsc\\u00e8nes\"}]},{\"@type\":\"Person\",\"@id\":\"https:\/\/www.nettali.com\/#\/schema\/person\/3317e0bb3aa1da309fbf7b2780901bf4\",\"name\":\"Daouda\",\"image\":{\"@type\":\"ImageObject\",\"@id\":\"https:\/\/www.nettali.com\/#personlogo\",\"inLanguage\":\"fr-FR\",\"url\":\"https:\/\/secure.gravatar.com\/avatar\/8d143b5a49345098ddcfee1c49c2f47c?s=96&d=mm&r=g\",\"contentUrl\":\"https:\/\/secure.gravatar.com\/avatar\/8d143b5a49345098ddcfee1c49c2f47c?s=96&d=mm&r=g\",\"caption\":\"Daouda\"},\"sameAs\":[\"https:\/\/www.nettali.com\"]}]}<\/script>\n<!-- \/ Yoast SEO Premium plugin. -->","yoast_head_json":{"title":"AFFAIRE ASSANE DIOUF - L\u2019activiste devant le juge pour offense, diffusion de fausses nouvelles et propos obsc\u00e8nes | Nettali.com","robots":{"index":"index","follow":"follow","max-snippet":"max-snippet:-1","max-image-preview":"max-image-preview:large","max-video-preview":"max-video-preview:-1"},"canonical":"https:\/\/www.nettali.com\/2025\/07\/17\/affaire-assane-diouf-lactiviste-devant-le-juge-pour-offense-diffusion-de-fausses-nouvelles-et-propos-obscenes\/","og_locale":"fr_FR","og_type":"article","og_title":"AFFAIRE ASSANE DIOUF - L\u2019activiste devant le juge pour offense, diffusion de fausses nouvelles et propos obsc\u00e8nes","og_description":"NETTALI.COM\u00a0 \u2013 L\u2019activiste controvers\u00e9 Assane Diouf a comparu ce jeudi devant le tribunal correctionnel de Dakar. Il est poursuivi pour diffusion de fausses nouvelles, propos contraires aux bonnes m\u0153urs et offense \u00e0 une personne exer\u00e7ant les pr\u00e9rogatives du pr\u00e9sident de la R\u00e9publique. \u00c2g\u00e9 de 53 ans, p\u00e8re de cinq enfants, et se pr\u00e9sentant comme entrepreneur [&hellip;]","og_url":"https:\/\/www.nettali.com\/2025\/07\/17\/affaire-assane-diouf-lactiviste-devant-le-juge-pour-offense-diffusion-de-fausses-nouvelles-et-propos-obscenes\/","og_site_name":"Nettali.com","article_publisher":"https:\/\/www.facebook.com\/nettalicom","article_published_time":"2025-07-17T17:21:11+00:00","article_modified_time":"2025-07-17T15:25:42+00:00","og_image":[{"width":620,"height":380,"url":"https:\/\/www.nettali.com\/wp-content\/uploads\/2025\/02\/assane-diouf.png","type":"image\/png"}],"twitter_card":"summary_large_image","twitter_misc":{"\u00c9crit par":"Daouda","Dur\u00e9e de lecture estim\u00e9e":"3 minutes"},"schema":{"@context":"https:\/\/schema.org","@graph":[{"@type":"WebSite","@id":"https:\/\/www.nettali.com\/#website","url":"https:\/\/www.nettali.com\/","name":"Nettali.com","description":"Le rendez-vous critique du Net","potentialAction":[{"@type":"SearchAction","target":{"@type":"EntryPoint","urlTemplate":"https:\/\/www.nettali.com\/?s={search_term_string}"},"query-input":"required name=search_term_string"}],"inLanguage":"fr-FR"},{"@type":"ImageObject","@id":"https:\/\/www.nettali.com\/2025\/07\/17\/affaire-assane-diouf-lactiviste-devant-le-juge-pour-offense-diffusion-de-fausses-nouvelles-et-propos-obscenes\/#primaryimage","inLanguage":"fr-FR","url":"https:\/\/www.nettali.com\/wp-content\/uploads\/2025\/02\/assane-diouf.png","contentUrl":"https:\/\/www.nettali.com\/wp-content\/uploads\/2025\/02\/assane-diouf.png","width":620,"height":380},{"@type":"WebPage","@id":"https:\/\/www.nettali.com\/2025\/07\/17\/affaire-assane-diouf-lactiviste-devant-le-juge-pour-offense-diffusion-de-fausses-nouvelles-et-propos-obscenes\/#webpage","url":"https:\/\/www.nettali.com\/2025\/07\/17\/affaire-assane-diouf-lactiviste-devant-le-juge-pour-offense-diffusion-de-fausses-nouvelles-et-propos-obscenes\/","name":"AFFAIRE ASSANE DIOUF - L\u2019activiste devant le juge pour offense, diffusion de fausses nouvelles et propos obsc\u00e8nes | Nettali.com","isPartOf":{"@id":"https:\/\/www.nettali.com\/#website"},"primaryImageOfPage":{"@id":"https:\/\/www.nettali.com\/2025\/07\/17\/affaire-assane-diouf-lactiviste-devant-le-juge-pour-offense-diffusion-de-fausses-nouvelles-et-propos-obscenes\/#primaryimage"},"datePublished":"2025-07-17T17:21:11+00:00","dateModified":"2025-07-17T15:25:42+00:00","author":{"@id":"https:\/\/www.nettali.com\/#\/schema\/person\/3317e0bb3aa1da309fbf7b2780901bf4"},"breadcrumb":{"@id":"https:\/\/www.nettali.com\/2025\/07\/17\/affaire-assane-diouf-lactiviste-devant-le-juge-pour-offense-diffusion-de-fausses-nouvelles-et-propos-obscenes\/#breadcrumb"},"inLanguage":"fr-FR","potentialAction":[{"@type":"ReadAction","target":["https:\/\/www.nettali.com\/2025\/07\/17\/affaire-assane-diouf-lactiviste-devant-le-juge-pour-offense-diffusion-de-fausses-nouvelles-et-propos-obscenes\/"]}]},{"@type":"BreadcrumbList","@id":"https:\/\/www.nettali.com\/2025\/07\/17\/affaire-assane-diouf-lactiviste-devant-le-juge-pour-offense-diffusion-de-fausses-nouvelles-et-propos-obscenes\/#breadcrumb","itemListElement":[{"@type":"ListItem","position":1,"name":"Accueil","item":"https:\/\/www.nettali.com\/"},{"@type":"ListItem","position":2,"name":"AFFAIRE ASSANE DIOUF - L\u2019activiste devant le juge pour offense, diffusion de fausses nouvelles et propos obsc\u00e8nes"}]},{"@type":"Person","@id":"https:\/\/www.nettali.com\/#\/schema\/person\/3317e0bb3aa1da309fbf7b2780901bf4","name":"Daouda","image":{"@type":"ImageObject","@id":"https:\/\/www.nettali.com\/#personlogo","inLanguage":"fr-FR","url":"https:\/\/secure.gravatar.com\/avatar\/8d143b5a49345098ddcfee1c49c2f47c?s=96&d=mm&r=g","contentUrl":"https:\/\/secure.gravatar.com\/avatar\/8d143b5a49345098ddcfee1c49c2f47c?s=96&d=mm&r=g","caption":"Daouda"},"sameAs":["https:\/\/www.nettali.com"]}]}},"_links":{"self":[{"href":"https:\/\/www.nettali.com\/rest\/wp\/v2\/posts\/157777"}],"collection":[{"href":"https:\/\/www.nettali.com\/rest\/wp\/v2\/posts"}],"about":[{"href":"https:\/\/www.nettali.com\/rest\/wp\/v2\/types\/post"}],"author":[{"embeddable":true,"href":"https:\/\/www.nettali.com\/rest\/wp\/v2\/users\/4"}],"replies":[{"embeddable":true,"href":"https:\/\/www.nettali.com\/rest\/wp\/v2\/comments?post=157777"}],"version-history":[{"count":1,"href":"https:\/\/www.nettali.com\/rest\/wp\/v2\/posts\/157777\/revisions"}],"predecessor-version":[{"id":157778,"href":"https:\/\/www.nettali.com\/rest\/wp\/v2\/posts\/157777\/revisions\/157778"}],"wp:featuredmedia":[{"embeddable":true,"href":"https:\/\/www.nettali.com\/rest\/wp\/v2\/media\/149739"}],"wp:attachment":[{"href":"https:\/\/www.nettali.com\/rest\/wp\/v2\/media?parent=157777"}],"wp:term":[{"taxonomy":"category","embeddable":true,"href":"https:\/\/www.nettali.com\/rest\/wp\/v2\/categories?post=157777"},{"taxonomy":"post_tag","embeddable":true,"href":"https:\/\/www.nettali.com\/rest\/wp\/v2\/tags?post=157777"}],"curies":[{"name":"wp","href":"https:\/\/api.w.org\/{rel}","templated":true}]}}