{"id":157774,"date":"2025-07-17T15:33:46","date_gmt":"2025-07-17T15:33:46","guid":{"rendered":"https:\/\/www.nettali.com\/?p=157774"},"modified":"2025-07-17T14:42:03","modified_gmt":"2025-07-17T14:42:03","slug":"general-mbaye-cisse-nous-allons-batir-un-partenariat-efficace-et-equilibre-avec-la-france","status":"publish","type":"post","link":"https:\/\/www.nettali.com\/2025\/07\/17\/general-mbaye-cisse-nous-allons-batir-un-partenariat-efficace-et-equilibre-avec-la-france\/","title":{"rendered":"G\u00c9N\u00c9RAL MBAYE CISS\u00c9 - \"Nous allons b\u00e2tir un partenariat efficace et \u00e9quilibr\u00e9 avec la France\""},"content":{"rendered":"<p data-start=\"255\" data-end=\"597\"><strong>NETTALI.COM \u2013 Une page importante de l\u2019histoire militaire franco-s\u00e9n\u00e9galaise s\u2019est tourn\u00e9e, jeudi, avec la c\u00e9r\u00e9monie officielle de restitution du camp Geille, \u00e0 Ouakam, aux forces arm\u00e9es s\u00e9n\u00e9galaises. Un moment hautement symbolique qui marque la fin de la pr\u00e9sence militaire fran\u00e7aise permanente au S\u00e9n\u00e9gal, amorc\u00e9e depuis plus d\u2019un si\u00e8cle.<\/strong><\/p>\n<p data-start=\"649\" data-end=\"1067\">Sur le site du camp Geille, cr\u00e9\u00e9 en 1920 comme base a\u00e9rienne coloniale, le chef d\u2019\u00e9tat-major g\u00e9n\u00e9ral des arm\u00e9es s\u00e9n\u00e9galaises, le g\u00e9n\u00e9ral de corps d\u2019arm\u00e9e Mbaye Ciss\u00e9, a pr\u00e9sid\u00e9 une c\u00e9r\u00e9monie empreinte de solennit\u00e9. Plusieurs hauts grad\u00e9s s\u00e9n\u00e9galais et fran\u00e7ais, des repr\u00e9sentants diplomatiques \u2014 dont l\u2019ambassadrice de France au S\u00e9n\u00e9gal \u2014 ainsi que des notables de la communaut\u00e9 lebou, ont pris part \u00e0 l\u2019\u00e9v\u00e9nement.<\/p>\n<p data-start=\"1069\" data-end=\"1329\">Dans son discours, le g\u00e9n\u00e9ral Ciss\u00e9 a salu\u00e9 \u201cla fin d\u2019un cycle historique\u201d et a insist\u00e9 sur la volont\u00e9 du S\u00e9n\u00e9gal d\u2019ouvrir une nouvelle phase de coop\u00e9ration militaire, fond\u00e9e sur le respect mutuel et la pleine souverainet\u00e9 de chaque partenaire. <em>\u201cNos arm\u00e9es, toujours ouvertes aux apports de partenaires ext\u00e9rieurs, entendent d\u00e9sormais consolider leurs acquis et avancer vers une autonomie strat\u00e9gique assum\u00e9e\u201d<\/em>, a-t-il d\u00e9clar\u00e9.<\/p>\n<p data-start=\"1558\" data-end=\"1800\">Le retrait des \u00c9l\u00e9ments fran\u00e7ais au S\u00e9n\u00e9gal (EFS), cr\u00e9\u00e9s en 2011 apr\u00e8s la dissolution des Forces fran\u00e7aises du Cap-Vert, ne signifie pas une rupture, mais plut\u00f4t une \u00e9volution vers un mod\u00e8le de coop\u00e9ration repens\u00e9, selon les deux parties.<\/p>\n<p data-start=\"1802\" data-end=\"2030\">Le g\u00e9n\u00e9ral Ciss\u00e9 a pr\u00e9cis\u00e9 que ce nouveau cadre inclura des \u00e9changes renforc\u00e9s dans la formation, l\u2019entra\u00eenement et l\u2019instruction militaire, dans un esprit de co-construction, r\u00e9pondant aux orientations politiques du moment. <em>\u201cIl est temps de tourner une page et d\u2019en \u00e9crire une autre, plus \u00e9quilibr\u00e9e, plus respectueuse des souverainet\u00e9s respectives\u201d<\/em>, a-t-il affirm\u00e9, tout en rendant hommage \u00e0 la communaut\u00e9 de Ouakam pour son hospitalit\u00e9 et sa proximit\u00e9 historique avec le camp.<\/p>\n<p data-start=\"2294\" data-end=\"2324\"><strong data-start=\"2294\" data-end=\"2324\">La France acte un tournant<\/strong><\/p>\n<p data-start=\"2326\" data-end=\"2547\">De son c\u00f4t\u00e9, le g\u00e9n\u00e9ral de division Pascal Ianni, commandant du Commandement fran\u00e7ais pour l\u2019Afrique, a qualifi\u00e9 cette transition de <em>\u201ctransformation profonde du partenariat militaire entre la France et l\u2019Afrique\u201d.\u201cLe d\u00e9part des EFS n\u2019est pas une fin, mais une \u00e9tape vers une coop\u00e9ration repens\u00e9e, ancr\u00e9e dans la confiance et le respect des \u00c9tats africains\u201d<\/em>, a soulign\u00e9 l\u2019officier fran\u00e7ais.<\/p>\n<p data-start=\"2551\" data-end=\"2967\"><em>\u201cCe site de Ouakam a \u00e9t\u00e9 t\u00e9moin de l\u2019histoire commune, de l\u2019A\u00e9ropostale aux escadrilles militaires, jusqu\u2019aux accords de d\u00e9fense d\u2019apr\u00e8s-ind\u00e9pendance. Nous en sortons la t\u00eate haute, pour laisser place \u00e0 une coop\u00e9ration r\u00e9invent\u00e9e.\u201d<\/em><\/p>\n<p data-start=\"3012\" data-end=\"3221\">La c\u00e9r\u00e9monie s\u2019est conclue par la remise symbolique des cl\u00e9s du camp Geille au g\u00e9n\u00e9ral Ciss\u00e9, marquant officiellement le transfert complet des emprises militaires fran\u00e7aises au gouvernement s\u00e9n\u00e9galais.<\/p>\n<p data-start=\"3223\" data-end=\"3570\">Cette restitution cl\u00f4t une pr\u00e9sence militaire fran\u00e7aise continue, d\u00e9but\u00e9e bien avant les ind\u00e9pendances, \u00e0 une \u00e9poque o\u00f9 Saint-Louis \u00e9tait la capitale de l\u2019Afrique-Occidentale fran\u00e7aise (AOF). Apr\u00e8s l\u2019ind\u00e9pendance du S\u00e9n\u00e9gal, cette pr\u00e9sence avait \u00e9t\u00e9 encadr\u00e9e par l\u2019accord de d\u00e9fense du 1er juillet 1974, suivi d\u2019un nouvel accord sign\u00e9 en 2012.<\/p>\n<div class='share-to-whatsapp-wrapper'><div class='share-on-whsp'>PARTAGER SUR : <\/div><a data-text='G\u00c9N\u00c9RAL MBAYE CISS\u00c9 - \"Nous allons b\u00e2tir un partenariat efficace et \u00e9quilibr\u00e9 avec la France\"' data-link='https:\/\/www.nettali.com\/2025\/07\/17\/general-mbaye-cisse-nous-allons-batir-un-partenariat-efficace-et-equilibre-avec-la-france\/' class='whatsapp-button whatsapp-share'>WhatsApp<\/a><div class='clear '><\/div><\/div>","protected":false},"excerpt":{"rendered":"<p>NETTALI.COM \u2013 Une page importante de l\u2019histoire militaire franco-s\u00e9n\u00e9galaise s\u2019est tourn\u00e9e, jeudi, avec la c\u00e9r\u00e9monie officielle de restitution du camp Geille, \u00e0 Ouakam, aux forces arm\u00e9es s\u00e9n\u00e9galaises. Un moment hautement symbolique qui marque la fin de la pr\u00e9sence militaire fran\u00e7aise permanente au S\u00e9n\u00e9gal, amorc\u00e9e depuis plus d\u2019un si\u00e8cle. Sur le site du camp Geille, cr\u00e9\u00e9 [&hellip;]<\/p>\n","protected":false},"author":4,"featured_media":157775,"comment_status":"open","ping_status":"open","sticky":false,"template":"","format":"standard","meta":{"_et_pb_use_builder":"","_et_pb_old_content":""},"categories":[3],"tags":[],"yoast_head":"<!-- This site is optimized with the Yoast SEO Premium plugin v17.8 (Yoast SEO v17.8) - https:\/\/yoast.com\/wordpress\/plugins\/seo\/ -->\n<title>G\u00c9N\u00c9RAL MBAYE CISS\u00c9 - &quot;Nous allons b\u00e2tir un partenariat efficace et \u00e9quilibr\u00e9 avec la France&quot; | Nettali.com<\/title>\n<meta name=\"robots\" content=\"index, follow, max-snippet:-1, max-image-preview:large, max-video-preview:-1\" \/>\n<link rel=\"canonical\" href=\"https:\/\/www.nettali.com\/2025\/07\/17\/general-mbaye-cisse-nous-allons-batir-un-partenariat-efficace-et-equilibre-avec-la-france\/\" \/>\n<meta property=\"og:locale\" content=\"fr_FR\" \/>\n<meta property=\"og:type\" content=\"article\" \/>\n<meta property=\"og:title\" content=\"G\u00c9N\u00c9RAL MBAYE CISS\u00c9 - &quot;Nous allons b\u00e2tir un partenariat efficace et \u00e9quilibr\u00e9 avec la France&quot;\" \/>\n<meta property=\"og:description\" content=\"NETTALI.COM \u2013 Une page importante de l\u2019histoire militaire franco-s\u00e9n\u00e9galaise s\u2019est tourn\u00e9e, jeudi, avec la c\u00e9r\u00e9monie officielle de restitution du camp Geille, \u00e0 Ouakam, aux forces arm\u00e9es s\u00e9n\u00e9galaises. Un moment hautement symbolique qui marque la fin de la pr\u00e9sence militaire fran\u00e7aise permanente au S\u00e9n\u00e9gal, amorc\u00e9e depuis plus d\u2019un si\u00e8cle. Sur le site du camp Geille, cr\u00e9\u00e9 [&hellip;]\" \/>\n<meta property=\"og:url\" content=\"https:\/\/www.nettali.com\/2025\/07\/17\/general-mbaye-cisse-nous-allons-batir-un-partenariat-efficace-et-equilibre-avec-la-france\/\" \/>\n<meta property=\"og:site_name\" content=\"Nettali.com\" \/>\n<meta property=\"article:publisher\" content=\"https:\/\/www.facebook.com\/nettalicom\" \/>\n<meta property=\"article:published_time\" content=\"2025-07-17T15:33:46+00:00\" \/>\n<meta property=\"article:modified_time\" content=\"2025-07-17T14:42:03+00:00\" \/>\n<meta property=\"og:image\" content=\"https:\/\/www.nettali.com\/wp-content\/uploads\/2025\/07\/Capture-de\u0301cran-2025-07-17-a\u0300-14.39.24.png\" \/>\n\t<meta property=\"og:image:width\" content=\"552\" \/>\n\t<meta property=\"og:image:height\" content=\"347\" \/>\n<meta name=\"twitter:card\" content=\"summary_large_image\" \/>\n<meta name=\"twitter:label1\" content=\"\u00c9crit par\" \/>\n\t<meta name=\"twitter:data1\" content=\"Daouda\" \/>\n\t<meta name=\"twitter:label2\" content=\"Dur\u00e9e de lecture estim\u00e9e\" \/>\n\t<meta name=\"twitter:data2\" content=\"3 minutes\" \/>\n<script type=\"application\/ld+json\" class=\"yoast-schema-graph\">{\"@context\":\"https:\/\/schema.org\",\"@graph\":[{\"@type\":\"WebSite\",\"@id\":\"https:\/\/www.nettali.com\/#website\",\"url\":\"https:\/\/www.nettali.com\/\",\"name\":\"Nettali.com\",\"description\":\"Le rendez-vous critique du Net\",\"potentialAction\":[{\"@type\":\"SearchAction\",\"target\":{\"@type\":\"EntryPoint\",\"urlTemplate\":\"https:\/\/www.nettali.com\/?s={search_term_string}\"},\"query-input\":\"required name=search_term_string\"}],\"inLanguage\":\"fr-FR\"},{\"@type\":\"ImageObject\",\"@id\":\"https:\/\/www.nettali.com\/2025\/07\/17\/general-mbaye-cisse-nous-allons-batir-un-partenariat-efficace-et-equilibre-avec-la-france\/#primaryimage\",\"inLanguage\":\"fr-FR\",\"url\":\"https:\/\/www.nettali.com\/wp-content\/uploads\/2025\/07\/Capture-de\\u0301cran-2025-07-17-a\\u0300-14.39.24.png\",\"contentUrl\":\"https:\/\/www.nettali.com\/wp-content\/uploads\/2025\/07\/Capture-de\\u0301cran-2025-07-17-a\\u0300-14.39.24.png\",\"width\":552,\"height\":347},{\"@type\":\"WebPage\",\"@id\":\"https:\/\/www.nettali.com\/2025\/07\/17\/general-mbaye-cisse-nous-allons-batir-un-partenariat-efficace-et-equilibre-avec-la-france\/#webpage\",\"url\":\"https:\/\/www.nettali.com\/2025\/07\/17\/general-mbaye-cisse-nous-allons-batir-un-partenariat-efficace-et-equilibre-avec-la-france\/\",\"name\":\"G\\u00c9N\\u00c9RAL MBAYE CISS\\u00c9 - \\\"Nous allons b\\u00e2tir un partenariat efficace et \\u00e9quilibr\\u00e9 avec la France\\\" | Nettali.com\",\"isPartOf\":{\"@id\":\"https:\/\/www.nettali.com\/#website\"},\"primaryImageOfPage\":{\"@id\":\"https:\/\/www.nettali.com\/2025\/07\/17\/general-mbaye-cisse-nous-allons-batir-un-partenariat-efficace-et-equilibre-avec-la-france\/#primaryimage\"},\"datePublished\":\"2025-07-17T15:33:46+00:00\",\"dateModified\":\"2025-07-17T14:42:03+00:00\",\"author\":{\"@id\":\"https:\/\/www.nettali.com\/#\/schema\/person\/3317e0bb3aa1da309fbf7b2780901bf4\"},\"breadcrumb\":{\"@id\":\"https:\/\/www.nettali.com\/2025\/07\/17\/general-mbaye-cisse-nous-allons-batir-un-partenariat-efficace-et-equilibre-avec-la-france\/#breadcrumb\"},\"inLanguage\":\"fr-FR\",\"potentialAction\":[{\"@type\":\"ReadAction\",\"target\":[\"https:\/\/www.nettali.com\/2025\/07\/17\/general-mbaye-cisse-nous-allons-batir-un-partenariat-efficace-et-equilibre-avec-la-france\/\"]}]},{\"@type\":\"BreadcrumbList\",\"@id\":\"https:\/\/www.nettali.com\/2025\/07\/17\/general-mbaye-cisse-nous-allons-batir-un-partenariat-efficace-et-equilibre-avec-la-france\/#breadcrumb\",\"itemListElement\":[{\"@type\":\"ListItem\",\"position\":1,\"name\":\"Accueil\",\"item\":\"https:\/\/www.nettali.com\/\"},{\"@type\":\"ListItem\",\"position\":2,\"name\":\"G\\u00c9N\\u00c9RAL MBAYE CISS\\u00c9 - \\\"Nous allons b\\u00e2tir un partenariat efficace et \\u00e9quilibr\\u00e9 avec la France\\\"\"}]},{\"@type\":\"Person\",\"@id\":\"https:\/\/www.nettali.com\/#\/schema\/person\/3317e0bb3aa1da309fbf7b2780901bf4\",\"name\":\"Daouda\",\"image\":{\"@type\":\"ImageObject\",\"@id\":\"https:\/\/www.nettali.com\/#personlogo\",\"inLanguage\":\"fr-FR\",\"url\":\"https:\/\/secure.gravatar.com\/avatar\/8d143b5a49345098ddcfee1c49c2f47c?s=96&d=mm&r=g\",\"contentUrl\":\"https:\/\/secure.gravatar.com\/avatar\/8d143b5a49345098ddcfee1c49c2f47c?s=96&d=mm&r=g\",\"caption\":\"Daouda\"},\"sameAs\":[\"https:\/\/www.nettali.com\"]}]}<\/script>\n<!-- \/ Yoast SEO Premium plugin. -->","yoast_head_json":{"title":"G\u00c9N\u00c9RAL MBAYE CISS\u00c9 - \"Nous allons b\u00e2tir un partenariat efficace et \u00e9quilibr\u00e9 avec la France\" | Nettali.com","robots":{"index":"index","follow":"follow","max-snippet":"max-snippet:-1","max-image-preview":"max-image-preview:large","max-video-preview":"max-video-preview:-1"},"canonical":"https:\/\/www.nettali.com\/2025\/07\/17\/general-mbaye-cisse-nous-allons-batir-un-partenariat-efficace-et-equilibre-avec-la-france\/","og_locale":"fr_FR","og_type":"article","og_title":"G\u00c9N\u00c9RAL MBAYE CISS\u00c9 - \"Nous allons b\u00e2tir un partenariat efficace et \u00e9quilibr\u00e9 avec la France\"","og_description":"NETTALI.COM \u2013 Une page importante de l\u2019histoire militaire franco-s\u00e9n\u00e9galaise s\u2019est tourn\u00e9e, jeudi, avec la c\u00e9r\u00e9monie officielle de restitution du camp Geille, \u00e0 Ouakam, aux forces arm\u00e9es s\u00e9n\u00e9galaises. Un moment hautement symbolique qui marque la fin de la pr\u00e9sence militaire fran\u00e7aise permanente au S\u00e9n\u00e9gal, amorc\u00e9e depuis plus d\u2019un si\u00e8cle. Sur le site du camp Geille, cr\u00e9\u00e9 [&hellip;]","og_url":"https:\/\/www.nettali.com\/2025\/07\/17\/general-mbaye-cisse-nous-allons-batir-un-partenariat-efficace-et-equilibre-avec-la-france\/","og_site_name":"Nettali.com","article_publisher":"https:\/\/www.facebook.com\/nettalicom","article_published_time":"2025-07-17T15:33:46+00:00","article_modified_time":"2025-07-17T14:42:03+00:00","og_image":[{"width":552,"height":347,"url":"https:\/\/www.nettali.com\/wp-content\/uploads\/2025\/07\/Capture-de\u0301cran-2025-07-17-a\u0300-14.39.24.png","type":"image\/png"}],"twitter_card":"summary_large_image","twitter_misc":{"\u00c9crit par":"Daouda","Dur\u00e9e de lecture estim\u00e9e":"3 minutes"},"schema":{"@context":"https:\/\/schema.org","@graph":[{"@type":"WebSite","@id":"https:\/\/www.nettali.com\/#website","url":"https:\/\/www.nettali.com\/","name":"Nettali.com","description":"Le rendez-vous critique du Net","potentialAction":[{"@type":"SearchAction","target":{"@type":"EntryPoint","urlTemplate":"https:\/\/www.nettali.com\/?s={search_term_string}"},"query-input":"required name=search_term_string"}],"inLanguage":"fr-FR"},{"@type":"ImageObject","@id":"https:\/\/www.nettali.com\/2025\/07\/17\/general-mbaye-cisse-nous-allons-batir-un-partenariat-efficace-et-equilibre-avec-la-france\/#primaryimage","inLanguage":"fr-FR","url":"https:\/\/www.nettali.com\/wp-content\/uploads\/2025\/07\/Capture-de\u0301cran-2025-07-17-a\u0300-14.39.24.png","contentUrl":"https:\/\/www.nettali.com\/wp-content\/uploads\/2025\/07\/Capture-de\u0301cran-2025-07-17-a\u0300-14.39.24.png","width":552,"height":347},{"@type":"WebPage","@id":"https:\/\/www.nettali.com\/2025\/07\/17\/general-mbaye-cisse-nous-allons-batir-un-partenariat-efficace-et-equilibre-avec-la-france\/#webpage","url":"https:\/\/www.nettali.com\/2025\/07\/17\/general-mbaye-cisse-nous-allons-batir-un-partenariat-efficace-et-equilibre-avec-la-france\/","name":"G\u00c9N\u00c9RAL MBAYE CISS\u00c9 - \"Nous allons b\u00e2tir un partenariat efficace et \u00e9quilibr\u00e9 avec la France\" | Nettali.com","isPartOf":{"@id":"https:\/\/www.nettali.com\/#website"},"primaryImageOfPage":{"@id":"https:\/\/www.nettali.com\/2025\/07\/17\/general-mbaye-cisse-nous-allons-batir-un-partenariat-efficace-et-equilibre-avec-la-france\/#primaryimage"},"datePublished":"2025-07-17T15:33:46+00:00","dateModified":"2025-07-17T14:42:03+00:00","author":{"@id":"https:\/\/www.nettali.com\/#\/schema\/person\/3317e0bb3aa1da309fbf7b2780901bf4"},"breadcrumb":{"@id":"https:\/\/www.nettali.com\/2025\/07\/17\/general-mbaye-cisse-nous-allons-batir-un-partenariat-efficace-et-equilibre-avec-la-france\/#breadcrumb"},"inLanguage":"fr-FR","potentialAction":[{"@type":"ReadAction","target":["https:\/\/www.nettali.com\/2025\/07\/17\/general-mbaye-cisse-nous-allons-batir-un-partenariat-efficace-et-equilibre-avec-la-france\/"]}]},{"@type":"BreadcrumbList","@id":"https:\/\/www.nettali.com\/2025\/07\/17\/general-mbaye-cisse-nous-allons-batir-un-partenariat-efficace-et-equilibre-avec-la-france\/#breadcrumb","itemListElement":[{"@type":"ListItem","position":1,"name":"Accueil","item":"https:\/\/www.nettali.com\/"},{"@type":"ListItem","position":2,"name":"G\u00c9N\u00c9RAL MBAYE CISS\u00c9 - \"Nous allons b\u00e2tir un partenariat efficace et \u00e9quilibr\u00e9 avec la France\""}]},{"@type":"Person","@id":"https:\/\/www.nettali.com\/#\/schema\/person\/3317e0bb3aa1da309fbf7b2780901bf4","name":"Daouda","image":{"@type":"ImageObject","@id":"https:\/\/www.nettali.com\/#personlogo","inLanguage":"fr-FR","url":"https:\/\/secure.gravatar.com\/avatar\/8d143b5a49345098ddcfee1c49c2f47c?s=96&d=mm&r=g","contentUrl":"https:\/\/secure.gravatar.com\/avatar\/8d143b5a49345098ddcfee1c49c2f47c?s=96&d=mm&r=g","caption":"Daouda"},"sameAs":["https:\/\/www.nettali.com"]}]}},"_links":{"self":[{"href":"https:\/\/www.nettali.com\/rest\/wp\/v2\/posts\/157774"}],"collection":[{"href":"https:\/\/www.nettali.com\/rest\/wp\/v2\/posts"}],"about":[{"href":"https:\/\/www.nettali.com\/rest\/wp\/v2\/types\/post"}],"author":[{"embeddable":true,"href":"https:\/\/www.nettali.com\/rest\/wp\/v2\/users\/4"}],"replies":[{"embeddable":true,"href":"https:\/\/www.nettali.com\/rest\/wp\/v2\/comments?post=157774"}],"version-history":[{"count":1,"href":"https:\/\/www.nettali.com\/rest\/wp\/v2\/posts\/157774\/revisions"}],"predecessor-version":[{"id":157776,"href":"https:\/\/www.nettali.com\/rest\/wp\/v2\/posts\/157774\/revisions\/157776"}],"wp:featuredmedia":[{"embeddable":true,"href":"https:\/\/www.nettali.com\/rest\/wp\/v2\/media\/157775"}],"wp:attachment":[{"href":"https:\/\/www.nettali.com\/rest\/wp\/v2\/media?parent=157774"}],"wp:term":[{"taxonomy":"category","embeddable":true,"href":"https:\/\/www.nettali.com\/rest\/wp\/v2\/categories?post=157774"},{"taxonomy":"post_tag","embeddable":true,"href":"https:\/\/www.nettali.com\/rest\/wp\/v2\/tags?post=157774"}],"curies":[{"name":"wp","href":"https:\/\/api.w.org\/{rel}","templated":true}]}}